{"id":103188,"date":"2026-03-29T00:16:31","date_gmt":"2026-03-28T23:16:31","guid":{"rendered":"https:\/\/www.infokuryr.cz\/n\/?p=103188"},"modified":"2026-03-28T08:39:07","modified_gmt":"2026-03-28T07:39:07","slug":"tusi-ti-lidickove-na-letne-za-co-vubec-bojuji-tak-si-dame-lekci-o-transparentnosti","status":"publish","type":"post","link":"https:\/\/www.infokuryr.cz\/n\/2026\/03\/29\/tusi-ti-lidickove-na-letne-za-co-vubec-bojuji-tak-si-dame-lekci-o-transparentnosti\/","title":{"rendered":"Tu\u0161\u00ed ti lidi\u010dkov\u00e9 na Letn\u00e9, za co v\u016fbec bojuj\u00ed? Tak si d\u00e1me lekci o transparentnosti"},"content":{"rendered":"<div id=\"fb-root\"><\/div>\n<p>Demonstrace Milionu chvilek na Letn\u00e9 byl jasn\u00fd vzkaz George Sorose vl\u00e1d\u011b: Jsem st\u00e1le tady! Um\u00edm svolat Majdan, svol\u00e1m kdykoliv i Letnou. Mus\u00edte se mnou po\u010d\u00edtat. Budete mi pos\u00edlat pen\u00edze i nad\u00e1le. Jinak uvid\u00edte, \u010deho jsem schopen. Ml\u010dte a pla\u0165te!\u00a0<strong>Letn\u00e1 odhalila v pln\u00e9 nahot\u011b prohnilost syst\u00e9mu<\/strong>, kter\u00fd je zcela podd\u00e1n z\u00e1jm\u016fm\u00a0<strong><a href=\"https:\/\/www.nespokojeny.cz\/tag\/deep-state\/\" target=\"_blank\" rel=\"noopener\">deep state<\/a><\/strong>. A je tak robustn\u00ed, \u017ee zasahuje prakticky do v\u0161ech oblast\u00ed lidsk\u00e9ho \u017eivota a st\u00e1tn\u00ed moci.<span id=\"more-65809\"><\/span><\/p>\n<p>Vlivov\u00e1 organizace \u010clov\u011bk v T\u00edsni (\u010cvT) po\u0159\u00e1dala na Letn\u00e9 nejv\u011bt\u0161\u00ed demonstraci roku, ale mo\u017en\u00e1 posledn\u00edch let. D\u011bl\u00e1 ji prost\u0159ednictv\u00edm sv\u00e9 dce\u0159inn\u00e9 spole\u010dnosti\u00a0<strong><a href=\"https:\/\/www.nespokojeny.cz\/falesny-mesias-kdo-skutecne-vlastni-milion-chvilek-a-kteri-politici-tezi-z-minarova-byznysu\/\" target=\"_blank\" rel=\"noopener\">Milion chvilek<\/a><\/strong>. Tu zalo\u017eila v roce 2017, kdy\u017e konkurzem vybrala Mikul\u00e1\u0161e Min\u00e1\u0159e. Poskytla mu i financov\u00e1n\u00ed. Stejn\u00fdm zp\u016fsobem, jak\u00fdm se v korpor\u00e1tech vyb\u00edraj\u00ed \u0159editel\u00e9.<\/p>\n<p>Mimochodem, v\u00edte kdo sed\u011bl ve v\u00fdb\u011brov\u00e9 komisi? N\u00e1\u0161 obl\u00edben\u00fd \u201enovin\u00e1\u0159\u201c Jind\u0159ich \u0160\u00eddlo. Ten stejn\u00fd \u0160\u00eddlo, kter\u00fd dnes o Letn\u00e9 p\u00ed\u0161e koment\u00e1\u0159 na seznamzpravy.cz. Kruh se uzav\u00edr\u00e1.<\/p>\n<p>Podle organiz\u00e1tor\u016f se dnes na Letn\u00e9 sejdou desetitis\u00edce lid\u00ed. Milion chvilek chce akc\u00ed upozornit na \u201enebezpe\u010d\u00ed eroze demokracie, oligarchizace spole\u010dnosti a kroky vl\u00e1dy Andreje Babi\u0161e (ANO), kter\u00e9 k nim podle nich sm\u011b\u0159uj\u00ed\u201c. Hlavn\u00ed d\u016fvod je ale jeden: vl\u00e1dn\u00ed z\u00e1kon FARA, kter\u00fd omezuje vliv a financov\u00e1n\u00ed \u201eneziskovek\u201c ze zahrani\u010d\u00ed. Dot\u00fdk\u00e1 se toti\u017e zejm\u00e9na organiz\u00e1tora \u010cvT. A jak si n\u00e1sledn\u011b uk\u00e1\u017eeme, velmi hodn\u011b. Sp\u00ed\u0161 fat\u00e1ln\u011b.<\/p>\n<p>N\u00e1sleduj\u00edc\u00ed \u0159\u00e1dky bych o\u010dek\u00e1val sp\u00ed\u0161e z n\u011bkter\u00e9ho ve\u0159ejnopr\u00e1vn\u00edho m\u00e9dia. Anal\u00fdzu toho, co se tady d\u011bje, kdo co organizuje, a kdo za t\u00edm stoj\u00ed. Aby ve\u0159ejnost v\u011bd\u011bla, pro\u010d se lid\u00e9 na Letn\u00e9 sch\u00e1z\u00ed. Ale nen\u00ed tomu tak. Ticho. D\u016fvod je jednoduch\u00fd. I \u010cT a \u010cRo pat\u0159\u00ed do \u0159et\u011bzce \u201eklient\u016f\u201c \u010cvT.<\/p>\n<p>V roce 2003 toti\u017e zalo\u017eili spole\u010dn\u00fd podnik v jeho\u017e veden\u00ed byl Jarom\u00edr \u0160t\u011btina a \u0160imon P\u00e1nek. K tomu ale pozd\u011bji. Te\u010f poj\u010fme na d\u016fvod dne\u0161n\u00ed Letn\u00e9: miliardov\u00e9 finance \u010clov\u011bka v T\u00edsni.<\/p>\n<p>\u010cvT byl zalo\u017een v roce 1995: Od t\u00e9 doby vysosal ze st\u00e1tn\u00edch rozpo\u010dt\u016f celkem 33 miliard korun. Jeho finance jsou ale z velk\u00e9 \u010d\u00e1sti dotov\u00e1ny ze zahrani\u010d\u00ed. Proto je z\u00e1kon FARA pro n\u011b fat\u00e1ln\u00ed.<\/p>\n<p><strong>Struktura p\u0159\u00edjm\u016f je n\u00e1sleduj\u00edc\u00ed. Zahrani\u010dn\u00ed st\u00e1tn\u00ed rozpo\u010dty \u010din\u00ed 13-15 miliard, tedy 40-45%, p\u0159\u00edjmy z EU (granty) 8-10 miliard, tedy 25-30%, \u010desk\u00e9 st\u00e1tn\u00ed zdroje 3-4 miliardy, 10-12%, ve\u0159ejn\u00e9 sb\u00edrky (\u010cR) 4-5 miliard, 12-15%. Ostatn\u00ed 2-3 miliardy, tedy 6-8%.<\/strong><\/p>\n<p>Je tedy z\u0159ejm\u00e9, \u017ee ze zahrani\u010d\u00ed poch\u00e1z\u00ed 70% p\u0159\u00edjm\u016f \u010cvT. Jsou na nich zcela z\u00e1visl\u00ed a zahrani\u010dn\u00ed dono\u0159i ur\u010duj\u00ed jejich \u010dinnost a sm\u011br. Dom\u00e1c\u00ed zdroje jsou pouze podpora zahrani\u010dn\u00edch c\u00edl\u016f. D\u0159\u00edve se takov\u00fdm organizac\u00edm \u0159\u00edkalo rezidentura zahrani\u010dn\u00edch tajn\u00fdch slu\u017eeb. Ale jdeme d\u00e1le.<\/p>\n<p>Od za\u010d\u00e1tku st\u00e1l za zakladatelem \u0160imonem P\u00e1nkem jeho mentor a r\u00e1dce George Soros. Celkem Sorosova organizace Open Society Fund vyplatila \u010cvT p\u0159es 70 mili\u00f3n\u016f korun. Ale tyto \u010d\u00e1stky nebyly podstatn\u00e9. Ostatn\u011b Soros ukon\u010dil financov\u00e1n\u00ed \u010cvT v roce 2014. Hlavn\u00ed zdroje toti\u017e za\u010daly chodit p\u0159\u00edmo od vl\u00e1dy USA a veden\u00ed EU.<\/p>\n<p>Jenom USAID vyplatil 4,7 miliardy a r\u016fzn\u00e9 fondy EU 8 miliard. Fors\u00e1\u017e v\u0161emu dala v\u00e1lka na Ukrajin\u011b. P\u0159es \u010cvT se financovaly \u201eneziskovky\u201c na Ukrajin\u011b. Podle ofici\u00e1ln\u00edch dat jich vznikly stovky, podle neofici\u00e1ln\u00edch tis\u00edce. Ty zaji\u0161\u0165uj\u00ed chod zem\u011b podle pravidel USA a \u010d\u00e1ste\u010dn\u011b EU. Jin\u00fdmi slovy se staraj\u00ed o to, aby n\u00e1hodou lid\u00e9 neza\u010dali myslet na \u201em\u00edr\u201c nebo na v\u00fdm\u011bnu veden\u00ed zem\u011b, kter\u00e9 je pln\u011b pod jejich kontrolou. \u010cvT se zase star\u00e1 o to, aby z \u010cR a EU plynul nekone\u010dn\u00fd proud \u201epomoci\u201c. Tedy netransparentn\u00edch dotac\u00ed, pen\u011bz, zbran\u00ed a jin\u00fdch zdroj\u016f. Co se tam s nimi d\u011bje je jin\u00fd p\u0159\u00edb\u011bh, kter\u00fd rozebereme jindy.<\/p>\n<p>A t\u00edm se vrac\u00edme k \u00faloze \u010cesk\u00e9 televize a \u010cesk\u00e9ho rozhlasu, ve\u0159ejnospr\u00e1vn\u00edch instituc\u00ed. Ob\u011b m\u00e9dia jsou propojena s \u010cvT nejen organiza\u010dn\u011b, ale i finan\u010dn\u011b a person\u00e1ln\u011b. Jak jsme si u\u017e \u0159ekli, 17. \u010dervna 2003 byla zalo\u017eena obecn\u011b prosp\u011b\u0161n\u00e1 spole\u010dnost \u010clov\u011bk v t\u00edsni \u2013 spole\u010dnost p\u0159i \u010cesk\u00e9 televizi, o.p.s. Od t\u00e9 doby mezi ob\u011bma organizacemi proteklo celkem 500 mili\u00f3n\u016f korun. Benefi\u010dn\u00ed koncerty \u010cT 250-300 milion\u016f (2002-2024). Nada\u010dn\u00ed fond \u010cRo 30-40 milion\u016f (2002-2024) P\u0159\u00edm\u00e9 dotace \u010cT~10 milion\u016f. Medi\u00e1ln\u00ed podpora odhadem 100-150 milion\u016f (2002-2024). Pen\u00edze nejsou ale to podstatn\u00e9. D\u016fle\u017eit\u00fd je vliv na zpravodajstv\u00ed a redakci \u010cT a \u010cRo.<\/p>\n<p>\u010cvT m\u00e1 sv\u00e9 lidi v Report\u00e9rech \u010cT. V \u010cT pravideln\u011b vystupuj\u00ed:<\/p>\n<p>\u2022 Daniel H\u016fle (\u010cvT) \u2013 diskuse na \u010cRo, \u010cT24<br \/>\n\u2022 Tom\u00e1\u0161 Vyhn\u00e1lek (\u010cvT) \u2013 festival Jeden sv\u011bt, diskuse<br \/>\n\u2022 Lenka Fil\u00edpkov\u00e1 (\u010cvT, programov\u00e1 mana\u017eerka S\u00fdrie) \u2013 Studio \u010cT24<br \/>\n\u2022 Tom\u00e1\u0161 Urban (\u010cvT) \u2013 iROZHLAS, diskuse<br \/>\n\u2022 \u0160imon P\u00e1nek (\u0159editel \u010cvT) \u2013 pravideln\u00e9 rozhovory<br \/>\n\u2022 Karel Strachota (\u010cvT) je \u010dlenem Div\u00e1ck\u00e9 rady \u010cT<\/p>\n<p>Zasa\u017eeny jsou i \u0161koly. Medi\u00e1ln\u00ed v\u00fdchova ve \u0161kol\u00e1ch:<br \/>\nSpolupr\u00e1ce \u010cvT + \u010cT na projektech medi\u00e1ln\u00ed gramotnosti. Report\u00e1\u017ee v Ud\u00e1lostech \u010cT, Zapojen\u00ed: plukovn\u00edk Otakar Folt\u00fdn, gener\u00e1l Michal Koudelka, C\u00edl: \u201e\u017d\u00e1ci se u\u010d\u00ed odd\u011blit fakta od nepravd, bojovat s dezinformacemi\u201c<\/p>\n<p>\u010cvT spolupracuje i se soudy, parlamentem, sen\u00e1tem, Nejvy\u0161\u0161\u00edm soudem, \u00dastavn\u00edm soudem. Pen\u00edze \u0161ly do v\u0161ech instituc\u00ed. Jedn\u00e1 se o pen\u00edze na anal\u00fdzy, lobbying, spole\u010dn\u00e9 komise, semin\u00e1\u0159e, zasahuj\u00ed i do mezin\u00e1rodn\u00edho soudu v Haagu. Mimochodem \u010cvT sb\u00edr\u00e1 d\u016fkazy a sestavuje \u017ealobu na Putina. Pracuje pro Evropsk\u00fd soud ve \u0160trasburku.<\/p>\n<p>Jak vid\u00edte, je tedy zcela nemo\u017en\u00e9, aby tato m\u00e9dia a instituce rozkryla pravdu. Naopak, budou papou\u0161kovat jen to, co jim Soros, P\u00e1nek a jejich zahrani\u010dn\u00ed dono\u0159i nadiktuj\u00ed.<\/p>\n<p>A t\u00edm se dost\u00e1v\u00e1me k tomu, co jim diktuj\u00ed a co je vlastn\u011b hlavn\u00ed \u00fakol cel\u00e9ho robusn\u00edho syst\u00e9mu. Defacto hlavn\u00ed c\u00edl, za co lid\u00e9 dnes na Letn\u00e9 ve skute\u010dnosti demonstruj\u00ed. By\u0165 to ani trochu netu\u0161\u00ed.<\/p>\n<p>Elon Musk, kdy\u017e rozkryl syst\u00e9m dotac\u00ed USAID prohl\u00e1sil, \u017ee cel\u00fd syst\u00e9m ovl\u00e1dal G. Soros, aby financoval deep state. Ten tak prosazoval svoji agendu na cel\u00e9m sv\u011bt\u011b. Podle Muska \u0161lo o propagandu covid a prodej zdravotnick\u00e9ho materi\u00e1lu pharma lobby. D\u00e1le \u0161lo o podporu ozbrojen\u00fdch konflikt\u016f a prodej vojensk\u00e9ho materi\u00e1lu zbrojn\u00ed lobby. V neposledn\u00ed \u0159ad\u011b \u0161lo o cel\u00fd green deal a byznys emisn\u00edch povolenek a cel\u00fd dota\u010dn\u00ed byznys.<\/p>\n<p><strong>Kruh se uzav\u00edr\u00e1. Tedy Letn\u00e1 bojuje za vy\u0161\u0161\u00ed zdan\u011bn\u00ed \u017eivota prost\u0159ednictv\u00edm emisn\u00edch povolenek. Vy\u0161\u0161\u00ed zdan\u011bn\u00ed \u017eivota, aby bylo na v\u00e1lku na Ukrajin\u011b. Vy\u0161\u0161\u00ed zdan\u011bn\u00ed, aby bylo na nepot\u0159ebn\u00e9 vakc\u00edny. Letn\u00e1 bojuje za vys\u00e1v\u00e1n\u00ed st\u00e1tn\u00edch rozpo\u010dt\u016f \u010cR, EU a USA ve jm\u00e9nu nadn\u00e1rodn\u00ed mafie zvan\u00e9 deep state. Defacto to jsou americk\u00e9 bankovn\u00ed rodiny.<\/strong><\/p>\n<p>Dne\u0161n\u00ed Letn\u00e1 odhaluje v pln\u00e9 nahot\u011b prohnilost syst\u00e9mu. Pot\u0159ebu z\u00e1sadn\u00edch struktur\u00e1ln\u00edch zm\u011bn. Zm\u011bnu m\u00e9di\u00ed ve\u0159ejn\u00e9 slu\u017eby. Jejich vyv\u00e1z\u00e1n\u00ed z mafi\u00e1nsk\u00fdch struktur deep state. A n\u00e1sledn\u00e9 osvobozen\u00ed politick\u00e9ho a mocensk\u00e9ho syst\u00e9mu. Ten je nyn\u00ed zcela podd\u00e1n z\u00e1jm\u016fm deep state. Syst\u00e9m je tak robusn\u00ed, \u017ee zasahuje prakticky do v\u0161ech oblast\u00ed lidsk\u00e9ho \u017eivota a st\u00e1tn\u00ed moci.<\/p>\n<p>Nat\u00e1lie Vachatov\u00e1 asi netu\u0161ila do \u010deho jde, kdy\u017e ji Babi\u0161 jmenoval do funkce koordin\u00e1torky z\u00e1kona FARA. Des\u00edtky miliard deep state proti jedn\u00e9 matce t\u0159\u00ed d\u011bt\u00ed. Mysl\u00edte, \u017ee si to ti lidi\u010dkov\u00e9 na Letn\u00e9 uv\u011bdomuj\u00ed, komu slou\u017e\u00ed? Komu d\u011blaj\u00ed u\u017eite\u010dn\u00e9 idioty? V\u011b\u0159\u00edm, \u017ee ne. V\u011b\u0159\u00edm, \u017ee lidsk\u00e1 povaha je dobro a tomuhle zt\u011blesn\u011bn\u00ed zla by nikdy tolik lid\u00ed neslou\u017eilo.<\/p>\n<p>Je tedy na st\u00e1tu, aby n\u00e1s ochr\u00e1nil. Zas\u00e1hl mocensky. Te\u010f se l\u00e1me chleba. Babi\u0161, Okamura a Macinka dostali od lid\u00ed n\u00e1boje: 108 poslanc\u016f. Ti a\u0165 ud\u011blaj\u00ed takov\u00e9 z\u00e1kony, kter\u00e9 n\u00e1s t\u00e9 mafi\u00e1nsk\u00e9 Krakatice nadobro zbav\u00ed. A my lidi dr\u017eme p\u0159i nich! [<a href=\"https:\/\/www.facebook.com\/jan.cizek.75\/posts\/pfbid02DqgD46VzT6hnomTTPi7rWk3G9yXe78DoN4VaL7wYaEhy51sGx7KbvsvamnVcyg9xl\" target=\"_blank\" rel=\"noopener\">zdroj<\/a>]<\/p>\n<p><em><a href=\"https:\/\/www.nespokojeny.cz\/\" target=\"_blank\" rel=\"noopener\"><strong>Nespokojen\u00fd<\/strong><\/a>\u00a0publikuje p\u016fvodn\u00ed text Jana \u010c\u00ed\u017eka, proto\u017ee \u010dl\u00e1nek\u00a0<strong>Tu\u0161\u00ed ti lidi\u010dkov\u00e9 na Letn\u00e9, za co v\u016fbec bojuj\u00ed?<\/strong>\u00a0v Den\u00edku TO byl sta\u017een\u00fd.<\/em><\/p>\n<h2><strong>Name it, shame it.<\/strong><\/h2>\n<p>Technika CIA, jak ulhat neulhateln\u00e9. Pou\u017e\u00edv\u00e1 se k zostuzen\u00ed protivn\u00edka, d\u0159\u00edve ne\u017e poslucha\u010d m\u016f\u017ee vyslechnout podstatu jeho sd\u011blen\u00ed: \u201eProto\u017ee toho lh\u00e1\u0159e p\u0159ece nebudu poslouchat.\u201c<\/p>\n<p>Detailn\u011b tyto praktiky popisuj\u00ed ameri\u010dt\u00ed \u017eurnalist\u00e9 Michael Shellenberger (Public\/Substack), Richard K. Betts (profesor Columbia University), Matt Taibbi (investigativn\u00ed novin\u00e1\u0159, Substack\/Racket News) nebo m\u016fj obl\u00edbenec Mike Benz (\u0159editel Foundation for Freedom Online) a mnoho dal\u0161\u00edch.<\/p>\n<p>M\u00e1m neblah\u00fd pocit, \u017ee se pr\u00e1v\u011b v t\u00e9to situaci ocit\u00e1m. Pova\u017ete. V ned\u011bli jsem zve\u0159ejnil anal\u00fdzu pozad\u00ed Milionu chvilek a \u010clov\u011bka v T\u00edsni (\u010cvT). Detailn\u00ed zpr\u00e1vu o jeho financov\u00e1n\u00ed. O tom, \u017ee 70% financ\u00ed poch\u00e1z\u00ed ze zahrani\u010d\u00ed. Neblaze proslul\u00e9 USAID, kterou TRUMP pro \u201emegapodvody\u201c ukon\u010dil. Z fond\u016f EU. \u017de jde o des\u00edtky miliard. \u017de\u00a0<strong><a href=\"https:\/\/www.nespokojeny.cz\/tag\/mikulas-minar\/\" target=\"_blank\" rel=\"noopener\">Mikul\u00e1\u0161 Min\u00e1\u0159<\/a><\/strong>\u00a0z Milionu chvilek byl vyb\u00edr\u00e1n \u010cvT v konkurzu \u201ena nov\u00e9 politiky ob\u010dansk\u00e9 spole\u010dnosti\u201c v sout\u011b\u017ei Hled\u00e1 se LEADr. \u017de \u010dlenem poroty byl i novin\u00e1\u0159 Jind\u0159ich \u0160\u00eddlo, kter\u00fd nyn\u00ed demonstrace komentuje jako \u201enez\u00e1visl\u00fd novin\u00e1\u0159\u201c na \u010cT. \u017de mezi \u010cvT a \u010cT existuje finan\u010dn\u00ed a byznysov\u00e9 propojen\u00ed v \u0159\u00e1du stovek mili\u00f3n\u016f korun. Tolik \u010dir\u00e1 fakta.<\/p>\n<p>\u010cl\u00e1nek p\u0159evzala redakce denikto.cz a vydala jej. To bylo v pond\u011bl\u00ed. Okam\u017eit\u011b se rozjel koloto\u010d ur\u00e1\u017eek, osobn\u00edho napad\u00e1n\u00ed, vyhro\u017eov\u00e1n\u00ed.<\/p>\n<p>Dnes r\u00e1no se mi \u0161\u00e9fredaktor Marek Stoni\u0161 omluvil s t\u00edm, \u017ee tlak byl velik\u00fd a \u010dl\u00e1nek stahuje. Tak a te\u010f si poj\u010fme \u0159\u00edci, co je p\u0159edm\u011btem t\u00e9 zu\u0159ivosti a cenzury.<\/p>\n<p>\u0160\u00eddlo tvrd\u00ed, \u017ee sice v komisi \u010clov\u011bka v T\u00edsni sed\u011bl, ale Min\u00e1\u0159e nevybrali. Jeho projekt Milion chvilek zam\u00edtli. Tedy nem\u016f\u017ee existovat propojen\u00ed s \u010cvT. Z\u00e1rove\u0148 t\u00edm ale p\u0159izn\u00e1v\u00e1, \u017ee sed\u011bl v komisi \u010cvT, kter\u00e1 Min\u00e1\u0159e hodnotila. Mo\u017en\u00e1 tedy nevybrala. Mo\u017en\u00e1 tedy nevybrala ofici\u00e1ln\u011b, ale \u010cvT s n\u00edm pak nav\u00e1zal spolupr\u00e1ci. Neofici\u00e1ln\u011b. To nikdo nev\u00ed. P\u0159edm\u011btem sout\u011b\u017ee nicm\u00e9n\u011b bylo p\u0159esn\u011b to, co pozd\u011bji Min\u00e1\u0159 d\u011blal. V\u010detn\u011b finan\u010dn\u00ed dotace. A ta je netransparentn\u00ed. Podle \u0160\u00eddla Min\u00e1\u0159 vypadl hned v \u00favodn\u00edm kole a tak z\u0159ejm\u011b ani neabsolvoval dva vzd\u011bl\u00e1vac\u00ed v\u00edkendy, kde se \u00fa\u010dastn\u00edci u\u010dili projektov\u00fd management, r\u00e9toriku, fundraising, PR kampa\u0148, komunikaci s m\u00e9dii. V\u0161echny v\u011bci, kter\u00e9 pozd\u011bji ovl\u00e1dal a n\u011bkdo ho to musel nau\u010dit. Samoz\u0159ejm\u011b roj\u00ed se ot\u00e1zky, jak to skute\u010dn\u011b bylo. To jsou legitimn\u00ed dotazy a novin\u00e1\u0159i by m\u011bli hledat odpov\u011bdi.<\/p>\n<p>Tak a te\u010f se dost\u00e1v\u00e1me k j\u00e1dru pudla: \u0160\u00eddlo m\u00e1 fat\u00e1ln\u00ed st\u0159et z\u00e1jm\u016f, o kter\u00e9m 99,9% obyvatel \u010cR nev\u00ed. J\u00e1 na tuto skute\u010dnost upozornil. Co\u017e je moje pr\u00e1ce a profesn\u00ed povinnost. Jsem novin\u00e1\u0159. A strhla se mela. Asi si dosad\u00edte sami pro\u010d. \u0160\u00eddlo byl toti\u017e hlavn\u00ed koment\u00e1tor \u010cT a seznamzpr\u00e1v.cz demonstrace Milionu chvilek. Spr\u00e1vn\u011b by tam m\u011bl m\u00edt zm\u00ednku o st\u0159etu z\u00e1jm\u016f, ale nem\u011bl.<\/p>\n<p>Pot\u00e9 se na mne sl\u00e9tl cel\u00fd roj prakticky v\u0161ech mainstreamov\u00fdch novin\u00e1\u0159\u016f, kter\u00e9 zn\u00e1me. A te\u010f si polo\u017eme z\u00e1sadn\u00ed ot\u00e1zku:\u00a0<strong>pro\u010d bez emoc\u00ed a transparentn\u011b ne\u0159e\u0161\u00ed evidentn\u00ed st\u0159et z\u00e1jm\u016f nejen \u0160\u00eddla, ale i \u010cvT? Pro\u010d ne\u0159e\u0161\u00ed, \u017ee z\u00e1kon FARA se dot\u00fdk\u00e1 p\u0159edev\u0161\u00edm \u010cvT, kter\u00fd je ze 70% financov\u00e1n ze zahrani\u010d\u00ed. Pro\u010d neud\u011blaj\u00ed podrobnou anal\u00fdzu a fakta neprov\u011b\u0159\u00ed? Pro\u010d je \u0161\u00e9f \u0160imon P\u00e1nek \u010dast\u00fdm hostem \u010cT a \u010cRo, kde komentuje protivl\u00e1dn\u00ed demonstrace op\u011bt jako \u201enez\u00e1visl\u00fd koment\u00e1tor\u201c, ale nikdo nedod\u00e1, \u017ee se jej z\u00e1kon FARA p\u0159\u00edmo dot\u00fdk\u00e1 a m\u00e1 fat\u00e1ln\u00ed st\u0159et z\u00e1jm\u016f? Pro\u010d novin\u00e1\u0159i ne\u0159eknou, \u017ee na transparentn\u00edm \u00fa\u010dtu Milionu chvilek absolutn\u011b nesed\u00ed v\u00fddaje na demonstraci s uv\u00e1d\u011bn\u00fdmi p\u0159\u00edjmy? Pro\u010d ne\u0159eknou, Mikul\u00e1\u0161 Min\u00e1\u0159 byl s projektem Milion chvilek \u00fa\u010dastn\u00edk v\u00fdb\u011brka \u010cvT? Pro\u010d nepracuj\u00ed na odhalen\u00ed t\u011bch nesrovnalost\u00ed? J\u00e1 jsme si tu pr\u00e1ci dal a nesed\u00ed to.<\/strong><\/p>\n<h3>Ostatn\u011b posu\u010fte sami:<\/h3>\n<p><strong>\u010cASOV\u00c1 OSA<\/strong><\/p>\n<p>\u0158\u00edjen 2017 Volby \u2014 ANO vyhraje, Babi\u0161 jmenov\u00e1n premi\u00e9rem<\/p>\n<p>17. listopadu 2017 Min\u00e1\u0159 a spolupracovn\u00edci na N\u00e1rodn\u00ed t\u0159\u00edd\u011b p\u0159edaj\u00ed Babi\u0161ovi petici \u201eChvilka pro Andreje\u201c. Tent\u00fd\u017e den ji podle sv\u00fdch slov Min\u00e1\u0159 vymyslel jako reakci na Babi\u0161\u016fv p\u0159edvolebn\u00ed dopis voli\u010d\u016fm.<\/p>\n<p>Na p\u0159elomu roku 2017\/2018 hl\u00e1s\u00ed do sout\u011b\u017ee \u010clov\u011bka v T\u00edsni \u201eHled\u00e1 se LEADr.\u201c s projektem Milion chvilek, \u0160\u00eddlo sed\u00ed v porot\u011b, Min\u00e1\u0159 vypadne v prvn\u00edm kole. \u00da\u010dastn\u00edci absolvovali dva vzd\u011bl\u00e1vac\u00ed v\u00edkendy, kde se u\u010dili projektov\u00fd management, r\u00e9toriku, fundraising, PR kampa\u0148, komunikaci s m\u00e9dii.<\/p>\n<p>31. ledna 2018 Min\u00e1\u0159 zakl\u00e1d\u00e1 zapsan\u00fd spolek Milion Chvilek. Min\u00e1\u0159 se stane p\u0159edsedou a p\u0159eru\u0161\u00ed studium.<\/p>\n<p>\u00danor 2018 spou\u0161t\u00ed transparentn\u00ed \u00fa\u010det.<\/p>\n<p>9. dubna 2018 Prvn\u00ed demonstrace na V\u00e1clavsk\u00e9m n\u00e1m\u011bst\u00ed \u2014 \u201eZa slu\u0161n\u00e9ho premi\u00e9ra a slu\u0161nou vl\u00e1du.\u201c<\/p>\n<p>Jaro\u2013l\u00e9to 2019 S\u00e9rie velk\u00fdch demonstrac\u00ed za odvol\u00e1n\u00ed Bene\u0161ov\u00e9 a rezignaci Babi\u0161e.<\/p>\n<p>16. listopadu 2019 Demonstrace na Letensk\u00e9 pl\u00e1ni, podle organiz\u00e1tor\u016f \u010dtvrt milionu lid\u00ed \u2014 nejv\u011bt\u0161\u00ed protest od roku 1989.<\/p>\n<p>Ta souvislost mezi sout\u011b\u017e\u00ed \u010clov\u011bka v t\u00edsni, \u0161kolen\u00edm, n\u00e1sledn\u00fdm z\u00edsk\u00e1n\u00edm financ\u00ed a \u00fasp\u011b\u0161n\u00fdmi demonstracemi je do o\u010d\u00ed bij\u00edc\u00ed. \u017d\u00e1dn\u00fd novin\u00e1\u0159 si to ale do souvislosti nikdy nedal. Pro\u010d? A naopak, m\u00edsto legitimn\u00ed diskuse, zu\u0159iv\u00e9 ur\u00e1\u017eky, jednostrann\u00e1 obhajoba \u010clov\u011bka v t\u00edsni. Konkr\u00e9tn\u011b se zapojili vedle zm\u00edn\u011bn\u00e9ho \u0160\u00eddla, Nora Frydrychov\u00e1 (ex \u010cT), Jan Mol\u00e1\u010dek (Report\u00e9\u0159i \u010cT), Jan \u0158\u00e1pek (\u010cT24), Pavel \u0160afr (Forum 24), Petr Honzejk (HN) nebo Jan Martinek (novinky.cz)<\/p>\n<p>J\u00e1 \u0159\u00edk\u00e1m dost! Poj\u010fme diskutovat. Klidn\u011b, v\u011bcn\u011b, bez ur\u00e1\u017eek. Data, argumenty. To je demokracie, to je novina\u0159ina. Lidi pravda zaj\u00edm\u00e1. Ne, \u017ee ne. A jestli se zjist\u00ed, \u017ee n\u011bkter\u00fd z t\u011bch novin\u00e1\u0159\u016f, co tak zu\u0159\u00ed, dost\u00e1v\u00e1 od \u010cvT pen\u00edze, tak je to probl\u00e9m. Ne, \u017ee ne. [<a href=\"https:\/\/www.facebook.com\/jan.cizek.75\/posts\/pfbid0koXdMzG7zTGbPJueup7JJa1MnsJWiN2mQKvQqACACTKqNBxoium8K9iy1hL3k2uMl\" target=\"_blank\" rel=\"noopener\">zdroj<\/a>]<\/p>\n<p><a title=\"\" href=\"https:\/\/www.nespokojeny.cz\/wp-content\/uploads\/minar_demonstrace_kdo_platil.jpg\" data-rel=\"lightbox-image-0\" data-magnific_type=\"image\" data-rl_title=\"\" data-rl_caption=\"\"><img decoding=\"async\" loading=\"lazy\" class=\"aligncenter wp-image-65815\" src=\"https:\/\/www.nespokojeny.cz\/wp-content\/uploads\/minar_demonstrace_kdo_platil.jpg\" sizes=\"(max-width: 500px) 100vw, 500px\" srcset=\"https:\/\/www.nespokojeny.cz\/wp-content\/uploads\/minar_demonstrace_kdo_platil.jpg 1000w, https:\/\/www.nespokojeny.cz\/wp-content\/uploads\/minar_demonstrace_kdo_platil-300x245.jpg 300w, https:\/\/www.nespokojeny.cz\/wp-content\/uploads\/minar_demonstrace_kdo_platil-450x367.jpg 450w, https:\/\/www.nespokojeny.cz\/wp-content\/uploads\/minar_demonstrace_kdo_platil-150x122.jpg 150w, https:\/\/www.nespokojeny.cz\/wp-content\/uploads\/minar_demonstrace_kdo_platil-768x626.jpg 768w\" alt=\"\" width=\"500\" height=\"408\" \/><\/a><\/p>\n<h2><strong>Tak si d\u00e1me lekci o transparentnosti!<\/strong><\/h2>\n<p>To si ze v\u0161ech d\u011blaj\u00ed srandu, nebo co? Fakt si n\u011bkdo mysl\u00ed, \u017ee jsme \u00fapln\u00ed bl\u00e1zni?\u00a0<strong>Demonstrace na Letn\u00e9 za 4 129 korun?<\/strong>\u00a0 To jako v\u00e1\u017en\u011b? To je n\u011bjak\u00fd kouzelnick\u00fd trik, nebo co?!<\/p>\n<p>Ka\u017ed\u00fd, kdo kdy organizoval jakoukoli akci, v\u00ed \u00fapln\u011b p\u0159esn\u011b, jak to chod\u00ed. V\u0161ichni cht\u011bj\u00ed pen\u00edze dop\u0159edu. Pron\u00e1jmy, technika, p\u00f3dium, zvuk, doprava, tisk, lidi\u2026 nic z toho nen\u00ed zadarmo a u\u017e v\u016fbec ne \u201en\u011bkdy potom\u201c. V\u0161echno se pl\u00e1nuje, rezervuje, a hlavn\u011b plat\u00ed p\u0159edem. To je prost\u011b realita.<\/p>\n<p>A te\u010f se pod\u00edv\u00e1me na ten slavn\u00fd \u201etransparentn\u00ed \u00fa\u010det\u201c Milion\u016f chvilek.<\/p>\n<p>Obdob\u00ed 28. 1. 2026 \u2013 21. 3. 2026.<\/p>\n<p>V\u00fddaje spojen\u00e9 s demonstrac\u00ed na Letn\u00e9?<\/p>\n<p>Dva. DVA!<\/p>\n<p>\u2022 1 815 K\u010d za n\u011bjak\u00fd potisk plak\u00e1tu<br \/>\n\u2022 2 314 K\u010d za autobus<\/p>\n<p>Celkem 4 129 K\u010d. \u010cty\u0159i tis\u00edce sto dvacet dev\u011bt korun. To jako v\u00e1\u017en\u011b?<\/p>\n<p><strong>Tak\u017ee se pt\u00e1m naprosto na rovinu: Kdo tu demonstraci zaplatil? Proto\u017ee tohle rozhodn\u011b nebyla akce za p\u00e1r drobn\u00fdch.<\/strong>\u00a0Tohle je velk\u00e1 akce se v\u0161\u00edm v\u0161udy, ne \u0161koln\u00ed bes\u00eddka na dvorku.<\/p>\n<p>Neust\u00e1le poslouch\u00e1me \u0159e\u010di o transparentnosti, o mor\u00e1lce, o tom, jak maj\u00ed b\u00fdt neziskovky pr\u016fhledn\u00e9 jak sklo.<\/p>\n<p>A najednou? Ticho po p\u011b\u0161in\u011b.<\/p>\n<p>U t\u00e9hle party to najednou neplat\u00ed? To jako v\u00e1\u017en\u011b?<\/p>\n<p><strong>Je hrozn\u011b zaj\u00edmav\u00e9, \u017ee kdyby tohle ud\u011blal kdokoli jin\u00fd, u\u017e by se \u0159valo ze v\u0161ech stran, \u017ee to financuje kdov\u00ed kdo \u2013 ide\u00e1ln\u011b Rusko, \u017ee jo. To by byly titulky, hysterie a ukazov\u00e1n\u00ed prstem.<\/strong><\/p>\n<p>Ale tady?<\/p>\n<p>Nic. Kl\u00eddek. Pohodi\u010dka.<\/p>\n<p>Tak\u017ee jak to teda je?<\/p>\n<p>Neplat\u00ed to Rusko \u2013 fajn. Tak kdo to zaplatil? Proto\u017ee \u017ee by to byla akce za \u010dty\u0159i tis\u00edce, tomu m\u016f\u017ee v\u011b\u0159it jen n\u011bkdo, kdo si dobrovoln\u011b vypnul mozek.<\/p>\n<p>J\u00e1 bych to teda r\u00e1d v\u011bd\u011bl. A mysl\u00edm, \u017ee nejsem s\u00e1m.\u00a0<a href=\"https:\/\/ib.fio.cz\/ib\/transparenta=20201117&amp;f=23.01.2026&amp;t=23.03.2026&amp;fbclid=IwY2xjawQvl8FleHRuA2FlbQIxMABicmlkETBpMlZ2YjVuU3kwVTFDaTd4c3J0YwZhcHBfaWQQMjIyMDM5MTc4ODIwMDg5MgABHnFbodXUIoXT3Z29hK7uPaHSZ_GY_FLYhsYRLNVL-DGOvH3A_klwsw_ifE3A_aem_KoA3l9zOX6qIoVhZNczChA\" target=\"_blank\" rel=\"noopener\">Odkaz<\/a>\u00a0na transparentn\u00ed \u00fa\u010det. [<a href=\"https:\/\/www.facebook.com\/mudrjirimasek\/posts\/pfbid0X7nnaEVESbKYyKXXpoDzXA7tpH71VaY39Qx7QE6FU67TmvhumqA8MUH5Yh1Cjdsol\" target=\"_blank\" rel=\"noopener\">zdroj<\/a>]<\/p>\n<h2><strong>Mocensk\u00e1 organizace v pohotovosti nebo spont\u00e1nn\u00ed hnut\u00ed?<\/strong><\/h2>\n<p>Mn\u011b osobn\u011b prost\u011b p\u0159ekvapilo,\u00a0<strong>jak profesion\u00e1ln\u011b byla demonstrace p\u0159ipraven\u00e1<\/strong>. Ono to toti\u017e nen\u00ed v\u016fbec \u017e\u00e1dn\u00e1 sranda. Na rozd\u00edl od spont\u00e1nn\u00edch demonstrac\u00ed v dob\u011b Fialovy vl\u00e1dy na V\u00e1clav\u00e1ku, kdy se postavila tribuna a mo\u017en\u00e1 je\u0161t\u011b jedna obrazovka kv\u016fli doln\u00ed polovin\u011b n\u00e1m\u011bst\u00ed, jsme na Letn\u00e9 vid\u011bli obrovsk\u00e9 p\u00f3dium, cca 7 velkoplo\u0161n\u00fdch obrazovek, stono\u017eku mobiln\u00edch toalet, zvukov\u00fd syst\u00e9m s hlavn\u00edm PA a p\u0159ibli\u017en\u011b osmi a\u017e deseti zpo\u017e\u010fovac\u00edmi body po cel\u00e9 pl\u00e1ni, kilometry elektrick\u00fdch rozvod\u016f, stovky metr\u016f mobiln\u00edch plot\u016f a z\u00e1bran, zdravotnickou a bezpe\u010dnostn\u00ed slu\u017ebu, koordinaci s magistr\u00e1tem a Polici\u00ed \u010cR, s pra\u017esk\u00fdm Dopravn\u00edm podnikem, kter\u00fd posiloval spoje atd.\u00a0<strong>A kdy\u017e n\u011bco takov\u00e9ho vid\u00edm, prost\u011b po\u010d\u00edt\u00e1m<\/strong>\u00a0a tohle byla akce jako hrom.<\/p>\n<h3><strong>Co takov\u00e1 akce stoj\u00ed.<\/strong><\/h3>\n<p>Takov\u00e1 akce vych\u00e1z\u00ed p\u0159i dne\u0161n\u00edch cen\u00e1ch bez aktivistick\u00fdch slev na ca 6 a\u017e 9 milion\u016f korun. Z\u0159ejm\u011b to bude tak jako v roce 2019, kdy dle ofici\u00e1ln\u00edch dokument\u016f spolku st\u00e1la tehdej\u0161\u00ed demonstrace pouh\u00fdch 1,556 milionu korun. Pokud tedy po\u010d\u00edt\u00e1me se stejn\u00fdmi aktivistick\u00fdmi slevami a \u010d\u00e1st dodavatel\u016f st\u00e1le poskytuje techniku za n\u00e1kladov\u00e9 ceny ze sympati\u00ed k organizaci, jak tomu bylo z\u0159ejm\u011b v roce 2019, odhaduji, \u017ee b\u0159eznov\u00e1 demonstrace st\u00e1la spolek p\u0159ibli\u017en\u011b 2,3 a\u017e 3,5 milionu korun.<\/p>\n<p>Na co nar\u00e1\u017e\u00edm je, \u017ee\u00a0<strong>rozd\u00edl mezi skute\u010dn\u00fdmi cenami a \u00fadajn\u00fdmi slevami ze sympati\u00ed k organizaci v \u00fa\u010detnictv\u00ed spolku nikde nefiguruje, proto\u017ee z\u00e1kon spolk\u016fm \u2013 na rozd\u00edl od politick\u00fdch stran \u2013 nepen\u011b\u017en\u00ed dary vykazovat neukl\u00e1d\u00e1<\/strong>.<\/p>\n<p>V p\u0159\u00edpad\u011b b\u011b\u017en\u00e9ho spolku myslivc\u016f nebo ochotn\u00edk\u016f je takov\u00e1 mezera v z\u00e1kon\u011b pochopiteln\u00e1 a nikomu nevad\u00ed.\u00a0<strong>Mili\u00f3n chvilek s ro\u010dn\u00edm rozpo\u010dtem p\u0159es dvacet milion\u016f korun pravideln\u011b pln\u00ed Letenskou pl\u00e1\u0148, v\u011bdom\u011b vstupuje do prezidentsk\u00fdch i parlamentn\u00edch voleb, vytv\u00e1\u0159\u00ed medi\u00e1ln\u00ed tlak a otev\u0159en\u011b si klade za c\u00edl ovliv\u0148ovat sm\u011b\u0159ov\u00e1n\u00ed \u010desk\u00e9 politiky<\/strong>. Ostatn\u011b z\u00e1kon o regulaci lobbov\u00e1n\u00ed, kter\u00fd vstoupil v platnost v \u010dervenci 2025, spolek donutil se zaregistrovat jako lobbista \u2013 tedy form\u00e1ln\u011b p\u0159iznat, \u017ee soustavn\u011b ovliv\u0148uje z\u00e1konod\u00e1rce p\u0159i p\u0159\u00edprav\u011b legislativy. Tato sama o sob\u011b drobn\u00e1 skute\u010dnost je ale d\u016fle\u017eit\u00e1 \u2013 st\u00e1tem veden\u00fd registr lobbist\u016f potvrzuje, \u017ee\u00a0<strong>Milion chvilek nen\u00ed jen kulturn\u011b-vzd\u011bl\u00e1vac\u00ed spolek, ale subjekt s p\u0159\u00edm\u00fdm vlivem na legislativn\u00ed proces<\/strong>.<\/p>\n<p><strong>Takov\u00e1 m\u00edra politick\u00e9ho vlivu nem\u00e1 v \u010desk\u00e9m prost\u0159ed\u00ed mezi spolky obdobu<\/strong>. P\u0159itom pr\u00e1v\u011b politick\u00e9 strany, kter\u00e9 vykon\u00e1vaj\u00ed srovnatelnou nebo men\u0161\u00ed m\u00edru politick\u00e9ho vlivu, podl\u00e9haj\u00ed p\u0159\u00edsn\u00e9 povinnosti zve\u0159ej\u0148ovat nejen pen\u011b\u017en\u00ed dary, ale i ve\u0161ker\u00e1 nepen\u011b\u017eit\u00e1 pln\u011bn\u00ed od bezplatn\u011b poskytnut\u00fdch prostor a\u017e po medi\u00e1ln\u00ed \u010das. D\u016fvod je prost\u00fd \u2013 ve\u0159ejnost m\u00e1 pr\u00e1vo v\u011bd\u011bt, kdo politick\u00e9 akt\u00e9ry financuje a v jak\u00e9 v\u00fd\u0161i, aby mohla posoudit jejich nez\u00e1vislost a p\u0159\u00edpadn\u00e9 st\u0159ety z\u00e1jm\u016f.<\/p>\n<p>Argument, \u017ee spolek nen\u00ed politick\u00e1 strana a proto tato pravidla neplat\u00ed, je form\u00e1ln\u011b spr\u00e1vn\u00fd, ale v\u011bcn\u011b pr\u00e1zdn\u00fd. Rozhoduj\u00edc\u00ed nen\u00ed pr\u00e1vn\u00ed forma, ale re\u00e1ln\u00fd dopad na demokratick\u00fd proces.\u00a0<strong>Organizace, kter\u00e1 mobilizuje statis\u00edce lid\u00ed, koordinuje kampan\u011b p\u0159ed volbami a c\u00edlen\u011b vytv\u00e1\u0159\u00ed tlak na z\u00e1konod\u00e1rce, vstupuje do politiky zp\u016fsobem, kter\u00fd si transparentnost zasluhuje stejn\u011b jako kter\u00fdkoli jin\u00fd politick\u00fd akt\u00e9r<\/strong>. Minim\u00e1ln\u011b by bylo nam\u00edst\u011b, aby spolky s prokazateln\u011b politick\u00fdm charakterem a p\u0159\u00edjmy nad ur\u010ditou hranici m\u011bly povinnost vykazovat i nepen\u011b\u017en\u00ed p\u0159\u00edsp\u011bvky v tr\u017en\u00edm ocen\u011bn\u00ed stejn\u011b, jak to z\u00e1kon vy\u017eaduje od stran. Nejde o omezen\u00ed svobody spol\u010dov\u00e1n\u00ed ani o \u00fatok na ob\u010danskou spole\u010dnost. Jde o to, aby stejn\u00e1 pravidla hry platila pro v\u0161echny, kdo o hru hraj\u00ed.<\/p>\n<p><a title=\"\" href=\"https:\/\/www.nespokojeny.cz\/wp-content\/uploads\/mchd_letna_21-03-26.jpg\" data-rel=\"lightbox-image-1\" data-magnific_type=\"image\" data-rl_title=\"\" data-rl_caption=\"\"><img decoding=\"async\" loading=\"lazy\" class=\"aligncenter wp-image-65848\" src=\"https:\/\/www.nespokojeny.cz\/wp-content\/uploads\/mchd_letna_21-03-26.jpg\" sizes=\"(max-width: 600px) 100vw, 600px\" srcset=\"https:\/\/www.nespokojeny.cz\/wp-content\/uploads\/mchd_letna_21-03-26.jpg 800w, https:\/\/www.nespokojeny.cz\/wp-content\/uploads\/mchd_letna_21-03-26-300x163.jpg 300w, https:\/\/www.nespokojeny.cz\/wp-content\/uploads\/mchd_letna_21-03-26-450x244.jpg 450w, https:\/\/www.nespokojeny.cz\/wp-content\/uploads\/mchd_letna_21-03-26-150x81.jpg 150w, https:\/\/www.nespokojeny.cz\/wp-content\/uploads\/mchd_letna_21-03-26-768x417.jpg 768w\" alt=\"\" width=\"600\" height=\"326\" \/><\/a><\/p>\n<h3>Transparentnost pen\u011b\u017en\u00edch dar\u016f.<\/h3>\n<p>Spolek p\u0159ij\u00edm\u00e1 dary t\u0159emi kan\u00e1ly: transparentn\u00edm \u00fa\u010dtem, b\u011b\u017en\u00fdm \u00fa\u010dtem a platebn\u00ed br\u00e1nou Darujme. Na transparentn\u00edm \u00fa\u010dtu je od leto\u0161n\u00edho ledna p\u0159ibli\u017en\u011b 700 tis\u00edc korun, tedy ve\u0159ejn\u011b dohledateln\u00e1 suma, kde je vid\u011bt ka\u017ed\u00e1 platba. Naprost\u00e1 v\u011bt\u0161ina p\u0159\u00edjm\u016f ale te\u010de p\u0159es Darujme, a tam jednotliv\u00ed d\u00e1rci vid\u011bt nejsou. Ve v\u00fdro\u010dn\u00edch zpr\u00e1v\u00e1ch za roky 2021 a\u017e 2024 jsou jmenovit\u011b uvedeni jen d\u00e1rci, kte\u0159\u00ed p\u0159isp\u011bli v\u00edce ne\u017e 100 tis\u00edc korun, ale kolik ka\u017ed\u00fd z nich spolku skute\u010dn\u011b dal, p\u0159itom nen\u00ed ov\u011b\u0159iteln\u00e9 \u2013 zpr\u00e1va uv\u00e1d\u00ed jen pr\u00e1h \u201ev\u00edce ne\u017e 100 tis\u00edc korun\u201c.<\/p>\n<p><strong>Podle dostupn\u00fdch dat tak p\u0159ich\u00e1z\u00ed p\u0159ibli\u017en\u011b 90 procent p\u0159\u00edjm\u016f spolku anonymn\u00ed cestou<\/strong>. Darujme jako platforma sama o sob\u011b \u017e\u00e1dn\u00e9 tajemstv\u00ed neskr\u00fdv\u00e1, jde o standardn\u00ed n\u00e1stroj pro online fundraising neziskov\u00fdch organizac\u00ed provozovan\u00fd Nadac\u00ed Via. Probl\u00e9m nen\u00ed v platform\u011b, ale v tom, jak spolek model vyu\u017e\u00edv\u00e1: dary p\u0159es ni te\u010dou na b\u011b\u017en\u00fd, nikoli transparentn\u00ed \u00fa\u010det, a\u00a0<strong>identita d\u00e1rc\u016f je tak legitimn\u011b nedohledateln\u00e1 pro ve\u0159ejnost<\/strong>, p\u0159esto\u017ee spolek intern\u011b ka\u017ed\u00e9ho d\u00e1rce zn\u00e1. Politick\u00e9 strany maj\u00ed z\u00e1konnou povinnost zve\u0159ej\u0148ovat ka\u017ed\u00e9ho d\u00e1rce nad 50 tis\u00edc korun jm\u00e9nem. Na spolek, kter\u00fd po\u0159\u00e1d\u00e1 masov\u00e9 demonstrace, aktivn\u011b zasahuje do ve\u0159ejn\u00e9 debaty a otev\u0159en\u011b vstupuje do p\u0159edvolebn\u00edch kampan\u00ed, se tato povinnost nevztahuje. Tato asymetrie je v\u011bcn\u00fd legislativn\u00ed probl\u00e9m, nikoli spekulace.<\/p>\n<h3>Logika reaktivn\u00ed organizace.<\/h3>\n<p>Klasick\u00e9 protestn\u00ed hnut\u00ed je reaktivn\u00ed \u2013 mobilizuje se v reakci na konkr\u00e9tn\u00ed podn\u011bt, p\u0159ij\u00edm\u00e1 dary od lid\u00ed, kte\u0159\u00ed sd\u00edlej\u00ed rozho\u0159\u010den\u00ed z konkr\u00e9tn\u00ed ud\u00e1losti, a v klidn\u00e9m obdob\u00ed p\u0159irozen\u011b ochabuje. P\u0159\u00edjmy by m\u011bly korelovat s politick\u00fdm nap\u011bt\u00edm. U Milionu chvilek tato korelace nefunguje.\u00a0<strong>Za sedm let provozu spolek vybral dohromady p\u0159ibli\u017en\u011b 130 milion\u016f korun<\/strong>. P\u0159\u00edjmy spolku se pohybuj\u00ed v rozmez\u00ed p\u0159ibli\u017en\u011b 19 a\u017e 28 milion\u016f korun ro\u010dn\u011b, p\u0159i\u010dem\u017e\u00a0<strong>k \u017e\u00e1dn\u00e9mu v\u00fdrazn\u00e9mu propadu nedo\u0161lo ani v letech Fialovy koalice, tedy vl\u00e1dy, jej\u00ed\u017e vznik spolek aktivn\u011b podporoval, a jej\u00ed\u017e kandid\u00e1t Petr Pavel mezit\u00edm vyhr\u00e1l prezidentsk\u00e9 volby<\/strong>\u00a0(nap\u0159\u00edklad v roce 2022 a 2023, kdy vl\u00e1dla Fialova koalice, to bylo 19,5 a 19,4 milionu korun).<\/p>\n<p><strong>P\u0159\u00edjmy jsou stabiln\u00ed bez ohledu na to, zda vl\u00e1dne Babi\u0161 nebo Fiala, zda inflace roste nebo kles\u00e1 nebo zda je na po\u0159adu z\u00e1sadn\u00ed legislativn\u00ed zlom nebo panuje relativn\u00ed politick\u00fd klid. N\u011bkdo nebo n\u011bjak\u00e1 skupina d\u00e1rc\u016f plat\u00ed provoz kontinu\u00e1ln\u011b a to je struktur\u00e1ln\u00ed charakteristika institucionalizovan\u00e9 organizace, nikoli spont\u00e1nn\u00edho hnut\u00ed.<\/strong><\/p>\n<p>Obraz \u201eStand by\u201c organizace dokazuje i b\u0159eznov\u00e1 demonstrace. Babi\u0161ova vl\u00e1da je u moci necel\u00fdch sto dn\u016f. Za tu dobu nestihla p\u0159ijmout \u017e\u00e1dn\u00fd z\u00e1kon, kter\u00fd by byl nezvratn\u00fd nebo bezprost\u0159edn\u011b ohro\u017euj\u00edc\u00ed a kroky kolem ve\u0159ejnopr\u00e1vn\u00edch m\u00e9di\u00ed nebo zahrani\u010dn\u00edch neziskovek jsou zat\u00edm v rovin\u011b z\u00e1m\u011br\u016f a koali\u010dn\u00edch debat.<\/p>\n<p>Standardn\u00ed reaktivn\u00ed logika tzv reaktivn\u00edho hnut\u00ed, kter\u00e9 se ozve v dob\u011b, kdy je opravdu t\u00e9matem dne n\u011bjak\u00fd z\u00e1va\u017en\u00fd z\u00e1sah do demokracie, by \u010dekalo na konkr\u00e9tn\u00ed spou\u0161t\u011b\u010d. Demonstrace tohoto rozsahu necel\u00fdch sto dn\u00ed po p\u0159evzet\u00ed vl\u00e1dy ale sp\u00ed\u0161e odpov\u00edd\u00e1 jin\u00e9 logice \u2013\u00a0<strong>nastavit narativ o nov\u00e9 vl\u00e1d\u011b d\u0159\u00edve, ne\u017e se stihne zakotvit<\/strong>, a uk\u00e1zat mobiliza\u010dn\u00ed potenci\u00e1l d\u0159\u00edve, ne\u017e se opozice sjednot\u00ed na vlastn\u00ed agend\u011b.<\/p>\n<p>I kontinu\u00e1ln\u011b existuj\u00edc\u00ed profesionalizovan\u00fd apar\u00e1t p\u0159ibli\u017en\u011b t\u0159iceti zam\u011bstnanc\u016f odpov\u00edd\u00e1 sp\u00ed\u0161e modelu organizace udr\u017eovan\u00e9 v pohotovosti ne\u017e modelu spont\u00e1nn\u00edho aktivismu.<\/p>\n<p><a title=\"\" href=\"https:\/\/www.nespokojeny.cz\/wp-content\/uploads\/mm_vynosy_vydaje.jpg\" data-rel=\"lightbox-image-2\" data-magnific_type=\"image\" data-rl_title=\"\" data-rl_caption=\"\"><img decoding=\"async\" loading=\"lazy\" class=\"aligncenter wp-image-65849\" src=\"https:\/\/www.nespokojeny.cz\/wp-content\/uploads\/mm_vynosy_vydaje.jpg\" sizes=\"(max-width: 600px) 100vw, 600px\" srcset=\"https:\/\/www.nespokojeny.cz\/wp-content\/uploads\/mm_vynosy_vydaje.jpg 732w, https:\/\/www.nespokojeny.cz\/wp-content\/uploads\/mm_vynosy_vydaje-300x155.jpg 300w, https:\/\/www.nespokojeny.cz\/wp-content\/uploads\/mm_vynosy_vydaje-450x232.jpg 450w, https:\/\/www.nespokojeny.cz\/wp-content\/uploads\/mm_vynosy_vydaje-150x77.jpg 150w\" alt=\"\" width=\"600\" height=\"309\" \/><\/a><\/p>\n<h3>Co z toho plyne.<\/h3>\n<p>\u017d\u00e1dn\u00e9 z v\u00fd\u0161e uveden\u00fdch pozorov\u00e1n\u00ed samo o sob\u011b nen\u00ed d\u016fkazem skryt\u00e9 koordinace ani zl\u00e9ho \u00famyslu. Stabiln\u00ed financov\u00e1n\u00ed m\u016f\u017ee m\u00edt prozaick\u00e9 vysv\u011btlen\u00ed v podob\u011b velk\u00e9 z\u00e1kladny pravideln\u00fdch d\u00e1rc\u016f. Profesion\u00e1ln\u00ed apar\u00e1t m\u016f\u017ee b\u00fdt prost\u011b v\u00fdsledkem pou\u010den\u00ed z let 2018 a\u017e 2021. Na\u010dasov\u00e1n\u00ed demonstrace m\u016f\u017ee b\u00fdt up\u0159\u00edmn\u011b motivovan\u00e9 obavami, kter\u00e9 spolek artikuluje.<\/p>\n<p><strong>Probl\u00e9m ale nen\u00ed v tom, co spolek d\u011bl\u00e1 n\u00fdbr\u017e v tom, co nelze ov\u011b\u0159it<\/strong>. V demokracii, kde politick\u00e9 strany musej\u00ed zve\u0159ej\u0148ovat d\u00e1rce, kde lobbist\u00e9 musej\u00ed registrovat svou \u010dinnost a kde i m\u00e9dia jsou povinna deklarovat vlastnickou strukturu,\u00a0<strong>stoj\u00ed spolek s ro\u010dn\u00edm rozpo\u010dtem p\u0159es dvacet milion\u016f korun a p\u0159\u00edm\u00fdm vlivem na volby a ve\u0159ejnou debatu mimo jak\u00fdkoli srovnateln\u00fd mechanismus pr\u016fhlednosti<\/strong>.<\/p>\n<p>To nen\u00ed argument pro jeho zak\u00e1z\u00e1n\u00ed ani pro zpochyb\u0148ov\u00e1n\u00ed up\u0159\u00edmnosti jeho \u010dlen\u016f. Je to argument pro to, aby demokratick\u00e1 spole\u010dnost nastavila pravidla, kter\u00e1 plat\u00ed stejn\u011b pro v\u0161echny akt\u00e9ry vstupuj\u00edc\u00ed do politiky bez ohledu na to, zda se jim \u0159\u00edk\u00e1 strana, hnut\u00ed nebo spolek. [<a href=\"https:\/\/www.facebook.com\/pavel.sik.1\/posts\/pfbid02FTGezFb3kBLKmzFpHKzs9TKaBS3V8Ykze75Y4jcoppCMUPcWQjrWzAcPkFBjRVJFl\" target=\"_blank\" rel=\"noopener\">zdroj<\/a>]<\/p>\n<h4><span style=\"font-size: 10pt;\"><a href=\"https:\/\/www.nespokojeny.cz\/tusi-ti-lidickove-na-letne-za-co-vubec-bojuji-tak-si-dame-lekci-o-transparentnosti\/\">NESPOKOJEN\u00dd<\/a><\/span><\/h4>\n<p>&nbsp;<\/p>\n","protected":false},"excerpt":{"rendered":"<p>Demonstrace Milionu chvilek na Letn\u00e9 byl jasn\u00fd vzkaz George Sorose vl\u00e1d\u011b: Jsem st\u00e1le tady! Um\u00edm&#8230;<\/p>\n","protected":false},"author":2,"featured_media":103190,"comment_status":"closed","ping_status":"closed","sticky":false,"template":"","format":"standard","meta":[],"categories":[6],"tags":[1042,45,2808,9882,257],"_links":{"self":[{"href":"https:\/\/www.infokuryr.cz\/n\/wp-json\/wp\/v2\/posts\/103188"}],"collection":[{"href":"https:\/\/www.infokuryr.cz\/n\/wp-json\/wp\/v2\/posts"}],"about":[{"href":"https:\/\/www.infokuryr.cz\/n\/wp-json\/wp\/v2\/types\/post"}],"author":[{"embeddable":true,"href":"https:\/\/www.infokuryr.cz\/n\/wp-json\/wp\/v2\/users\/2"}],"replies":[{"embeddable":true,"href":"https:\/\/www.infokuryr.cz\/n\/wp-json\/wp\/v2\/comments?post=103188"}],"version-history":[{"count":0,"href":"https:\/\/www.infokuryr.cz\/n\/wp-json\/wp\/v2\/posts\/103188\/revisions"}],"wp:featuredmedia":[{"embeddable":true,"href":"https:\/\/www.infokuryr.cz\/n\/wp-json\/wp\/v2\/media\/103190"}],"wp:attachment":[{"href":"https:\/\/www.infokuryr.cz\/n\/wp-json\/wp\/v2\/media?parent=103188"}],"wp:term":[{"taxonomy":"category","embeddable":true,"href":"https:\/\/www.infokuryr.cz\/n\/wp-json\/wp\/v2\/categories?post=103188"},{"taxonomy":"post_tag","embeddable":true,"href":"https:\/\/www.infokuryr.cz\/n\/wp-json\/wp\/v2\/tags?post=103188"}],"curies":[{"name":"wp","href":"https:\/\/api.w.org\/{rel}","templated":true}]}}