{"id":103146,"date":"2026-03-28T04:59:34","date_gmt":"2026-03-28T03:59:34","guid":{"rendered":"https:\/\/www.infokuryr.cz\/n\/?p=103146"},"modified":"2026-03-28T04:59:34","modified_gmt":"2026-03-28T03:59:34","slug":"zharsky-utok-na-rusky-dum-vedy-a-kultury-v-praze-vede-mozna-ke-zradikalizovanym-ucastnikum","status":"publish","type":"post","link":"https:\/\/www.infokuryr.cz\/n\/2026\/03\/28\/zharsky-utok-na-rusky-dum-vedy-a-kultury-v-praze-vede-mozna-ke-zradikalizovanym-ucastnikum\/","title":{"rendered":"\u017dh\u00e1\u0159sk\u00fd \u00fatok na Rusk\u00fd d\u016fm v\u011bdy a kultury v Praze vede mo\u017en\u00e1 ke zradikalizovan\u00fdm \u00fa\u010dastn\u00edk\u016fm&#8230;"},"content":{"rendered":"<div id=\"fb-root\"><\/div>\n<h4>\u017dh\u00e1\u0159sk\u00fd \u00fatok na Rusk\u00fd d\u016fm v\u011bdy a kultury v Praze vede mo\u017en\u00e1 ke zradikalizovan\u00fdm \u00fa\u010dastn\u00edk\u016fm demonstrace Milionu chvilek na Letn\u00e9, je to pr\u00fd jedna z pracovn\u00edch verz\u00ed vy\u0161et\u0159ov\u00e1n\u00ed! Radikalizace na demonstrac\u00edch liber\u00e1l\u016f, kter\u00e1 potom vede ke st\u0159elb\u011b na premi\u00e9ra jako na Slovensku anebo k h\u00e1zen\u00ed z\u00e1paln\u00fdch lahv\u00ed do oken! Rusk\u00e9 ministerstvo zahrani\u010d\u00ed si p\u0159edvolalo \u010desk\u00e9ho velvyslance v Moskv\u011b a p\u0159edalo mu protestn\u00ed n\u00f3tu!<\/h4>\n<p>O minul\u00e9m v\u00edkendu prob\u011bhla na Letn\u00e9 velice nebezpe\u010dn\u00e1 demonstrace Milionu chvilek, kterou \u010desk\u00e9 tajn\u00e9 slu\u017eby ozna\u010dily za vysoce rizikovou s potenci\u00e1lem radikalizace. Tuto informaci jsme obdr\u017eeli od na\u0161eho zdroje z okruhu \u010desk\u00fdch bezpe\u010dnostn\u00edch slu\u017eeb a nen\u00ed divu, \u017ee tyto obavy jen p\u00e1r dn\u00ed po demonstraci nabraly re\u00e1ln\u00e9 a d\u011bsiv\u00e9 obrysy.<\/p>\n<p><strong>A to v podob\u011b \u017eh\u00e1\u0159sk\u00e9ho \u00fatoku na Rusk\u00fd d\u016fm v\u011bdy a kultury v Praze, co\u017e je budova ve vlastnictv\u00ed Rusk\u00e9 federace<\/strong>\u00a0a jde o registrovan\u00fd objekt, jeho\u017e z\u0159izovatelem je rusk\u00e9 ministerstvo kultury spolu s ministerstvem zahrani\u010d\u00ed. Dosud nezn\u00e1m\u00fd \u00fato\u010dn\u00edk \u010di skupina \u00fato\u010dn\u00edk\u016f hodili na budov 6 z\u00e1paln\u00fdch lahv\u00ed. \u0158editel rusk\u00e9ho centra Igor Girenko nato\u010dil n\u00e1sledky \u00fatoku a p\u0159idal k tomu p\u00e1r koment\u00e1\u0159\u016f.<\/p>\n<p>&nbsp;<\/p>\n<div id=\"rumble_v75ik9w\">\n<div id=\"vid_v75ik9w\" class=\"rumble_v75ik9w-Rumble-cls\" tabindex=\"-1\">\n<div><div class='videoWrapper'>\r\n\t            <iframe src='https:\/\/rumble.com\/embed\/pj.v75ik9w\/' frameborder='0' allowfullscreen><\/iframe>\r\n\t        <\/div><\/div>\n<\/div>\n<\/div>\n<p>&nbsp;<\/p>\n<p>Podle \u010desk\u00fdch vy\u0161et\u0159ovatel\u016f, jak uvedl n\u00e1\u0161 zdroj, se pracuje s n\u011bkolika sc\u00e9n\u00e1\u0159i, z nich\u017e jeden vede k tzv. zradikalizovan\u00fdm \u00fa\u010dastn\u00edk\u016fm demonstrace na Letn\u00e9 z minul\u00e9ho v\u00edkendu.\u00a0<em>Modus operandi<\/em>\u00a0takov\u00fdch pachatel\u016f pr\u00fd podle vy\u0161et\u0159ovatel\u016f velmi \u010dasto vede n\u011bkter\u00e9 \u00fa\u010dastn\u00edky demonstrac\u00ed pod n\u00e1valem emoc\u00ed z demonstrac\u00ed k tzv.\u00a0<em>okam\u017eit\u00e9 seberealizaci<\/em>.<\/p>\n<p>A rovn\u011b\u017e k rozhodnut\u00ed p\u0159istoupit k radik\u00e1ln\u00edm krok\u016fm, v\u010detn\u011b n\u00e1sil\u00ed a \u00fatok\u016f na b\u00e1zi terorismu. V kv\u011btnu 2024 radikalizovan\u00fd \u00fa\u010dastn\u00edk demonstrac\u00ed\u00a0<em>Progresivn\u00e9ho Slovenska<\/em>\u00a0a proti-Ficovsk\u00e9 opozice J\u00e1n Cintula vzal pistoli a pokusil se 7 v\u00fdst\u0159ely zast\u0159elit premi\u00e9ra Roberta Fica z bezprost\u0159edn\u00ed bl\u00edzkosti po skon\u010den\u00ed v\u00fdjezdn\u00edho zased\u00e1n\u00ed slovensk\u00e9 vl\u00e1dy v Handlov\u00e9.<\/p>\n<h3>Nebezpe\u010dn\u00e1 radikalizace liber\u00e1ln\u00edch demonstrant\u016f<\/h3>\n<p>Vy\u0161et\u0159ovatel\u00e9 potvrdili, \u017ee radikalizace \u00fato\u010dn\u00edka prob\u011bhla postupn\u011b jeho \u00fa\u010dastmi na opozi\u010dn\u00edch demonstrac\u00edch.\u00a0<strong>Podle na\u0161eho zdroje tedy vy\u0161et\u0159ovatel\u00e9 v Praze pracuj\u00ed mimo jin\u00e9 i s verz\u00ed, \u017ee pachatel \u017eh\u00e1\u0159sk\u00e9ho \u00fatoku mohl b\u00fdt \u00fa\u010dastn\u00edkem v\u00edkendov\u00e9 demonstrace na Letn\u00e9.<\/strong>\u00a0Ta byla svol\u00e1na jako demonstrace proti zvy\u0161uj\u00edc\u00edmu se rusk\u00e9mu vlivu v \u010cR.<\/p>\n<p>A m\u011bla vyj\u00e1d\u0159it odpor proti \u201c<em>rusk\u00e9mu z\u00e1konu<\/em>\u201d na registraci \u010desk\u00fdch neziskovek, kter\u00e9 p\u0159ijmou v\u00edce ne\u017e 20% sv\u00fdch prost\u0159edk\u016f na svoji \u010dinnost ze zahrani\u010d\u00ed. Jedn\u00e1 se o tzv. \u010desk\u00fd z\u00e1kon kop\u00edruj\u00edc\u00ed americk\u00fd z\u00e1kon na registraci zahrani\u010dn\u00edch agent\u016f (FARA), kter\u00fd prosazuje Jind\u0159ich Rajchl. Z\u00e1kon je nezbytn\u00fd proti obch\u00e1zen\u00ed z\u00e1kona o financov\u00e1n\u00ed politick\u00fdch stran a hnut\u00ed v \u010cR, a rovn\u011b\u017e proti obch\u00e1zen\u00ed z\u00e1kona o regulaci lobbov\u00e1n\u00ed.<\/p>\n<figure id=\"attachment_66515\" class=\"wp-caption aligncenter\" style=\"width: 704px;\"><a href=\"https:\/\/aeronet.news\/wp-content\/uploads\/RSVK_2_Praga1.jpg\"><img decoding=\"async\" loading=\"lazy\" class=\"wp-image-66515 \" src=\"https:\/\/aeronet.news\/wp-content\/uploads\/RSVK_2_Praga1-1024x580.jpg\" sizes=\"(max-width: 700px) 100vw, 700px\" srcset=\"https:\/\/aeronet.news\/wp-content\/uploads\/RSVK_2_Praga1-1024x580.jpg 1024w, https:\/\/aeronet.news\/wp-content\/uploads\/RSVK_2_Praga1-300x170.jpg 300w, https:\/\/aeronet.news\/wp-content\/uploads\/RSVK_2_Praga1-768x435.jpg 768w, https:\/\/aeronet.news\/wp-content\/uploads\/RSVK_2_Praga1-700x396.jpg 700w, https:\/\/aeronet.news\/wp-content\/uploads\/RSVK_2_Praga1-631x357.jpg 631w, https:\/\/aeronet.news\/wp-content\/uploads\/RSVK_2_Praga1-853x483.jpg 853w, https:\/\/aeronet.news\/wp-content\/uploads\/RSVK_2_Praga1.jpg 1272w\" alt=\"\" width=\"704\" height=\"398\" \/><\/a><figcaption class=\"wp-caption-text\">\u0160kody na oknech Rusk\u00e9ho domu<\/figcaption><\/figure>\n<p>Politick\u00e9 neziskovky toti\u017e dosud mohou prov\u00e1d\u011bt politickou \u010dinnost a neomezen\u011b kontaktovat politiky, zv\u00e1t je na akce, p\u0159edn\u00e1\u0161ky, platit jim cesty, hotely, diety a dokonce i honor\u00e1\u0159e za p\u0159edn\u00e1\u0161ky a projevy. T\u00edm mohou ovliv\u0148ovat politick\u00e9 procesy a rozhodov\u00e1n\u00ed a ovliv\u0148ovat politick\u00e9 procesy v \u010cR. Snaha vykreslovat z\u00e1kon FARA jako \u201c<em>rusk\u00fd<\/em>\u201d je samoz\u0159ejm\u011b nesmysl.<\/p>\n<p>Proto\u017ee FARA je p\u016fvodn\u011b americk\u00fd z\u00e1kon (<em>Foreign Agent Registration Act<\/em>) a jeho c\u00edlem je transparentn\u011b odli\u0161it ze zahrani\u010d\u00ed placen\u00e9 agenty, novin\u00e1\u0159e, aktivisty a \u010dinovn\u00edky, kte\u0159\u00ed prosazuj\u00ed ciz\u00ed vliv a ciz\u00ed z\u00e1jmy v USA. Rusko p\u0159ed \u010dasem rovn\u011b\u017e okop\u00edrovalo od Ameri\u010dan\u016f tento z\u00e1kon, a je to zcela v po\u0159\u00e1dku. Nicm\u00e9n\u011b narativ z Letn\u00e9, \u017ee jde o rusk\u00fd vliv, mohl opravdu n\u011bkoho zradikalizovat. A ten potom \u0161el a o p\u00e1r dn\u00ed pozd\u011bji ve \u010dtvrtek ve\u010der hodil na budovu Rusk\u00e9ho domu v Praze z\u00e1paln\u00e9 lahve.<\/p>\n<h3>Do oken let\u011blo 6 molotov\u016f, vybuchly jen t\u0159i lahve<\/h3>\n<p>Bylo jich celkem 6 a 3 z nich nevybuchly. Pr\u00e1v\u011b shodou okolnost\u00ed ty, kter\u00e9 prolet\u011bly okenn\u00edmi skly do knihovny Rusk\u00e9ho domu. Kdyby vzplanuly, cel\u00e1 knihovna by lehla popelem a po\u017e\u00e1r by byl obrovsk\u00fd. Tak\u017ee te\u010f u\u017e l\u00e9taj\u00ed z\u00e1paln\u00e9 lahve a co bude d\u00e1l? Kdy se do\u010dk\u00e1me opakov\u00e1n\u00ed sc\u00e9n\u00e1\u0159e z Handlov\u00e9, \u017ee n\u011bjak\u00fd vy\u0161inut\u00fd fanou\u0161ek Milionu chvilek vezme leg\u00e1ln\u011b dr\u017eenou pistoli a p\u016fjde zast\u0159elit Babi\u0161e?<\/p>\n<p><strong>Vnit\u0159n\u00ed nep\u0159\u00edtel v \u010cR se radikalizuje a Babi\u0161ova vl\u00e1da by m\u011bla za\u010d\u00edt tyto hrozby br\u00e1t v\u00e1\u017en\u011b, proto\u017ee 4 roky Fialovy vl\u00e1dy obrovsky zradikalizovaly \u010d\u00e1st \u010desk\u00e9 ve\u0159ejnosti<\/strong>\u00a0nejen obrovskou rusofobi\u00ed, ale i nen\u00e1vist\u00ed proti v\u0161em \u010desk\u00fdm ob\u010dan\u016fm a politik\u016fm, kte\u0159\u00ed nesd\u00edl\u00ed tuto rusofobii. Kdokoliv nepodporuje v\u00e1lku na Ukrajin\u011b, je pro tyto radik\u00e1ly prost\u011b Putin\u016fv agent. Nesm\u00ed se to br\u00e1t na lehkou v\u00e1hu.<\/p>\n<figure id=\"attachment_66513\" class=\"wp-caption aligncenter\" style=\"width: 704px;\"><a href=\"https:\/\/aeronet.news\/wp-content\/uploads\/RSVK_2_Praga3.jpg\"><img decoding=\"async\" loading=\"lazy\" class=\"wp-image-66513 \" src=\"https:\/\/aeronet.news\/wp-content\/uploads\/RSVK_2_Praga3-1024x580.jpg\" sizes=\"(max-width: 700px) 100vw, 700px\" srcset=\"https:\/\/aeronet.news\/wp-content\/uploads\/RSVK_2_Praga3-1024x580.jpg 1024w, https:\/\/aeronet.news\/wp-content\/uploads\/RSVK_2_Praga3-300x170.jpg 300w, https:\/\/aeronet.news\/wp-content\/uploads\/RSVK_2_Praga3-768x435.jpg 768w, https:\/\/aeronet.news\/wp-content\/uploads\/RSVK_2_Praga3-700x396.jpg 700w, https:\/\/aeronet.news\/wp-content\/uploads\/RSVK_2_Praga3-631x357.jpg 631w, https:\/\/aeronet.news\/wp-content\/uploads\/RSVK_2_Praga3-853x483.jpg 853w, https:\/\/aeronet.news\/wp-content\/uploads\/RSVK_2_Praga3.jpg 1272w\" alt=\"\" width=\"704\" height=\"398\" \/><\/a><figcaption class=\"wp-caption-text\">\u0160kody na oknech Rusk\u00e9ho domu<\/figcaption><\/figure>\n<p>V reakci na to v p\u00e1tek 27. b\u0159ezna byl na rusk\u00e9 ministerstvo zahrani\u010dn\u00edch v\u011bc\u00ed p\u0159edvol\u00e1n velvyslanec \u010cesk\u00e9 republiky v Rusk\u00e9 federaci Daniel Ko\u0161toval. \u010cesk\u00e9mu diplomatovi byl p\u0159ed\u00e1n d\u016frazn\u00fd protest v souvislosti s \u00fatokem sp\u00e1chan\u00fdm ve\u010der 26. b\u0159ezna na Rusk\u00fd centrum v\u011bdy a kultury v Praze za pou\u017eit\u00ed lahv\u00ed s ho\u0159lavou sm\u011bs\u00ed\u201c, uv\u00e1d\u00ed se v koment\u00e1\u0159i na webov\u00fdch str\u00e1nk\u00e1ch rusk\u00e9ho ministerstva. Moskva po\u017eadovala od \u010desk\u00e9 strany, aby neprodlen\u011b provedla vy\u0161et\u0159ov\u00e1n\u00ed a potrestala vin\u00edky a zajistila bezpe\u010dnost objekt\u016f rusk\u00fdch zastupitelsk\u00fdch \u00fa\u0159ad\u016f v Praze, dodala diplomatka.<\/p>\n<h3>Rusko p\u0159edalo protestn\u00ed n\u00f3tu \u010desk\u00e9mu velvyslanci v Moskv\u011b<\/h3>\n<p>\u0158editel kulturn\u00edho centra Igor Girenko uvedl, \u017ee \u00fato\u010dn\u00edci m\u00ed\u0159ili na okna knihovny a t\u0159i ze \u0161esti lahv\u00ed s ho\u0159lavou sm\u011bs\u00ed nevybuchly. Domn\u00edv\u00e1 se, \u017ee \u010das sp\u00e1ch\u00e1n\u00ed \u010dinu nebyl zvolen n\u00e1hodn\u011b: na p\u00e1tek byla napl\u00e1nov\u00e1na z\u00e1v\u011bre\u010dn\u00e1 akce Dn\u016f rusk\u00e9 kultury. Z\u00e1stupce \u0159editele\u00a0<em>Rossotrudnichestva<\/em>\u00a0Pavel \u0160evcov up\u0159esnil, \u017ee \u00fato\u010dn\u00edci cht\u011bli vyvolat velk\u00fd po\u017e\u00e1r. Pra\u017esk\u00e1 policie tvrd\u00ed, \u017ee p\u0159\u00edpad vy\u0161et\u0159uje a p\u00e1tr\u00e1 po pachatel\u00edch.<\/p>\n<p>Ministr vnitra \u010cesk\u00e9 republiky ozna\u010dil tento \u00fatok za z\u00e1va\u017en\u00e9 poru\u0161en\u00ed z\u00e1kon\u016f.\u00a0<strong>\u00datok je podle \u010desk\u00fdch vy\u0161et\u0159ovatel\u016f s nejv\u011bt\u0161\u00ed pravd\u011bpodobnost\u00ed nav\u00e1z\u00e1n na radikalizaci z posledn\u00ed doby \u010di posledn\u00edch dn\u00ed a z\u0159ejm\u011b se nevztahuje k rusk\u00e9 invazi na Ukrajin<\/strong>u, proto\u017ee od n\u00ed ji\u017e ub\u011bhly v\u00edce ne\u017e 4 roky. N\u00e1\u0161 zdroj n\u00e1m sd\u011blil, \u017ee vy\u0161et\u0159ovatel\u00e9 vedle dal\u0161\u00edch pracuj\u00ed i s verzemi radik\u00e1la \u010di radik\u00e1l\u016f ve sm\u011brech \u201c<em>Letn\u00e1<\/em>\u201c, \u201c<em>z\u00e1kon FARA<\/em>\u201c, \u201c<em>zest\u00e1tn\u011bn\u00ed ve\u0159ejnopr\u00e1vn\u00edch m\u00e9di\u00ed<\/em>\u201d a \u201c<em>radikalizovan\u00fd Anti-Babi\u0161<\/em>\u201c.<\/p>\n<figure id=\"attachment_66512\" class=\"wp-caption aligncenter\" style=\"width: 705px;\"><a href=\"https:\/\/aeronet.news\/wp-content\/uploads\/RSVK_2_Praga4.jpg\"><img decoding=\"async\" loading=\"lazy\" class=\"wp-image-66512 \" src=\"https:\/\/aeronet.news\/wp-content\/uploads\/RSVK_2_Praga4-1024x580.jpg\" sizes=\"(max-width: 700px) 100vw, 700px\" srcset=\"https:\/\/aeronet.news\/wp-content\/uploads\/RSVK_2_Praga4-1024x580.jpg 1024w, https:\/\/aeronet.news\/wp-content\/uploads\/RSVK_2_Praga4-300x170.jpg 300w, https:\/\/aeronet.news\/wp-content\/uploads\/RSVK_2_Praga4-768x435.jpg 768w, https:\/\/aeronet.news\/wp-content\/uploads\/RSVK_2_Praga4-700x397.jpg 700w, https:\/\/aeronet.news\/wp-content\/uploads\/RSVK_2_Praga4-630x357.jpg 630w, https:\/\/aeronet.news\/wp-content\/uploads\/RSVK_2_Praga4-853x483.jpg 853w, https:\/\/aeronet.news\/wp-content\/uploads\/RSVK_2_Praga4.jpg 1271w\" alt=\"\" width=\"705\" height=\"399\" \/><\/a><figcaption class=\"wp-caption-text\">\u0160kody na oknech Rusk\u00e9ho domu<\/figcaption><\/figure>\n<p>H\u00e1zet z\u00e1paln\u00e9 lahve na Rusk\u00fd d\u016fm jako kulturn\u00ed centrum m\u016f\u017ee m\u00edt podle na\u0161eho zdroje i motivaci \u00fato\u010dn\u00edka z Ukrajiny, co\u017e je i jedna z dal\u0161\u00edch vy\u0161et\u0159ovac\u00edch verz\u00ed. Budova p\u0159edstavuje propagaci rusk\u00e9 kultury, co\u017e p\u0159edstavuje pro mnoho radikalizovan\u00fdch Ukrajinc\u016f doslova rud\u00fd hadr.<\/p>\n<p>Tak\u017ee se prov\u011b\u0159uje pr\u00fd i ukrajinsk\u00e1 stopa, kde pr\u00fd m\u016f\u017ee j\u00edt o \u010dlov\u011bka s frustrac\u00ed, \u017ee Rusko se dost\u00e1v\u00e1 d\u00edky USA a Donaldu Trumpovi z mezin\u00e1rodn\u00ed izolace a pr\u00e1v\u011b ve \u010dtvrtek jednala delegace rusk\u00e9 Dumy ve Washingtonu s kolegy z demokratick\u00e9 a republik\u00e1nsk\u00e9 strany. Na n\u011bkoho z Ukrajinc\u016f to mohlo pr\u00fd zap\u016fsobit jako radikaliza\u010dn\u00ed spou\u0161t\u011b\u010d bezb\u0159eh\u00e9 frustrace, a pr\u00e1v\u011b proto byl \u00fatok veden proti m\u011bkk\u00e9mu c\u00edli, tedy Rusk\u00e9mu domu, kter\u00fd na rozd\u00edl od rusk\u00e9 ambas\u00e1dy nen\u00ed st\u0159e\u017een polici\u00ed.<\/p>\n<h3>Po konci v\u00e1lky na Ukrajin\u011b m\u016f\u017ee v EU hrozit stejn\u00fd terorismus, jak\u00fd p\u00e1chali Werwolfov\u00e9 v \u010desk\u00e9m pohrani\u010d\u00ed po por\u00e1\u017ece N\u011bmecka ve II. sv. v\u00e1lce<\/h3>\n<p>Spolu s t\u00edm, jak se bude bl\u00ed\u017eit konec v\u00e1lky na Ukrajin\u011b, m\u016f\u017ee p\u0159ib\u00fdvat v\u00edce p\u0159\u00edpad\u016f frustrovan\u00fdch Ukrajinc\u016f v \u010cR, kte\u0159\u00ed se budou t\u011b\u017eko srovn\u00e1vat s my\u0161lenkou nejen por\u00e1\u017eky Ukrajiny, ale p\u0159edev\u0161\u00edm s navracen\u00edm Rus\u016f a rusk\u00e9ho vlivu do z\u00e1padn\u00edch zem\u00ed, co\u017e logicky bude u radik\u00e1l\u016f vyvol\u00e1vat emoce. A ta radikalizace prob\u011bhne jak u Ukrajinc\u016f v \u010cR, tak i u n\u011bkter\u00fdch \u010desk\u00fdch liber\u00e1l\u016f s rusofobn\u00ed profilac\u00ed z dob Fialovy vl\u00e1dy.<\/p>\n<p><strong>Paradoxn\u011b tak konec v\u00e1lky nebo bl\u00ed\u017een\u00ed se ke konci v\u00e1lky m\u016f\u017ee v \u010cR a v cel\u00e9 EU p\u0159in\u00e9st v\u00edce teroristick\u00fdch \u00fatok\u016f proti rusk\u00fdm c\u00edl\u016fm ne\u017e za dobu cel\u00e9 v\u00e1lky na Ukrajin\u011b.<\/strong>\u00a0Nezapome\u0148te na to, co se d\u011blo po II. sv. v\u00e1lce, kolik n\u011bmeck\u00fdch terorist\u016f se nesm\u00ed\u0159ilo s Postupimskou deklarac\u00ed a pronikali do \u010desk\u00e9ho pohrani\u010d\u00ed a p\u00e1chali terorismus a vra\u017edy \u010cech\u016f, kte\u0159\u00ed se p\u0159ist\u011bhovali do vypr\u00e1zdn\u011bn\u00e9ho pohrani\u010d\u00ed po odsunut\u00fdch N\u011bmc\u00edch.\u00a0<em>Werwolfov\u00e9<\/em>\u00a0\u0159\u00e1dili v \u010desk\u00e9m pohrani\u010d\u00ed a\u017e do doby, ne\u017e byla postavena \u017delezn\u00e1 opona a zadr\u00e1tovan\u00e9 hranice na po\u010d\u00e1tku 50. let. Teprve a\u017e \u017eelezn\u00e1 opona ukon\u010dila \u0159\u00e1d\u011bn\u00ed Werwolf\u016f v pohrani\u010d\u00ed.<\/p>\n<figure id=\"attachment_66511\" class=\"wp-caption aligncenter\" style=\"width: 704px;\"><a href=\"https:\/\/aeronet.news\/wp-content\/uploads\/RSVK_2_Praga5.jpg\"><img decoding=\"async\" loading=\"lazy\" class=\"wp-image-66511 \" src=\"https:\/\/aeronet.news\/wp-content\/uploads\/RSVK_2_Praga5-1024x580.jpg\" sizes=\"(max-width: 700px) 100vw, 700px\" srcset=\"https:\/\/aeronet.news\/wp-content\/uploads\/RSVK_2_Praga5-1024x580.jpg 1024w, https:\/\/aeronet.news\/wp-content\/uploads\/RSVK_2_Praga5-300x170.jpg 300w, https:\/\/aeronet.news\/wp-content\/uploads\/RSVK_2_Praga5-768x435.jpg 768w, https:\/\/aeronet.news\/wp-content\/uploads\/RSVK_2_Praga5-700x397.jpg 700w, https:\/\/aeronet.news\/wp-content\/uploads\/RSVK_2_Praga5-630x357.jpg 630w, https:\/\/aeronet.news\/wp-content\/uploads\/RSVK_2_Praga5-853x483.jpg 853w, https:\/\/aeronet.news\/wp-content\/uploads\/RSVK_2_Praga5.jpg 1271w\" alt=\"\" width=\"704\" height=\"398\" \/><\/a><figcaption class=\"wp-caption-text\">Knihovna na\u0161t\u011bst\u00ed po\u0161kozena nebyla<\/figcaption><\/figure>\n<p>Nen\u00ed vylou\u010deno, \u017ee tot\u00e9\u017e se odehraje na Ukrajin\u011b po ukon\u010den\u00ed v\u00e1lky a zradikalizovan\u00ed Ukrajinci budou p\u00e1chat terorismus v Rusku, ale i proti rusk\u00fdm c\u00edl\u016fm a objekt\u016fm v EU. To je t\u0159eba re\u00e1ln\u011b o\u010dek\u00e1vat. A nen\u00ed vylou\u010deno, \u017ee tento \u00fatok na Rusk\u00fd d\u016fm m\u016f\u017ee b\u00fdt p\u0159edvojem takov\u00e9ho jedn\u00e1n\u00ed zradikalizovan\u00fdch Ukrajinc\u016f, kte\u0159\u00ed se nesm\u00ed\u0159\u00ed s t\u00edm, \u017ee Rusko nebylo pora\u017eeno.<\/p>\n<p>To je toti\u017e v\u011bc, kterou Werwolfov\u00e9 m\u011bli spole\u010dn\u00e9ho s Banderovci. Jim nevadila ani tak por\u00e1\u017eka III. \u0158\u00ed\u0161e, ale vadilo jim v\u00edt\u011bzstv\u00ed Sov\u011btsk\u00e9ho svazu a Stalina. Dnes se to re\u00e1ln\u011b m\u016f\u017ee zopakovat, \u017ee Ukrajinc\u016fm a radikalizovan\u00fdm liber\u00e1ln\u00edm\u00a0<em>CzechWolf\u016fm<\/em>\u00a0nebude ani tak vadit, \u017ee Ukrajina nevyhr\u00e1la v\u00e1lku, ale \u017ee se nepoda\u0159ilo porazit Rusko a hlavn\u011b Putina. Na toto dop\u0159edu upozor\u0148uji, \u017ee toto se opravdu historicky m\u016f\u017ee zopakovat v paralele s koncem II. sv. v\u00e1lky a s n\u00e1sledky tohoto konce.<\/p>\n<p><a href=\"https:\/\/aeronet.news\/zharsky-utok-na-rusky-dum-vedy-a-kultury-v-praze-vede-mozna-ke-zradikalizovanym-ucastnikum-demonstrace-milionu-chvilek-na-letne-je-to-pry-jedna-z-pracovnich-verzi-vysetrovani\/\">-VK-<\/a><\/p>\n<p>&nbsp;<\/p>\n","protected":false},"excerpt":{"rendered":"<p>\u017dh\u00e1\u0159sk\u00fd \u00fatok na Rusk\u00fd d\u016fm v\u011bdy a kultury v Praze vede mo\u017en\u00e1 ke zradikalizovan\u00fdm \u00fa\u010dastn\u00edk\u016fm&#8230;<\/p>\n","protected":false},"author":2,"featured_media":103147,"comment_status":"closed","ping_status":"closed","sticky":false,"template":"","format":"standard","meta":[],"categories":[6],"tags":[1042,257,10796,3128],"_links":{"self":[{"href":"https:\/\/www.infokuryr.cz\/n\/wp-json\/wp\/v2\/posts\/103146"}],"collection":[{"href":"https:\/\/www.infokuryr.cz\/n\/wp-json\/wp\/v2\/posts"}],"about":[{"href":"https:\/\/www.infokuryr.cz\/n\/wp-json\/wp\/v2\/types\/post"}],"author":[{"embeddable":true,"href":"https:\/\/www.infokuryr.cz\/n\/wp-json\/wp\/v2\/users\/2"}],"replies":[{"embeddable":true,"href":"https:\/\/www.infokuryr.cz\/n\/wp-json\/wp\/v2\/comments?post=103146"}],"version-history":[{"count":0,"href":"https:\/\/www.infokuryr.cz\/n\/wp-json\/wp\/v2\/posts\/103146\/revisions"}],"wp:featuredmedia":[{"embeddable":true,"href":"https:\/\/www.infokuryr.cz\/n\/wp-json\/wp\/v2\/media\/103147"}],"wp:attachment":[{"href":"https:\/\/www.infokuryr.cz\/n\/wp-json\/wp\/v2\/media?parent=103146"}],"wp:term":[{"taxonomy":"category","embeddable":true,"href":"https:\/\/www.infokuryr.cz\/n\/wp-json\/wp\/v2\/categories?post=103146"},{"taxonomy":"post_tag","embeddable":true,"href":"https:\/\/www.infokuryr.cz\/n\/wp-json\/wp\/v2\/tags?post=103146"}],"curies":[{"name":"wp","href":"https:\/\/api.w.org\/{rel}","templated":true}]}}