{"id":103144,"date":"2026-03-28T04:56:33","date_gmt":"2026-03-28T03:56:33","guid":{"rendered":"https:\/\/www.infokuryr.cz\/n\/?p=103144"},"modified":"2026-03-28T04:56:33","modified_gmt":"2026-03-28T03:56:33","slug":"iran-slibuje-odvetu-po-izraelskem-utoku-na-tezkovodni-reaktor-zavod-yellowcake-a-ocelarske-tovarny","status":"publish","type":"post","link":"https:\/\/www.infokuryr.cz\/n\/2026\/03\/28\/iran-slibuje-odvetu-po-izraelskem-utoku-na-tezkovodni-reaktor-zavod-yellowcake-a-ocelarske-tovarny\/","title":{"rendered":"\u00cdr\u00e1n slibuje odvetu po izraelsk\u00e9m \u00fatoku na t\u011b\u017ekovodn\u00ed reaktor, z\u00e1vod Yellowcake a ocel\u00e1\u0159sk\u00e9 tov\u00e1rny"},"content":{"rendered":"<div id=\"fb-root\"><\/div>\n<p><strong><span dir=\"auto\">Izrael 27. b\u0159ezna eskaloval \u00fadery proti \u00cdr\u00e1nu, zas\u00e1hl t\u011b\u017ekovodn\u00ed reaktor, z\u00e1vod na v\u00fdrobu jadern\u00e9ho kol\u00e1\u010de a ocel\u00e1rny, p\u0159i\u010dem\u017e Isl\u00e1msk\u00e1 republika sl\u00edbila odvetu.<\/span><\/strong><\/p>\n<p><span dir=\"auto\">\u00datok na t\u011b\u017ekovodn\u00ed reaktor v Araku, kter\u00fd se nach\u00e1z\u00ed v z\u00e1padn\u00edm \u00cdr\u00e1nu, ofici\u00e1ln\u011b ozn\u00e1mily Izraelsk\u00e9 obrann\u00e9 s\u00edly (IDF), kter\u00e9 uvedly, \u017ee zas\u00e1hl \u201ekl\u00ed\u010dovou infrastrukturu pro v\u00fdrobu plutonia pro jadern\u00e9 zbran\u011b\u201c pot\u00e9, co \u00cdr\u00e1n pracoval na obnov\u011b lokality.<\/span><\/p>\n<p><span dir=\"auto\">Izraelsk\u00e9 \u00fadery zas\u00e1hly b\u011bhem v\u00e1lky v \u010dervnu 2025 \u010d\u00e1ste\u010dn\u011b rozestav\u011bn\u00fd komplex, ofici\u00e1ln\u011b zn\u00e1m\u00fd jako v\u00fdzkumn\u00fd reaktor pro t\u011b\u017ekou vodu Khondab, ve st\u0159edn\u00edm \u00cdr\u00e1nu.<\/span><\/p>\n<p><span dir=\"auto\">T\u011b\u017ekovodn\u00ed reaktory mohou snadno produkovat plutonium, kter\u00e9 lze stejn\u011b jako obohacen\u00fd uran pou\u017e\u00edt k v\u00fdrob\u011b jadern\u00fdch zbran\u00ed. Po jadern\u00e9 dohod\u011b z roku 2015 v\u0161ak byl Arak p\u0159epracov\u00e1n, aby se sn\u00ed\u017eilo riziko jadern\u00e9ho zbrojen\u00ed, a jeho aktivn\u00ed z\u00f3na byla odstran\u011bna a vypln\u011bna betonem.<\/span><\/p>\n<p><span dir=\"auto\">Izraelsk\u00e9 obrann\u00e9 s\u00edly (IDF) ve sv\u00e9m prohl\u00e1\u0161en\u00ed uvedly, \u017ee i v sou\u010dasn\u00e9m stavu \u201elze t\u011b\u017ekou vodu pou\u017e\u00edt jako zdroj neutron\u016f pro jadern\u00e9 zbran\u011b\u201c a \u017ee \u201enavzdory v\u00fdslovn\u00fdm mezin\u00e1rodn\u00edm z\u00e1vazk\u016fm, mezi nimi\u017e je p\u0159edev\u0161\u00edm jadern\u00e1 dohoda, se \u00edr\u00e1nsk\u00fd teroristick\u00fd re\u017eim systematicky vyh\u00fdb\u00e1 p\u0159estavb\u011b reaktoru tak, aby neumo\u017e\u0148oval v\u00fdrobu plutonia pro jadern\u00e9 \u00fa\u010dely, a dokonce \u00famysln\u011b na\u0159\u00eddil, aby tato p\u0159estavba nebyla dokon\u010dena\u201c.<\/span><\/p>\n<p><span dir=\"auto\">Dodala, \u017ee reaktor byl tak\u00e9 \u201ev\u00fdznamn\u00fdm ekonomick\u00fdm p\u0159\u00ednosem pro teroristick\u00fd re\u017eim a slou\u017eil jako zdroj p\u0159\u00edjm\u016f pro \u00cdr\u00e1nskou organizaci pro atomovou energii, kter\u00e1 re\u017eimu ka\u017edoro\u010dn\u011b generovala des\u00edtky milion\u016f dolar\u016f\u201c.<\/span><\/p>\n<p><iframe loading=\"lazy\" src=\"https:\/\/s1.cdnstatic.space\/wp-content\/uploads\/2026\/03\/arak1.mp4\" width=\"600\" height=\"338\" data-mce-fragment=\"1\"><\/iframe><\/p>\n<p><iframe loading=\"lazy\" src=\"https:\/\/s1.cdnstatic.space\/wp-content\/uploads\/2026\/03\/arak2.mp4\" width=\"600\" height=\"338\" data-mce-fragment=\"1\"><\/iframe><\/p>\n<p><span dir=\"auto\">Izraelsk\u00e9 obrann\u00e9 s\u00edly (IDF) vydaly p\u0159ed zah\u00e1jen\u00edm \u00fader\u016f na t\u011b\u017ekovodn\u00ed reaktor varov\u00e1n\u00ed a vyzvaly obyvatele v okoln\u00edch oblastech k evakuaci.<\/span><\/p>\n<p><span dir=\"auto\">Tiskov\u00e1 agentura Fars uvedla, \u017ee \u00fatoky \u201enevedly k \u017e\u00e1dn\u00fdm lidsk\u00fdm ob\u011btem\u201c a \u017ee \u201evzhledem k p\u0159edchoz\u00edm bezpe\u010dnostn\u00edm opat\u0159en\u00edm nehroz\u00ed m\u00edstn\u00edm obyvatel\u016fm \u017e\u00e1dn\u00e9 nebezpe\u010d\u00ed\u201c.<\/span><\/p>\n<p><span dir=\"auto\">Izraelsk\u00e9 obrann\u00e9 s\u00edly (IDF) samostatn\u011b ozn\u00e1mily \u00fatok na tov\u00e1rnu na v\u00fdrobu jadern\u00e9ho kol\u00e1\u010de pobl\u00ed\u017e m\u011bsta Jazd ve st\u0159edn\u00edm \u00edr\u00e1nsk\u00e9m regionu a tvrdily, \u017ee k n\u011bmu do\u0161lo v r\u00e1mci prob\u00edhaj\u00edc\u00edho \u00fasil\u00ed proti \u00edr\u00e1nsk\u00e9mu jadern\u00e9mu programu.<\/span><\/p>\n<p><iframe loading=\"lazy\" src=\"https:\/\/s1.cdnstatic.space\/wp-content\/uploads\/2026\/03\/ard.mp4\" width=\"600\" height=\"338\" data-mce-fragment=\"1\"><\/iframe><\/p>\n<p><span dir=\"auto\">\u017dlut\u00fd kol\u00e1\u010d je koncentrovan\u00fd uranov\u00fd pr\u00e1\u0161ek vyr\u00e1b\u011bn\u00fd p\u0159i mlet\u00ed uranov\u00e9 rudy. Slou\u017e\u00ed jako kritick\u00e1 meziproduktov\u00e1 surovina, kter\u00e1 se d\u00e1le zpracov\u00e1v\u00e1 a obohacuje za \u00fa\u010delem v\u00fdroby paliva pro jadern\u00e9 reaktory nebo materi\u00e1lu pro jadern\u00e9 zbran\u011b.<\/span><\/p>\n<p><em><span dir=\"auto\">\u201eToto za\u0159\u00edzen\u00ed je jedin\u00e9 sv\u00e9ho druhu v \u00cdr\u00e1nu, kde suroviny vyt\u011b\u017een\u00e9 ze zem\u011b proch\u00e1zej\u00ed mechanick\u00fdm a chemick\u00fdm zpracov\u00e1n\u00edm, aby mohly b\u00fdt pozd\u011bji pou\u017eity jako prekurzory pro obohacov\u00e1n\u00ed uranu,\u201c uvedla arm\u00e1da ve sv\u00e9m prohl\u00e1\u0161en\u00ed a dodala, \u017ee se jedn\u00e1 o \u201evelmi d\u016fle\u017eit\u00fd proces pro program jadern\u00fdch zbran\u00ed, kter\u00fd re\u017eim rozv\u00edj\u00ed\u201c.<\/span><\/em><\/p>\n<p><span dir=\"auto\">S odvol\u00e1n\u00edm na prohl\u00e1\u0161en\u00ed \u00cdr\u00e1nsk\u00e9 organizace pro atomovou energii agentura Fars potvrdila, \u017ee z\u00e1vod na v\u00fdrobu \u017elut\u00e9ho kol\u00e1\u010de Ardakan v Yazdu byl zasa\u017een \u201eamericko-sionistick\u00fdm nep\u0159\u00e1telsk\u00fdm \u00fatokem\u201c.<\/span><\/p>\n<p><em><span dir=\"auto\">\u201ePo\u010d\u00e1te\u010dn\u00ed hodnocen\u00ed nazna\u010duj\u00ed, \u017ee tato ud\u00e1lost nevedla k \u00faniku radioaktivn\u00edch materi\u00e1l\u016f mimo za\u0159\u00edzen\u00ed, a proto neexistuj\u00ed \u017e\u00e1dn\u00e9 obavy pro ob\u010dany ani okoln\u00ed oblasti,\u201c uv\u00e1d\u00ed se v prohl\u00e1\u0161en\u00ed.<\/span><\/em><\/p>\n<p><span dir=\"auto\">Krom\u011b t\u011bchto kl\u00ed\u010dov\u00fdch za\u0159\u00edzen\u00ed izraelsk\u00e1 arm\u00e1da bombardovala dv\u011b nejv\u011bt\u0161\u00ed \u00edr\u00e1nsk\u00e9 ocel\u00e1rny. Agentura Fars informovala, \u017ee \u00fadery zas\u00e1hly ocel\u00e1rnu Khuzestan Steel pobl\u00ed\u017e jihoz\u00e1padn\u00edho m\u011bsta Ahv\u00e1z a ocel\u00e1rnu Mobarakeh Steel v centr\u00e1ln\u00edm m\u011bst\u011b Isfah\u00e1n. Tov\u00e1rny jsou \u00fadajn\u011b napojeny na Isl\u00e1msk\u00e9 revolu\u010dn\u00ed gardy.<\/span><\/p>\n<p><span dir=\"auto\">\u00datoky na\u0159\u00eddili premi\u00e9r Benjamin Netanjahu a ministr obrany Israel Katz. Katz d\u0159\u00edve uvedl, \u017ee Izrael sv\u00e9 \u00fatoky proti \u00cdr\u00e1nu zintenzivn\u00ed.<\/span><\/p>\n<p><iframe loading=\"lazy\" src=\"https:\/\/s1.cdnstatic.space\/wp-content\/uploads\/2026\/03\/steel1.mp4\" width=\"600\" height=\"338\" data-mce-fragment=\"1\"><\/iframe><\/p>\n<p><iframe loading=\"lazy\" src=\"https:\/\/s1.cdnstatic.space\/wp-content\/uploads\/2026\/03\/steel2.mp4\" width=\"600\" height=\"338\" data-mce-fragment=\"1\"><\/iframe><\/p>\n<p><span dir=\"auto\">\u00cdr\u00e1nsk\u00fd ministr zahrani\u010d\u00ed Abb\u00e1s Arag\u010d\u010d\u00ed v koment\u00e1\u0159i k ned\u00e1vn\u00e9mu izraelsk\u00e9mu \u00fatoku sl\u00edbil, \u017ee \u00cdr\u00e1nsk\u00e1 isl\u00e1msk\u00e1 republika podnikne odvetn\u00e9 kroky.<\/span><\/p>\n<p><em><span dir=\"auto\">\u201eIzrael zas\u00e1hl mimo jin\u00e9 dv\u011b nejv\u011bt\u0161\u00ed \u00edr\u00e1nsk\u00e9 ocel\u00e1rny, elektr\u00e1rnu a civiln\u00ed jadern\u00e1 za\u0159\u00edzen\u00ed. Izrael tvrd\u00ed, \u017ee jednal v koordinaci s USA,\u201c napsal na X.<\/span><\/em><\/p>\n<p><span dir=\"auto\">Araghchi poznamenal, \u017ee \u00fatok je v rozporu s ned\u00e1vn\u00fdm rozhodnut\u00edm prezidenta Donalda Trumpa prodlou\u017eit lh\u016ftu pro \u00fadery na \u00edr\u00e1nsk\u00e1 energetick\u00e1 za\u0159\u00edzen\u00ed do 6. dubna, aby dal diplomacii \u0161anci.<\/span><\/p>\n<p><em><span dir=\"auto\">\u201e\u00cdr\u00e1n si vy\u017e\u00e1d\u00e1 VYSOKOU cenu za izraelsk\u00e9 zlo\u010diny,\u201c sl\u00edbil ministr.<\/span><\/em><\/p>\n<p><span dir=\"auto\">Izraelsk\u00e9 \u00fadery m\u011bly zjevn\u011b naru\u0161it otravn\u00e9 diplomatick\u00e9 \u00fasil\u00ed. P\u0159esto je velmi nepravd\u011bpodobn\u00e9, \u017ee by IDF provedla \u00fadery bez v\u011bdom\u00ed USA.<\/span><\/p>\n<p><span dir=\"auto\">V ka\u017ed\u00e9m p\u0159\u00edpad\u011b \u00fadery ukazuj\u00ed, \u017ee v\u00e1lka proti \u00cdr\u00e1nu, kter\u00e1 za\u010dala t\u00e9m\u011b\u0159 p\u0159ed m\u011bs\u00edcem, v dohledn\u00e9 dob\u011b neskon\u010d\u00ed. V\u00e1lka se pravd\u011bpodobn\u011b prot\u00e1hne je\u0161t\u011b n\u011bkolik t\u00fddn\u016f, ne-li m\u011bs\u00edc\u016f.<\/span><\/p>\n<p><img decoding=\"async\" loading=\"lazy\" class=\"alignnone size-full wp-image-1185\" src=\"http:\/\/www.infokuryr.cz\/n\/wp-content\/uploads\/2021\/04\/kuryr-podpis.png\" alt=\"\" width=\"84\" height=\"24\" \/><\/p>\n<p>&nbsp;<\/p>\n","protected":false},"excerpt":{"rendered":"<p>Izrael 27. b\u0159ezna eskaloval \u00fadery proti \u00cdr\u00e1nu, zas\u00e1hl t\u011b\u017ekovodn\u00ed reaktor, z\u00e1vod na v\u00fdrobu jadern\u00e9ho kol\u00e1\u010de&#8230;<\/p>\n","protected":false},"author":2,"featured_media":103145,"comment_status":"closed","ping_status":"closed","sticky":false,"template":"","format":"standard","meta":[],"categories":[7],"tags":[38,107,2070,5135],"_links":{"self":[{"href":"https:\/\/www.infokuryr.cz\/n\/wp-json\/wp\/v2\/posts\/103144"}],"collection":[{"href":"https:\/\/www.infokuryr.cz\/n\/wp-json\/wp\/v2\/posts"}],"about":[{"href":"https:\/\/www.infokuryr.cz\/n\/wp-json\/wp\/v2\/types\/post"}],"author":[{"embeddable":true,"href":"https:\/\/www.infokuryr.cz\/n\/wp-json\/wp\/v2\/users\/2"}],"replies":[{"embeddable":true,"href":"https:\/\/www.infokuryr.cz\/n\/wp-json\/wp\/v2\/comments?post=103144"}],"version-history":[{"count":0,"href":"https:\/\/www.infokuryr.cz\/n\/wp-json\/wp\/v2\/posts\/103144\/revisions"}],"wp:featuredmedia":[{"embeddable":true,"href":"https:\/\/www.infokuryr.cz\/n\/wp-json\/wp\/v2\/media\/103145"}],"wp:attachment":[{"href":"https:\/\/www.infokuryr.cz\/n\/wp-json\/wp\/v2\/media?parent=103144"}],"wp:term":[{"taxonomy":"category","embeddable":true,"href":"https:\/\/www.infokuryr.cz\/n\/wp-json\/wp\/v2\/categories?post=103144"},{"taxonomy":"post_tag","embeddable":true,"href":"https:\/\/www.infokuryr.cz\/n\/wp-json\/wp\/v2\/tags?post=103144"}],"curies":[{"name":"wp","href":"https:\/\/api.w.org\/{rel}","templated":true}]}}