{"id":103140,"date":"2026-03-28T04:51:38","date_gmt":"2026-03-28T03:51:38","guid":{"rendered":"https:\/\/www.infokuryr.cz\/n\/?p=103140"},"modified":"2026-03-28T04:51:38","modified_gmt":"2026-03-28T03:51:38","slug":"rubio-obvinuje-zelenskeho-ze-lzi","status":"publish","type":"post","link":"https:\/\/www.infokuryr.cz\/n\/2026\/03\/28\/rubio-obvinuje-zelenskeho-ze-lzi\/","title":{"rendered":"Rubio obvi\u0148uje Zelensk\u00e9ho ze l\u017e\u00ed"},"content":{"rendered":"<div id=\"fb-root\"><\/div>\n<h3>Americk\u00fd nejvy\u0161\u0161\u00ed diplomat odm\u00edtl tvrzen\u00ed Vladimira Zelensk\u00e9ho, \u017ee Washington tla\u010dil na Kyjev, aby postoupil Donbas<\/h3>\n<p><span dir=\"auto\">Ukrajinsk\u00fd v\u016fdce Vladimir Zelenskyj lhal o tom, \u017ee Washington tla\u010d\u00ed na Kyjev k \u00fastupu z Donbasu, uvedl americk\u00fd ministr zahrani\u010d\u00ed Marko Rubio.<\/span><\/p>\n<p><span dir=\"auto\">V rozhovoru pro agenturu Reuters, kter\u00fd byl odvys\u00edl\u00e1n za\u010d\u00e1tkem tohoto t\u00fddne, Zelenskyj obvinil USA, \u017ee podmi\u0148uj\u00ed svou nab\u00eddku bezpe\u010dnostn\u00edch z\u00e1ruk Ukrajin\u011b t\u00edm, \u017ee Kyjev postoup\u00ed Rusku ve\u0161ker\u00e9 sporn\u00e9 \u00fazem\u00ed Donbasu.<\/span><\/p>\n<p><span dir=\"auto\">Ukrajinsk\u00fd v\u016fdce litoval toho, co popsal jako USA, kter\u00e9 se dr\u017e\u00ed\u00a0<\/span><em><span dir=\"auto\">\u201estrategie vyv\u00edjen\u00ed v\u011bt\u0161\u00edho tlaku na ukrajinskou stranu\u201c,<\/span><\/em><span dir=\"auto\">\u00a0a prohl\u00e1sil, \u017ee\u00a0<\/span><em><span dir=\"auto\">\u201eAmeri\u010dan\u00e9 jsou p\u0159ipraveni finalizovat tyto z\u00e1ruky na vysok\u00e9 \u00farovni, jakmile bude Ukrajina p\u0159ipravena se st\u00e1hnout z Donbasu\u201c.<\/span><\/em><\/p>\n<p><span dir=\"auto\">V p\u00e1tek v Pa\u0159\u00ed\u017ei, kdy Rubio hovo\u0159il s novin\u00e1\u0159i na sch\u016fzce G7, to jednozna\u010dn\u011b pop\u0159el a Zelensk\u00e9ho tvrzen\u00ed bez obalu ozna\u010dil za\u00a0<\/span><em><span dir=\"auto\">\u201ele\u017e\u201c.<\/span><\/em><\/p>\n<p><em><span dir=\"auto\">\u201eTo je le\u017e. Vid\u011bl jsem ho to \u0159\u00edct a je \u0161koda, \u017ee to \u0159ekl, proto\u017ee v\u00ed, \u017ee to nen\u00ed pravda,\u201c<\/span><\/em><span dir=\"auto\">\u00a0prohl\u00e1sil Rubio, kdy\u017e se ho ptali na jeho n\u00e1zor na Zelensk\u00e9ho rozhovor.<\/span><\/p>\n<p><em><span dir=\"auto\">\u201eBylo mu \u0159e\u010deno jedno: bezpe\u010dnostn\u00ed z\u00e1ruky neza\u010dnou platit, dokud v\u00e1lka neskon\u010d\u00ed, proto\u017ee jinak se do v\u00e1lky zapoj\u00edte,\u201c<\/span><\/em><span dir=\"auto\">\u00a0dodal.<\/span><\/p>\n<p><iframe loading=\"lazy\" title=\"\u2018It\u2019s Just Not True\u2019: Rubio Rejects Zelensky Claim on Security Guarantees | APT\" width=\"640\" height=\"360\" src=\"https:\/\/www.youtube.com\/embed\/HtPbzUQikwI?start=1&#038;feature=oembed\" frameborder=\"0\" allow=\"accelerometer; autoplay; clipboard-write; encrypted-media; gyroscope; picture-in-picture; web-share\" referrerpolicy=\"strict-origin-when-cross-origin\" allowfullscreen><\/iframe><\/p>\n<p><span dir=\"auto\">Ameri\u010dt\u00ed vyjednava\u010di pouze sd\u011blili Kyjevu postoj Moskvy, zd\u016fraznil Rubio a dodal, \u017ee je na ukrajinsk\u00e9m veden\u00ed, aby takov\u00e1 rozhodnut\u00ed u\u010dinilo. Washington se podle n\u011bj sna\u017e\u00ed hr\u00e1t pouze roli prost\u0159edn\u00edka a\u00a0<\/span><em><span dir=\"auto\">\u201esna\u017e\u00ed se zjistit, co ob\u011b strany cht\u011bj\u00ed, a zjistit, zda dok\u00e1\u017eeme p\u0159eklenout kompromis,\u201c<\/span><\/em><span dir=\"auto\">\u00a0zd\u016fraznil.<\/span><\/p>\n<p><span dir=\"auto\">Nejvy\u0161\u0161\u00ed diplomat tak\u00e9 varoval, \u017ee Washington je otev\u0159en\u00fd p\u0159esm\u011brov\u00e1n\u00ed \u010d\u00e1sti vojensk\u00e9 pomoci z Ukrajiny jinam uprost\u0159ed prob\u00edhaj\u00edc\u00ed americko-izraelsk\u00e9 v\u00e1lky proti \u00cdr\u00e1nu, pokud by to bylo nutn\u00e9. Poznamenal, \u017ee dosud nebylo u\u010din\u011bno \u017e\u00e1dn\u00e9 takov\u00e9 rozhodnut\u00ed.<\/span><\/p>\n<p><em><span dir=\"auto\">\u201eMohlo by se to st\u00e1t a mohlo se to st\u00e1t v\u017edycky. Pokud n\u011bco pot\u0159ebujeme pro Ameriku a je to americk\u00e9, nejd\u0159\u00edve to pro Ameriku nech\u00e1me. Ale zat\u00edm se tak nestalo,\u201c<\/span><\/em><span dir=\"auto\">\u00a0\u0159ekl Rubio.<\/span><\/p>\n<p><span dir=\"auto\">USA, Rusko a Ukrajina letos vedly t\u0159i kola t\u0159\u00edstrann\u00fdch rozhovor\u016f, ani\u017e by dos\u00e1hly pr\u016flomu. \u010ctvrt\u00e9 kolo pl\u00e1novan\u00e9 na tento m\u011bs\u00edc bylo kv\u016fli v\u00e1lce s \u00cdr\u00e1nem odlo\u017eeno. V\u00edce zpr\u00e1v nazna\u010dovalo, \u017ee \u00fazemn\u00ed n\u00e1roky z\u016fst\u00e1vaj\u00ed kl\u00ed\u010dov\u00fdm probl\u00e9mem br\u00e1n\u00edc\u00edm v pokroku v jedn\u00e1n\u00edch.<\/span><\/p>\n<p><span dir=\"auto\">Kyjev opakovan\u011b odm\u00edtl jak\u00e9koli \u00fastupky Moskv\u011b, zat\u00edmco ta trv\u00e1 na tom, \u017ee jak\u00e9koli potenci\u00e1ln\u00ed urovn\u00e1n\u00ed mus\u00ed zahrnovat uzn\u00e1n\u00ed d\u0159\u00edve ukrajinsk\u00fdch region\u016f, kter\u00e9 hlasovaly pro p\u0159ipojen\u00ed k Rusku.<\/span><\/p>\n<p><img decoding=\"async\" loading=\"lazy\" class=\"alignnone size-full wp-image-1185\" src=\"http:\/\/www.infokuryr.cz\/n\/wp-content\/uploads\/2021\/04\/kuryr-podpis.png\" alt=\"\" width=\"84\" height=\"24\" \/><\/p>\n<p>&nbsp;<\/p>\n","protected":false},"excerpt":{"rendered":"<p>Americk\u00fd nejvy\u0161\u0161\u00ed diplomat odm\u00edtl tvrzen\u00ed Vladimira Zelensk\u00e9ho, \u017ee Washington tla\u010dil na Kyjev, aby postoupil Donbas&#8230;<\/p>\n","protected":false},"author":2,"featured_media":103141,"comment_status":"closed","ping_status":"closed","sticky":false,"template":"","format":"standard","meta":[],"categories":[7],"tags":[851,1226,8473,1000],"_links":{"self":[{"href":"https:\/\/www.infokuryr.cz\/n\/wp-json\/wp\/v2\/posts\/103140"}],"collection":[{"href":"https:\/\/www.infokuryr.cz\/n\/wp-json\/wp\/v2\/posts"}],"about":[{"href":"https:\/\/www.infokuryr.cz\/n\/wp-json\/wp\/v2\/types\/post"}],"author":[{"embeddable":true,"href":"https:\/\/www.infokuryr.cz\/n\/wp-json\/wp\/v2\/users\/2"}],"replies":[{"embeddable":true,"href":"https:\/\/www.infokuryr.cz\/n\/wp-json\/wp\/v2\/comments?post=103140"}],"version-history":[{"count":0,"href":"https:\/\/www.infokuryr.cz\/n\/wp-json\/wp\/v2\/posts\/103140\/revisions"}],"wp:featuredmedia":[{"embeddable":true,"href":"https:\/\/www.infokuryr.cz\/n\/wp-json\/wp\/v2\/media\/103141"}],"wp:attachment":[{"href":"https:\/\/www.infokuryr.cz\/n\/wp-json\/wp\/v2\/media?parent=103140"}],"wp:term":[{"taxonomy":"category","embeddable":true,"href":"https:\/\/www.infokuryr.cz\/n\/wp-json\/wp\/v2\/categories?post=103140"},{"taxonomy":"post_tag","embeddable":true,"href":"https:\/\/www.infokuryr.cz\/n\/wp-json\/wp\/v2\/tags?post=103140"}],"curies":[{"name":"wp","href":"https:\/\/api.w.org\/{rel}","templated":true}]}}