{"id":103122,"date":"2026-03-28T00:34:05","date_gmt":"2026-03-27T23:34:05","guid":{"rendered":"https:\/\/www.infokuryr.cz\/n\/?p=103122"},"modified":"2026-03-28T03:56:18","modified_gmt":"2026-03-28T02:56:18","slug":"konec-vydirani-ze-strany-kyjeva-orban-zavrel-ukrajine-plynovy-kohoutek","status":"publish","type":"post","link":"https:\/\/www.infokuryr.cz\/n\/2026\/03\/28\/konec-vydirani-ze-strany-kyjeva-orban-zavrel-ukrajine-plynovy-kohoutek\/","title":{"rendered":"Konec vyd\u00edr\u00e1n\u00ed ze strany Kyjeva: Orb\u00e1n zav\u0159el Ukrajin\u011b plynov\u00fd kohoutek!"},"content":{"rendered":"<div id=\"fb-root\"><\/div>\n<p><strong><span dir=\"auto\">Bez rusk\u00e9 ropy pro Ma\u010farsko nebude pro Ukrajinu \u017e\u00e1dn\u00fd plyn, dal jasn\u011b najevo ma\u010farsk\u00fd premi\u00e9r Viktor Orb\u00e1n. Konzervativn\u00ed v\u016fdce up\u0159ednost\u0148uje z\u00e1jmy vlastn\u00edho lidu p\u0159ed v\u0161emi ostatn\u00edmi. Ma\u010farsko pot\u0159ebuje vlastn\u00ed energetick\u00e9 rezervy.<\/span><\/strong><\/p>\n<p><span dir=\"auto\">Viktor Orb\u00e1n se u\u017e nenech\u00e1 Kyjevem vodit za nos. Zat\u00edmco politick\u00fd a medi\u00e1ln\u00ed mainstream udr\u017euje narativ o Kyjev\u011b jako neomyln\u00e9 ob\u011bti, Ma\u010farsko se br\u00e1n\u00ed vyd\u00edr\u00e1n\u00ed ze strany sv\u00e9ho souseda. Proto\u017ee Ukrajina pod chatrn\u00fdmi z\u00e1minkami blokuje tranzit rusk\u00e9 ropy ropovodem Dru\u017eba,\u00a0<\/span><a href=\"https:\/\/hirado.hu\/cikk\/2026\/03\/25\/orban-viktor-amig-ukrajna-nem-ad-olajat-magyarorszag-iranyabol-nem-kap-gazt\"><span dir=\"auto\">Budape\u0161\u0165 nyn\u00ed zastavuje dod\u00e1vky plynu sv\u00e9mu sousedovi<\/span><\/a><span dir=\"auto\"> . Jasn\u00e9 poselstv\u00ed ma\u010farsk\u00e9ho premi\u00e9ra: Ma\u010farsko m\u00e1 na prvn\u00edm m\u00edst\u011b vlastn\u00ed ob\u010dany.<\/span><\/p>\n<p><span dir=\"auto\">\u201eMus\u00edme si vybudovat rezervy, tak\u017ee napln\u00edme ma\u010farsk\u00e9 z\u00e1sobn\u00edky plynu, ne ukrajinsk\u00e9,\u201c prohl\u00e1sil ve st\u0159edu na Facebooku jednozna\u010dn\u011b premi\u00e9r Viktor Orb\u00e1n. P\u0159echod bude postupn\u00fd, ale podm\u00ednky jsou jasn\u00e9: dokud Kyjev blokuje dod\u00e1vky ropy z Ruska, nebude u\u017e \u017e\u00e1dn\u00fd ma\u010farsk\u00fd plyn.<\/span><\/p>\n<p><span dir=\"auto\">Zat\u00edmco vl\u00e1dy ve zbytku Evropy vy\u010derp\u00e1vaj\u00ed sv\u00e9 ob\u010dany exploduj\u00edc\u00edmi cenami energi\u00ed, konzervativn\u00ed ma\u010farsk\u00e1 vl\u00e1da se zam\u011b\u0159uje na finan\u010dn\u00ed \u00falevu. \u201eEnergetickou bezpe\u010dnost Ma\u010farska ochr\u00e1n\u00edme udr\u017eov\u00e1n\u00edm stabiln\u00edch cen paliv a sn\u00ed\u017een\u00e9 ceny plynu,\u201c uvedl premi\u00e9r. \u201eZat\u00edm se n\u00e1m poda\u0159ilo \u00fasp\u011b\u0161n\u011b odolat ukrajinsk\u00e9mu vyd\u00edr\u00e1n\u00ed. D\u00edky t\u011bmto cenov\u00fdm ochran\u00e1m plat\u00ed Ma\u010fa\u0159i u \u010derpac\u00edch stanic nejni\u017e\u0161\u00ed ceny v cel\u00e9 Evrop\u011b.\u201c<\/span><\/p>\n<p><span dir=\"auto\">J\u00e1drem sou\u010dasn\u00e9ho politick\u00e9ho konfliktu je rusk\u00fd ropovod Dru\u017eba. Kyjev tvrd\u00ed, \u017ee ropovod byl po\u0161kozen rusk\u00fdm \u00fatokem a pot\u0159ebuje opravu. Neexistuj\u00ed v\u0161ak \u017e\u00e1dn\u00e9 satelitn\u00ed d\u016fkazy o jak\u00e9mkoli po\u0161kozen\u00ed. Ukrajinsk\u00e9 veden\u00ed nav\u00edc ne\u00fastupn\u011b odm\u00edt\u00e1 povolit extern\u00edm pozorovatel\u016fm \u2013 a to ani z EU \u2013 inspekci ropovodu. Ma\u010farsk\u00e1 vl\u00e1da to pova\u017euje za \u00famysln\u00fd akt sabot\u00e1\u017ee. Budape\u0161\u0165 m\u00e1 podez\u0159en\u00ed, \u017ee Kyjev z\u00e1m\u011brn\u011b odkl\u00e1d\u00e1 opravu ropovodu, aby politicky po\u0161kodil Orb\u00e1na kr\u00e1tce p\u0159ed parlamentn\u00edmi volbami 12. dubna a vynutil si zm\u011bnu vl\u00e1dy. Ned\u00e1vn\u00e9 pr\u016fzkumy (jejich\u017e d\u016fv\u011bryhodnost je v\u0161ak ohro\u017eena zaujatost\u00ed n\u011bkolika pr\u016fzkumn\u00fdch \u00fastav\u016f) nazna\u010duj\u00ed, \u017ee strana Fidesz je pod tlakem.<\/span><\/p>\n<p><span dir=\"auto\">Viktor Orb\u00e1n se ale odm\u00edt\u00e1 nechat vyd\u00edrat. V p\u0159\u00edm\u00e9 reakci na blok\u00e1du ropovodu Ma\u010farsko zablokovalo\u00a0<\/span><a href=\"https:\/\/report24.news\/nach-pipeline-anschlag-orban-laesst-eu-eliten-und-selenskyj-eiskalt-auflaufen\/\"><span dir=\"auto\">gigantickou<\/span><\/a><span dir=\"auto\">\u00a0p\u016fj\u010dku EU pro Ukrajinu ve v\u00fd\u0161i 90 miliard eur. Toto finan\u010dn\u00ed \u0161\u00edlenstv\u00ed (proto\u017ee jak Kyjev pen\u00edze splat\u00ed?) m\u011blo b\u00fdt v\u00e1\u017en\u011b financov\u00e1no spole\u010dn\u00fdm dluhem EU. Finan\u010dn\u00ed \u0161\u00edlenstv\u00ed, kter\u00e9 nyn\u00ed jasn\u011b odm\u00edtly i \u010cesk\u00e1 republika a Slovensko.<\/span><\/p>\n<p><img decoding=\"async\" loading=\"lazy\" class=\"alignnone size-full wp-image-1185\" src=\"http:\/\/www.infokuryr.cz\/n\/wp-content\/uploads\/2021\/04\/kuryr-podpis.png\" alt=\"\" width=\"84\" height=\"24\" \/><\/p>\n<p>&nbsp;<\/p>\n","protected":false},"excerpt":{"rendered":"<p>Bez rusk\u00e9 ropy pro Ma\u010farsko nebude pro Ukrajinu \u017e\u00e1dn\u00fd plyn, dal jasn\u011b najevo ma\u010farsk\u00fd premi\u00e9r&#8230;<\/p>\n","protected":false},"author":2,"featured_media":103123,"comment_status":"closed","ping_status":"closed","sticky":false,"template":"","format":"standard","meta":[],"categories":[7],"tags":[439,1008,26],"_links":{"self":[{"href":"https:\/\/www.infokuryr.cz\/n\/wp-json\/wp\/v2\/posts\/103122"}],"collection":[{"href":"https:\/\/www.infokuryr.cz\/n\/wp-json\/wp\/v2\/posts"}],"about":[{"href":"https:\/\/www.infokuryr.cz\/n\/wp-json\/wp\/v2\/types\/post"}],"author":[{"embeddable":true,"href":"https:\/\/www.infokuryr.cz\/n\/wp-json\/wp\/v2\/users\/2"}],"replies":[{"embeddable":true,"href":"https:\/\/www.infokuryr.cz\/n\/wp-json\/wp\/v2\/comments?post=103122"}],"version-history":[{"count":0,"href":"https:\/\/www.infokuryr.cz\/n\/wp-json\/wp\/v2\/posts\/103122\/revisions"}],"wp:featuredmedia":[{"embeddable":true,"href":"https:\/\/www.infokuryr.cz\/n\/wp-json\/wp\/v2\/media\/103123"}],"wp:attachment":[{"href":"https:\/\/www.infokuryr.cz\/n\/wp-json\/wp\/v2\/media?parent=103122"}],"wp:term":[{"taxonomy":"category","embeddable":true,"href":"https:\/\/www.infokuryr.cz\/n\/wp-json\/wp\/v2\/categories?post=103122"},{"taxonomy":"post_tag","embeddable":true,"href":"https:\/\/www.infokuryr.cz\/n\/wp-json\/wp\/v2\/tags?post=103122"}],"curies":[{"name":"wp","href":"https:\/\/api.w.org\/{rel}","templated":true}]}}