{"id":10312,"date":"2022-05-07T02:20:12","date_gmt":"2022-05-07T00:20:12","guid":{"rendered":"http:\/\/www.infokuryr.cz\/n\/?p=10312"},"modified":"2022-05-06T18:21:21","modified_gmt":"2022-05-06T16:21:21","slug":"polsky-prezident-prohlasil10312","status":"publish","type":"post","link":"https:\/\/www.infokuryr.cz\/n\/2022\/05\/07\/polsky-prezident-prohlasil10312\/","title":{"rendered":"Polsk\u00fd prezident v \u0161okuj\u00edc\u00edm projevu k arm\u00e1d\u011b prohl\u00e1sil, \u017ee mezi Polskem a Ukrajinou u\u017e nebudou \u017e\u00e1dn\u00e9 hranice&#8230;"},"content":{"rendered":"<div id=\"fb-root\"><\/div>\n<h4>Polsk\u00fd prezident v \u0161okuj\u00edc\u00edm projevu k arm\u00e1d\u011b prohl\u00e1sil, \u017ee mezi Polskem a Ukrajinou u\u017e nebudou \u017e\u00e1dn\u00e9 hranice, jak pr\u00fd prorocky prohl\u00e1sil Volodymyr Zelensk\u00fd! Nad Moskvou se objevil \u201cL\u00e9taj\u00edc\u00ed Kreml\u201d v podob\u011b letounu IL-80, kter\u00fd je ur\u010den\u00fd pro evakuaci vl\u00e1dy v p\u0159\u00edpad\u011b vyhl\u00e1\u0161en\u00ed jadern\u00e9 v\u00e1lky! Var\u0161ava podle rusk\u00fdch tajn\u00fdch slu\u017eeb chyst\u00e1 invazi na z\u00e1padn\u00ed Ukrajinu na z\u00e1klad\u011b pozv\u00e1n\u00ed Kyjeva, kter\u00fd se pokus\u00ed s Var\u0161avou vytvo\u0159it konfederaci a volnosvazkov\u00fd spole\u010dn\u00fd st\u00e1t spojen\u00fd se \u010dlenstv\u00edm v EU a v NATO!<\/h4>\n<p>Bezpe\u010dnostn\u00ed situace v Evrop\u011b v noci ze \u010dtvrtka na p\u00e1tek dramaticky eskalovala. Polsk\u00fd prezident Andrzej Duda v\u010dera na slavnostn\u00edm ceremoni\u00e1lu p\u0159ed nastoupenou polskou arm\u00e1dou pronesl dramatick\u00fd a \u0161okuj\u00edc\u00ed projev, kter\u00fdm odstartoval pl\u00e1n Var\u0161avy na obnovu Velkopolska.\u00a0<strong>Polsk\u00fd prezident toti\u017e prohl\u00e1sil, \u017ee je p\u0159esv\u011bd\u010den, \u017ee mezi Polskem a Ukrajinou ji\u017e nikdy nebude hranice<\/strong>, \u017ee ta hranice skute\u010dn\u011b zmiz\u00ed a\u00a0<strong>oba st\u00e1ty budou \u017e\u00edt ve spole\u010dn\u00e9 zemi<\/strong>, budou se spole\u010dn\u011b rozv\u00edjet a vytvo\u0159\u00ed spole\u010dnou s\u00edlu, na kterou si nikdo nedovol\u00ed ji\u017e nikdy za\u00fato\u010dit.<\/p>\n<p>&nbsp;<\/p>\n<div id=\"rumble_v114rk5\">\n<div id=\"vid_v114rk5\" class=\"rumble_v114rk5-Rumble-cls\" tabindex=\"-1\">\n<div class=\"bigPlayUI ctp\">\n<div class=\"bigPlayUIInner ctp\"><div class='videoWrapper'>\r\n\t            <iframe src='https:\/\/rumble.com\/embed\/pj.v114rk5\/' frameborder='0' allowfullscreen><\/iframe>\r\n\t        <\/div><\/div>\n<\/div>\n<\/div>\n<\/div>\n<p>&nbsp;<\/p>\n<p>Projev doslova ot\u0159\u00e1sl polskou ve\u0159ejnost\u00ed a reakce p\u0159i\u0161la okam\u017eit\u011b ji\u017e po p\u00e1r hodin\u00e1ch i z Ruska. Nad Kremlem se zjevil v\u00fdjev po\u010d\u00e1tku jadern\u00e9 v\u00e1lky.\u00a0<strong>Na obloze se objevil letoun \u201c<em>Soudn\u00e9ho dne<\/em>\u201d typu Ilju\u0161in IL-80, speci\u00e1ln\u00ed stroj chr\u00e1n\u011bn\u00fd proti EMP a ur\u010den\u00fd pro evakuaci vl\u00e1dy z Kremlu v okam\u017eiku vypuknut\u00ed jadern\u00e9 v\u00e1lky.<\/strong>\u00a0Viz. video n\u00ed\u017ee. Rusk\u00e1 arm\u00e1da stroj p\u0159ezd\u00edv\u00e1 \u201c<em>L\u00e9taj\u00edc\u00ed Kreml<\/em>\u201d a je to stroj, z n\u011bho\u017e lze \u0159\u00eddit nejen cel\u00e9 Rusko, ale i jadernou v\u00e1lku. Stroj byl naposledy k vid\u011bn\u00ed na ve\u0159ejnosti 9. kv\u011btna 2010, tedy p\u0159ed 12 lety. Kreml t\u00edm z\u0159ejm\u011b vys\u00edl\u00e1 varov\u00e1n\u00ed do Var\u0161avy, \u017ee invaze polsk\u00e9 arm\u00e1dy na Ukrajinu povede k vypuknut\u00ed v\u00e1lky Ruska s NATO a v kone\u010dn\u00e9m d\u016fsledku k jadern\u00e9 v\u00e1lce.<\/p>\n<h6><span style=\"font-size: 18pt;\">Nad Kremlem se zjevil letoun\u00a0<em>Soudn\u00e9ho dne<\/em>\u00a0a polsk\u00fd prezident mluvil dramaticky jako Goebbels<\/span><\/h6>\n<p>Projev polsk\u00e9ho prezidenta zn\u011bl svoj\u00ed intonac\u00ed jako projev Adolfa Hitlera, se stejnou dikc\u00ed a intonac\u00ed, pouze v polsk\u00e9m jazyce a s dramatick\u00fdmi p\u0159est\u00e1vkami, ve kter\u00fdch si liboval nejen Adolf Hitler, ale p\u0159edev\u0161\u00edm Joseph Goebbels. Ten tvrdil, \u017ee nedokon\u010den\u00e1 v\u011bta upout\u00e1 pozornost publika l\u00e9pe ne\u017e d\u011blost\u0159eleck\u00e1 palba a p\u0159i zhl\u00e9dnut\u00ed projevu prezidenta Dudy, kdy si ud\u011blal dramatickou pauzu s posledn\u00edmi slovy \u201c<em>nebude \u017e\u00e1dn\u00e1 hranice<\/em>\u201c, m\u016f\u017eeme lehce vid\u011bt, \u017ee polsk\u00fd prezident si d\u00e1val z\u00e1le\u017eet na co nejv\u011bt\u0161\u00ed dramati\u010dnosti.<\/p>\n<div class=\"wp-video\">\n<p><span class=\"mejs-offscreen\">Video p\u0159ehr\u00e1va\u010d<\/span><\/p>\n<div id=\"mep_0\" class=\"mejs-container mejs-container-keyboard-inactive wp-video-shortcode mejs-video\" tabindex=\"0\" role=\"application\" aria-label=\"Video p\u0159ehr\u00e1va\u010d\">\n<div class=\"mejs-inner\">\n<div class=\"mejs-mediaelement\"><video id=\"video-51583-1_html5\" class=\"wp-video-shortcode\" src=\"https:\/\/aeronet.news\/wp-content\/uploads\/FlyingKremlin.mp4?_=1\" poster=\"https:\/\/aeronet.news\/wp-content\/uploads\/FlyingKremlinIL80.jpg\" preload=\"metadata\" width=\"700\" height=\"395\" data-mce-fragment=\"1\"><\/video><\/div>\n<div class=\"mejs-layers\">\n<div class=\"mejs-poster mejs-layer\"><\/div>\n<div class=\"mejs-overlay mejs-layer mejs-overlay-play\">\n<div class=\"mejs-overlay-button\" tabindex=\"0\" role=\"button\" aria-label=\"P\u0159ehr\u00e1t\" aria-pressed=\"false\"><\/div>\n<\/div>\n<\/div>\n<\/div>\n<\/div>\n<\/div>\n<p>Je velmi pravd\u011bpodobn\u00e9, \u017ee Polsko by mohlo vyu\u017e\u00edt nejv\u011bt\u0161\u00edho rusk\u00e9ho st\u00e1tn\u00edho sv\u00e1tku Dne v\u00edt\u011bzstv\u00ed 9. kv\u011btna a polsk\u00e1 arm\u00e1da by mohla vstoupit na Ukrajinu, tedy konkr\u00e9tn\u011b na z\u00e1padn\u00ed \u010d\u00e1st Ukrajiny pod rou\u0161kou m\u00edrov\u00e9 a bezpe\u010dnostn\u00ed mise na z\u00e1klad\u011b pozv\u00e1n\u00ed a mand\u00e1tu ukrajinsk\u00e9ho prezidenta, tak\u017ee nep\u016fjde podle mezin\u00e1rodn\u00edho pr\u00e1va o invazi, ale pouze o pozvan\u00e9 m\u00edrov\u00e9 sbory.\u00a0<strong>V dob\u011b vyhl\u00e1\u0161en\u00e9ho v\u00e1le\u010dn\u00e9ho stavu na Ukrajin\u011b podle ukrajinsk\u00e9 \u00fastavy nepot\u0159ebuje prezident Ukrajiny \u017e\u00e1dn\u00fd souhlas ukrajinsk\u00e9ho parlamentu.<\/strong>\u00a0V dob\u011b v\u00e1lky je Ukrajina \u0159\u00edzena pouze prezidentem jako vrchn\u00edm velitelem a pouze jeho dekrety, kter\u00e9 maj\u00ed formu rozkaz\u016f.<\/p>\n<h6><span style=\"font-size: 18pt;\">Vstup polsk\u00e9 arm\u00e1dy na Ukrajinu by hrozil zata\u017een\u00edm NATO do v\u00e1lky s Ruskem<\/span><\/h6>\n<p>Znepokojen\u00ed v Kremlu je naprosto pochopiteln\u00e9. Podle rusk\u00fdch novin\u00e1\u0159\u016f, se kter\u00fdmi jsme v kontaktu, situace eskalovala v noci ze v\u010derej\u0161ka na dne\u0161ek, kdy rusk\u00e1 rozv\u011bdka zaregistrovala p\u0159esuny polsk\u00e9 arm\u00e1dy k ukrajinsk\u00fdm hranic\u00edm, p\u0159i\u010dem\u017e ta arm\u00e1da tam je rozm\u00edst\u011bna ji\u017e od l\u00e9ta lo\u0148sk\u00e9ho roku, ale dosud se nepohybovala.<\/p>\n<p><strong>V noci podle rusk\u00e9 GRU do\u0161lo ke zm\u011bn\u011b a polsk\u00e1 arm\u00e1da se posunuje k ukrajinsk\u00fdm hranic\u00edm, a to jen p\u00e1r hodin po v\u010derej\u0161\u00edm projevu prezidenta Dudy.<\/strong>\u00a0Vstup polsk\u00e9 arm\u00e1dy na Ukrajinu bude znamenat hrozbu vypuknut\u00ed jadern\u00e9 v\u00e1lky, proto\u017ee Rusko bude polskou arm\u00e1du, i kdy\u017e vstoup\u00ed na Ukrajinu bez souhlasu NATO a na vlastn\u00ed p\u011bst a na pozv\u00e1n\u00ed Kyjeva, pova\u017eovat za alian\u010dn\u00ed arm\u00e1du a za ofici\u00e1ln\u00ed vstup \u010dlensk\u00e9 zem\u011b NATO do v\u00e1lky na Ukrajin\u011b.<\/p>\n<figure id=\"attachment_51584\" class=\"wp-caption aligncenter\" style=\"width: 693px;\"><a href=\"https:\/\/aeronet.news\/wp-content\/uploads\/DudaSpeech4.jpg\"><img decoding=\"async\" loading=\"lazy\" class=\"wp-image-51584 \" src=\"https:\/\/aeronet.news\/wp-content\/uploads\/DudaSpeech4-1024x576.jpg\" sizes=\"(max-width: 700px) 100vw, 700px\" srcset=\"https:\/\/aeronet.news\/wp-content\/uploads\/DudaSpeech4-1024x576.jpg 1024w, https:\/\/aeronet.news\/wp-content\/uploads\/DudaSpeech4-300x169.jpg 300w, https:\/\/aeronet.news\/wp-content\/uploads\/DudaSpeech4-768x432.jpg 768w, https:\/\/aeronet.news\/wp-content\/uploads\/DudaSpeech4-700x394.jpg 700w, https:\/\/aeronet.news\/wp-content\/uploads\/DudaSpeech4-635x357.jpg 635w, https:\/\/aeronet.news\/wp-content\/uploads\/DudaSpeech4-859x483.jpg 859w, https:\/\/aeronet.news\/wp-content\/uploads\/DudaSpeech4.jpg 1280w\" alt=\"\" width=\"693\" height=\"390\" \/><\/a><figcaption class=\"wp-caption-text\">Nastoupen\u00e9 slo\u017eky v\u0161ech polsk\u00fdch vojensk\u00fdch sil p\u0159i projevu prezidenta Dudy<\/figcaption><\/figure>\n<p>Rusk\u00e1 arm\u00e1da za\u010dne ni\u010dit polsk\u00e9 vojskov\u00e9 \u00fatvary stejn\u011b jako ty ukrajinsk\u00e9 a v tom okam\u017eiku hroz\u00ed, \u017ee Var\u0161ava po\u017e\u00e1d\u00e1 o aktivaci \u010dl\u00e1nku 5 Washingtonsk\u00e9 smlouvy o kolektivn\u00ed obran\u011b NATO. Eskalace by potom byla velice rychl\u00e1, jadern\u00fd st\u0159et by byl ot\u00e1zkou n\u011bkolika hodin.\u00a0<strong>Fanatick\u00fd projev Dudy ve mn\u011b opravdu vyvolal obavy, a zjevn\u011b nejen u mn\u011b, ale i v Kremlu, soud\u011b podle toho IL-80 nad Kremlem.<\/strong><\/p>\n<p>Andrej Babi\u0161 v posledn\u00edm videu\u00a0<strong>[<a href=\"https:\/\/href.li\/?https:\/\/www.youtube.com\/watch?v=rfopxIa7_oc\" target=\"_blank\" rel=\"nofollow noopener\">1<\/a>]<\/strong>\u00a0uvedl, \u017ee mu p\u0159ipad\u00e1, \u017ee Petr Fiala jezd\u00ed do Polska tak \u010dasto, jako by to vypadalo, \u017ee ani jin\u00e1 zem\u011b ne\u017e Polsko v EU neexistuje. Tohle je dobr\u00fd post\u0159eh, kter\u00e9ho jsme si v\u0161imli nejen na Aeronetu, ale v\u0161\u00edm\u00e1 si toho i Andrej Babi\u0161 a dal\u0161\u00ed politici. Andrzej Duda v projevu k polsk\u00fdm voj\u00e1k\u016fm \u0159ekl tu pozn\u00e1mku, \u017ee podle prorock\u00e9ho v\u00fdroku Volodymyra Zelensk\u00e9ho nebudou mezi Polskem a Ukrajinou \u017e\u00e1dn\u00e9 hranice.<\/p>\n<h6><span style=\"font-size: 18pt;\">Zelensk\u00fd m\u00e1 b\u011bhem v\u00e1le\u010dn\u00e9ho stavu neomezen\u00e9 a autokratick\u00e9 pravomoci nad celou Ukrajinou<\/span><\/h6>\n<p>A pokud nev\u00edte, pro\u010d to prohl\u00e1sil, tak si to vysv\u011btl\u00edme. V dob\u011b v\u00e1le\u010dn\u00e9ho stavu disponuje ukrajinsk\u00fd prezident neomezen\u00fdmi pravomocemi a parlament je suspendov\u00e1n.\u00a0<strong>Zelensk\u00fd tak m\u016f\u017ee z pozice prezidenta a v\u00e1le\u010dn\u00e9ho stavu nejen pozvat polskou arm\u00e1du na Ukrajinu, ale podle rusk\u00fdch novin\u00e1\u0159\u016f m\u016f\u017ee doj\u00edt i k tomu, \u017ee vytvo\u0159\u00ed s Polskem voln\u00fd svazek v podob\u011b Konfederace<\/strong>, kdy mezi ob\u011bma st\u00e1ty by zanikly hranice, i kdy\u017e ob\u011b zem\u011b by si zachovaly vlastn\u00ed vl\u00e1dy a prezidenty, ale politicky navenek ve vztahu ke 3. zem\u00edm by Konfederace vystupovala jako jeden mezin\u00e1rodn\u00ed subjekt.<\/p>\n<figure id=\"attachment_51585\" class=\"wp-caption aligncenter\" style=\"width: 686px;\"><a href=\"https:\/\/aeronet.news\/wp-content\/uploads\/DudaSpeech3.jpg\"><img decoding=\"async\" loading=\"lazy\" class=\"wp-image-51585 \" src=\"https:\/\/aeronet.news\/wp-content\/uploads\/DudaSpeech3-1024x576.jpg\" sizes=\"(max-width: 700px) 100vw, 700px\" srcset=\"https:\/\/aeronet.news\/wp-content\/uploads\/DudaSpeech3-1024x576.jpg 1024w, https:\/\/aeronet.news\/wp-content\/uploads\/DudaSpeech3-300x169.jpg 300w, https:\/\/aeronet.news\/wp-content\/uploads\/DudaSpeech3-768x432.jpg 768w, https:\/\/aeronet.news\/wp-content\/uploads\/DudaSpeech3-700x394.jpg 700w, https:\/\/aeronet.news\/wp-content\/uploads\/DudaSpeech3-635x357.jpg 635w, https:\/\/aeronet.news\/wp-content\/uploads\/DudaSpeech3-859x483.jpg 859w, https:\/\/aeronet.news\/wp-content\/uploads\/DudaSpeech3.jpg 1280w\" alt=\"\" width=\"686\" height=\"386\" \/><\/a><figcaption class=\"wp-caption-text\">Pol\u0161t\u00ed voj\u00e1ci p\u0159i poslechu projevu prezidenta<\/figcaption><\/figure>\n<p>A to by znamenalo, \u017ee by se Ukrajina stala automaticky \u010dlenem EU a rovn\u011b\u017e NATO, a to \u010dist\u011b jen formou aklamace, tedy prohl\u00e1\u0161en\u00edm obou st\u00e1t\u016f o konfederativn\u00edm sjednocen\u00ed. Konfederace je uskupen\u00ed dvou federac\u00ed s vlastn\u00edmi vl\u00e1dami a prezidenty, kter\u00e9 tvo\u0159\u00ed ve specifikovan\u00fdch oblastech zahrani\u010dn\u00ed politiky jednotn\u00fd celek a vystupuj\u00ed jednotn\u011b jako jeden subjekt.\u00a0<strong>Konfederace naposledy fungovala ve velk\u00e9m pojet\u00ed velk\u00e9ho st\u00e1tu v polovin\u011b 19. stolet\u00ed v USA, kde model konfederace pou\u017eily ji\u017eansk\u00e9 st\u00e1ty.<\/strong>\u00a0Ponechaly si ka\u017ed\u00fd vlastn\u00ed vl\u00e1du, ale utvo\u0159ily centr\u00e1ln\u00ed konfederativn\u00ed vl\u00e1du a parlament v Richmondu ve Virginii. Tato vl\u00e1dla vystupovala spole\u010dn\u011b sm\u011brem ven ve smyslu zahrani\u010dn\u00ed politiky.<\/p>\n<h6><span style=\"font-size: 18pt;\">Konfederace s Polskem by mohla dov\u00e9st Ukrajinu k \u010dlenstv\u00ed v EU a v NATO okam\u017eit\u011b a zadn\u00edmi vr\u00e1tky<\/span><\/h6>\n<p>Dom\u00e1c\u00ed z\u00e1le\u017eitosti vl\u00e1da v Richmondu ne\u0159e\u0161ila a ponech\u00e1vala je na jednotliv\u00fdch vl\u00e1d\u00e1ch ji\u017eansk\u00fdch st\u00e1t\u016f. Podle v\u0161eho se zd\u00e1, \u017ee Var\u0161ava vyc\u00edtila p\u0159\u00edle\u017eitost k obnov\u011b Velkopolska, proto\u017ee Ukrajina prohr\u00e1v\u00e1 v\u00e1lku, postupn\u011b ztr\u00e1c\u00ed dal\u0161\u00ed a dal\u0161\u00ed \u00fazem\u00ed, dosud Kyjev nevyhr\u00e1l ani jedinou bitvu, tak\u017ee pr\u00e1v\u011b te\u010f je ide\u00e1ln\u00ed stav pro Polsko k tomu, aby dotla\u010dilo Zelensk\u00e9ho do kouta.<\/p>\n<p>A v t\u00e9 chv\u00edli ho Polsko p\u0159inut\u00ed p\u0159ijmout vojenskou pomoc od Var\u0161avy a vytvo\u0159it s n\u00edm voln\u00fd svazek.\u00a0<strong>Tohle je rozn\u011btka ke 3. sv\u011btov\u00e9 v\u00e1lce a k jadern\u00e9 v\u00fdm\u011bn\u011b. Polsko nebude na Ukrajin\u011b v\u00e1l\u010dit s Rusy samo za sebe, na to nem\u00e1 s\u00edlu.<\/strong>\u00a0Jakmile Rusov\u00e9 zlikviduj\u00ed Polsku n\u011bkolik \u00fatvar\u016f a jednotek, Polsko se obr\u00e1t\u00ed na NATO a p\u0159edev\u0161\u00edm na Petra Fialu, Eduarda Hegera a p\u0159\u00edpadn\u011b na dal\u0161\u00ed st\u00e1ty o vojenskou pomoc.<\/p>\n<figure id=\"attachment_51586\" class=\"wp-caption aligncenter\" style=\"width: 688px;\"><a href=\"https:\/\/aeronet.news\/wp-content\/uploads\/DudaSpeech2.jpg\"><img decoding=\"async\" loading=\"lazy\" class=\"wp-image-51586 \" src=\"https:\/\/aeronet.news\/wp-content\/uploads\/DudaSpeech2-1024x576.jpg\" sizes=\"(max-width: 700px) 100vw, 700px\" srcset=\"https:\/\/aeronet.news\/wp-content\/uploads\/DudaSpeech2-1024x576.jpg 1024w, https:\/\/aeronet.news\/wp-content\/uploads\/DudaSpeech2-300x169.jpg 300w, https:\/\/aeronet.news\/wp-content\/uploads\/DudaSpeech2-768x432.jpg 768w, https:\/\/aeronet.news\/wp-content\/uploads\/DudaSpeech2-700x394.jpg 700w, https:\/\/aeronet.news\/wp-content\/uploads\/DudaSpeech2-635x357.jpg 635w, https:\/\/aeronet.news\/wp-content\/uploads\/DudaSpeech2-859x483.jpg 859w, https:\/\/aeronet.news\/wp-content\/uploads\/DudaSpeech2.jpg 1280w\" alt=\"\" width=\"688\" height=\"387\" \/><\/a><figcaption class=\"wp-caption-text\">Mu\u017e m\u00e1val polskou vlajkou z vik\u00fd\u0159e na st\u0159e\u0161e<\/figcaption><\/figure>\n<p>Tak \u010dast\u00e9 cesty Petra Fialy do Polska jsou mo\u017en\u00e1 p\u0159\u00edpravn\u00fdm tane\u010dkem k vojensk\u00e9 pomoci \u010desk\u00e9 arm\u00e1dy t\u00e9 polsk\u00e9, a\u017e to bude na Ukrajin\u011b pot\u0159ebovat. P\u0159esn\u011b o tomto budou ty sch\u016fzky. Ani na okam\u017eik to nen\u00ed o solidarit\u011b s Ukrajinou, ale o pl\u00e1nech na geopolitick\u00e9 p\u0159eform\u00e1tov\u00e1n\u00ed prostoru Ukrajiny ve chv\u00edli, kdy o Ukrajin\u011b rozhoduje drogov\u011b z\u00e1visl\u00fd jedinec a nikoliv ukrajinsk\u00fd parlament a ani lidov\u00e1 referenda.<\/p>\n<p><strong>Kyjev pot\u0159ebuje voj\u00e1ky, nikoliv zbran\u011b. A pot\u0159ebuje voj\u00e1ky NATO, jmenovit\u011b.<\/strong>\u00a0A to proto, \u017ee Kyjev v\u00ed, \u017ee kdy\u017e je Rusov\u00e9 za\u010dnou zab\u00edjet, NATO nebude m\u00edt na v\u00fdb\u011br a bude muset vtrhnout na Ukrajinu do otev\u0159en\u00e9 v\u00e1lky s Ruskem. Hraje se tak o pl\u00e1n na zata\u017een\u00ed NATO do v\u00e1lky s Ruskem na Ukrajin\u011b skrze polskou vojenskou misi na Ukrajin\u011b.<\/p>\n<p>-VK- \u0160\u00e9fredaktor AE News<\/p>\n<p><a href=\"https:\/\/aeronet.news\/video-polsky-prezident-v-sokujicim-projevu-k-armade-prohlasil-ze-mezi-polskem-a-ukrajinou-uz-nebudou-zadne-hranice-jak-pry-prorocky-prohlasil-volodymyr-zelensky\/\">ZDROJ<\/a><\/p>\n<p>&nbsp;<\/p>\n","protected":false},"excerpt":{"rendered":"<p>Polsk\u00fd prezident v \u0161okuj\u00edc\u00edm projevu k arm\u00e1d\u011b prohl\u00e1sil, \u017ee mezi Polskem a Ukrajinou u\u017e nebudou&#8230;<\/p>\n","protected":false},"author":2,"featured_media":10313,"comment_status":"closed","ping_status":"closed","sticky":false,"template":"","format":"standard","meta":[],"categories":[7],"tags":[39,31,165,710,26],"_links":{"self":[{"href":"https:\/\/www.infokuryr.cz\/n\/wp-json\/wp\/v2\/posts\/10312"}],"collection":[{"href":"https:\/\/www.infokuryr.cz\/n\/wp-json\/wp\/v2\/posts"}],"about":[{"href":"https:\/\/www.infokuryr.cz\/n\/wp-json\/wp\/v2\/types\/post"}],"author":[{"embeddable":true,"href":"https:\/\/www.infokuryr.cz\/n\/wp-json\/wp\/v2\/users\/2"}],"replies":[{"embeddable":true,"href":"https:\/\/www.infokuryr.cz\/n\/wp-json\/wp\/v2\/comments?post=10312"}],"version-history":[{"count":1,"href":"https:\/\/www.infokuryr.cz\/n\/wp-json\/wp\/v2\/posts\/10312\/revisions"}],"predecessor-version":[{"id":10314,"href":"https:\/\/www.infokuryr.cz\/n\/wp-json\/wp\/v2\/posts\/10312\/revisions\/10314"}],"wp:featuredmedia":[{"embeddable":true,"href":"https:\/\/www.infokuryr.cz\/n\/wp-json\/wp\/v2\/media\/10313"}],"wp:attachment":[{"href":"https:\/\/www.infokuryr.cz\/n\/wp-json\/wp\/v2\/media?parent=10312"}],"wp:term":[{"taxonomy":"category","embeddable":true,"href":"https:\/\/www.infokuryr.cz\/n\/wp-json\/wp\/v2\/categories?post=10312"},{"taxonomy":"post_tag","embeddable":true,"href":"https:\/\/www.infokuryr.cz\/n\/wp-json\/wp\/v2\/tags?post=10312"}],"curies":[{"name":"wp","href":"https:\/\/api.w.org\/{rel}","templated":true}]}}