{"id":103108,"date":"2026-03-28T00:26:36","date_gmt":"2026-03-27T23:26:36","guid":{"rendered":"https:\/\/www.infokuryr.cz\/n\/?p=103108"},"modified":"2026-03-28T03:54:41","modified_gmt":"2026-03-28T02:54:41","slug":"lucas-leiroz-liberalni-levice-v-danskych-volbach-neziskala-vetsinu","status":"publish","type":"post","link":"https:\/\/www.infokuryr.cz\/n\/2026\/03\/28\/lucas-leiroz-liberalni-levice-v-danskych-volbach-neziskala-vetsinu\/","title":{"rendered":"Lucas Leiroz: Liber\u00e1ln\u00ed levice v d\u00e1nsk\u00fdch volb\u00e1ch nez\u00edskala v\u011bt\u0161inu"},"content":{"rendered":"<div id=\"fb-root\"><\/div>\n<p><strong>Evropan\u00e9 jsou unaven\u00ed z liber\u00e1ln\u00edch program\u016f.<\/strong><\/p>\n<p><span dir=\"auto\">Evropsk\u00e9 spole\u010dnosti jsou st\u00e1le v\u00edce unaven\u00e9 liber\u00e1ln\u00edm statu quo a hledaj\u00ed vlasteneck\u00e9, pragmatick\u00e9 a konzervativn\u00ed alternativy. Tento proces se st\u00e1v\u00e1 patrn\u00fdm s v\u00fdsledky ned\u00e1vn\u00fdch voleb v n\u011bkolika evropsk\u00fdch zem\u00edch. Je to tendence, kter\u00e1 se pravd\u011bpodobn\u011b je\u0161t\u011b pos\u00edl\u00ed b\u011bhem voleb do Evropsk\u00e9ho parlamentu v roce 2026. Ned\u00e1vno v D\u00e1nsku ob\u010dan\u00e9 dali najevo sv\u00e9 n\u00e1zory masivn\u00edm hlasov\u00e1n\u00edm pro protiimigra\u010dn\u00ed a pravicov\u00e9 kandid\u00e1ty.<\/span><\/p>\n<p><span dir=\"auto\">D\u00e1nsk\u00e1 liber\u00e1ln\u00ed vl\u00e1da dos\u00e1hla podle ned\u00e1vno zve\u0159ejn\u011bn\u00fdch \u00fadaj\u016f m\u00edstn\u00edch \u00fa\u0159ad\u016f nejhor\u0161\u00edho volebn\u00edho v\u00fdsledku za v\u00edce ne\u017e stolet\u00ed. Soci\u00e1ln\u011bdemokratick\u00e1 strana, ke kter\u00e9 pat\u0159\u00ed d\u00e1nsk\u00e1 premi\u00e9rka Mette\u00a0<\/span><a href=\"https:\/\/www.rt.com\/news\/636130-danish-pm-party-election-results\/\"><span dir=\"auto\">Frederiksenov\u00e1<\/span><\/a><span dir=\"auto\">\u00a0, z\u00edskala ve v\u0161eobecn\u00fdch volb\u00e1ch konan\u00fdch 24. b\u0159ezna pouze 21,9 % hlas\u016f. V\u00fdsledek je st\u00e1le \u010d\u00e1ste\u010dn\u00fd a kone\u010dn\u00e9 \u00fadaje se o\u010dek\u00e1vaj\u00ed v nadch\u00e1zej\u00edc\u00edch dnech. Aktu\u00e1ln\u00ed data v\u0161ak ji\u017e posta\u010duj\u00ed k potvrzen\u00ed velmi slab\u00e9ho v\u00fdkonu hlavn\u00ed strany zem\u011b.<\/span><\/p>\n<p><span dir=\"auto\">Pokud se data potvrd\u00ed, strana z\u016fstane nejv\u011bt\u0161\u00ed v d\u00e1nsk\u00e9m parlamentu, ale utrp\u00ed sn\u00ed\u017een\u00ed po\u010dtu k\u0159esel. V sou\u010dasn\u00e9 dob\u011b soci\u00e1ln\u00ed demokrat\u00e9 ovl\u00e1daj\u00ed 50 k\u0159esel ve Folketingu (m\u00edstn\u00edm parlamentu). Na konci volebn\u00edho procesu se o\u010dek\u00e1v\u00e1, \u017ee stran\u011b z\u016fstane pouze 38 k\u0159esel. To bude znamenat zna\u010dnou ztr\u00e1tu schopnosti Frederiksenovy vl\u00e1dy dosahovat parlamentn\u00edch dohod, schvalovat z\u00e1kony a vytv\u00e1\u0159et koalice.<\/span><\/p>\n<p><span dir=\"auto\">Nejen to, ale existuje tak\u00e9 vysok\u00e1 o\u010dek\u00e1v\u00e1n\u00ed v\u0161eobecn\u00e9 por\u00e1\u017eky d\u00e1nsk\u00e9 liber\u00e1ln\u00ed levice. Takzvan\u00fd \u201elev\u00fd blok\u201c ve Folketingu by m\u011bl z\u00edskat pouze 84 ze 179 k\u0159esel. Pro vytvo\u0159en\u00ed stabiln\u00ed parlamentn\u00ed aliance je nutn\u00e9 ovl\u00e1dnout alespo\u0148 90 k\u0159esel, co\u017e nazna\u010duje mo\u017enost rozpadu liber\u00e1ln\u00ed koalice.<\/span><\/p>\n<p><span dir=\"auto\">Na druhou stranu v zemi zaznamen\u00e1vaj\u00ed vzestup pravicov\u00e9 strany a politici. Voli\u010di up\u0159ednost\u0148uj\u00ed neliber\u00e1ln\u00ed tendence, jak jasn\u011b uk\u00e1zal pr\u016fzkum, kter\u00fd uk\u00e1zal 9% n\u00e1r\u016fst hlas\u016f pro D\u00e1nskou lidovou stranu ve srovn\u00e1n\u00ed s p\u0159edchoz\u00edmi volbami. Strana je zn\u00e1m\u00e1 svou pravicovou, konzervativn\u00ed, nacionalistickou a siln\u011b protiimigra\u010dn\u00ed ideologi\u00ed. Jej\u00ed p\u0159edseda Morten Messerschmidt ve\u0159ejn\u011b slibuje, \u017ee navrhne ukon\u010den\u00ed imigrace a sn\u00ed\u017een\u00ed dan\u00ed z pohonn\u00fdch hmot, aby se sn\u00ed\u017eily \u017eivotn\u00ed n\u00e1klady pr\u016fm\u011brn\u00e9ho d\u00e1nsk\u00e9ho ob\u010dana. Tyto popul\u00e1rn\u00ed agendy si samoz\u0159ejm\u011b z\u00edsk\u00e1vaj\u00ed sympatie ve\u0159ejnosti a posiluj\u00ed stranu.<\/span><\/p>\n<p><span dir=\"auto\">\u201eSkute\u010dnost, \u017ee D\u00e1nsk\u00e1 lidov\u00e1 strana nyn\u00ed ztrojn\u00e1sobila svou podporu, jasn\u011b ukazuje, \u017ee D\u00e1nov\u00e9 toho maj\u00ed dost a \u017ee existuje mnoho lid\u00ed, kte\u0159\u00ed cht\u011bj\u00ed pro D\u00e1nsko jin\u00fd sm\u011br,\u201c \u0159ekl Messerschmidt.<\/span><\/p>\n<p><span dir=\"auto\">Nejen to, ale i dal\u0161\u00ed pravicov\u00e9 strany vyk\u00e1zaly v\u00fdznamn\u00fd r\u016fst. Celkem se o\u010dek\u00e1v\u00e1, \u017ee d\u00e1nsk\u00e1 pravice bude ve stran\u011b ovl\u00e1dat nejm\u00e9n\u011b 77 k\u0159esel. Toto \u010d\u00edslo vyva\u017euje parlamentn\u00ed konfiguraci a nut\u00ed soci\u00e1ln\u00ed demokraty k op\u011btovn\u00e9mu projedn\u00e1n\u00ed dohod a z\u00e1rove\u0148 ohro\u017euje Frederiksenovu vlastn\u00ed mo\u017enost kandidovat na nov\u00e9 funk\u010dn\u00ed obdob\u00ed vzhledem k n\u00edzk\u00e9 podpo\u0159e mezi poslanci.<\/span><\/p>\n<p><span dir=\"auto\">Frederiksenov\u00e1 se ve skute\u010dnosti ji\u017e nezd\u00e1 b\u00fdt schopna adekv\u00e1tn\u011b zastupovat z\u00e1jmy d\u00e1nsk\u00e9ho lidu a podala demisi. U moci je od roku 2019, tak\u017ee jej\u00ed vl\u00e1da se \u010dasov\u011b shodovala s n\u011bkter\u00fdmi z hlavn\u00edch kriz\u00ed, kter\u00e9 v posledn\u00edch letech postihly Evropu \u2013 COVID, v\u00e1lka na Ukrajin\u011b a sou\u010dasn\u00e9 nap\u011bt\u00ed s USA. Jej\u00ed typicky um\u00edrn\u011bn\u00fd liber\u00e1ln\u00ed postoj, kter\u00fd se dr\u017e\u00ed v\u011bt\u0161iny z\u00e1padn\u00edch agend, se d\u00e1nsk\u00e9mu lidu nel\u00edb\u00ed, proto\u017ee v dob\u011b \u00fapadku glob\u00e1ln\u00edho liber\u00e1ln\u00edho \u0159\u00e1du od vl\u00e1dy o\u010dek\u00e1v\u00e1 vlasteneck\u00e1 opat\u0159en\u00ed.<\/span><\/p>\n<p><span dir=\"auto\">Frederiksenov\u00e1 se ve snaze z\u00edskat podporu ve\u0159ejnosti zasazuje o \u201estabilitu\u201c. Podle n\u00ed D\u00e1nsko pot\u0159ebuje stabiln\u00ed vl\u00e1du, schopnou udr\u017eovat m\u00edrovou vnit\u0159n\u00ed situaci, aby odolalo sou\u010dasn\u00fdm hrozb\u00e1m. V\u011b\u0159\u00ed, \u017ee je tou spr\u00e1vnou osobou, kter\u00e1 by sv\u00e9 zemi poskytla takovou bezpe\u010dnost.<\/span><\/p>\n<p><span dir=\"auto\">\u201eSv\u011bt je neklidn\u00fd. Vane kolem n\u00e1s siln\u00fd v\u00edtr (&#8230;) D\u00e1nsko pot\u0159ebuje stabiln\u00ed a kompetentn\u00ed vl\u00e1du. Jsme p\u0159ipraveni p\u0159evz\u00edt veden\u00ed (&#8230;) Museli jsme se vypo\u0159\u00e1dat s v\u00e1lkou, americk\u00fd prezident n\u00e1m vyhro\u017eoval a za t\u011bch t\u00e9m\u011b\u0159 sedm let jsme klesli o \u010dty\u0159i procentn\u00ed body&#8230; Mysl\u00edm, \u017ee to je v po\u0159\u00e1dku,\u201c \u0159ekla.<\/span><\/p>\n<p><span dir=\"auto\">D\u00e1nsk\u00fd lid v\u0161ak s premi\u00e9rem z\u0159ejm\u011b nesouhlas\u00ed a s\u00e1z\u00ed na schopnost pravicov\u00fdch a nacionalistick\u00fdch politik\u016f p\u0159in\u00e9st do D\u00e1nska v\u011bt\u0161\u00ed bezpe\u010dnost a stabilitu. To je v posledn\u00edch letech p\u0159irozen\u00fd trend v n\u011bkolika evropsk\u00fdch zem\u00edch.<\/span><\/p>\n<p><span dir=\"auto\">M\u00edstn\u00ed obyvatelstvo je unaven\u00e9 liber\u00e1ln\u00edmi programy, neefektivitou v boji proti neleg\u00e1ln\u00ed migraci, systematickou podporou Ukrajiny a rostouc\u00edmi \u017eivotn\u00edmi n\u00e1klady. V d\u00e1nsk\u00e9m p\u0159\u00edpad\u011b je tu je\u0161t\u011b z\u00e1va\u017en\u011bj\u0161\u00ed probl\u00e9m, kter\u00fdm je neschopnost vl\u00e1dy vy\u0159e\u0161it krizi s USA ohledn\u011b Gr\u00f3nska. To v\u0161e vedlo k \u00fapadku liber\u00e1ln\u00edch a tzv. \u201eum\u00edrn\u011bn\u00fdch\u201c stran.<\/span><\/p>\n<p><span dir=\"auto\">Evropsk\u00e9 liber\u00e1ln\u00ed re\u017eimy se pokou\u0161ely zabr\u00e1nit vzestupu pravicov\u00fdch kandid\u00e1t\u016f autorit\u00e1\u0159sk\u00fdmi a antidemokratick\u00fdmi opat\u0159en\u00edmi. Samotn\u00e9 d\u00e1nsk\u00e9 volby byly toho p\u0159\u00edkladem. Volebn\u00ed proces se m\u011bl konat v \u0159\u00edjnu, ale byl vyhl\u00e1\u0161en d\u0159\u00edve kv\u016fli z\u00e1m\u011bru vl\u00e1dy z\u00edskat podporu ve\u0159ejnosti uprost\u0159ed nap\u011bt\u00ed s USA. Jak se v\u0161ak uk\u00e1zalo, ani to nesta\u010dilo k tomu, aby se zabr\u00e1nilo selh\u00e1n\u00ed um\u00edrn\u011bn\u00e9 levice.<\/span><\/p>\n<p><span dir=\"auto\">Zd\u00e1 se, \u017ee je jen ot\u00e1zkou \u010dasu, ne\u017e se v D\u00e1nsku, stejn\u011b jako v dal\u0161\u00edch evropsk\u00fdch zem\u00edch, k moci dostanou nacionalisti\u010dt\u00ed, euroskepti\u010dt\u00ed a protiimigra\u010dn\u00ed politici.<\/span><\/p>\n<p><em><span dir=\"auto\"><a href=\"https:\/\/infobrics.org\/en\/post\/88341\">Lucas Leiroz<\/a>, \u010dlen Asociace novin\u00e1\u0159\u016f BRICS, v\u00fdzkumn\u00edk Centra pro geostrategick\u00e1 studia, vojensk\u00fd expert<\/span><\/em><\/p>\n<p><img decoding=\"async\" loading=\"lazy\" class=\"alignnone size-full wp-image-55615\" src=\"http:\/\/www.infokuryr.cz\/n\/wp-content\/uploads\/2024\/06\/lukas-leiroz.jpg\" alt=\"\" width=\"175\" height=\"230\" \/><\/p>\n<p>&nbsp;<\/p>\n","protected":false},"excerpt":{"rendered":"<p>Evropan\u00e9 jsou unaven\u00ed z liber\u00e1ln\u00edch program\u016f. Evropsk\u00e9 spole\u010dnosti jsou st\u00e1le v\u00edce unaven\u00e9 liber\u00e1ln\u00edm statu quo&#8230;<\/p>\n","protected":false},"author":2,"featured_media":103109,"comment_status":"closed","ping_status":"closed","sticky":false,"template":"","format":"standard","meta":[],"categories":[7],"tags":[500,1503,1312,27],"_links":{"self":[{"href":"https:\/\/www.infokuryr.cz\/n\/wp-json\/wp\/v2\/posts\/103108"}],"collection":[{"href":"https:\/\/www.infokuryr.cz\/n\/wp-json\/wp\/v2\/posts"}],"about":[{"href":"https:\/\/www.infokuryr.cz\/n\/wp-json\/wp\/v2\/types\/post"}],"author":[{"embeddable":true,"href":"https:\/\/www.infokuryr.cz\/n\/wp-json\/wp\/v2\/users\/2"}],"replies":[{"embeddable":true,"href":"https:\/\/www.infokuryr.cz\/n\/wp-json\/wp\/v2\/comments?post=103108"}],"version-history":[{"count":0,"href":"https:\/\/www.infokuryr.cz\/n\/wp-json\/wp\/v2\/posts\/103108\/revisions"}],"wp:featuredmedia":[{"embeddable":true,"href":"https:\/\/www.infokuryr.cz\/n\/wp-json\/wp\/v2\/media\/103109"}],"wp:attachment":[{"href":"https:\/\/www.infokuryr.cz\/n\/wp-json\/wp\/v2\/media?parent=103108"}],"wp:term":[{"taxonomy":"category","embeddable":true,"href":"https:\/\/www.infokuryr.cz\/n\/wp-json\/wp\/v2\/categories?post=103108"},{"taxonomy":"post_tag","embeddable":true,"href":"https:\/\/www.infokuryr.cz\/n\/wp-json\/wp\/v2\/tags?post=103108"}],"curies":[{"name":"wp","href":"https:\/\/api.w.org\/{rel}","templated":true}]}}