{"id":103105,"date":"2026-03-28T00:22:07","date_gmt":"2026-03-27T23:22:07","guid":{"rendered":"https:\/\/www.infokuryr.cz\/n\/?p=103105"},"modified":"2026-03-28T03:53:40","modified_gmt":"2026-03-28T02:53:40","slug":"miroslav-petr-tohle-vam-agent-pavek-nerekne","status":"publish","type":"post","link":"https:\/\/www.infokuryr.cz\/n\/2026\/03\/28\/miroslav-petr-tohle-vam-agent-pavek-nerekne\/","title":{"rendered":"Miroslav Petr: Tohle v\u00e1m agent P\u00e1vek ne\u0159ekne"},"content":{"rendered":"<div id=\"fb-root\"><\/div>\n<p>S t\u00edmhle se tento oby\u010dejn\u00fd voj\u00edn \/a \u017e\u00e1dn\u00fd &#8222;gener\u00e1l&#8220;\/ ve\u0159ejn\u011b nepochlub\u00ed. Ma\u0161\u00edn zve\u0159ej\u0148uje poprv\u00e9 tvrdou pravdu &#8211; velmi zaj\u00edmav\u00e9, ale p\u0159esto \u0161okuj\u00edc\u00ed informace, kter\u00e9 se jinak nesm\u00ed zve\u0159ejnit: &#8222;Funkce p\u0159edsedy vojensk\u00e9ho v\u00fdboru NATO, kterou agent P\u00e1vek m\u011bl, je zcela bezv\u00fdznamn\u00e1.<\/p>\n<p>Nem\u00e1 \u017e\u00e1dn\u00e1 rozhoduj\u00edc\u00ed pr\u00e1va. Funkci m\u016f\u017ee vykon\u00e1vat i hajn\u00fd. Je nesmysl, aby se NATO nechalo dirigovat n\u011bk\u00fdm s vojensk\u00fdm &#8222;vzd\u011bl\u00e1n\u00edm&#8220; P. Pavla. Jeho vzd\u011bl\u00e1n\u00ed by nesta\u010dilo ani na veden\u00ed nejmen\u0161\u00ed jednotky NATO. P. P. nikdy nebyl v situaci, kdy by musel za n\u011bco polo\u017eit \u017eivot.&#8220; St\u00e1le tvrd\u00edm, \u017ee jde o b\u011b\u017en\u00e9ho prachoby\u010dejn\u00e9ho voj\u00edna.<\/p>\n<p>Dle protoKol\u00e1\u0159e prezident nikdy neprohr\u00e1l. Tento soudruh nepochopil, \u017ee &#8222;gener\u00e1l&#8220; skute\u010dn\u011b prohr\u00e1l. Turek ho vzorn\u011b &#8222;p\u0159evezl&#8220;. M\u00edsto ministra d\u011bl\u00e1 vl\u00e1dn\u00edho zmocn\u011bnce, kter\u00fd nen\u00ed bez pravomoc\u00ed. Prezident si o to s\u00e1m \u0159ekl. Dle protoKol\u00e1\u0159e se prezident chov\u00e1 transparentn\u011b. Je transparentnost\u00ed naz\u00fdv\u00e1n trestn\u00fd \u010din &#8211; zve\u0159ej\u0148ov\u00e1n\u00ed soukrom\u00e9 korespondence? Zbl\u00e1znil jste se?<\/p>\n<p>Voj\u00edn Fujt\u00fdn, jako spr\u00e1vn\u00fd primitiv o n\u011bkter\u00e9m politikovi prohl\u00e1sil: &#8222;Pi\u0161t\u011bn\u00ed podsvin\u010d\u00e1kem je mi rajskou hudbou. V Rusku nejsou svobodn\u00e9 volby. Vl\u00e1dne tam \u0161\u00e9f mafie a je tam krimin\u00e1ln\u00ed vl\u00e1da v\u00e1le\u010dn\u00fdch zlo\u010dinc\u016f, korup\u010dn\u00edk\u016f a \u0161mejd\u016f.&#8220; Pro\u010d mi p\u0159ipomn\u011bl psychopata Cibulku? U\u017e od pohledu jeho xicht p\u0159ipom\u00edn\u00e1 podobu neandrt\u00e1lce.<\/p>\n<p>Kdy vl\u00e1da skon\u010d\u00ed financovat zbyte\u010dn\u00e9 \u0161koly, zab\u00fdvaj\u00edc\u00ed se gender, trans, atd., kter\u00e9 st\u00e1tu nep\u0159in\u00e1\u0161ej\u00ed \u017e\u00e1dn\u00fd u\u017eitek? Tato generace je zcela nezam\u011bstnateln\u00e1. Jedin\u011b tak skon\u010d\u00ed v\u0161echny \u0161koly a nebudou p\u0159ib\u00fdvat Ziskovky.<\/p>\n<p>M\u00e1lokdo v\u00ed, pro\u010d v eurovolb\u00e1ch op\u011bt vyhr\u00e1la gynekolo\u017eka. D\u016fvod prozradil jeden europolitik: Na ka\u017ed\u00e9ho poslance tam byl siln\u00fd n\u00e1tlak, dokonce i vyhro\u017eov\u00e1n\u00ed!<\/p>\n<p>Na podzim se maj\u00ed pod\u00e1vat samoreplikuj\u00edc\u00ed vakc\u00edny ve v\u011bt\u0161in\u011b zem\u00ed EU. Zp\u011bv\u00e1k, z\u0159ejm\u011b \u0161kolen\u00fd v Aspen institutu u\u017e za\u010d\u00edn\u00e1 propagovat o\u010dkov\u00e1n\u00ed. Kovid 2 se bl\u00ed\u017e\u00ed.<\/p>\n<p>Do v\u00edde\u0148sk\u00e9 \u0161koly chod\u00ed jeden jedin\u00fd n\u011bmeck\u00fd \u0161kol\u00e1k, ostatn\u00ed jsou muslimov\u00e9 a Arabov\u00e9. Prodejny kebab se u n\u00e1s nerozmno\u017euj\u00ed zbyte\u010dn\u011b. I \u010dern\u00fd hmyz mus\u00ed n\u011bco \u017er\u00e1t.<\/p>\n<p>Britsk\u00e1 loutka, pardon, prezident :&#8220;Pot\u0159ebujeme v\u00edc muslim\u016f, aby se stali poslanci, proto\u017ee pot\u0159ebujeme v\u011bt\u0161\u00ed isl\u00e1msk\u00e9 zastoupen\u00ed v\u00a0 parlamentu.&#8220; Nepochybujte, \u017ee Kmotr, bude jednat jinak, bude-li &#8211; nedej bo\u017ee &#8211; n\u011bkdy u moci.<\/p>\n<p>Kmotr mus\u00ed m\u00edt velmi n\u00edzk\u00e9 IQ, nen\u00ed-li schopen pochopit, \u017ee nen\u00ed nenahraditeln\u00fd a \u017ee d\u00edky sv\u00e9\u00a0 aroganci nem\u016f\u017ee b\u00fdt schv\u00e1len do parlamentu. Tak patologick\u00e1 touha po moci se hned tak nevid\u00ed.<\/p>\n<p>Lockdown 2 mo\u017en\u00e1 p\u0159ijde u\u017e na podzim. Dystopick\u00e1 opat\u0159en\u00ed ve sv\u011bt\u011b jedou naplno. Identifikace a povinn\u00e9 o\u010dkov\u00e1n\u00ed v cel\u00e9 EU m\u00e1 b\u00fdt zah\u00e1jeno u\u017e od za\u010d\u00e1tku p\u0159\u00ed\u0161t\u00edho roku.<\/p>\n<p>Britsk\u00e1 c\u00edrkevn\u00ed \u0161kola nut\u00ed nemuslimsk\u00e9 d\u011bti modlit se k All\u00e1hovi.<\/p>\n<p>Migrantsk\u00e9 gangy v N\u011bmecku st\u0159\u00edlej\u00ed po sob\u011b ka\u017edou noc. Kriminalita prudce roste, zvl\u00e1\u0161t\u011b \u00fatok\u016f s no\u017eem p\u0159ib\u00fdv\u00e1. Pr\u016fm\u011brn\u011b t\u0159i st\u0159elby ka\u017edou noc. Policie nest\u00edh\u00e1 vy\u0161et\u0159ovat kriminalitu migrant\u016f. Tohle tady chce\u0161, Kmot\u0159e V\u00edtku?<\/p>\n<p>Nov\u00fd zelen\u00fd starosta v Mnichov\u011b bude vyvlastnovat byty pro slim\u00e1ky. U\u017e je jasn\u00e9, od kohotento z\u00e1kon\u00a0 Iv\u00e1nek a Satan opisuj\u00ed.<\/p>\n<p>Macinka v Ma\u010farsku prohl\u00e1sil: &#8222;Osobnosti jako Michelangelo se rod\u00ed jednou za p\u011bt set let. Jednoho takov\u00e9ho \u010dlov\u011bka z Ma\u010farska zn\u00e1m. Nen\u00ed to nikdo jin\u00fd ne\u017e v\u00e1\u0161 premi\u00e9r.&#8220; Dostalo se mu bou\u0159liv\u00e9ho potlesku. Zato na\u0161i &#8222;geni\u00e1ln\u00ed&#8220; politici to pochopili zcela jinak. M\u00edsto aby to ch\u00e1pali, \u017ee takov\u00fd politik jako Orb\u00e1n se rod\u00ed jednou za p\u011bt set let, tak to brali jako srovn\u00e1n\u00ed, \u017ee Orb\u00e1n je sv\u011btov\u00fd mal\u00ed\u0159. Zdechlina bral sv\u011btov\u00e9ho mal\u00ed\u0159e dokonce jako homosexu\u00e1la&#8230; Nev\u011bd\u011bl jsem, \u017ee je takov\u00fd homofob. Z\u0159ejm\u011b m\u00e1 s touto men\u0161inou zku\u0161enosti. Dokonce chce test na drogy pro Macinku. V EU jsou drogy b\u011b\u017en\u00e9, nepochybn\u011b m\u00e1 i s nimi zku\u0161enosti&#8230; Norm\u00e1ln\u00edho \u010dlov\u011bka by tyto dv\u011b \u0161\u00edlenosti ani nenapadly. Skute\u010dn\u011b nen\u00ed tento Eurohujer v\u011bt\u0161\u00ed Pr\u016f\u0161a, ne\u017e jsme si mysleli?<\/p>\n<p><a href=\"https:\/\/www.czechfreepress.cz\/dalsi-blogy\/tohle-vam-agent-pavek-nerekne.html\">Miroslav Petr<\/a><\/p>\n<p>&nbsp;<\/p>\n","protected":false},"excerpt":{"rendered":"<p>S t\u00edmhle se tento oby\u010dejn\u00fd voj\u00edn \/a \u017e\u00e1dn\u00fd &#8222;gener\u00e1l&#8220;\/ ve\u0159ejn\u011b nepochlub\u00ed. Ma\u0161\u00edn zve\u0159ej\u0148uje poprv\u00e9 tvrdou&#8230;<\/p>\n","protected":false},"author":2,"featured_media":98330,"comment_status":"closed","ping_status":"closed","sticky":false,"template":"","format":"standard","meta":[],"categories":[6],"tags":[1503,1173,122,6581],"_links":{"self":[{"href":"https:\/\/www.infokuryr.cz\/n\/wp-json\/wp\/v2\/posts\/103105"}],"collection":[{"href":"https:\/\/www.infokuryr.cz\/n\/wp-json\/wp\/v2\/posts"}],"about":[{"href":"https:\/\/www.infokuryr.cz\/n\/wp-json\/wp\/v2\/types\/post"}],"author":[{"embeddable":true,"href":"https:\/\/www.infokuryr.cz\/n\/wp-json\/wp\/v2\/users\/2"}],"replies":[{"embeddable":true,"href":"https:\/\/www.infokuryr.cz\/n\/wp-json\/wp\/v2\/comments?post=103105"}],"version-history":[{"count":0,"href":"https:\/\/www.infokuryr.cz\/n\/wp-json\/wp\/v2\/posts\/103105\/revisions"}],"wp:featuredmedia":[{"embeddable":true,"href":"https:\/\/www.infokuryr.cz\/n\/wp-json\/wp\/v2\/media\/98330"}],"wp:attachment":[{"href":"https:\/\/www.infokuryr.cz\/n\/wp-json\/wp\/v2\/media?parent=103105"}],"wp:term":[{"taxonomy":"category","embeddable":true,"href":"https:\/\/www.infokuryr.cz\/n\/wp-json\/wp\/v2\/categories?post=103105"},{"taxonomy":"post_tag","embeddable":true,"href":"https:\/\/www.infokuryr.cz\/n\/wp-json\/wp\/v2\/tags?post=103105"}],"curies":[{"name":"wp","href":"https:\/\/api.w.org\/{rel}","templated":true}]}}