{"id":103090,"date":"2026-03-28T00:21:26","date_gmt":"2026-03-27T23:21:26","guid":{"rendered":"https:\/\/www.infokuryr.cz\/n\/?p=103090"},"modified":"2026-03-28T03:53:29","modified_gmt":"2026-03-28T02:53:29","slug":"mocensky-posun-ve-vatikanu-rothschilduv-banker-prebira-kontrolu","status":"publish","type":"post","link":"https:\/\/www.infokuryr.cz\/n\/2026\/03\/28\/mocensky-posun-ve-vatikanu-rothschilduv-banker-prebira-kontrolu\/","title":{"rendered":"Mocensk\u00fd posun ve Vatik\u00e1nu: Rothschild\u016fv bank\u00e9\u0159 p\u0159eb\u00edr\u00e1 kontrolu"},"content":{"rendered":"<div id=\"fb-root\"><\/div>\n<p><span dir=\"auto\">Fran\u00e7ois Pauly, b\u00fdval\u00fd \u0159editel skupiny Edmonda de Rothschilda, je zku\u0161en\u00fd finan\u010dn\u00ed mana\u017eer jmenovan\u00fd do\u00a0<\/span><a href=\"https:\/\/www.virgule.lu\/luxembourg\/francois-pauly-devient-president-du-conseil-de-surveillance-de-la-banque-du-vatican\/144486594.html\" target=\"_blank\" rel=\"noreferrer noopener\" data-type=\"link\" data-id=\"https:\/\/www.virgule.lu\/luxembourg\/francois-pauly-devient-president-du-conseil-de-surveillance-de-la-banque-du-vatican\/144486594.html\"><span dir=\"auto\">\u010dela dozor\u010d\u00ed rady Vatik\u00e1nsk\u00e9 banky<\/span><\/a><span dir=\"auto\">\u00a0(IOR). Jeho ofici\u00e1ln\u00ed jmenov\u00e1n\u00ed je napl\u00e1nov\u00e1no na 28. dubna v \u0158\u00edm\u011b \u2013 krok, kter\u00fd je vn\u00edm\u00e1n jako dal\u0161\u00ed pokus o stabilizaci po\u0161ramocen\u00e9 pov\u011bsti t\u00e9to \u00factyhodn\u00e9, ale \u010dasto kontroverzn\u00ed instituce.<\/span><\/p>\n<p><span dir=\"auto\">Jean-Baptiste Douville de Franssu, kter\u00fd banku vede od roku 2014, z\u016fstane prezidentem do t\u00e9 doby. Pod jeho veden\u00edm byla IOR po letech skand\u00e1l\u016f a probl\u00e9m\u016f s \u0159\u00edzen\u00edm restrukturalizov\u00e1na a p\u0159\u00edsn\u011bji regulov\u00e1na. V r\u00e1mci c\u00edrkve je jeho p\u016fsoben\u00ed vn\u00edm\u00e1no jako obdob\u00ed \u201eobnovy\u201c.<\/span><\/p>\n<p><em><span dir=\"auto\">B\u00fdval\u00fd \u0159editel Rothschild\u016f Fran\u00e7ois Pauly jmenov\u00e1n \u0161\u00e9fem Vatik\u00e1nsk\u00e9 banky \u2014 Virgule<\/span><\/em><\/p>\n<div class=\"twitter-tweet twitter-tweet-rendered\"><iframe id=\"twitter-widget-0\" class=\"\" title=\"X Post\" src=\"https:\/\/platform.twitter.com\/embed\/Tweet.html?dnt=false&amp;embedId=twitter-widget-0&amp;features=eyJ0ZndfdGltZWxpbmVfbGlzdCI6eyJidWNrZXQiOltdLCJ2ZXJzaW9uIjpudWxsfSwidGZ3X2ZvbGxvd2VyX2NvdW50X3N1bnNldCI6eyJidWNrZXQiOnRydWUsInZlcnNpb24iOm51bGx9LCJ0ZndfdHdlZXRfZWRpdF9iYWNrZW5kIjp7ImJ1Y2tldCI6Im9uIiwidmVyc2lvbiI6bnVsbH0sInRmd19yZWZzcmNfc2Vzc2lvbiI6eyJidWNrZXQiOiJvbiIsInZlcnNpb24iOm51bGx9LCJ0ZndfZm9zbnJfc29mdF9pbnRlcnZlbnRpb25zX2VuYWJsZWQiOnsiYnVja2V0Ijoib24iLCJ2ZXJzaW9uIjpudWxsfSwidGZ3X21peGVkX21lZGlhXzE1ODk3Ijp7ImJ1Y2tldCI6InRyZWF0bWVudCIsInZlcnNpb24iOm51bGx9LCJ0ZndfZXhwZXJpbWVudHNfY29va2llX2V4cGlyYXRpb24iOnsiYnVja2V0IjoxMjA5NjAwLCJ2ZXJzaW9uIjpudWxsfSwidGZ3X3Nob3dfYmlyZHdhdGNoX3Bpdm90c19lbmFibGVkIjp7ImJ1Y2tldCI6Im9uIiwidmVyc2lvbiI6bnVsbH0sInRmd19kdXBsaWNhdGVfc2NyaWJlc190b19zZXR0aW5ncyI6eyJidWNrZXQiOiJvbiIsInZlcnNpb24iOm51bGx9LCJ0ZndfdXNlX3Byb2ZpbGVfaW1hZ2Vfc2hhcGVfZW5hYmxlZCI6eyJidWNrZXQiOiJvbiIsInZlcnNpb24iOm51bGx9LCJ0ZndfdmlkZW9faGxzX2R5bmFtaWNfbWFuaWZlc3RzXzE1MDgyIjp7ImJ1Y2tldCI6InRydWVfYml0cmF0ZSIsInZlcnNpb24iOm51bGx9LCJ0ZndfbGVnYWN5X3RpbWVsaW5lX3N1bnNldCI6eyJidWNrZXQiOnRydWUsInZlcnNpb24iOm51bGx9LCJ0ZndfdHdlZXRfZWRpdF9mcm9udGVuZCI6eyJidWNrZXQiOiJvbiIsInZlcnNpb24iOm51bGx9fQ%3D%3D&amp;frame=false&amp;hideCard=false&amp;hideThread=false&amp;id=2036958288563130561&amp;lang=cs&amp;origin=https%3A%2F%2Funcutnews.ch%2Fmachtwechsel-im-vatikan-rothschild-banker-uebernimmt-kontrolle%2F&amp;sessionId=ee07bc3218fa2f856f6d5dc770350de792709d51&amp;theme=light&amp;widgetsVersion=2615f7e52b7e0%3A1702314776716&amp;width=550px\" frameborder=\"0\" scrolling=\"no\" allowfullscreen=\"allowfullscreen\" data-tweet-id=\"2036958288563130561\" data-mce-fragment=\"1\"><\/iframe><\/div>\n<p><span dir=\"auto\">Institut pro n\u00e1bo\u017eensk\u00e1 d\u00edla spravuje po cel\u00e9m sv\u011bt\u011b p\u0159ibli\u017en\u011b 12 000 \u00fa\u010dt\u016f \u2013 v\u010detn\u011b finan\u010dn\u00edch z\u00e1jm\u016f Vatik\u00e1nu, c\u00edrkevn\u00edch instituc\u00ed a samotn\u00e9ho pape\u017ee. Kardin\u00e1l Giuseppe Petrocchi, p\u0159edseda dozor\u010d\u00ed rady, Douvilla de Franssu v\u00fdslovn\u011b pochv\u00e1lil a vyj\u00e1d\u0159il d\u016fv\u011bru v budouc\u00ed sm\u011b\u0159ov\u00e1n\u00ed pod Paulyho veden\u00edm.<\/span><\/p>\n<p><span dir=\"auto\">Historie Vatik\u00e1nsk\u00e9 banky v\u0161ak z\u016fst\u00e1v\u00e1 pln\u00e1 kontroverz\u00ed. Historici a auto\u0159i po l\u00e9ta poukazuj\u00ed na jej\u00ed \u00fadajnou roli v takzvan\u00fdch \u201ekrys\u00edch lini\u00edch\u201c \u2013 \u00fanikov\u00fdch s\u00edt\u00edch, kter\u00fdmi nacisti\u010dt\u00ed \u00fa\u0159edn\u00edci po druh\u00e9 sv\u011btov\u00e9 v\u00e1lce opou\u0161t\u011bli Evropu. Archivn\u00ed dokumenty z USA a N\u011bmecka nazna\u010duj\u00ed, \u017ee \u010d\u00e1sti nacistick\u00e9ho zlata byly prost\u0159ednictv\u00edm IOR p\u0159evedeny do \u0160v\u00fdcarska, kde byly pozd\u011bji pou\u017eity k financov\u00e1n\u00ed \u00fat\u011bk\u016f.<\/span><\/p>\n<p><span dir=\"auto\">Zm\u011bna ve veden\u00ed tak p\u0159edstavuje nejen person\u00e1ln\u00ed p\u0159eskupen\u00ed, ale tak\u00e9 pokra\u010duj\u00edc\u00ed pokus o p\u0159em\u00edst\u011bn\u00ed instituce mezi n\u00e1bo\u017eensk\u00e9 posl\u00e1n\u00ed, glob\u00e1ln\u00ed finan\u010dn\u00ed moc a historickou z\u00e1t\u011b\u017e.<\/span><\/p>\n<p><span dir=\"auto\">Bylo by zaj\u00edmav\u00e9 v\u011bd\u011bt, jak\u00e9 poklady jsou ulo\u017eeny ve vatik\u00e1nsk\u00fdch sklepech.<\/span><\/p>\n<p><img decoding=\"async\" loading=\"lazy\" class=\"alignnone size-full wp-image-1185\" src=\"http:\/\/www.infokuryr.cz\/n\/wp-content\/uploads\/2021\/04\/kuryr-podpis.png\" alt=\"\" width=\"84\" height=\"24\" \/><\/p>\n<p>&nbsp;<\/p>\n","protected":false},"excerpt":{"rendered":"<p>Fran\u00e7ois Pauly, b\u00fdval\u00fd \u0159editel skupiny Edmonda de Rothschilda, je zku\u0161en\u00fd finan\u010dn\u00ed mana\u017eer jmenovan\u00fd do\u00a0\u010dela dozor\u010d\u00ed&#8230;<\/p>\n","protected":false},"author":2,"featured_media":103091,"comment_status":"closed","ping_status":"closed","sticky":false,"template":"","format":"standard","meta":[],"categories":[7],"tags":[1749,1574,329],"_links":{"self":[{"href":"https:\/\/www.infokuryr.cz\/n\/wp-json\/wp\/v2\/posts\/103090"}],"collection":[{"href":"https:\/\/www.infokuryr.cz\/n\/wp-json\/wp\/v2\/posts"}],"about":[{"href":"https:\/\/www.infokuryr.cz\/n\/wp-json\/wp\/v2\/types\/post"}],"author":[{"embeddable":true,"href":"https:\/\/www.infokuryr.cz\/n\/wp-json\/wp\/v2\/users\/2"}],"replies":[{"embeddable":true,"href":"https:\/\/www.infokuryr.cz\/n\/wp-json\/wp\/v2\/comments?post=103090"}],"version-history":[{"count":0,"href":"https:\/\/www.infokuryr.cz\/n\/wp-json\/wp\/v2\/posts\/103090\/revisions"}],"wp:featuredmedia":[{"embeddable":true,"href":"https:\/\/www.infokuryr.cz\/n\/wp-json\/wp\/v2\/media\/103091"}],"wp:attachment":[{"href":"https:\/\/www.infokuryr.cz\/n\/wp-json\/wp\/v2\/media?parent=103090"}],"wp:term":[{"taxonomy":"category","embeddable":true,"href":"https:\/\/www.infokuryr.cz\/n\/wp-json\/wp\/v2\/categories?post=103090"},{"taxonomy":"post_tag","embeddable":true,"href":"https:\/\/www.infokuryr.cz\/n\/wp-json\/wp\/v2\/tags?post=103090"}],"curies":[{"name":"wp","href":"https:\/\/api.w.org\/{rel}","templated":true}]}}