{"id":103068,"date":"2026-03-27T00:29:30","date_gmt":"2026-03-26T23:29:30","guid":{"rendered":"https:\/\/www.infokuryr.cz\/n\/?p=103068"},"modified":"2026-03-26T17:22:29","modified_gmt":"2026-03-26T16:22:29","slug":"jiri-vyvadil-konflikt-na-blizkem-vychode-se-zostruje-a-zostrovat-bude","status":"publish","type":"post","link":"https:\/\/www.infokuryr.cz\/n\/2026\/03\/27\/jiri-vyvadil-konflikt-na-blizkem-vychode-se-zostruje-a-zostrovat-bude\/","title":{"rendered":"Ji\u0159\u00ed Vyvadil: Konflikt na Bl\u00edzk\u00e9m v\u00fdchod\u011b se zost\u0159uje a zost\u0159ovat bude"},"content":{"rendered":"<div id=\"fb-root\"><\/div>\n<p><strong>Co\u017e o to, m\u00edr na Bl\u00edzk\u00e9m v\u00fdchod\u011b by bodnul, ov\u0161em probl\u00e9m je, \u017ee jak USA, tak i Izrael, kte\u0159\u00ed v\u00e1lku odstartovaly d\u011blaj\u00ed nep\u0159etr\u017eit\u00fd slet \u00fakonu zost\u0159uj\u00edc\u00ed v\u00e1le\u010dnou situaci a stejn\u011b tak i Ir\u00e1n, kter\u00fd po dvakr\u00e1te byl bez nads\u00e1zky uprost\u0159ed plodn\u00e9ho jedn\u00e1n\u00ed veden\u00edm zn\u00e1m\u00fdm duem Witkoff-Kushner r\u00e1zem p\u0159em\u011bn\u011bn v \u00fatok, ve druh\u00e9m p\u0159\u00edpad\u011b dokonce ve vyvra\u017e\u010fov\u00e1n\u00ed veden\u00ed Ir\u00e1nu.<\/strong><\/p>\n<p style=\"font-weight: 400;\">Z\u00a0logiky v\u011bci absolutn\u011b nem\u016f\u017ee kdokoliv v\u00a0Ir\u00e1nu d\u016fv\u011b\u0159ovat Trumpovi a jeho lidem.<\/p>\n<p style=\"font-weight: 400;\">Mimochodem z\u0159ejm\u011b i z\u00a0tohoto d\u016fvodu nen\u00ed vid\u011bt ani ze strany Ruska nad\u0161en\u00ed pro dal\u0161\u00ed vyjedn\u00e1v\u00e1n\u00ed o m\u00edrov\u00e9m uspo\u0159\u00e1d\u00e1n\u00ed o Ukrajin\u011b, kdy\u017e by zjevn\u011b USA zastupovali stejn\u011b podivn\u00ed \u0161\u00edb\u0159i jako p\u0159i jedn\u00e1n\u00ed s\u00a0Ir\u00e1nem. Pro\u010d jim d\u016fv\u011b\u0159ovat ? Nen\u00ed d\u016fvodu.<\/p>\n<p style=\"font-weight: 400;\">I proto se nyn\u00ed\u00a0\u00a0Ir\u00e1n\u00a0\u00a0\u00fasty vojensk\u00e9ho mluv\u010d\u00edho\u00a0\u00a0vysm\u00e1l patn\u00e1ctibodov\u00e9mu n\u00e1vrhu Donalda Trumpa na p\u0159\u00edm\u011b\u0159\u00ed s \u00cdr\u00e1nem a ozna\u010dil jej za strategick\u00e9 selh\u00e1n\u00ed a oslovil p\u0159\u00edmo Trumpa : Strategick\u00e1 s\u00edla, o kter\u00e9 jste se chlubili, se nyn\u00ed prom\u011bnila ve strategickou por\u00e1\u017eku. Pokud by se samozvan\u00e1 sv\u011btov\u00e1 supervelmoc mohla z t\u00e9to sv\u00edzeln\u00e9 situace vyhnout, ud\u011blala by tak&#8230;Ne\u0159\u00edkej sv\u00e9 por\u00e1\u017ece dohoda. \u010cas tv\u00fdch plan\u00fdch slib\u016f kone\u010dn\u011b skon\u010dil. Tv\u00e1 sebezam\u011b\u0159en\u00ed dos\u00e1hla \u00farovn\u011b vyjedn\u00e1v\u00e1n\u00ed sama se sebou.<\/p>\n<p style=\"font-weight: 400;\">Otev\u0159en\u011b a jednozna\u010dn\u011b prohla\u0161ujeme, \u017ee se \u017e\u00e1dn\u00e1 situace nikdy nevr\u00e1t\u00ed do p\u016fvodn\u00edho stavu, dokud k tomu nebudeme m\u00edt v\u00fdslovnou v\u016fli. To pouze nastane, a\u017e bude z va\u0161ich \u0161pinav\u00fdch mysl\u00ed zcela vym\u00fdcena samotn\u00e1 my\u0161lenka na jak\u00e9koli kroky proti \u00edr\u00e1nsk\u00e9mu n\u00e1rodu.\u00a0<strong>Na\u0161e prvn\u00ed a posledn\u00ed slovo od prvn\u00edho dne bylo a v\u017edycky bude. Nikdo se s n\u011bk\u00fdm, jako jsi ty, nikdy nedomluv\u00ed. Ani te\u010f, ani jindy<\/strong>.<\/p>\n<p style=\"font-weight: 400;\">A znovu, pro\u010d by m\u011bl Ir\u00e1n d\u016fv\u011b\u0159ovat m\u00edrov\u00fdm n\u00e1vrh\u016fm, kdy\u017e z\u00e1rove\u0148\u00a0\u00a0p\u0159ich\u00e1z\u00ed uprost\u0159ed vysl\u00e1n\u00ed 1 000 voj\u00e1k\u016f z 82. v\u00fdsadkov\u00e9 divize americk\u00e9 arm\u00e1dy na Bl\u00edzk\u00fd v\u00fdchod a\u00a0\u00a0ve dnech, kdy Pentagon tak\u00e9 pracuje na nasazen\u00ed dvou jednotek n\u00e1mo\u0159n\u00ed p\u011bchoty, kter\u00e9 do regionu p\u0159idaj\u00ed p\u0159ibli\u017en\u011b 5 000 mari\u0148\u00e1k\u016f a tis\u00edce n\u00e1mo\u0159n\u00edk\u016f.<\/p>\n<p style=\"font-weight: 400;\">Jako v\u017edy Trump k\u00a0tomu pronesl n\u011bkolik vz\u00e1jemn\u011b se zcela vylu\u010duj\u00edc\u00edch pozn\u00e1mek<\/p>\n<p style=\"font-weight: 400;\">\u201eMimochodem, jak v\u00edte, v \u00cdr\u00e1nu m\u00e1me obrovsk\u00fd \u00fasp\u011bch. Jeden jsme m\u011bli ve Venezuele a te\u010f m\u00e1me jeden v \u00cdr\u00e1nu. Nemaj\u00ed u\u017e \u017e\u00e1dn\u00e9 n\u00e1mo\u0159nictvo.\u201c Nemaj\u00ed \u017e\u00e1dn\u00e9 letectvo. Nemaj\u00ed \u017e\u00e1dn\u00e9 protiletadlov\u00e9 vybaven\u00ed, \u017e\u00e1dn\u00fd radar, \u017e\u00e1dn\u00ed v\u016fdci.\u00a0<strong>V\u016fdci jsou v\u0161ichni pry\u010d. Nikdo nev\u00ed, s k\u00fdm mluvit, ale my \u2013\u00a0\u00a0vlastn\u011b mluv\u00edme se spr\u00e1vn\u00fdmi lidmi a oni tak moc cht\u011bj\u00ed uzav\u0159\u00edt dohodu. Nem\u00e1te tu\u0161en\u00ed, jak moc cht\u011bj\u00ed uzav\u0159\u00edt dohodu<\/strong>.<\/p>\n<p style=\"font-weight: 400;\">\u017de Izrael se d\u011bs\u00ed ukon\u010den\u00ed vojensk\u00fdch \u00fatok\u016f na Ir\u00e1n asi ka\u017ed\u00fd ch\u00e1pe. Je to p\u0159edev\u0161\u00edm jeho v\u00e1lka. On donutil Trumpa k\u00a0jej\u00edmu zah\u00e1jen\u00ed.<\/p>\n<p style=\"font-weight: 400;\">Dramatickou novinkou posledn\u00edch dn\u00ed, kter\u00e9 doslova m\u011bn\u00ed charakter konfliktu proti Ir\u00e1nu p\u0159inesl saudsk\u00fd korunn\u00ed princ<\/p>\n<p style=\"font-weight: 400;\">Sa\u00fadskoarabsk\u00fd de facto vl\u00e1dce korunn\u00ed princ Muhammad bin Salm\u00e1n, v z\u00e1kulis\u00ed nal\u00e9h\u00e1 na USA k \u00fatoku na \u00cdr\u00e1n, informovaly 24. den\u00edky The New York Times a NYT. Muhamed bin Salm\u00e1n v ned\u00e1vn\u00e9m telefon\u00e1tu americk\u00e9mu prezidentovi Donaldu Trumpovi \u0159ekl, \u017ee v\u00e1lka je \u201ehistorickou p\u0159\u00edle\u017eitost\u00ed k p\u0159etvo\u0159en\u00ed Bl\u00edzk\u00e9ho v\u00fdchodu\u201c a \u017ee by m\u011bla sm\u011b\u0159ovat k \u201e\u00fapln\u00e9 demont\u00e1\u017ei nekompromisn\u00ed \u00edr\u00e1nsk\u00e9 vl\u00e1dy\u201c. Bin Salm\u00e1n tak\u00e9 argumentoval, \u017ee \u201e\u00cdr\u00e1n p\u0159edstavuje dlouhodobou hrozbu pro oblast Persk\u00e9ho z\u00e1livu a tento probl\u00e9m lze vy\u0159e\u0161it pouze odstran\u011bn\u00edm sou\u010dasn\u00e9 \u00edr\u00e1nsk\u00e9 vl\u00e1dy,\u201c uv\u00e1d\u00ed se ve zpr\u00e1v\u011b.\u00a0\u00a0Tak\u017ee nejen izraelsk\u00fd premi\u00e9r Benjamin Netanjahu, kter\u00fd vn\u00edm\u00e1 \u00cdr\u00e1n jako nejv\u011bt\u0161\u00ed bezpe\u010dnostn\u00ed hrozbu, a vojensky se nejv\u00edce anga\u017euje, ale i p\u0159edstavitel nejv\u011bt\u0161\u00ed zem\u011b Persk\u00e9ho z\u00e1livu tla\u010d\u00ed a tla\u010d\u00ed.<\/p>\n<p style=\"font-weight: 400;\">Zapome\u0148me na to, \u017ee v\u00e1lka na Bl\u00edzk\u00e9m v\u00fdhod\u011b brzy skon\u010d\u00ed a zapome\u0148me logicky i na to, \u017ee se brzy\u00a0\u00a0vy\u0159e\u0161\u00ed ropn\u00e1 krize.<\/p>\n<p style=\"font-weight: 400;\">A neberme v\u00e1\u017en\u011b chl\u00e1choliv\u00e1 a triumfalistick\u00e1 slova Donalda Trump, jak protiir\u00e1nsk\u00e1 akce b\u011b\u017e\u00ed jako po m\u00e1sle.<\/p>\n<p style=\"font-weight: 400;\">Z toho vypl\u00fdv\u00e1 jeden z\u00e1v\u011br a t\u00fdk\u00e1 se i na\u0161\u00ed vl\u00e1dy, kter\u00e9 bych nep\u0159\u00e1l, aby se na to zasekla. V\u00e1\u0161niv\u00ed obdivovatel\u00e9 Donalda Trumpa i v \u010desk\u00e9 politick\u00e9 krajin\u011b by si m\u011bli d\u00e1t trochu odstup. Bude-li nesmyslen\u00e1 Trumpova v\u00e1lka pokra\u010dovat je\u0161t\u011b do konce roku, a to je pravd\u011bpodobn\u00e9, proto\u017ee podle nez\u00e1visl\u00fdch odborn\u00edk\u016f (\u010dasto b\u00fdval\u00fdch analytik\u016f CIA \u010di b\u00fdval\u00fdch vysok\u00fdch \u00fa\u0159edn\u00edk\u016f americk\u00e9ho ministerstva obrany) je toho schopen, m\u016f\u017ee se jednat pomysln\u011b sv\u00fdmi d\u016fsledky o nov\u00fd Vietnam \u010di Afgh\u00e1nist\u00e1n.<\/p>\n<p style=\"font-weight: 400;\">My to p\u0159e\u017eijeme, ale pro USA to bude fat\u00e1ln\u00ed por\u00e1\u017eka.<\/p>\n<p style=\"font-weight: 400;\">Asi tak.<\/p>\n<p><a href=\"https:\/\/vasevec.info\/blogy\/konflikt-na-blizkem-vychode-se-zostruje-zostrovat-bude\">Ji\u0159\u00ed Vyvadil<\/a><\/p>\n<p><img decoding=\"async\" loading=\"lazy\" class=\"alignnone size-medium wp-image-16474\" src=\"http:\/\/www.infokuryr.cz\/n\/wp-content\/uploads\/2022\/10\/jiri-vyvadil-300x200.jpg\" alt=\"\" width=\"300\" height=\"200\" srcset=\"https:\/\/www.infokuryr.cz\/n\/wp-content\/uploads\/2022\/10\/jiri-vyvadil-300x200.jpg 300w, https:\/\/www.infokuryr.cz\/n\/wp-content\/uploads\/2022\/10\/jiri-vyvadil-768x512.jpg 768w, https:\/\/www.infokuryr.cz\/n\/wp-content\/uploads\/2022\/10\/jiri-vyvadil.jpg 800w\" sizes=\"(max-width: 300px) 100vw, 300px\" \/><\/p>\n<p>&nbsp;<\/p>\n","protected":false},"excerpt":{"rendered":"<p>Co\u017e o to, m\u00edr na Bl\u00edzk\u00e9m v\u00fdchod\u011b by bodnul, ov\u0161em probl\u00e9m je, \u017ee jak USA,&#8230;<\/p>\n","protected":false},"author":2,"featured_media":80985,"comment_status":"closed","ping_status":"closed","sticky":false,"template":"","format":"standard","meta":[],"categories":[6],"tags":[1854,38,1503,452,40],"_links":{"self":[{"href":"https:\/\/www.infokuryr.cz\/n\/wp-json\/wp\/v2\/posts\/103068"}],"collection":[{"href":"https:\/\/www.infokuryr.cz\/n\/wp-json\/wp\/v2\/posts"}],"about":[{"href":"https:\/\/www.infokuryr.cz\/n\/wp-json\/wp\/v2\/types\/post"}],"author":[{"embeddable":true,"href":"https:\/\/www.infokuryr.cz\/n\/wp-json\/wp\/v2\/users\/2"}],"replies":[{"embeddable":true,"href":"https:\/\/www.infokuryr.cz\/n\/wp-json\/wp\/v2\/comments?post=103068"}],"version-history":[{"count":0,"href":"https:\/\/www.infokuryr.cz\/n\/wp-json\/wp\/v2\/posts\/103068\/revisions"}],"wp:featuredmedia":[{"embeddable":true,"href":"https:\/\/www.infokuryr.cz\/n\/wp-json\/wp\/v2\/media\/80985"}],"wp:attachment":[{"href":"https:\/\/www.infokuryr.cz\/n\/wp-json\/wp\/v2\/media?parent=103068"}],"wp:term":[{"taxonomy":"category","embeddable":true,"href":"https:\/\/www.infokuryr.cz\/n\/wp-json\/wp\/v2\/categories?post=103068"},{"taxonomy":"post_tag","embeddable":true,"href":"https:\/\/www.infokuryr.cz\/n\/wp-json\/wp\/v2\/tags?post=103068"}],"curies":[{"name":"wp","href":"https:\/\/api.w.org\/{rel}","templated":true}]}}