{"id":102955,"date":"2026-03-26T00:30:03","date_gmt":"2026-03-25T23:30:03","guid":{"rendered":"https:\/\/www.infokuryr.cz\/n\/?p=102955"},"modified":"2026-03-25T15:57:41","modified_gmt":"2026-03-25T14:57:41","slug":"demograficka-sebedestrukce-odbornici-varuji-pred-evropskou-migracni-politikou","status":"publish","type":"post","link":"https:\/\/www.infokuryr.cz\/n\/2026\/03\/26\/demograficka-sebedestrukce-odbornici-varuji-pred-evropskou-migracni-politikou\/","title":{"rendered":"\u201eDemografick\u00e1 sebedestrukce\u201c: Odborn\u00edci varuj\u00ed p\u0159ed evropskou migra\u010dn\u00ed politikou"},"content":{"rendered":"<div id=\"fb-root\"><\/div>\n<p><strong><span dir=\"auto\">Migra\u010dn\u00ed politika pod tlakem: Kritika sm\u011b\u0159ov\u00e1n\u00ed EU a v\u00fdzvy k v\u011bt\u0161\u00ed kontrole na n\u00e1rodn\u00ed \u00farovni<\/span><\/strong><\/p>\n<p><span dir=\"auto\">Na\u00a0<\/span><a href=\"https:\/\/rmx.news\/article\/europeans-are-committing-demographic-suicide-eu-politicians-and-researchers-gather-in-warsaw-to-discuss-solutions-for-europes-immigration-crisis\/\" target=\"_blank\" rel=\"noreferrer noopener\" data-type=\"link\" data-id=\"https:\/\/rmx.news\/article\/europeans-are-committing-demographic-suicide-eu-politicians-and-researchers-gather-in-warsaw-to-discuss-solutions-for-europes-immigration-crisis\/\"><span dir=\"auto\">konferenci ve Var\u0161av\u011b<\/span><\/a><span dir=\"auto\">\u00a0evrop\u0161t\u00ed politici, akademici a tv\u016frci politik vyj\u00e1d\u0159ili ost\u0159e kritiku sou\u010dasn\u00e9 migra\u010dn\u00ed politiky Evropsk\u00e9 unie. Zam\u011b\u0159en\u00ed bylo na prezentaci zpr\u00e1vy, kter\u00e1 vyz\u00fdv\u00e1 k v\u011bt\u0161\u00edmu p\u0159enosu pravomoc\u00ed zp\u011bt na \u010dlensk\u00e9 st\u00e1ty.<\/span><\/p>\n<p><span dir=\"auto\">N\u011bkolik \u0159e\u010dn\u00edk\u016f vykreslilo kritick\u00fd obraz demografick\u00e9ho v\u00fdvoje Evropy. Rodrigo Ballester, \u0159editel Centra pro evropsk\u00e1 studia, hovo\u0159il o \u201edemografick\u00e9m sebeohro\u017een\u00ed\u201c. Pouk\u00e1zal na kombinaci st\u00e1rnouc\u00edch spole\u010dnost\u00ed a n\u00edzk\u00e9 porodnosti v Evrop\u011b spolu s rostouc\u00ed imigrac\u00ed mlad\u0161\u00edch populac\u00ed. D\u00e1le argumentoval, \u017ee st\u00e1vaj\u00edc\u00ed p\u0159edpisy pro \u0159\u00edzen\u00ed migrace, jako jsou mezin\u00e1rodn\u00ed dohody, jako je \u017denevsk\u00e1 \u00famluva o uprchl\u00edc\u00edch, ji\u017e nejsou dostate\u010dn\u011b p\u0159izp\u016fsobeny dne\u0161n\u00ed dynamice.<\/span><\/p>\n<figure class=\"wp-block-embed is-type-video is-provider-youtube wp-block-embed-youtube wp-embed-aspect-16-9 wp-has-aspect-ratio\">\n<div class=\"wp-block-embed__wrapper\"><iframe loading=\"lazy\" title=\"Kdo ovl\u00e1d\u00e1 Evropu? Bitva o migra\u010dn\u00ed politiku\" src=\"https:\/\/www.youtube.com\/embed\/oOjI46m3_6A?start=612&amp;feature=oembed\" width=\"800\" height=\"450\" frameborder=\"0\" allowfullscreen=\"allowfullscreen\" data-mce-fragment=\"1\"><\/iframe><\/div>\n<\/figure>\n<p><span dir=\"auto\">Zpr\u00e1va obsahuje celkem 18 n\u00e1vrh\u016f, jejich\u017e c\u00edlem je poskytnout \u010dlensk\u00fdm st\u00e1t\u016fm v\u011bt\u0161\u00ed flexibilitu v migra\u010dn\u00ed politice. Podle autor\u016f st\u00e1vaj\u00edc\u00ed evropsk\u00e9 a mezin\u00e1rodn\u00ed pr\u00e1vn\u00ed r\u00e1mce ji\u017e nab\u00edzej\u00ed v\u00edce mo\u017enost\u00ed, ne\u017e se \u010dasto vyu\u017e\u00edv\u00e1 \u2013 zejm\u00e9na pokud jde o hrani\u010dn\u00ed kontroly a \u0159\u00edzen\u00ed imigrace.<\/span><\/p>\n<p><span dir=\"auto\">B\u011bhem konference se \u0159e\u0161ily tak\u00e9 rozd\u00edly v r\u00e1mci Evropy. Polsk\u00fd sociolog Zdzis\u0142aw Krasnod\u0119bski srovnal Var\u0161avu s n\u011bmeck\u00fdm m\u011bstem Br\u00e9my. Zat\u00edmco Var\u0161ava za\u017e\u00edv\u00e1 hospod\u00e1\u0159sk\u00fd r\u016fst, Br\u00e9my \u010del\u00ed soci\u00e1ln\u00edm a bezpe\u010dnostn\u00edm v\u00fdzv\u00e1m. Spojil to s rozd\u00edln\u00fdmi p\u0159\u00edstupy k migra\u010dn\u00ed politice.<\/span><\/p>\n<p><span dir=\"auto\">Dal\u0161\u00ed \u00fa\u010dastn\u00edci v\u0161ak varovali, \u017ee podobn\u00fd v\u00fdvoj by mohl v dlouhodob\u00e9m horizontu ovlivnit i zem\u011b st\u0159edn\u00ed a v\u00fdchodn\u00ed Evropy. B\u00fdval\u00fd poslanec Evropsk\u00e9ho parlamentu Jacek Saryusz-Wolski vyj\u00e1d\u0159il obavy, \u017ee rostouc\u00ed vliv EU na vnitrost\u00e1tn\u00ed migra\u010dn\u00ed politiky by mohl v\u00e9st k otev\u0159en\u011bj\u0161\u00edm hranic\u00edm \u2013 s d\u016fsledky, kter\u00e9 jsou v n\u011bkter\u00fdch \u010d\u00e1stech z\u00e1padn\u00ed Evropy ji\u017e viditeln\u00e9.<\/span><\/p>\n<p><span dir=\"auto\">Kritika byla sm\u011b\u0159ov\u00e1na i na roli samotn\u00e9 Evropsk\u00e9 unie. N\u011bkte\u0159\u00ed \u00fa\u010dastn\u00edci obvinili Brusel z p\u0159ekro\u010den\u00ed sv\u00fdch form\u00e1ln\u00edch povinnost\u00ed a tla\u010den\u00ed \u010dlensk\u00fdch st\u00e1t\u016f ke spole\u010dn\u00e9mu migra\u010dn\u00edmu syst\u00e9mu. Pouk\u00e1zali tak\u00e9 na nerovn\u00e9 zach\u00e1zen\u00ed s jednotliv\u00fdmi zem\u011bmi a politick\u00fd tlak na p\u0159erozd\u011blov\u00e1n\u00ed migrant\u016f.<\/span><\/p>\n<p><span dir=\"auto\">Krom\u011b politick\u00fdch a pr\u00e1vn\u00edch ot\u00e1zek byly \u0159e\u0161eny i praktick\u00e9 v\u00fdzvy. Nap\u0159\u00edklad v Evrop\u011b existuj\u00ed velk\u00e9 skupiny migrant\u016f, jejich\u017e status pobytu je nejasn\u00fd. To komplikuje kontrolu a zat\u011b\u017euje trh s bydlen\u00edm, ekonomiku a ve\u0159ejn\u00e9 slu\u017eby.<\/span><\/p>\n<p><span dir=\"auto\">Zar\u00e1\u017eej\u00edc\u00ed bylo tak\u00e9 to, \u017ee se st\u00e1le \u010dast\u011bji kriticky diskutovalo nejen o neleg\u00e1ln\u00ed, ale i o leg\u00e1ln\u00ed migraci. N\u011bkte\u0159\u00ed \u00fa\u010dastn\u00edci tvrdili, \u017ee zejm\u00e9na rozs\u00e1hl\u00e1 leg\u00e1ln\u00ed imigrace p\u0159isp\u011bla k hlubok\u00fdm demografick\u00fdm a soci\u00e1ln\u00edm zm\u011bn\u00e1m.<\/span><\/p>\n<p><span dir=\"auto\">Zpr\u00e1va vyjad\u0159uje celkovou kritiku st\u00e1vaj\u00edc\u00edho migra\u010dn\u00edho paktu EU. Auto\u0159i vid\u00ed riziko, \u017ee by mohl v\u00e9st k dal\u0161\u00edmu n\u00e1r\u016fstu migrace a omezen\u00ed n\u00e1rodn\u00ed autonomie. M\u00edsto toho se zasazuj\u00ed o p\u0159\u00edsn\u011bj\u0161\u00ed hrani\u010dn\u00ed kontroly a v\u011bt\u0161\u00ed n\u00e1rodn\u00ed flexibilitu \u2013 v\u010detn\u011b d\u016fsledn\u00e9ho navracen\u00ed osob bez pr\u00e1va pobytu.<\/span><\/p>\n<p><img decoding=\"async\" loading=\"lazy\" class=\"alignnone size-full wp-image-1185\" src=\"http:\/\/www.infokuryr.cz\/n\/wp-content\/uploads\/2021\/04\/kuryr-podpis.png\" alt=\"\" width=\"84\" height=\"24\" \/><\/p>\n<p>&nbsp;<\/p>\n","protected":false},"excerpt":{"rendered":"<p>Migra\u010dn\u00ed politika pod tlakem: Kritika sm\u011b\u0159ov\u00e1n\u00ed EU a v\u00fdzvy k v\u011bt\u0161\u00ed kontrole na n\u00e1rodn\u00ed \u00farovni&#8230;<\/p>\n","protected":false},"author":2,"featured_media":102956,"comment_status":"closed","ping_status":"closed","sticky":false,"template":"","format":"standard","meta":[],"categories":[7],"tags":[10788,283,567,758],"_links":{"self":[{"href":"https:\/\/www.infokuryr.cz\/n\/wp-json\/wp\/v2\/posts\/102955"}],"collection":[{"href":"https:\/\/www.infokuryr.cz\/n\/wp-json\/wp\/v2\/posts"}],"about":[{"href":"https:\/\/www.infokuryr.cz\/n\/wp-json\/wp\/v2\/types\/post"}],"author":[{"embeddable":true,"href":"https:\/\/www.infokuryr.cz\/n\/wp-json\/wp\/v2\/users\/2"}],"replies":[{"embeddable":true,"href":"https:\/\/www.infokuryr.cz\/n\/wp-json\/wp\/v2\/comments?post=102955"}],"version-history":[{"count":0,"href":"https:\/\/www.infokuryr.cz\/n\/wp-json\/wp\/v2\/posts\/102955\/revisions"}],"wp:featuredmedia":[{"embeddable":true,"href":"https:\/\/www.infokuryr.cz\/n\/wp-json\/wp\/v2\/media\/102956"}],"wp:attachment":[{"href":"https:\/\/www.infokuryr.cz\/n\/wp-json\/wp\/v2\/media?parent=102955"}],"wp:term":[{"taxonomy":"category","embeddable":true,"href":"https:\/\/www.infokuryr.cz\/n\/wp-json\/wp\/v2\/categories?post=102955"},{"taxonomy":"post_tag","embeddable":true,"href":"https:\/\/www.infokuryr.cz\/n\/wp-json\/wp\/v2\/tags?post=102955"}],"curies":[{"name":"wp","href":"https:\/\/api.w.org\/{rel}","templated":true}]}}