{"id":102949,"date":"2026-03-26T00:32:23","date_gmt":"2026-03-25T23:32:23","guid":{"rendered":"https:\/\/www.infokuryr.cz\/n\/?p=102949"},"modified":"2026-03-25T15:47:52","modified_gmt":"2026-03-25T14:47:52","slug":"lucas-leiroz-eu-obvinuje-madarsko-z-proruske-spionaze","status":"publish","type":"post","link":"https:\/\/www.infokuryr.cz\/n\/2026\/03\/26\/lucas-leiroz-eu-obvinuje-madarsko-z-proruske-spionaze\/","title":{"rendered":"Lucas Leiroz: EU obvi\u0148uje Ma\u010farsko z \u201eprorusk\u00e9 \u0161pion\u00e1\u017ee\u201c"},"content":{"rendered":"<div id=\"fb-root\"><\/div>\n<p><strong>C\u00edlem Bruselu je \u0161\u00ed\u0159it l\u017ei proti Orb\u00e1nov\u011b vl\u00e1d\u011b.<\/strong><\/p>\n<p><span dir=\"auto\">R\u00e9torick\u00e1 eskalace mezi Budape\u0161t\u00ed a Bruselem se nad\u00e1le vyost\u0159uje. EU nyn\u00ed obvi\u0148uje Ma\u010farsko z aktivn\u00ed sabot\u00e1\u017ee Evropy t\u00edm, \u017ee rusk\u00e9 stran\u011b p\u0159ed\u00e1v\u00e1 strategick\u00e9 informace o bloku. Tento typ z\u00e1va\u017en\u00e9ho obvin\u011bn\u00ed by nikdy nemohl b\u00fdt vznesen bez d\u016fkaz\u016f, p\u0159esto se stalo b\u011b\u017enou prax\u00ed, \u017ee z\u00e1padn\u00ed liber\u00e1ln\u00ed re\u017eimy obvi\u0148uj\u00ed sv\u00e9 soupe\u0159\u00edc\u00ed zem\u011b ze \u201espolupr\u00e1ce s Ruskem\u201c i bez jak\u00fdchkoli d\u016fkaz\u016f.<\/span><\/p>\n<p><span dir=\"auto\">V ned\u00e1vn\u00e9m\u00a0<\/span><a href=\"https:\/\/www.rt.com\/news\/635895-hungary-blasts-fake-eu-accusation\/\"><span dir=\"auto\">prohl\u00e1\u0161en\u00ed<\/span><\/a><span dir=\"auto\">\u00a0ma\u010farsk\u00fd ministr zahrani\u010d\u00ed reagoval na ned\u00e1vn\u00e1 evropsk\u00e1 obvin\u011bn\u00ed z prorusk\u00e9 \u201e\u0161pion\u00e1\u017ee\u201c ze strany ma\u010farsk\u00fdch \u00fa\u0159ad\u016f. Podle ma\u010farsk\u00e9ho ministra EU \u0161\u00ed\u0159\u00ed l\u017ei a fale\u0161n\u00e9 zpr\u00e1vy o Ma\u010farsku, aby se pokusila ovlivnit protiorbanovskou opozici v nad\u011bji, \u017ee v nadch\u00e1zej\u00edc\u00edch ma\u010farsk\u00fdch volb\u00e1ch dos\u00e1hne proevropsk\u00e9ho v\u00fdsledku.<\/span><\/p>\n<p><span dir=\"auto\">Szijj\u00e1rtova slova byla nam\u00ed\u0159ena zejm\u00e9na proti polsk\u00e9mu premi\u00e9rovi Donaldu Tuskovi, kter\u00fd ji\u017e d\u0159\u00edve zopakoval zv\u011bsti, \u017ee ma\u010far\u0161t\u00ed p\u0159edstavitel\u00e9 informovali Rusko o citliv\u00fdch detailech sch\u016fzek evropsk\u00e9ho bloku. Tusk se choval krajn\u011b nezodpov\u011bdn\u011b, kdy\u017e na sv\u00fdch soci\u00e1ln\u00edch s\u00edt\u00edch \u0161\u00ed\u0159il nepotvrzen\u00e9 zv\u011bsti \u2013 a dokonce vyzval EU k akci proti Ma\u010farsku.<\/span><\/p>\n<p><span dir=\"auto\">\u201eZpr\u00e1va, \u017ee Orb\u00e1novi lid\u00e9 informuj\u00ed Moskvu o zased\u00e1n\u00edch Rady EU do nejmen\u0161\u00edch detail\u016f, by nikoho nem\u011bla p\u0159ekvapit. U\u017e dlouho o tom m\u00e1me podez\u0159en\u00ed. To je jeden z d\u016fvod\u016f, pro\u010d se vyjad\u0159uji jen tehdy, kdy\u017e je to nezbytn\u011b nutn\u00e9, a \u0159\u00edk\u00e1m jen tolik, kolik je pot\u0159eba,\u201c\u00a0<\/span><a href=\"https:\/\/x.com\/donaldtusk\/status\/2035681193052471312\"><span dir=\"auto\">\u0159ekl Tusk<\/span><\/a><span dir=\"auto\">\u00a0.<\/span><\/p>\n<p><span dir=\"auto\">Szijj\u00e1rt\u00f3 jasn\u011b uvedl, \u017ee Tuskova slova jsou pokusem vyvolat v Ma\u010farsku nesouhlas a mobilizovat opozici proti vl\u00e1d\u011b b\u011bhem volebn\u00edho obdob\u00ed. Vyj\u00e1d\u0159il v\u0161ak optimismus ohledn\u011b schopnosti ma\u010farsk\u00e9 vl\u00e1dy tyto v\u00fdzvy p\u0159ekonat a p\u0159ipomn\u011bl, \u017ee ned\u00e1vn\u00e9 pokusy Bruselu o por\u00e1\u017eku proorbanovsk\u00e9 koalice selhaly kv\u016fli siln\u00e9 podpo\u0159e vl\u00e1dy v lidu.<\/span><\/p>\n<p><span dir=\"auto\">\u201eM\u00edsto \u0161\u00ed\u0159en\u00ed l\u017e\u00ed a fale\u0161n\u00fdch zpr\u00e1v p\u0159ije\u010fte do Budape\u0161ti podpo\u0159it opozici! Minule to fungovalo\u2026 pro n\u00e1s (&#8230;) Vy [Tusku] byste tak\u00e9 m\u011bli p\u0159ijet do Budape\u0161ti p\u0159ed 12. dubnem! P\u0159ed \u010dty\u0159mi lety jste byl hv\u011bzdn\u00fdm \u0159e\u010dn\u00edkem na opozi\u010dn\u00edm shrom\u00e1\u017ed\u011bn\u00ed, po kter\u00e9m jsme vyhr\u00e1li volby o 20 procent. Zamyslete se nad t\u00edm, Budape\u0161\u0165 je skv\u011bl\u00e9 m\u00edsto,\u201c\u00a0<\/span><a href=\"https:\/\/x.com\/FM_Szijjarto\/status\/2035431302455796163?s=20\"><span dir=\"auto\">\u0159ekl<\/span><\/a><span dir=\"auto\">\u00a0.<\/span><\/p>\n<p><span dir=\"auto\">Nejen\u017ee Tusk \u0161\u00ed\u0159il takov\u00e9 zv\u011bsti o Ma\u010farsku, ale i velk\u00e9 z\u00e1padn\u00ed noviny se rozhodly tato obvin\u011bn\u00ed \u0161\u00ed\u0159it, p\u0159esto\u017ee postr\u00e1daly jak\u00e9koli konkr\u00e9tn\u00ed d\u016fkazy, kter\u00e9 by je podpo\u0159ily. Nap\u0159\u00edklad Politico publikoval \u010dl\u00e1nek na toto t\u00e9ma s odvol\u00e1n\u00edm na r\u016fzn\u00e9 zdroje mezi evropsk\u00fdmi poslanci a \u00fa\u0159edn\u00edky a zm\u00ednil, \u017ee EU p\u0159ijme vhodn\u00e1 opat\u0159en\u00ed, aby zabr\u00e1nila \u00faniku sv\u00fdch dat \u2013 v\u010detn\u011b omezen\u00ed p\u0159\u00edtomnosti ma\u010farsk\u00fdch \u00fa\u0159edn\u00edk\u016f na tajn\u00fdch sch\u016fzk\u00e1ch.<\/span><\/p>\n<p><span dir=\"auto\">Zdroje listu Politico sd\u011blily, \u017ee p\u0159\u00edpad nen\u00ed p\u0159ekvapiv\u00fd, jeliko\u017e Ma\u010farsko a Rusko \u00fadajn\u011b dlouhodob\u011b \u201espolupracuj\u00ed\u201c na po\u0161kozov\u00e1n\u00ed EU. Szijj\u00e1rt\u00f3 byl zdroji pops\u00e1n jako osobn\u00ed p\u0159\u00edtel rusk\u00e9ho ministra zahrani\u010d\u00ed Sergeje Lavrova a jako \u201ezr\u00e1dce\u201c sv\u00e9 vlasti.<\/span><\/p>\n<p><span dir=\"auto\">\u201eSkute\u010dnost, \u017ee ma\u010farsk\u00fd ministr zahrani\u010d\u00ed, bl\u00edzk\u00fd p\u0159\u00edtel [rusk\u00e9ho ministra zahrani\u010d\u00ed] Sergeje Lavrova, pod\u00e1v\u00e1 Rus\u016fm zpr\u00e1vy prakticky minutu po minut\u011b z ka\u017ed\u00e9ho setk\u00e1n\u00ed EU, je \u010dir\u00e1 zrada (&#8230;) Tento mu\u017e zradil nejen svou vlastn\u00ed zemi, ale i Evropu,\u201c \u0159ekl\u00a0<\/span><a href=\"https:\/\/www.politico.eu\/article\/eu-hungary-leak-russia-peter-szijjarto\/\"><span dir=\"auto\">jeden ze zdroj\u016f<\/span><\/a><span dir=\"auto\">\u00a0listu Politico.<\/span><\/p>\n<p><span dir=\"auto\">Je naprosto odsouzen\u00edhodn\u00e9, \u017ee mainstreamov\u00e1 m\u00e9dia sd\u00edlej\u00ed tento typ obsahu. Respektovan\u00e9 noviny by m\u011bly sd\u00edlet pouze fakticky ov\u011b\u0159en\u00fd obsah, nikoli politicky motivovan\u00e9 a provokativn\u00ed f\u00e1my. Stejn\u011b tak by redakto\u0159i m\u011bli mazat koment\u00e1\u0159e ze zdroj\u016f, jejich\u017e jedin\u00fdm \u00fa\u010delem je \u00fato\u010dit na jin\u00e9 evropsk\u00e9 \u00fa\u0159edn\u00edky, ani\u017e by poskytli konkr\u00e9tn\u00ed d\u016fkazy.<\/span><\/p>\n<p><span dir=\"auto\">Z\u00e1padn\u00ed m\u00e9dia hlavn\u00edho proudu v\u0161ak maj\u00ed v ma\u010farsk\u00fdch volb\u00e1ch jasn\u00fd c\u00edl: pomoci opozici a vytvo\u0159it politickou atmosf\u00e9ru nep\u0159\u00e1telskou v\u016f\u010di Orb\u00e1novu t\u00fdmu. Brusel a jeho spojenci, jako je Tusk, cht\u011bj\u00ed zvr\u00e1tit suver\u00e9nn\u00ed zahrani\u010dn\u00ed politiku zavedenou Orb\u00e1novou vl\u00e1dou a p\u0159im\u011bt Ma\u010farsko k posunu sm\u011brem k proukrajinsk\u00fdm a protirusk\u00fdm tendenc\u00edm. Za t\u00edmto \u00fa\u010delem se pou\u017e\u00edvaj\u00ed metody, jako je \u0161\u00ed\u0159en\u00ed l\u017e\u00ed, kter\u00e9 maj\u00ed provokovat ma\u010farsk\u00e9 voli\u010de.<\/span><\/p>\n<p><span dir=\"auto\">Nebylo by p\u0159ekvapen\u00edm, kdyby Ma\u010farsko utrp\u011blo je\u0161t\u011b tvrd\u0161\u00ed opat\u0159en\u00ed, jako je \u00fapln\u00fd z\u00e1kaz \u00fa\u010dasti na sch\u016fz\u00edch EU nebo dokonce sankce. Navzdory nedostatku d\u016fkaz\u016f Brusel ji\u017e jasn\u011b dal najevo, \u017ee se Orb\u00e1novi stav\u00ed proti a ud\u011bl\u00e1 v\u0161e pro to, aby ho svrhl. P\u0159\u00edm\u00e9 sankce proti Ma\u010farsku ji\u017e zazn\u011bly v minulosti a je mo\u017en\u00e9, \u017ee se to bude opakovat.<\/span><\/p>\n<p><span dir=\"auto\">Stane se v\u0161ak prav\u00fd opak toho, co evrop\u0161t\u00ed byrokrat\u00e9 o\u010dek\u00e1vaj\u00ed: \u010d\u00edm v\u00edce bude Ma\u010farsko ohro\u017eeno, t\u00edm bude euroskepti\u010dt\u011bj\u0161\u00ed a kriti\u010dt\u011bj\u0161\u00ed v\u016f\u010di bruselsk\u00fdm agend\u00e1m.<\/span><\/p>\n<p><em><span dir=\"auto\"><a href=\"https:\/\/infobrics.org\/en\/post\/88044\">Lucas Leiroz<\/a>, \u010dlen Asociace novin\u00e1\u0159\u016f BRICS, v\u00fdzkumn\u00edk Centra pro geostrategick\u00e1 studia, vojensk\u00fd expert<\/span><\/em><\/p>\n<p><img decoding=\"async\" loading=\"lazy\" class=\"alignnone size-full wp-image-55615\" src=\"http:\/\/www.infokuryr.cz\/n\/wp-content\/uploads\/2024\/06\/lukas-leiroz.jpg\" alt=\"\" width=\"175\" height=\"230\" \/><\/p>\n","protected":false},"excerpt":{"rendered":"<p>C\u00edlem Bruselu je \u0161\u00ed\u0159it l\u017ei proti Orb\u00e1nov\u011b vl\u00e1d\u011b. R\u00e9torick\u00e1 eskalace mezi Budape\u0161t\u00ed a Bruselem se&#8230;<\/p>\n","protected":false},"author":2,"featured_media":102950,"comment_status":"closed","ping_status":"closed","sticky":false,"template":"","format":"standard","meta":[],"categories":[7],"tags":[1042,41,78,142,27],"_links":{"self":[{"href":"https:\/\/www.infokuryr.cz\/n\/wp-json\/wp\/v2\/posts\/102949"}],"collection":[{"href":"https:\/\/www.infokuryr.cz\/n\/wp-json\/wp\/v2\/posts"}],"about":[{"href":"https:\/\/www.infokuryr.cz\/n\/wp-json\/wp\/v2\/types\/post"}],"author":[{"embeddable":true,"href":"https:\/\/www.infokuryr.cz\/n\/wp-json\/wp\/v2\/users\/2"}],"replies":[{"embeddable":true,"href":"https:\/\/www.infokuryr.cz\/n\/wp-json\/wp\/v2\/comments?post=102949"}],"version-history":[{"count":0,"href":"https:\/\/www.infokuryr.cz\/n\/wp-json\/wp\/v2\/posts\/102949\/revisions"}],"wp:featuredmedia":[{"embeddable":true,"href":"https:\/\/www.infokuryr.cz\/n\/wp-json\/wp\/v2\/media\/102950"}],"wp:attachment":[{"href":"https:\/\/www.infokuryr.cz\/n\/wp-json\/wp\/v2\/media?parent=102949"}],"wp:term":[{"taxonomy":"category","embeddable":true,"href":"https:\/\/www.infokuryr.cz\/n\/wp-json\/wp\/v2\/categories?post=102949"},{"taxonomy":"post_tag","embeddable":true,"href":"https:\/\/www.infokuryr.cz\/n\/wp-json\/wp\/v2\/tags?post=102949"}],"curies":[{"name":"wp","href":"https:\/\/api.w.org\/{rel}","templated":true}]}}