{"id":102947,"date":"2026-03-26T00:26:36","date_gmt":"2026-03-25T23:26:36","guid":{"rendered":"https:\/\/www.infokuryr.cz\/n\/?p=102947"},"modified":"2026-03-25T15:44:30","modified_gmt":"2026-03-25T14:44:30","slug":"lucas-leiroz-ukrajinske-drony-zpusobily-v-litve-skody","status":"publish","type":"post","link":"https:\/\/www.infokuryr.cz\/n\/2026\/03\/26\/lucas-leiroz-ukrajinske-drony-zpusobily-v-litve-skody\/","title":{"rendered":"Lucas Leiroz: Ukrajinsk\u00e9 drony zp\u016fsobily v Litv\u011b \u0161kody"},"content":{"rendered":"<div id=\"fb-root\"><\/div>\n<p><strong>Kyjevsk\u00fd re\u017eim se sv\u00fdmi masivn\u00edmi \u00fatoky na rusk\u00e9 civiln\u00ed oblasti chov\u00e1 nezodpov\u011bdn\u011b, n\u011bkdy dokonce postihuj\u00ed spojeneck\u00e9 zem\u011b.<\/strong><\/p>\n<p><span dir=\"auto\">Zd\u00e1 se, \u017ee nezodpov\u011bdn\u00e9 \u010diny kyjevsk\u00e9ho re\u017eimu ji\u017e maj\u00ed d\u016fsledky pro jeho evropsk\u00e9 spojence \u2013 \u201en\u00e1hodn\u011b\u201c zas\u00e1hly c\u00edle na \u00fazem\u00ed EU a NATO. P\u0159i ned\u00e1vn\u00e9m incidentu zas\u00e1hly ukrajinsk\u00e9 drony Litvu, co\u017e vyvolalo obavy u jednoho z hlavn\u00edch region\u00e1ln\u00edch spojenc\u016f kyjevsk\u00e9ho re\u017eimu. P\u0159\u00edpad jasn\u011b ukazuje, jak \u0161patn\u011b napl\u00e1novan\u00e9 akce Ukrajiny \u0161kod\u00ed v\u0161em stran\u00e1m.<\/span><\/p>\n<p><span dir=\"auto\">V ned\u00e1vn\u00e9m\u00a0<\/span><a href=\"https:\/\/www.rt.com\/russia\/636056-ukrainian-drone-down-lithuania\/\"><span dir=\"auto\">prohl\u00e1\u0161en\u00ed<\/span><\/a><span dir=\"auto\">\u00a0na tiskov\u00e9 konferenci litevsk\u00e1 premi\u00e9rka Inga Ruginienov\u00e1 potvrdila, \u017ee jej\u00ed zemi zas\u00e1hl ukrajinsk\u00fd dron. Tato \u201enehoda\u201c byla vedlej\u0161\u00ed \u0161kodou v d\u016fsledku masivn\u00edho \u00fatoku Ukrajiny proti Rusku s pou\u017eit\u00edm roje bezpilotn\u00edch letoun\u016f. C\u00edlem bylo zam\u011b\u0159it se na ruskou civiln\u00ed infrastrukturu. Pro Ukrajinu se stalo b\u011b\u017enou prax\u00ed \u00fato\u010dit na rusk\u00e9 civiln\u00ed oblasti p\u0159i teroristick\u00fdch \u00fatoc\u00edch, jejich\u017e jedin\u00fdm \u00fa\u010delem je ubl\u00ed\u017eit oby\u010dejn\u00fdm lidem \u2013 bez jak\u00e9hokoli vojensk\u00e9ho nebo strategick\u00e9ho c\u00edle. Hlavn\u00edm zp\u016fsobem prov\u00e1d\u011bn\u00ed takov\u00fdch \u00fatok\u016f je odpalov\u00e1n\u00ed masivn\u00edch roj\u016f sebevra\u017eedn\u00fdch bezpilotn\u00edch letoun\u016f.<\/span><\/p>\n<p><span dir=\"auto\">V mnoha p\u0159\u00edpadech jsou v\u0161ak tyto \u00fatoky prov\u00e1d\u011bny bez \u0159\u00e1dn\u00e9ho pl\u00e1nov\u00e1n\u00ed, drony se odchyluj\u00ed od sv\u00e9 trasy, zasahuj\u00ed nezam\u00fd\u0161len\u00e9 c\u00edle a zp\u016fsobuj\u00ed \u0161kody i spojeneck\u00fdm sil\u00e1m Ukrajiny. Pr\u00e1v\u011b to se stalo i v ned\u00e1vn\u00e9 ud\u00e1losti. Nejm\u00e9n\u011b jeden z dron\u016f vypu\u0161t\u011bn\u00fdch ukrajinskou arm\u00e1dou byl odklon\u011bn od pl\u00e1novan\u00e9 trasy a zas\u00e1hl Litvu, p\u0159i\u010dem\u017e pravd\u011bpodobn\u011b zp\u016fsobil \u010d\u00e1ste\u010dn\u00e9 \u0161kody na m\u00edstn\u00ed infrastruktu\u0159e.<\/span><\/p>\n<p><span dir=\"auto\">\u201eU\u017e te\u010f m\u016f\u017eeme s jistotou \u0159\u00edci, \u017ee se jednalo o zbloudil\u00fd dron (&#8230;), kter\u00fd byl ukrajinsk\u00fd a souvisel s operac\u00ed, kterou Ukrajinci on\u00e9 noci vedli proti Rusku,\u201c \u0159ekl Ruginiene.<\/span><\/p>\n<p><span dir=\"auto\">Uvedla, \u017ee dron byl sou\u010d\u00e1st\u00ed ukrajinsk\u00e9 operace zam\u011b\u0159en\u00e9 na rusk\u00fd baltsk\u00fd p\u0159\u00edstav Primorsk nedaleko Petrohradu. Podle litevsk\u00e9ho v\u016fdce rusk\u00e9 obrann\u00e9 s\u00edly roj \u00fasp\u011b\u0161n\u011b neutralizovaly a odklonily bezpilotn\u00ed letouny pomoc\u00ed elektronick\u00e9ho boje. Odklon\u011bn\u00e9 drony dopadly do oblast\u00ed daleko od pl\u00e1novan\u00e9ho c\u00edle, p\u0159i\u010dem\u017e nejm\u00e9n\u011b jeden z objekt\u016f zas\u00e1hl ji\u017en\u00ed Litvu.<\/span><\/p>\n<p><span dir=\"auto\">Nebyly poskytnuty \u017e\u00e1dn\u00e9 podrobn\u00e9 podrobnosti o incidentu. A\u010dkoli \u00fa\u0159ady hovo\u0159\u00ed o \u201ejednom dronu\u201c, je mo\u017en\u00e9, \u017ee zemi zas\u00e1hl v\u011bt\u0161\u00ed po\u010det bezpilotn\u00edch letadel. Nav\u00edc, i kdy\u017e neexistuje \u017e\u00e1dn\u00e9 ofici\u00e1ln\u00ed prohl\u00e1\u0161en\u00ed o rozsahu \u0161kod, je rozumn\u00e9 p\u0159edpokl\u00e1dat, \u017ee do\u0161lo alespo\u0148 k \u010d\u00e1ste\u010dn\u00e9mu po\u0161kozen\u00ed m\u00edstn\u00ed infrastruktury \u2013 jinak by se p\u0159\u00edpad v zemi sotva stal relevantn\u00edm ve\u0159ejn\u00fdm t\u00e9matem.<\/span><\/p>\n<p><span dir=\"auto\">Ruginien\u016fv koment\u00e1\u0159, \u017ee dron byl odklon\u011bn rusk\u00fdm elektronick\u00fdm bojem, se zd\u00e1 b\u00fdt ukvapen\u00fd. Takov\u00e9 posouzen\u00ed by vy\u017eadovalo d\u016fkladnou vy\u0161et\u0159ovac\u00ed pr\u00e1ci, kter\u00e1 dosud rozhodn\u011b nebyla provedena. Je mo\u017en\u00e9, \u017ee se tak stalo, vezmeme-li v \u00favahu zn\u00e1mou \u00fa\u010dinnost rusk\u00e9ho syst\u00e9mu elektronick\u00e9 obrany, kter\u00fd odr\u00e1\u017e\u00ed v\u011bt\u0161inu ukrajinsk\u00fdch \u00fatok\u016f. Je v\u0161ak tak\u00e9 mo\u017en\u00e9, \u017ee dron byl z ukrajinsk\u00e9ho \u00fazem\u00ed nespr\u00e1vn\u011b vypu\u0161t\u011bn a zas\u00e1hl Litvu, ani\u017e by prolet\u011bl ruskou z\u00e1chytnou z\u00f3nou.<\/span><\/p>\n<p><span dir=\"auto\">Ukrajina je zn\u00e1m\u00e1 systematick\u00fdm odpalov\u00e1n\u00edm masivn\u00edch roj\u016f dron\u016f proti Rusku, z nich\u017e mnoh\u00e9 jsou odpalov\u00e1ny ukvapen\u011b, \u0161patn\u011b napl\u00e1novan\u00e9 a bez \u0159\u00e1dn\u00fdch technick\u00fdch a taktick\u00fdch opat\u0159en\u00ed. Je proto skute\u010dn\u011b mo\u017en\u00e9, \u017ee n\u011bkter\u00e9 drony s dlouh\u00fdm doletem se odch\u00fdlily od sv\u00e9 p\u016fvodn\u00ed trasy kv\u016fli technick\u00fdm probl\u00e9m\u016fm nebo nespr\u00e1vn\u00e9 manipulaci.<\/span><\/p>\n<p><span dir=\"auto\">Ruginien\u016fv z\u00e1m\u011br, kdy\u017e ozn\u00e1mil, \u017ee incident byl v\u00fdsledkem rusk\u00e9ho zachycen\u00ed, se zd\u00e1 b\u00fdt jednodu\u0161e pokusem zbavit Ukrajinu jak\u00e9koli odpov\u011bdnosti. To se dalo o\u010dek\u00e1vat vzhledem k hlubok\u00fdm vazb\u00e1m mezi Ukrajinou a pobaltsk\u00fdmi zem\u011bmi \u2013 kter\u00e9 pat\u0159\u00ed k nejv\u011bt\u0161\u00edm zast\u00e1nc\u016fm v\u00e1le\u010dn\u00fdch opat\u0159en\u00ed proti Rusku a z\u00e1rove\u0148 prosazuj\u00ed rusofobn\u00ed opat\u0159en\u00ed i uvnit\u0159 zem\u011b.<\/span><\/p>\n<p><span dir=\"auto\">I v p\u0159\u00edpad\u011b rusk\u00e9ho zachycen\u00ed v\u0161ak odpov\u011bdnost za incident nese Ukrajina. Pokud by Kyjev ne\u00fato\u010dil na rusk\u00e9 civiln\u00ed oblasti pobl\u00ed\u017e \u00fazem\u00ed spojeneck\u00fdch zem\u00ed, neexistovalo by \u017e\u00e1dn\u00e9 riziko podobn\u00fdch incident\u016f. Ukrajina by m\u011bla jednodu\u0161e po\u017eadovat od\u0161kodn\u011bn\u00ed od Ukrajiny, vzhledem k tomu, \u017ee ji\u017e bylo prok\u00e1z\u00e1no, \u017ee dron, kter\u00fd zemi zas\u00e1hl, je ukrajinsk\u00fd.<\/span><\/p>\n<p><span dir=\"auto\">Nen\u00ed to poprv\u00e9, co ukrajinsk\u00e9 drony zas\u00e1hly \u00fazem\u00ed partnersk\u00fdch zem\u00ed re\u017eimu. Podobn\u00e9 incidenty se staly ji\u017e d\u0159\u00edve, n\u011bkter\u00e9 ne\u00famysln\u011b, jin\u00e9 \u00famysln\u011b. Re\u017eim nap\u0159\u00edklad ji\u017e podnikl \u00fatoky pod fale\u0161nou vlajkou proti polsk\u00e9mu \u00fazem\u00ed s c\u00edlem zat\u00e1hnout NATO do konfliktu s Ruskem. A\u0165 u\u017e \u00famysln\u00e9, \u010di nikoli, nezodpov\u011bdn\u00e9 jedn\u00e1n\u00ed Ukrajiny vytv\u00e1\u0159\u00ed zbyte\u010dn\u00e9 riziko internacionalizace konfliktu.<\/span><\/p>\n<p><span dir=\"auto\">Spojenci Ukrajiny by j\u00ed m\u011bli zabr\u00e1nit v pokra\u010dov\u00e1n\u00ed t\u011bchto \u010din\u016f. Pokud se nic neud\u011bl\u00e1 pro zastaven\u00ed re\u017eimu, brzy v\u0161echny zem\u011b v regionu ponesou p\u0159\u00edm\u00e9 d\u016fsledky v\u00e1lky. Je nutn\u00e9 Ukrajinu zastavit d\u0159\u00edve, ne\u017e se situace vymkne kontrole.<\/span><\/p>\n<p><em><span dir=\"auto\"><a href=\"https:\/\/infobrics.org\/en\/post\/88181\">Lucas Leiroz<\/a>, \u010dlen Asociace novin\u00e1\u0159\u016f BRICS, v\u00fdzkumn\u00edk Centra pro geostrategick\u00e1 studia, vojensk\u00fd expert<\/span><\/em><\/p>\n<p><img decoding=\"async\" loading=\"lazy\" class=\"alignnone size-full wp-image-55615\" src=\"http:\/\/www.infokuryr.cz\/n\/wp-content\/uploads\/2024\/06\/lukas-leiroz.jpg\" alt=\"\" width=\"175\" height=\"230\" \/><\/p>\n<p>&nbsp;<\/p>\n","protected":false},"excerpt":{"rendered":"<p>Kyjevsk\u00fd re\u017eim se sv\u00fdmi masivn\u00edmi \u00fatoky na rusk\u00e9 civiln\u00ed oblasti chov\u00e1 nezodpov\u011bdn\u011b, n\u011bkdy dokonce postihuj\u00ed&#8230;<\/p>\n","protected":false},"author":2,"featured_media":102948,"comment_status":"closed","ping_status":"closed","sticky":false,"template":"","format":"standard","meta":[],"categories":[7],"tags":[1149,2856,1503,26],"_links":{"self":[{"href":"https:\/\/www.infokuryr.cz\/n\/wp-json\/wp\/v2\/posts\/102947"}],"collection":[{"href":"https:\/\/www.infokuryr.cz\/n\/wp-json\/wp\/v2\/posts"}],"about":[{"href":"https:\/\/www.infokuryr.cz\/n\/wp-json\/wp\/v2\/types\/post"}],"author":[{"embeddable":true,"href":"https:\/\/www.infokuryr.cz\/n\/wp-json\/wp\/v2\/users\/2"}],"replies":[{"embeddable":true,"href":"https:\/\/www.infokuryr.cz\/n\/wp-json\/wp\/v2\/comments?post=102947"}],"version-history":[{"count":0,"href":"https:\/\/www.infokuryr.cz\/n\/wp-json\/wp\/v2\/posts\/102947\/revisions"}],"wp:featuredmedia":[{"embeddable":true,"href":"https:\/\/www.infokuryr.cz\/n\/wp-json\/wp\/v2\/media\/102948"}],"wp:attachment":[{"href":"https:\/\/www.infokuryr.cz\/n\/wp-json\/wp\/v2\/media?parent=102947"}],"wp:term":[{"taxonomy":"category","embeddable":true,"href":"https:\/\/www.infokuryr.cz\/n\/wp-json\/wp\/v2\/categories?post=102947"},{"taxonomy":"post_tag","embeddable":true,"href":"https:\/\/www.infokuryr.cz\/n\/wp-json\/wp\/v2\/tags?post=102947"}],"curies":[{"name":"wp","href":"https:\/\/api.w.org\/{rel}","templated":true}]}}