{"id":102946,"date":"2026-03-26T00:25:46","date_gmt":"2026-03-25T23:25:46","guid":{"rendered":"https:\/\/www.infokuryr.cz\/n\/?p=102946"},"modified":"2026-03-25T10:59:34","modified_gmt":"2026-03-25T09:59:34","slug":"jiri-vyvadil-a-kde-je-ta-ruka-ruska","status":"publish","type":"post","link":"https:\/\/www.infokuryr.cz\/n\/2026\/03\/26\/jiri-vyvadil-a-kde-je-ta-ruka-ruska\/","title":{"rendered":"Ji\u0159\u00ed Vyvadil: A kde je ta ruka Ruska?"},"content":{"rendered":"<div id=\"fb-root\"><\/div>\n<p><strong>Kdy\u017e propukla af\u00e9ra s teroristick\u00fdm zap\u00e1len\u00edm zbrojovky LPP, okam\u017eit\u011b byl medi\u00e1ln\u00ed prostor byl zapln\u011bn tvrzen\u00edmi opozi\u010dn\u00edch politik\u016f o tom, \u017ee jde o nov\u00e9 Vrb\u011btice, proto\u017ee Putin p\u0159ece nesp\u00ed a brous\u00ed si zuby na tuto malou zemi\u010dku.<\/strong><\/p>\n<p style=\"font-weight: 400;\">To jsou chv\u00edle, kdy jen tak z\u00a0recese a nebo z\u00a0dotvrzen\u00ed, \u017ee Fialovsko-Raku\u0161anovsk\u00e1 propaganda n\u00e1m snad nebude nad\u00e1le vl\u00e1dnout chci napsat:<\/p>\n<p style=\"font-weight: 400;\"><em><strong>\u201eM\u00e1m r\u00e1d Rusko\u2026Putin je nejv\u011bt\u0161\u00ed frajer v\u00a0Evrop\u011b.\u201c<\/strong><\/em><\/p>\n<p style=\"font-weight: 400;\">Jak se ukazuje\u00a0\u00a0velice \u00fasp\u011b\u0161n\u011b zafungovaly na policejn\u00ed i soudn\u00ed org\u00e1ny a z\u00a0rychlosti s\u00a0jakou jednali ukazuje, \u017ee pachatel\u00e9 v\u00a0podstat\u011b museli b\u00fdt amat\u00e9\u0159i.<\/p>\n<p style=\"font-weight: 400;\"><strong>Ale to podstatn\u00e9, co chci napsat:<\/strong> \u017d\u00e1dn\u00fd Putin, z\u0159ejm\u011b \u017e\u00e1dn\u00e9 Rusko. Pardubick\u00fd soud poslal do vazby \u010ce\u0161ku a cizince za \u00famysln\u00e9 zap\u00e1len\u00ed zbrojovky LPP. Bude zaj\u00edmav\u00e9, zda p\u0159ece jenom ne\u0161lo o jak\u00fdsi protest proti genocidn\u00ed politice Izraele v Gaze, jak bylo\u00a0\u00a0od po\u010d\u00e1tku tvrzeno, co\u017e se na\u0161\u00ed opozici nel\u00edb\u00ed. Protestovat proti milovan\u00e9mu Izraeli, kter\u00fd moment\u00e1ln\u011b byl z\u0159ejm\u011b spou\u0161t\u011b\u010dem v\u00e1lky proti Ir\u00e1nu, kter\u00e1 cel\u00fd sv\u011bt nahnala do z\u0159ejm\u011b nejhlub\u0161\u00ed ropn\u00e9 krize a nebezpe\u010d\u00ed sv\u011btov\u00e9 v\u00e1le\u010dn\u00e9 eskalace, je p\u0159ece fuj.<\/p>\n<p style=\"font-weight: 400;\">Kde se jako pachatel neobjevuje Putin, nen\u00ed to in.<\/p>\n<p><a href=\"https:\/\/vasevec.info\/komentare\/kde-je-ta-ruka-ruska\">Ji\u0159\u00ed Vyvadil<\/a><\/p>\n<p><img decoding=\"async\" loading=\"lazy\" class=\"alignnone size-medium wp-image-16474\" src=\"http:\/\/www.infokuryr.cz\/n\/wp-content\/uploads\/2022\/10\/jiri-vyvadil-300x200.jpg\" alt=\"\" width=\"300\" height=\"200\" srcset=\"https:\/\/www.infokuryr.cz\/n\/wp-content\/uploads\/2022\/10\/jiri-vyvadil-300x200.jpg 300w, https:\/\/www.infokuryr.cz\/n\/wp-content\/uploads\/2022\/10\/jiri-vyvadil-768x512.jpg 768w, https:\/\/www.infokuryr.cz\/n\/wp-content\/uploads\/2022\/10\/jiri-vyvadil.jpg 800w\" sizes=\"(max-width: 300px) 100vw, 300px\" \/><\/p>\n<p>&nbsp;<\/p>\n","protected":false},"excerpt":{"rendered":"<p>Kdy\u017e propukla af\u00e9ra s teroristick\u00fdm zap\u00e1len\u00edm zbrojovky LPP, okam\u017eit\u011b byl medi\u00e1ln\u00ed prostor byl zapln\u011bn tvrzen\u00edmi&#8230;<\/p>\n","protected":false},"author":2,"featured_media":58855,"comment_status":"closed","ping_status":"closed","sticky":false,"template":"","format":"standard","meta":[],"categories":[6],"tags":[1503,10787,624,22,300],"_links":{"self":[{"href":"https:\/\/www.infokuryr.cz\/n\/wp-json\/wp\/v2\/posts\/102946"}],"collection":[{"href":"https:\/\/www.infokuryr.cz\/n\/wp-json\/wp\/v2\/posts"}],"about":[{"href":"https:\/\/www.infokuryr.cz\/n\/wp-json\/wp\/v2\/types\/post"}],"author":[{"embeddable":true,"href":"https:\/\/www.infokuryr.cz\/n\/wp-json\/wp\/v2\/users\/2"}],"replies":[{"embeddable":true,"href":"https:\/\/www.infokuryr.cz\/n\/wp-json\/wp\/v2\/comments?post=102946"}],"version-history":[{"count":0,"href":"https:\/\/www.infokuryr.cz\/n\/wp-json\/wp\/v2\/posts\/102946\/revisions"}],"wp:featuredmedia":[{"embeddable":true,"href":"https:\/\/www.infokuryr.cz\/n\/wp-json\/wp\/v2\/media\/58855"}],"wp:attachment":[{"href":"https:\/\/www.infokuryr.cz\/n\/wp-json\/wp\/v2\/media?parent=102946"}],"wp:term":[{"taxonomy":"category","embeddable":true,"href":"https:\/\/www.infokuryr.cz\/n\/wp-json\/wp\/v2\/categories?post=102946"},{"taxonomy":"post_tag","embeddable":true,"href":"https:\/\/www.infokuryr.cz\/n\/wp-json\/wp\/v2\/tags?post=102946"}],"curies":[{"name":"wp","href":"https:\/\/api.w.org\/{rel}","templated":true}]}}