{"id":102945,"date":"2026-03-26T00:22:44","date_gmt":"2026-03-25T23:22:44","guid":{"rendered":"https:\/\/www.infokuryr.cz\/n\/?p=102945"},"modified":"2026-03-25T10:55:17","modified_gmt":"2026-03-25T09:55:17","slug":"jiri-paroubek-hysterie-kolem-likvidace-dane-placene-na-provoz-ct-a-cro","status":"publish","type":"post","link":"https:\/\/www.infokuryr.cz\/n\/2026\/03\/26\/jiri-paroubek-hysterie-kolem-likvidace-dane-placene-na-provoz-ct-a-cro\/","title":{"rendered":"Ji\u0159\u00ed Paroubek: Hysterie kolem likvidace dan\u011b placen\u00e9 na provoz \u010cT a \u010cRo"},"content":{"rendered":"<div id=\"fb-root\"><\/div>\n<p><strong>Opozi\u010dn\u00ed parlamentn\u00ed strany chytil v posledn\u00edch dnech naprost\u00fd amok, jen\u017e vyplynul ze z\u00e1m\u011bru vl\u00e1dn\u00ed koalice zcela zm\u011bnit syst\u00e9m financov\u00e1n\u00ed \u010cesk\u00e9 televize a \u010cesk\u00e9ho rozhlasu. Tedy p\u0159ej\u00edt od financovan\u00ed prost\u0159ednictv\u00edm dosavadn\u00edch tzv. poplatk\u016f na provoz t\u011bchto instituc\u00ed na p\u0159\u00edm\u00e9 financov\u00e1n\u00ed ze st\u00e1tn\u00edho rozpo\u010dtu. Ostatn\u011b toto deklarovaly strany sou\u010dasn\u00e9 vl\u00e1dn\u00ed koalice dlouho p\u0159ed sn\u011bmovn\u00edmi volbami.<\/strong><\/p>\n<p style=\"font-weight: 400;\">Jen tak mimochodem, p\u0159\u00edm\u00e9 financov\u00e1n\u00ed ve\u0159ejnopr\u00e1vn\u00edho rozhlasu a televize ze st\u00e1tn\u00edho rozpo\u010dtu pou\u017e\u00edv\u00e1 17 zem\u00ed EU z 27. A v \u017e\u00e1dn\u00e9 z t\u011bchto zem\u00edch nedo\u0161lo k z\u00e1sah\u016fm do svobody slova, k jej\u00edmu omezen\u00ed anebo dokonce k jej\u00ed likvidaci, jak t\u00edm stra\u0161\u00ed sou\u010dasn\u00e1 opozice v parlamentu, milion chvilka\u0159i a mainstreamov\u00e1 m\u00e9dia spojen\u00e1 s opozic\u00ed, v\u010detn\u011b \u010cT a \u010cRo. Zd\u00e1 se dokonce, \u017ee je to syst\u00e9m financov\u00e1n\u00ed \u010dist\u0161\u00ed. Poplatky toti\u017e p\u0159edstavuj\u00ed jakousi rovnou da\u0148, kterou plat\u00ed v\u0161ichni. D\u016fchodci s minim\u00e1ln\u00edm d\u016fchodem, matky samo\u017eivitelky, ti, kdo \u010cT nesleduj\u00ed, ale tak\u00e9 t\u0159eba miliard\u00e1\u0159i. Na ned\u011bln\u00ed demonstraci &#8222;milionu chvilek proti demokracii&#8220; jsem sly\u0161el jednoho velmi zku\u0161en\u00e9ho bl\u00e1bolu, kdysi antichartistu, komunistu a nyn\u00ed progresivn\u00edho liber\u00e1la, hovo\u0159it o tom, \u017ee vlastn\u011b to v\u0161echno stejn\u011b zaplat\u00edme z na\u0161ich dan\u00ed. To nen\u00ed tak \u00fapln\u011b pravda. Babi\u010dky a d\u011bde\u010dkov\u00e9 s minim\u00e1ln\u00edm d\u016fchodem nebudou u\u017e platit nic. Stejn\u011b tak osoby s minim\u00e1ln\u00edm p\u0159\u00edjmem nebudou platit nic. A nebudou platit nic ani majitel\u00e9 televizor\u016f, kte\u0159\u00ed necht\u011bj\u00ed sledovat \u010cT z nejr\u016fzn\u011bj\u0161\u00edch d\u016fvod\u016f. Tedy \\\u017e\u00e1dnou rovnou da\u0148, co\u017e jsou poplatky za rozhlasov\u00e9 a televizn\u00ed vys\u00edl\u00e1n\u00ed.<\/p>\n<p style=\"font-weight: 400;\">\u00a0Od na\u0161eho mil\u00e9ho antichartisty a nyn\u00ed velk\u00e9ho progresivn\u00edho bojovn\u00edka za demokracii a proti omezov\u00e1n\u00ed svobody slova to tedy byla \u010dir\u00e1 demagogie.<\/p>\n<p style=\"font-weight: 400;\">A o co tady jde ve skute\u010dnosti? Jde v\u00edcem\u00e9n\u011b o to, aby si redakto\u0159i \u010cesk\u00e9 televize, kte\u0159\u00ed ve skute\u010dnosti sami ovl\u00e1daj\u00ed tuto instituci a d\u011blaj\u00ed si tam, co cht\u011bj\u00ed, bez ohledu na spole\u010denskou a politickou pluralitu, si zachovali i nad\u00e1le sv\u016fj rozhoduj\u00edc\u00ed vliv. A aby d\u00e1l mohli slou\u017eit t\u011bm, kte\u0159\u00ed jsou dnes v parlamentn\u00ed opozici, respektive kte\u0159\u00ed byli a\u017e do ned\u00e1vna (tedy je\u0161t\u011b p\u0159ed p\u016fl rokem) ve vl\u00e1dn\u00ed koalici. O to zde jde p\u0159edev\u0161\u00edm. A o nic v\u00edc a o nic m\u00ed\u0148, proto ta hysterie, proto tyto obavy ze ztr\u00e1ty privilegovan\u00e9ho postaven\u00ed.<\/p>\n<p style=\"font-weight: 400;\">A ne nepodstatn\u00e9 bude tak\u00e9 vpu\u0161t\u011bn\u00ed NK\u00da do kontroly hospoda\u0159en\u00ed \u010cT a \u010cRo. To se teprve dozv\u00edme v\u011bci&#8230;<\/p>\n<p><a href=\"https:\/\/vasevec.info\/domaci-politika\/hysterie-kolem-likvidace-dane-placene-na-provoz-ct-cro\">Ji\u0159\u00ed Paroubek<\/a><\/p>\n<p><img decoding=\"async\" loading=\"lazy\" class=\"alignnone size-medium wp-image-2342\" src=\"http:\/\/www.infokuryr.cz\/n\/wp-content\/uploads\/2021\/06\/paroubek-300x208.jpg\" alt=\"\" width=\"300\" height=\"208\" srcset=\"https:\/\/www.infokuryr.cz\/n\/wp-content\/uploads\/2021\/06\/paroubek-300x208.jpg 300w, https:\/\/www.infokuryr.cz\/n\/wp-content\/uploads\/2021\/06\/paroubek.jpg 318w\" sizes=\"(max-width: 300px) 100vw, 300px\" \/><\/p>\n<p>&nbsp;<\/p>\n","protected":false},"excerpt":{"rendered":"<p>Opozi\u010dn\u00ed parlamentn\u00ed strany chytil v posledn\u00edch dnech naprost\u00fd amok, jen\u017e vyplynul ze z\u00e1m\u011bru vl\u00e1dn\u00ed koalice&#8230;<\/p>\n","protected":false},"author":2,"featured_media":35659,"comment_status":"closed","ping_status":"closed","sticky":false,"template":"","format":"standard","meta":[],"categories":[6],"tags":[5930,1025,1503,2320,1738],"_links":{"self":[{"href":"https:\/\/www.infokuryr.cz\/n\/wp-json\/wp\/v2\/posts\/102945"}],"collection":[{"href":"https:\/\/www.infokuryr.cz\/n\/wp-json\/wp\/v2\/posts"}],"about":[{"href":"https:\/\/www.infokuryr.cz\/n\/wp-json\/wp\/v2\/types\/post"}],"author":[{"embeddable":true,"href":"https:\/\/www.infokuryr.cz\/n\/wp-json\/wp\/v2\/users\/2"}],"replies":[{"embeddable":true,"href":"https:\/\/www.infokuryr.cz\/n\/wp-json\/wp\/v2\/comments?post=102945"}],"version-history":[{"count":0,"href":"https:\/\/www.infokuryr.cz\/n\/wp-json\/wp\/v2\/posts\/102945\/revisions"}],"wp:featuredmedia":[{"embeddable":true,"href":"https:\/\/www.infokuryr.cz\/n\/wp-json\/wp\/v2\/media\/35659"}],"wp:attachment":[{"href":"https:\/\/www.infokuryr.cz\/n\/wp-json\/wp\/v2\/media?parent=102945"}],"wp:term":[{"taxonomy":"category","embeddable":true,"href":"https:\/\/www.infokuryr.cz\/n\/wp-json\/wp\/v2\/categories?post=102945"},{"taxonomy":"post_tag","embeddable":true,"href":"https:\/\/www.infokuryr.cz\/n\/wp-json\/wp\/v2\/tags?post=102945"}],"curies":[{"name":"wp","href":"https:\/\/api.w.org\/{rel}","templated":true}]}}