{"id":102942,"date":"2026-03-26T00:19:31","date_gmt":"2026-03-25T23:19:31","guid":{"rendered":"https:\/\/www.infokuryr.cz\/n\/?p=102942"},"modified":"2026-03-25T10:51:44","modified_gmt":"2026-03-25T09:51:44","slug":"jindrich-kulhavy-nejsou-penize","status":"publish","type":"post","link":"https:\/\/www.infokuryr.cz\/n\/2026\/03\/26\/jindrich-kulhavy-nejsou-penize\/","title":{"rendered":"Jind\u0159ich Kulhav\u00fd: Nejsou pen\u00edze?"},"content":{"rendered":"<div id=\"fb-root\"><\/div>\n<p><span class=\"anotation\">Milion chvilek pro demokracii vybral plno pen\u011bz, kter\u00e9 se k\u00a0nim dostaly r\u016fzn\u00fdmi cestami. D\u016fkazem je profesion\u00e1ln\u011b zorganizovan\u00e1 akce stoj\u00edc\u00ed \u0159\u00e1dov\u011b v\u00edce jednotek milion\u016f korun. Netransparentnost p\u0159\u00edjm\u016f je p\u0159itom natolik zar\u00e1\u017eej\u00edc\u00ed, \u017ee je s\u00a0podivem nez\u00e1jem, kde se v\u0161echny ty pen\u00edze vzaly. Jejich tok do tohoto spolku je neust\u00e1l\u00fd ji\u017e n\u011bkolik let a d\u00e1 se za n\u011b po\u0159\u00eddit mnoh\u00e9, nejen demonstrace. I proto tato skupinka vznikla.<\/span><\/p>\n<div id=\"pagetext\">\n<p>Min\u00e1\u0159 to d\u00e1vno v\u00ed, p\u0159esto si dal p\u0159est\u00e1vku, b\u011bhem kter\u00e9 pro\u017eil miliony, kter\u00e9 nejd\u0159\u00edve nasb\u00edral v Milionu chvilek a pozd\u011bji i jako priv\u00e1tn\u00ed pseudopolitik. Kdy\u017e mu do\u0161ly, vr\u00e1til se zp\u011bt na mate\u0159skou z\u00e1kladnu a k osv\u011bd\u010den\u00e9 taktice. Vynikaj\u00edc\u00ed byznys pl\u00e1n se jen trochu opr\u00e1\u0161il a proti Babi\u0161ovi se najde v\u017edy dost odp\u016frc\u016f ochotn\u00fdch si p\u0159iplatit. Snad tedy premi\u00e9r pochopil, pro\u010d pot\u0159ebujeme obdobu z\u00e1konu FARA a je nutn\u00e9 si na neziskovky s politick\u00fdm podloub\u00edm posv\u00edtit. Jejich p\u016fvod v liber\u00e1ln\u00edm podsv\u011bt\u00ed je tak\u00e9 jasn\u00fd, v\u017edy\u0165 mezi demonstranty na Letn\u00e9 byli jak z\u00e1stupci b\u00fdval\u00e9 vl\u00e1dn\u00ed koalice, kter\u00e1 m\u011bla od Milionu chvilek 4 roky klid, tak i n\u00e1mi placen\u00e1 man\u017eelka prezidenta, kter\u00e9 nen\u00ed trapn\u00e9 se z\u00fa\u010dastnit demonstrace proti vl\u00e1d\u011b, kterou man\u017eel jmenoval a je schopn\u00e1 i opr\u00e1vn\u011bn\u00e1 zastavit jej\u00ed drzou apan\u00e1\u017e.<\/p>\n<p>Dal\u0161\u00edm sb\u011bratelem pen\u011bz zalo\u017een\u00fdm tentokr\u00e1te v \u00e9\u0159e Fialy jsou chlapci kolem dron\u016f pro Ukrajinu a D\u00e1rku pro Putina. Dronov\u00e1 aktivita se uk\u00e1zala b\u00fdt solidn\u00ed pra\u010dkou na pen\u00edze a zmizelo p\u0159es 100 milion\u016f korun. Podobn\u011b se nenakoupila raketa Dana pojmenovan\u00e1 po zesnul\u00e9 protirusk\u00e9 aktivistce a zn\u00e1m\u00e9 atomb\u00e1b\u011b Dr\u00e1bov\u00e9. Lid\u00e9 pos\u00edlali pen\u00edze jako o z\u00e1vod. A p\u0159\u00edjemci nakupovali, respektive jejich re\u017eie neodpov\u00eddala z\u00e1m\u011bru pouze \u201ezab\u00edjet Rusy\u201c. U\u017e jen p\u016fvodn\u00ed my\u0161lenka je \u0161\u00edlen\u00e1 i ostudn\u00e1 z\u00e1rove\u0148, ale z\u00e1v\u011bry ze v\u0161eho jsou je\u0161t\u011b d\u011bsiv\u011bj\u0161\u00ed. Kolik pseudoelit se rozkr\u00e1d\u00e1n\u00ed z\u00fa\u010dastnilo, to je vskutku zaj\u00edmav\u00e9. \u0158ehka, Folt\u00fdn, Vetch\u00fd\u2026.<\/p>\n<p>Ud\u011blat ze sebe blbce je snadn\u00e9, dostat za to je\u0161t\u011b met\u00e1l od prezidenta a poplakat si u toho t\u0159eba i komick\u00e9, ale ve skute\u010dnosti jde o obrovsk\u00fd tunel a neskute\u010dnou ostudu vych\u00e1zej\u00edc\u00ed z ukrajinizace spole\u010dnosti a jej\u00edho my\u0161len\u00ed. Cel\u00e1 ta \u201ebohulib\u00e1\u201c komedie s dod\u00e1v\u00e1n\u00edm dron\u016f na Ukrajinu byla od za\u010d\u00e1tku promy\u0161lenou akc\u00ed se z\u00e1m\u011brem zbohatnout. A skupina pitomc\u016f d\u00e1vaj\u00edc\u00ed tomu tv\u00e1\u0159 tak pat\u0159\u00ed ke zlo\u010dinc\u016fm, kter\u00fdm \u0161lo p\u0159edev\u0161\u00edm o p\u0159\u00edsun pen\u011bz. Ne nadarmo je Kyjev na t\u0159et\u00edm m\u00edst\u011b v n\u00e1kupu luxusn\u00edch voz\u016f Bentley ve sv\u011bt\u011b. A p\u0159en\u00e9st trochu zku\u0161enost\u00ed k n\u00e1m pr\u00fd nen\u00ed na \u0161kodu.<\/p>\n<p>Podobn\u00fdch pra\u010dek na pen\u00edze u n\u00e1s dosud b\u011b\u017e\u00ed mnohem v\u00edce a sledovat tyto toky je prost\u011b nutn\u00e9. Babi\u0161 u\u017e prohl\u00e1sil, \u017ee projekt FARA nen\u00ed mrtv\u00fd, \u010d\u00edm\u017e dementoval prohl\u00e1\u0161en\u00ed ministra Tejce. Mo\u017en\u00e1 by si ve vl\u00e1d\u011b m\u011bli trochu ud\u011blat po\u0159\u00e1dek a sjednotit informace jdouc\u00ed ven. Nat\u00e1lie Vachatov\u00e1 u\u017e riskovala dost na to, aby se v\u0161e uklidilo pod koberec. Babi\u0161 m\u00e1 mo\u017enost vyb\u00edrat mezi kvalitn\u00edmi poradci. Vachatovou tedy je\u0161t\u011b nevyhodil, \u0160vihl\u00edkovou z n\u00e1m nezn\u00e1m\u00e9ho d\u016fvodu zavrhnul, m\u011bl by b\u00fdt v\u00edce konzistentn\u00ed. Pokud skute\u010dn\u011b dot\u00e1hne p\u0159\u00edpravu z\u00e1kona kontroluj\u00edc\u00edho financov\u00e1n\u00ed politick\u00e9 \u010d\u00e1sti neziskov\u00e9ho sektoru a dostane do skute\u010dn\u00e9 t\u00edsn\u011b \u010clov\u011bka v t\u00edsni, jeho fili\u00e1lky a dal\u0161\u00ed podobn\u00e9 spolky a organizace, bude m\u00edt mo\u017en\u00e1 \u010dist\u011bj\u0161\u00ed vzduch pro svou vl\u00e1du. Je to jen o tom \u010dinit spr\u00e1vn\u00e1 rozhodnut\u00ed a neuhnout.<\/p>\n<p><a href=\"https:\/\/www.inadhled.live\/uvaha-dne\/nejsou-penize-\/\">Jind\u0159ich Kulhav\u00fd<\/a><\/p>\n<p><img decoding=\"async\" loading=\"lazy\" class=\"alignnone size-full wp-image-48136\" src=\"http:\/\/www.infokuryr.cz\/n\/wp-content\/uploads\/2024\/02\/kulhavy-jindrich.jpg\" alt=\"\" width=\"219\" height=\"221\" srcset=\"https:\/\/www.infokuryr.cz\/n\/wp-content\/uploads\/2024\/02\/kulhavy-jindrich.jpg 219w, https:\/\/www.infokuryr.cz\/n\/wp-content\/uploads\/2024\/02\/kulhavy-jindrich-150x150.jpg 150w\" sizes=\"(max-width: 219px) 100vw, 219px\" \/><\/p>\n<p>&nbsp;<\/p>\n<\/div>\n","protected":false},"excerpt":{"rendered":"<p>Milion chvilek pro demokracii vybral plno pen\u011bz, kter\u00e9 se k\u00a0nim dostaly r\u016fzn\u00fdmi cestami. D\u016fkazem je&#8230;<\/p>\n","protected":false},"author":2,"featured_media":102943,"comment_status":"closed","ping_status":"closed","sticky":false,"template":"","format":"standard","meta":[],"categories":[6],"tags":[1503,9882,257,90],"_links":{"self":[{"href":"https:\/\/www.infokuryr.cz\/n\/wp-json\/wp\/v2\/posts\/102942"}],"collection":[{"href":"https:\/\/www.infokuryr.cz\/n\/wp-json\/wp\/v2\/posts"}],"about":[{"href":"https:\/\/www.infokuryr.cz\/n\/wp-json\/wp\/v2\/types\/post"}],"author":[{"embeddable":true,"href":"https:\/\/www.infokuryr.cz\/n\/wp-json\/wp\/v2\/users\/2"}],"replies":[{"embeddable":true,"href":"https:\/\/www.infokuryr.cz\/n\/wp-json\/wp\/v2\/comments?post=102942"}],"version-history":[{"count":0,"href":"https:\/\/www.infokuryr.cz\/n\/wp-json\/wp\/v2\/posts\/102942\/revisions"}],"wp:featuredmedia":[{"embeddable":true,"href":"https:\/\/www.infokuryr.cz\/n\/wp-json\/wp\/v2\/media\/102943"}],"wp:attachment":[{"href":"https:\/\/www.infokuryr.cz\/n\/wp-json\/wp\/v2\/media?parent=102942"}],"wp:term":[{"taxonomy":"category","embeddable":true,"href":"https:\/\/www.infokuryr.cz\/n\/wp-json\/wp\/v2\/categories?post=102942"},{"taxonomy":"post_tag","embeddable":true,"href":"https:\/\/www.infokuryr.cz\/n\/wp-json\/wp\/v2\/tags?post=102942"}],"curies":[{"name":"wp","href":"https:\/\/api.w.org\/{rel}","templated":true}]}}