{"id":102941,"date":"2026-03-26T00:16:53","date_gmt":"2026-03-25T23:16:53","guid":{"rendered":"https:\/\/www.infokuryr.cz\/n\/?p=102941"},"modified":"2026-03-25T10:48:52","modified_gmt":"2026-03-25T09:48:52","slug":"miroslav-petr-demagog-pise-pravdu","status":"publish","type":"post","link":"https:\/\/www.infokuryr.cz\/n\/2026\/03\/26\/miroslav-petr-demagog-pise-pravdu\/","title":{"rendered":"Miroslav Petr: Demagog p\u00ed\u0161e pravdu!"},"content":{"rendered":"<div id=\"fb-root\"><\/div>\n<p>Byl jsem \u0161okov\u00e1n, \u017ee zn\u00e1m\u00fd web Demagog p\u0159izn\u00e1v\u00e1 skute\u010dnou pravdu. M\u00e1 to ale jednu podm\u00ednku. Ne\u010dt\u011bte \u010dl\u00e1nky, ale v\u00fdhradn\u011b jen nadpisy: &#8222;Zelensk\u00fd je pouh\u00e1 loutka Z\u00e1padu. Finan\u010dn\u00ed a vojensk\u00e1 podpora Ukrajiny je zneu\u017e\u00edv\u00e1na k vlastn\u00edmu obohacen\u00ed. Ukrajinci ohro\u017euj\u00ed dostupnost pracovn\u00edch m\u00edst, jsou krimin\u00e1ln\u00edci a p\u0159in\u00e1\u0161ej\u00ed do zem\u011b infek\u010dn\u00ed nemoci. Konflikt vyvolal Z\u00e1pad a Rusko se jen br\u00e1n\u00ed. Pomoc Ukrajin\u011b nem\u00e1 smysl, proto\u017ee v\u0161echno rozkradou oligarchov\u00e9. Slovensko pom\u00e1h\u00e1 Ukrajin\u011b na \u00fakor vlastn\u00edch ob\u010dan\u016f. Ukrajinci jsou nevd\u011b\u010dn\u00ed a zneu\u017e\u00edvaj\u00ed pomoci. Uprchl\u00edci dost\u00e1vaj\u00ed p\u0159ednostn\u00ed p\u0159\u00edstup k zdravotn\u00ed p\u00e9\u010di. Ukrajinci jsou bohat\u00ed, jezd\u00ed v luxusn\u00edch autech a proto pomoc nepot\u0159ebuj\u00ed.&#8220; Opravdu to jsou dezinformace?<\/p>\n<p>EK ohla\u0161uje, \u017ee bude finan\u010dn\u011b podporovat \u017eeny v politice, aby bojovaly proti on-line nen\u00e1visti. P\u0159ed n\u011bjakou dobou se tvrdilo, \u017ee \u017eeny p\u0159inesou do politiky rozum, lid\u0161t\u011bj\u0161\u00ed neagresivn\u00ed a mnohem lep\u0161\u00ed politiku. Zn\u00e1te u n\u00e1s \u010di v EU, krom\u011b n\u011bkolika m\u00e1lo \u017een, \u00fapln\u011b norm\u00e1ln\u00ed politi\u010dku se zdrav\u00fdm selsk\u00fdm rozumem, bez nen\u00e1visti a dal\u0161\u00edch negativn\u00edch emoc\u00ed, kter\u00e9 bojuj\u00ed proti v\u00e1lce?<\/p>\n<p>K po\u017e\u00e1ru v Pardubic\u00edch se p\u0159ihl\u00e1sila jak\u00e1si nezn\u00e1m\u00e1 skupina, p\u0159esto okam\u017eit\u011b vznikla f\u00e1ma, \u017ee po\u017e\u00e1r zp\u016fsobili zl\u00ed Rusov\u00e9, tak jako zap\u00e1len\u00ed pra\u017esk\u00fdch autobus\u016f a Vrb\u011btice. V\u0161e bez jedin\u00e9ho d\u016fkazu. Rusofobie je naka\u017eliv\u011bj\u0161\u00ed ne\u017e neexistuj\u00edc\u00ed kovid. Kdyby ve Vrb\u011btic\u00edch, kde se skladuj\u00ed desetitis\u00edce v\u00fdbu\u0161nin, byl skute\u010dn\u00fd v\u00fdbuch, pak by tato vesnice a cel\u00e9 okol\u00ed zmizelo z mapy. Tvrdil to velmi zn\u00e1m\u00fd \u0161pi\u010dkov\u00fd vojensk\u00fd odborn\u00edk, kter\u00fd m\u00e1 zak\u00e1zan\u00fd vstup do televize.<\/p>\n<p>Pamatujete na prase\u010d\u00ed ch\u0159ipku asi v roce 2009? Rath byl tehdy ministr zdravotnictv\u00ed a dovolil si tu drzost nekoupit vakc\u00edny. Podle m\u011b \u017e\u00e1dnou korupci neprov\u00e1d\u011bl, to se prozradilo d\u00e1vno p\u0159edt\u00edm, proto\u017ee m\u011bl asi t\u0159i vily, i kdy\u017e tvrdil \u017ee je to d\u011bdictv\u00ed jeho otce. Jeho sekret\u00e1\u0159ka to zahr\u00e1la do autu. Proto\u017ee politika se d\u011bl\u00e1 mnoho let dop\u0159edu, musel b\u00fdt odstran\u011bn, aby jin\u00fd ministr zdravotnictv\u00ed koupil vakc\u00edny na kovid, co\u017e bylo pl\u00e1nov\u00e1no dlouho p\u0159edem. Pamatujete na zdravotn\u00ed sestry s postelemi na OH v \u010c\u00edn\u011b? V\u011b\u0159\u00edte na n\u00e1hodu?<\/p>\n<p>L\u00e1bus, kdysi v\u00fdborn\u00fd komik, se pr\u00fd z\u00fa\u010dastnil demonstrace na Letn\u00e9. Werich &#8211; komediant\u016f je m\u00e1lo, ale \u0161a\u0161k\u016f, t\u011bch je&#8230;&#8220;Zp\u011bva\u010dka&#8220; Langerov\u00e1 tam zp\u00edvala &#8222;A\u0165 m\u00edr d\u00e1l z\u016fst\u00e1v\u00e1&#8230;&#8220;, p\u0159itom tam v\u0161ichni p\u0159i\u0161li se zlobou a nen\u00e1vist\u00ed. Mnoz\u00ed si \u0159\u00edkaj\u00ed pravdol\u00e1ska\u0159i. To jsou ale paradoxy, V\u00e9no.<\/p>\n<p>Jak\u00fdsi taky &#8222;h\u00e9\u00e9\u00e9rec&#8220; soudruh Hru\u0161\u00ednsk\u00fd: &#8222;Babi\u0161i, Okamuro, Macinko, est\u00e9b\u00e1ci, n\u00e1ckov\u00e9, kolaboranti s Ruskem a komou\u0161i, tahle zem\u011b je na\u0161e! Pamatujte si to. P\u0159ijdeme znovu. Svobodnou demokracii n\u00e1m nevezmete!&#8220; Nen\u00ed schopen pochopit, \u017ee demokracie tu chyb\u011bla za Kmotra, kter\u00fd by ho nechal klidn\u011b zml\u00e1tit policisty, tak jak to ud\u011blal p\u0159ed Muzeem. Tato zem\u011b je opravdu jejich? Nezbl\u00e1znil se tento po\u0161uk?<\/p>\n<p>Kdy\u017e jsem sledoval reakce publika na chl\u00edvkov\u00e9 demonstraci, pochopil jsem, pro\u010d tolik \u010cech\u016f j\u00e1salo p\u0159i p\u0159\u00edjezdu n\u011bmeck\u00fdch tank\u016f. Davy oV\u010dan\u016f se skute\u010dn\u011b daj\u00ed velmi lehce zmanipulovat.<\/p>\n<p>Podle soudruha Zdechliny, \/nebo Dechovsk\u00e9ho?\/ tato vl\u00e1da ohro\u017euje \u010cR, ale jak konkr\u00e9tn\u011b, to nebyl schopen odpov\u011bd\u011bt. Demonstrace byla n\u011bk\u00fdm velmi dob\u0159e zaplacena a zorganizov\u00e1na. Po\u010det autobus\u016f na parkovi\u0161ti dok\u00e1zal, \u017ee to nen\u00ed jen zrzkova pr\u00e1ce.\u00a0Program byl p\u0159edem p\u0159ipraven\u00fd, co\u017e bylo poznat na trapn\u00e9m vtipu o smrku, autora k\u00fd\u010dovit\u00e9ho Kolji, soudruha Smoljaka. V\u0161ichni, co tam byli, vzorn\u011b dok\u00e1zali, \u017ee \u017eij\u00ed v demokracii. Mohli by si to dovolit, kdyby tady byla totalita? Min\u00e1\u0159 p\u0159ednesl projev, kter\u00fd mu n\u011bkdo napsal, vzhledem k jeho IQ.\u00a0 Zrzek vyz\u00fdval lidi, aby \u0161li do politiky, \u010d\u00edm\u017e by se z n\u00ed stala trapn\u00e1 fra\u0161ka a tragikomedie. Dokonce se tam jedna slepice p\u0159iznala- &#8222;ruce pry\u010d od NA\u0160\u00cd televize a rozhlasu!&#8220; Uveden\u00fdch osm milion\u016f nemohlo sta\u010dit. Dvan\u00e1ct autobus\u016f na parkovi\u0161ti- skute\u010dn\u011b tam v\u0161ichni jeli zadara?<\/p>\n<p>Zrzek vyzval lidi, aby br\u00e1nili \u010cT a \u010cesk\u00fd rozhlas, ale jak, to ne\u0159ekl. Maj\u00ed si snad sehnat zbran\u011b a hl\u00eddat ob\u011b budovy nebo tam dokonce p\u0159esp\u00e1vat?<\/p>\n<p>\u00da\u010dast na Letn\u00e9 byla jen 2 %. Jak chce tato nepatrn\u00e1 men\u0161ina svrhnout vl\u00e1du?<\/p>\n<p>Kanadsk\u00e1 \u0161kola po dobu ramad\u00e1nu zak\u00e1zala \u017e\u00e1k\u016fm j\u00edst v j\u00eddeln\u011b. Vy\u010dlenila ji pro muslimsk\u00e9 d\u011bti. P\u0159i ramad\u00e1nu se dr\u017e\u00ed hladovka a\u017e do z\u00e1padu slunce.<\/p>\n<p>V Kanad\u011b \u017eena se siln\u00fdmi bolestmi byla p\u0159evezena do nemocnice a okam\u017eit\u011b bez jak\u00e9hokoli vy\u0161et\u0159en\u00ed j\u00ed sestra nab\u00eddla eutan\u00e1zii. V Kanad\u011b je to u\u017e b\u011b\u017en\u00e9. Kmotr chce vra\u017edit dokonce i mal\u00e9 d\u011bti, jak p\u0159iznal p\u0159ed volbami.<\/p>\n<p>V Anglii a\u00a0 Walesu jsou legalizovan\u00e9 potraty a\u017e do porodu.<\/p>\n<p>Pro\u010d se \u0159\u00edk\u00e1, \u017ee NATO jsou na\u0161i spojenci, kdy\u017e jako nejv\u011bt\u0161\u00ed arm\u00e1da na sv\u011bt\u011b nezachr\u00e1n\u00ed isl\u00e1msk\u00fd ch\u00e1lif\u00e1t, pardon, Anglii a Francii? V\u00e1\u017en\u011b by riskovali \u017eivoty kv\u016fli mal\u00e9 \u010cesk\u00e9 republice?<\/p>\n<p>V \u0160pan\u011blsku cht\u011bj\u00ed vyhnat arm\u00e1du NATO. Kter\u00e1 dal\u0161\u00ed zem\u011b odm\u00edtne trval\u00fd pobyt ciz\u00edch vojsk na sv\u00e9m \u00fazem\u00ed?<\/p>\n<p>U\u017e od p\u0159\u00ed\u0161t\u00edho roku\u00a0 chce EU zav\u00e9st ve v\u0161ech zem\u00edch EU digit\u00e1ln\u00ed identitu a digit\u00e1ln\u00ed m\u011bnu \/z\u00e1kladn\u00ed nepodm\u00edn\u011bn\u00fd p\u0159\u00edjem- ZNP\/, kter\u00fd bude m\u00edt expira\u010dn\u00ed dobu. Bez povinn\u00e9ho o\u010dkov\u00e1n\u00ed si nekoup\u00edte ani rohl\u00edk, ani se nesvezete MHD.<\/p>\n<p>26.ledna 2026 Rada EU schv\u00e1lila \u00fapln\u00fd z\u00e1kaz dod\u00e1vek plynu z Ruska do EU od 1. ledna 2027. Nejpozd\u011bji v tuto dobu za\u010dne velk\u00fd dominov\u00fd efekt, kter\u00fd nikdo nezastav\u00ed. Posledn\u00ed zhas\u00edn\u00e1, pardon, plat\u00ed v\u0161echny dluhy. V\u0161e zl\u00e9 k n\u011b\u010demu dobr\u00e9.<\/p>\n<p>Kryl: &#8222;Le\u017e a strach jsou nejlep\u0161\u00ed spojenci jak\u00e9koli diktatury a totality.&#8220;<\/p>\n<p>Policie v anglick\u00e9m Essexu skon\u010dila s rozpozn\u00e1v\u00e1n\u00edm obli\u010dej\u016f. Sledovat \u010dernochy, kter\u00fdch je tam mnohem v\u00edc ne\u017e domorodc\u016f, je pr\u00fd rasismus.<\/p>\n<p>\u010c\u00e1st historick\u00fdch Ben\u00e1tek nen\u00ed p\u0159\u00edstupn\u00e1 n\u00e1v\u0161t\u011bvn\u00edk\u016fm, ale jen pro isl\u00e1msk\u00e9 modlitby.<\/p>\n<p>R\u00e1di mls\u00e1te a chutn\u00e1 v\u00e1m Halal? Pak si kupte \u0161v\u00fdcarskou \u010dokol\u00e1du. Dobrou chut!<\/p>\n<p>U\u017e t\u0159i st\u00e1ty USA p\u0159ipravuj\u00ed z\u00e1kon, \u017ee kovid-vakc\u00edny jsou biologick\u00e9 zbran\u011b hromadn\u00e9ho ni\u010den\u00ed.<\/p>\n<p>Holandsk\u00fd p\u0159epravce pohonn\u00fdch hmot \u0159\u00edk\u00e1, \u017ee velk\u00e9 zdra\u017eov\u00e1n\u00ed a nedostatek pohonn\u00fdch hmot je z\u00e1m\u011br. &#8222;Palivo jsem nalo\u017eil p\u0159ed dv\u011bma t\u00fddny a od t\u00e9 doby st\u00e1le \u010dek\u00e1m, abych mohl vylo\u017eit. Nejsou ani nov\u00e9 objedn\u00e1vky. Nejsem jedin\u00fd, kdo \u010dek\u00e1 ve skladu tak dlouho. Opravdu nejde o z\u00e1m\u011br vytvo\u0159it novou krizi? Cui bono?\u00a0 \u00a0Muslimov\u00e9 v z\u00e1padn\u00edch zem\u00edch hromadn\u011b zn\u00e1sil\u0148uj\u00ed nezletil\u00e9 zcela beztrestn\u011b. Tohle tady chce\u0161 Kmot\u0159e V\u00edtku?<\/p>\n<p>EU chce za ka\u017edou cenu zni\u010dit evropsk\u00e9 zem\u011bd\u011blstv\u00ed, proto povolila dovoz nejen ukrajinsk\u00e9ho obil\u00ed, ale i vajec, kter\u00e9 odporuj\u00ed evropsk\u00fdm norm\u00e1m. Do Evropy se odtud dov\u00e1\u017e\u00ed 85 000 tun kontaminovan\u00fdch vajec obsahuj\u00edc\u00edch zak\u00e1zan\u00e1 antibiotika. Hodn\u011b vajec nekon\u010d\u00ed v obchod\u011b, ale zpracov\u00e1vaj\u00ed se na t\u011bstoviny, pe\u010divo, om\u00e1\u010dky, hotov\u00e1 j\u00eddla. Bude tento probl\u00e9m \u0159e\u0161it nov\u00e1 vl\u00e1da?<\/p>\n<p>EU zakazuje Ir\u00e1nu, aby se br\u00e1nil. Je v Utopii aspo\u0148 jeden norm\u00e1ln\u00ed politik?<\/p>\n<p>STAN a ODS maj\u00ed celkem 28% hlas\u016f. Ka\u017ed\u00fd \u010dtvrt\u00fd voli\u010d tlesk\u00e1 Mafi\u00e1n\u016fm a krimin\u00e1ln\u00edk\u016fm. Bo\u017ee, jak hluboko je\u0161t\u011b klesneme? Churchil: &#8222;Nejlep\u0161\u00ed argument proti demokracii &#8211; p\u011btiminutov\u00fd rozhovor s voli\u010dem.&#8220;<\/p>\n<p>Za\u010d je placena BIS, kter\u00e1 p\u0159edem nev\u011bd\u011bla o po\u017e\u00e1ru v Pardubic\u00edch? Za\u010d je placen neschopn\u00fd \u010du\u010dka\u0159 soudruh Koudelka? Za tuto neschopnost m\u011bl b\u00fdt okam\u017eit\u011b odvol\u00e1n. Pro\u010d \u017eiv\u00edme ze sv\u00fdch dan\u00ed takov\u00e9 darmo\u0161lapy?<\/p>\n<p>\u010c\u00e1st zrzkova projevu: &#8222;Uvid\u00edte v\u011bci, kter\u00e9 jste je\u0161t\u011b nevid\u011bli. O va\u0161ich lump\u00e1rn\u00e1ch se dozv\u00ed cel\u00fd sv\u011bt.&#8220; A co lump\u00e1rny minul\u00e9 vl\u00e1dy, Zrzku? Skute\u010dn\u011b se Zrzek nedopustil trestn\u00e9ho \u010dinu- vyhro\u017eov\u00e1n\u00ed a pomluvy?<\/p>\n<p><a href=\"https:\/\/www.czechfreepress.cz\/dalsi-blogy\/demagog-pise-pravdu.html\">Miroslav Petr<\/a><\/p>\n<p>&nbsp;<\/p>\n","protected":false},"excerpt":{"rendered":"<p>Byl jsem \u0161okov\u00e1n, \u017ee zn\u00e1m\u00fd web Demagog p\u0159izn\u00e1v\u00e1 skute\u010dnou pravdu. M\u00e1 to ale jednu podm\u00ednku&#8230;.<\/p>\n","protected":false},"author":2,"featured_media":76825,"comment_status":"closed","ping_status":"closed","sticky":false,"template":"","format":"standard","meta":[],"categories":[6],"tags":[10786,1503,122,1040,6500,6581],"_links":{"self":[{"href":"https:\/\/www.infokuryr.cz\/n\/wp-json\/wp\/v2\/posts\/102941"}],"collection":[{"href":"https:\/\/www.infokuryr.cz\/n\/wp-json\/wp\/v2\/posts"}],"about":[{"href":"https:\/\/www.infokuryr.cz\/n\/wp-json\/wp\/v2\/types\/post"}],"author":[{"embeddable":true,"href":"https:\/\/www.infokuryr.cz\/n\/wp-json\/wp\/v2\/users\/2"}],"replies":[{"embeddable":true,"href":"https:\/\/www.infokuryr.cz\/n\/wp-json\/wp\/v2\/comments?post=102941"}],"version-history":[{"count":0,"href":"https:\/\/www.infokuryr.cz\/n\/wp-json\/wp\/v2\/posts\/102941\/revisions"}],"wp:featuredmedia":[{"embeddable":true,"href":"https:\/\/www.infokuryr.cz\/n\/wp-json\/wp\/v2\/media\/76825"}],"wp:attachment":[{"href":"https:\/\/www.infokuryr.cz\/n\/wp-json\/wp\/v2\/media?parent=102941"}],"wp:term":[{"taxonomy":"category","embeddable":true,"href":"https:\/\/www.infokuryr.cz\/n\/wp-json\/wp\/v2\/categories?post=102941"},{"taxonomy":"post_tag","embeddable":true,"href":"https:\/\/www.infokuryr.cz\/n\/wp-json\/wp\/v2\/tags?post=102941"}],"curies":[{"name":"wp","href":"https:\/\/api.w.org\/{rel}","templated":true}]}}