{"id":102938,"date":"2026-03-26T00:13:09","date_gmt":"2026-03-25T23:13:09","guid":{"rendered":"https:\/\/www.infokuryr.cz\/n\/?p=102938"},"modified":"2026-03-25T10:42:13","modified_gmt":"2026-03-25T09:42:13","slug":"zverstva-o-pozaru-v-pardubicich-lezou-ven-pro-ktery-stat-pracuje-ncoz-a-bis-koudelka-co-se-to-sakra-u-nas-deje","status":"publish","type":"post","link":"https:\/\/www.infokuryr.cz\/n\/2026\/03\/26\/zverstva-o-pozaru-v-pardubicich-lezou-ven-pro-ktery-stat-pracuje-ncoz-a-bis-koudelka-co-se-to-sakra-u-nas-deje\/","title":{"rendered":"Zv\u011brstva o po\u017e\u00e1ru v Pardubic\u00edch lezou ven: pro kter\u00fd st\u00e1t pracuje NCOZ a BIS Koudelka? Co se to sakra u n\u00e1s d\u011bje?"},"content":{"rendered":"<div id=\"fb-root\"><\/div>\n<div class=\"introtext\">\n<h4>Jak prov\u011b\u0159uje sn\u011bmovna \u010cesk\u00e9 republiky \u0159editele BIS Koudelku a \u0159editele policie Vondr\u00e1\u0161ka? Je st\u00e1le v\u00edce pochybnost\u00ed, zda skute\u010dn\u011b\u00a0 d\u011blaj\u00ed to, co maj\u00ed ze z\u00e1kona! Ukrajinsk\u00fd podnikatel a poslanci Ukrajiny: a tajn\u00e9 slu\u017eby nic netu\u0161\u00ed?<\/h4>\n<\/div>\n<div class=\"fulltext\">\n<p>Co m\u00e1 spole\u010dn\u00e9ho korupce na Ukrajin\u011b, prapodivn\u00e1 parta kolem Vetch\u00e9ho,\u00a0 \u0158ehky a\u00a0Marjana Volodymyrivna Bezuhla? Po\u017e\u00e1r v Pardubic\u00edch, kde podez\u0159el\u00fd je Putin, proto\u017ee chycen\u00fd je Ameri\u010dan? A jak se obchoduje za z\u00e1hadn\u00e9 pen\u00edze s Ukrajinci?<\/p>\n<p><strong>Jen na okraj:\u00a0<\/strong><\/p>\n<h3 class=\"c-topper__headline\">Ukrajinci odlo\u017eili p\u0159\u00edpad, kv\u016fli kter\u00e9mu ud\u011blala NCOZ razii<\/h3>\n<p class=\"c-topper__standfirst\">Kauza kolem \u00fadajn\u011b p\u0159edra\u017een\u00fdch termoviz\u00ed spole\u010dnosti Archer kon\u010d\u00ed. Ukrajinsk\u00e1 protikorup\u010dn\u00ed agentura NABU ji odlo\u017eila. Kv\u016fli p\u0159\u00edpadu prob\u011bhla velk\u00e1 razie tak\u00e9 v \u010cesku a NCOZ firm\u011b blokovala stamiliony korun.\u00a0Archer se p\u0159esunul do \u010ceska kr\u00e1tce po rusk\u00e9m vp\u00e1du na Ukrajinu. Jeho spolumajitel\u00a0Oleksandr Jaremenko\u00a0tady\u00a0v Pardubic\u00edch\u00a0vytvo\u0159il spole\u010dnou firmu se zbroja\u0159sk\u00fdm holdingem LPP Ji\u0159\u00edho Sauera. A spl\u00e1chnuto.<\/p>\n<p><strong>V\u00edte, kdo je (\u010desky p\u00ed\u0161\u00ed)\u00a0 Mariana Bezugla?\u00a0<\/strong><\/p>\n<p>Ukrajinka, kterou nen\u00e1vid\u00ed zkorumpovan\u00ed poslanci v \u010dele se Zelensk\u00fdm, proto\u017ee odhaluje zlo\u010diny, korupci v arm\u00e1d\u011b\u00a0 a zlat\u00e9 z\u00e1chody kolem \u0161mejd\u016f kampeli\u010dek! Vyhro\u017euj\u00ed ji smrt\u00ed, nyn\u00ed ji Zelensk\u00fd vyhro\u017euje krimin\u00e1lem na do\u017eivot\u00ed! P\u0159ed chv\u00edl\u00ed obkl\u00ed\u010dili policist\u00e9 a voj\u00e1ci parlament v Kyjev\u011b, proto\u017ee \u010d\u00e1sti\u00a0poslanc\u016f vyhro\u017euj\u00ed lyn\u010dem a zast\u0159elen\u00edm. To je dne\u0161n\u00ed Ukrajina, kterou mus\u00edme milovat. Slava Ukrajina, jak by v\u0159\u00edskala Dr\u00e1bov\u00e1.<\/p>\n<p>_________________<\/p>\n<div class=\"info_box leva_tretina jpalert\">\n<div class=\"explanationContent\"><span style=\"color: #993366;\"><strong>Marjana Volodymyrivna Bezuhla (*1988) je ukrajinsk\u00e1 politi\u010dka a poslankyn\u011b (od r. 2019), p\u016fvodn\u011b za stranu Slu\u017eebn\u00edk lidu, kterou v roce 2024 opustila . Je zn\u00e1m\u00e1 sv\u00fdmi ostr\u00fdmi kritikami veden\u00ed ukrajinsk\u00e9 arm\u00e1dy a ministerstva obrany, reformami v arm\u00e1dn\u00edm zdravotnictv\u00ed a p\u016fsoben\u00edm ve v\u00fdboru pro n\u00e1rodn\u00ed bezpe\u010dnost.<\/strong><\/span><\/div>\n<\/div>\n<p>_________________<\/p>\n<p>Mimochodem, jak dopadlo vy\u0161et\u0159ov\u00e1n\u00ed BIS Koudelky a policejn\u00edho \u0159editele Vondr\u00e1\u0161ka o zmizel\u00fdch pen\u011bz\u00edch z Fialovy kampeli\u010dky?<\/p>\n<p><a title=\"Ze z\u00e1lo\u017eny (kampeli\u010dky) Fialy, kde m\u011bl pod\u00edl, vybrali 668 milion\u016f v hotovosti\" href=\"https:\/\/www.seznamzpravy.cz\/clanek\/domaci-kauzy-ze-zalozny-vybrali-668-milionu-v-hotovosti-zjistila-cnb-pri-kontrole-267914\" target=\"_blank\" rel=\"noopener\">Ze z\u00e1lo\u017eny (kampeli\u010dky) Fialy, kde m\u011bl pod\u00edl, vybrali 668 milion\u016f v hotovosti<\/a><\/p>\n<p>A ticho po p\u011b\u0161in\u011b, v\u0161e zmizelo do ztracena.\u00a0<span class=\"atm-text-decorator\">Z Podnikatelsk\u00e9 dru\u017estevn\u00ed z\u00e1lo\u017eny (PDZ), ve kter\u00e9 byl pod\u00edln\u00edkem i\u00a0premi\u00e9r Petr Fiala, vybrali klienti 668\u00a0640\u00a0000\u00a0korun v\u00a0hotovosti.\u00a0V\u00a0kampeli\u010dce m\u011bla krom\u011b premi\u00e9ra pod\u00edl i\u00a0\u0159ada prominent\u016f, kup\u0159\u00edkladu dva poradci Petra Fialy\u00a0\u2013 Milo\u0161 R\u016f\u017ei\u010dka a\u00a0Ivan Netuka. K tomu se v\u00e1\u017ee i\u00a0vra\u017eda pr\u00e1vn\u00edka Petra K. . N\u00e1hoda jako\u00a0P\u011aT mrtvol z Dozimetru\u00a0Raku\u0161ana?\u00a0<\/span><\/p>\n<p><a title=\"Korupce, Bahbouh, Petr Fiala, vra\u017edy a st\u0159elivo pro Ukrajinu\" href=\"https:\/\/www.psp.cz\/eknih\/2021ps\/stenprot\/093schuz\/s093014.htm\" target=\"_blank\" rel=\"noopener\">Korupce, Bahbouh, Petr Fiala, vra\u017edy a st\u0159elivo pro Ukrajinu<\/a><\/p>\n<p>Kampeli\u010dka pak dala \u017ealobu na \u010cNB za odebr\u00e1n\u00ed licence a n\u00e1sledn\u011b zbankrotovala &#8211; zlikvidovala se. Kde jsou pen\u00edze na st\u0159elivo pro Ukrajinu, pane Fialo?<\/p>\n<p>Co\u017e v dal\u0161\u00ed etap\u011b \u0161et\u0159ila ona poslankyn\u011b z Ukrajiny Mariana Bezugla (nejen toto) a zkorumpovan\u00fd Zelensk\u00fd j\u00ed vyhro\u017eoval smrt\u00ed, \u010di do\u017eivot\u00edm. Jak to myslel skute\u010dn\u011b nelze dohledat. Ale poplach v Kyjev\u011b nev\u011bst\u00ed nic dobr\u00e9ho.<\/p>\n<p><strong>A pak se zjev\u00ed dal\u0161\u00ed Vrb\u011btice a Robocop z Putinovsk\u00e9ho Ruska<\/strong>, jak hl\u00e1s\u00e1 v\u0159\u00edskaj\u00edc\u00ed opozice, proto\u017ee kdo jin\u00fd by likvidoval ukrajinskou firmu. Pro\u010d NCOZ, Vojensk\u00e9 zpravodajstv\u00ed a BIS nem\u00e1 informace o \u0161\u00edlenc\u00edch, ale v\u00ed jasn\u011b, \u017ee na s\u00edt\u00edch n\u011bkdo n\u011bkomu nad\u00e1v\u00e1, je z\u00e1hadou. A i u n\u00e1s z\u00e1hadn\u00e1\u00a0teroristick\u00e1 skupina vyhro\u017euje smrt\u00ed poslanci Jind\u0159ichu Rajchlovi a policejn\u00ed prezident blahosklonn\u011b ml\u010d\u00ed:\u00a0vra\u017eda poslance a jeho d\u011bt\u00ed nen\u00ed d\u016fle\u017eit\u00e1. Nen\u00ed ze skupiny bruselsk\u00e9, kter\u00e1 se m\u00e1 chr\u00e1nit.<\/p>\n<p><img decoding=\"async\" loading=\"lazy\" class=\"aligncenter\" src=\"https:\/\/www.skrytapravda.cz\/images\/blogy\/805\/2026\/3b%C5%99ezen\/d%C5%AFkaz_26765.webp\" alt=\"d\u016fkaz 26765\" width=\"429\" height=\"792\" \/><\/p>\n<h4><strong><em>A kdo \u017ee je ta russssk\u00e1 skupina diverzant\u016f?\u00a0<\/em><\/strong><\/h4>\n<p><span style=\"font-size: 14pt;\">Den\u00edk N s odkazem na pra\u017esk\u00e9ho vrchn\u00edho z\u00e1stupce \u0160t\u011bp\u00e1nka uvedl, \u017ee<strong>\u00a0dva ze zadr\u017een\u00fdch jsou ob\u010dan\u00e9 Spojen\u00fdch st\u00e1t\u016f<\/strong> a jeden je \u010cech.<\/span><\/p>\n<h4><strong>Co na to premi\u00e9r Babi\u0161, ministr Metnar a Petr Pavel, \u017ee zde funguj\u00ed teroristick\u00e9 skupiny voln\u011b po cel\u00e9m \u00fazem\u00ed, ale na policii p\u0159edvol\u00e1vaj\u00ed ty, kte\u0159\u00ed jsou s t\u00edm nespokojen\u00ed? A naopak \u010de\u0161t\u00ed terorist\u00e9 kolem Oganesjana zde voln\u011b operuj\u00ed?\u00a0<\/strong><\/h4>\n<p><a href=\"https:\/\/www.skrytapravda.cz\/z-domova\/3068-zverstva-o-pozaru-v-pardubicich-lezou-ven-pro-ktery-stat-pracuje-ncoz-a-bis-koudelka-co-se-to-sakra-u-nas-deje\">Petr Pokorn\u00fd<\/a><\/p>\n<p>&nbsp;<\/p>\n<\/div>\n","protected":false},"excerpt":{"rendered":"<p>Jak prov\u011b\u0159uje sn\u011bmovna \u010cesk\u00e9 republiky \u0159editele BIS Koudelku a \u0159editele policie Vondr\u00e1\u0161ka? Je st\u00e1le v\u00edce&#8230;<\/p>\n","protected":false},"author":2,"featured_media":102939,"comment_status":"closed","ping_status":"closed","sticky":false,"template":"","format":"standard","meta":[],"categories":[6],"tags":[1503,10785,624,2703],"_links":{"self":[{"href":"https:\/\/www.infokuryr.cz\/n\/wp-json\/wp\/v2\/posts\/102938"}],"collection":[{"href":"https:\/\/www.infokuryr.cz\/n\/wp-json\/wp\/v2\/posts"}],"about":[{"href":"https:\/\/www.infokuryr.cz\/n\/wp-json\/wp\/v2\/types\/post"}],"author":[{"embeddable":true,"href":"https:\/\/www.infokuryr.cz\/n\/wp-json\/wp\/v2\/users\/2"}],"replies":[{"embeddable":true,"href":"https:\/\/www.infokuryr.cz\/n\/wp-json\/wp\/v2\/comments?post=102938"}],"version-history":[{"count":1,"href":"https:\/\/www.infokuryr.cz\/n\/wp-json\/wp\/v2\/posts\/102938\/revisions"}],"predecessor-version":[{"id":102940,"href":"https:\/\/www.infokuryr.cz\/n\/wp-json\/wp\/v2\/posts\/102938\/revisions\/102940"}],"wp:featuredmedia":[{"embeddable":true,"href":"https:\/\/www.infokuryr.cz\/n\/wp-json\/wp\/v2\/media\/102939"}],"wp:attachment":[{"href":"https:\/\/www.infokuryr.cz\/n\/wp-json\/wp\/v2\/media?parent=102938"}],"wp:term":[{"taxonomy":"category","embeddable":true,"href":"https:\/\/www.infokuryr.cz\/n\/wp-json\/wp\/v2\/categories?post=102938"},{"taxonomy":"post_tag","embeddable":true,"href":"https:\/\/www.infokuryr.cz\/n\/wp-json\/wp\/v2\/tags?post=102938"}],"curies":[{"name":"wp","href":"https:\/\/api.w.org\/{rel}","templated":true}]}}