{"id":102924,"date":"2026-03-29T00:13:42","date_gmt":"2026-03-28T23:13:42","guid":{"rendered":"https:\/\/www.infokuryr.cz\/n\/?p=102924"},"modified":"2026-03-25T06:17:39","modified_gmt":"2026-03-25T05:17:39","slug":"zprava-spolecnosti-pfizer-o-kontaminaci-dna-zverejneno-pouze-v-redigovane-podobe-pro-verejnost","status":"publish","type":"post","link":"https:\/\/www.infokuryr.cz\/n\/2026\/03\/29\/zprava-spolecnosti-pfizer-o-kontaminaci-dna-zverejneno-pouze-v-redigovane-podobe-pro-verejnost\/","title":{"rendered":"Zpr\u00e1va spole\u010dnosti Pfizer o kontaminaci DNA: Zve\u0159ejn\u011bno pouze v redigovan\u00e9 podob\u011b pro ve\u0159ejnost"},"content":{"rendered":"<div id=\"fb-root\"><\/div>\n<p><strong><span dir=\"auto\">Existuje zpr\u00e1va od spole\u010dnosti Pfizer, kter\u00e1 podrobn\u011b uv\u00e1d\u00ed data z vy\u0161et\u0159ov\u00e1n\u00ed jej\u00ed vlastn\u00ed vakc\u00edny t\u00fdkaj\u00edc\u00ed se kontaminace DNA a p\u0159\u00edtomnosti sekvenc\u00ed promotoru rakoviny SV40. Agentura EMA ji zve\u0159ejnila v roce 2025 \u2013 ale zna\u010dn\u011b redigovanou.\u00a0<\/span><a href=\"https:\/\/dserver.bundestag.de\/btd\/21\/047\/2104727.pdf\"><span dir=\"auto\">Strana AfD se obr\u00e1tila na n\u011bmeckou vl\u00e1du<\/span><\/a><span dir=\"auto\">\u00a0: Podle nich m\u00e1 Institut Paula Ehrlicha (PEI) neredigovanou zpr\u00e1vu \u2013 ale nen\u00ed zp\u0159\u00edstupn\u011bna ve\u0159ejnosti. Vl\u00e1da \u201enem\u00e1 pr\u00e1vo s n\u00ed nakl\u00e1dat,\u201c uvedli.<\/span><\/strong><\/p>\n<p><span dir=\"auto\">Berl\u00edn\u00a0<\/span><a href=\"https:\/\/multipolar-magazin.de\/meldungen\/0387\" target=\"_blank\" rel=\"noreferrer noopener\"><span dir=\"auto\">(multipol\u00e1rn\u00ed)<\/span><\/a><span dir=\"auto\">\u00a0N\u011bmeck\u00e1 vl\u00e1da \u201enem\u00e1 pr\u00e1vo nakl\u00e1dat\u201c se zpr\u00e1vou farmaceutick\u00e9 spole\u010dnosti Pfizer t\u00fdkaj\u00edc\u00ed se\u00a0\u00a0<\/span><a href=\"https:\/\/multipolar-magazin.de\/meldungen\/0187\"><span dir=\"auto\">zbytk\u016f DNA<\/span><\/a><span dir=\"auto\">\u00a0nalezen\u00fdch ve vakc\u00edn\u011b \u201eComirnaty\u201c \u00a0. Vypl\u00fdv\u00e1 to z odpov\u011bdi n\u011bmeck\u00e9 vl\u00e1dy na parlamentn\u00ed \u0161et\u0159en\u00ed strany AfD, kterou Multipol\u00e1rn\u00ed vl\u00e1da z\u00edskala. Podle AfD spole\u010dnost Pfizer p\u0159edlo\u017eila zpr\u00e1vu Evropsk\u00e9 agentu\u0159e pro l\u00e9\u010div\u00e9 p\u0159\u00edpravky (EMA) v lednu 2024. EMA ji zve\u0159ejnila v srpnu 2025\u00a0\u00a0<\/span><a href=\"https:\/\/www.ema.europa.eu\/en\/documents\/other\/comirnaty-residual-dna-characterization-report_en.pdf\"><span dir=\"auto\">,<\/span><\/a><span dir=\"auto\">\u00a0ale s redakc\u00ed, kter\u00e1 obsahovala \u201en\u011bkolik stran a z\u0159ejm\u011b i tabulky\u201c.<\/span><\/p>\n<p><span dir=\"auto\">Podle n\u011bmeck\u00e9 vl\u00e1dy obdr\u017eel Institut Paula Ehrlicha (PEI), odpov\u011bdn\u00fd za bezpe\u010dnost vakc\u00edn, \u201e\u00faplnou a neredigovanou zpr\u00e1vu\u201c \u201ejako sou\u010d\u00e1st postupu pro zm\u011bnu registrace\u201c. Zve\u0159ejn\u011bn\u00ed dokument\u016f p\u0159edlo\u017een\u00fdch v r\u00e1mci st\u0159edoevropsk\u00e9ho postupu pro registraci je v\u0161ak v kompetenci agentury EMA. AfD se ptala, zda m\u00e1 n\u011bmeck\u00e1 vl\u00e1da v \u00famyslu nal\u00e9hat na spole\u010dnost Pfizer, aby\u00a0\u00a0\u00a0zpr\u00e1vu\u00a0<\/span><a href=\"https:\/\/multipolar-magazin.de\/artikel\/sicherheitsdaten-unter-verschluss\"><span dir=\"auto\">zve\u0159ejnila v pln\u00e9m rozsahu, bez redakc\u00ed a ve ve\u0159ejn\u011b p\u0159\u00edstupn\u00e9m form\u00e1tu.<\/span><\/a><\/p>\n<p><span dir=\"auto\">Podle AfD zpr\u00e1va spole\u010dnosti Pfizer podrobn\u011b uv\u00e1d\u00ed data z vlastn\u00edho vy\u0161et\u0159ov\u00e1n\u00ed zbytk\u016f DNA ve vakc\u00edn\u011b. Pat\u0159\u00ed sem fragmenty bakteri\u00e1ln\u00ed DNA (plazmidu) pou\u017e\u00edvan\u00e9 p\u0159i hromadn\u00e9 v\u00fdrob\u011b vakc\u00edn. Zpr\u00e1va spole\u010dnosti Pfizer se podle parlamentn\u00edho vy\u0161et\u0159ov\u00e1n\u00ed zab\u00fdv\u00e1 i \u201edal\u0161\u00edmi prvky\u201c. Mezi nimi AfD zejm\u00e9na zd\u016fraz\u0148uje sekvence viru Simian Virus 40 (SV40). Jedn\u00e1 se o virus, kter\u00fd m\u016f\u017ee zp\u016fsobovat rakovinu. Sekvence tohoto viru se\u00a0\u00a0<\/span><a href=\"https:\/\/www.mwgfd.org\/2026\/02\/bakterielle-plasmid-dna-in-rna-basierten-genetischen-impfstoffen-ein-update\/\"><span dir=\"auto\">pou\u017e\u00edvaj\u00ed<\/span><\/a><span dir=\"auto\"> v plazmidech pro genovou terapii : umo\u017e\u0148uj\u00ed zaveden\u00ed specifick\u00fdch gen\u016f do bun\u011b\u010dn\u00e9ho j\u00e1dra jako terapeutick\u00e9 \u010dinidlo, kde jsou ur\u010deny k oprav\u011b genetick\u00fdch defekt\u016f.<\/span><\/p>\n<p><span dir=\"auto\">Ve sv\u00e9m parlamentn\u00edm vy\u0161et\u0159ov\u00e1n\u00ed AfD poukazuje na to, \u017ee tyto sekvence SV40 nebyly nezbytn\u00e9 pro\u00a0\u00a0<\/span><a href=\"https:\/\/multipolar-magazin.de\/artikel\/process-2\"><span dir=\"auto\">v\u00fdrobn\u00ed proces<\/span><\/a><span dir=\"auto\">\u00a0\u00a0vakc\u00edn proti koronaviru. Z\u00e1rove\u0148 je \u201epodle v\u011bdeck\u00fdch poznatk\u016f\u201c docela pravd\u011bpodobn\u00e9, \u017ee tyto prvky p\u0159edstavuj\u00ed potenci\u00e1ln\u00ed riziko rakoviny. V redigovan\u00e9 zpr\u00e1v\u011b z roku 2024 spole\u010dnost Pfizer p\u0159ipou\u0161t\u00ed, \u017ee \u0161ar\u017ee vakc\u00edn pozitivn\u011b testovala na prvky sekvence SV40. Farmaceutick\u00e1 spole\u010dnost z\u00e1rove\u0148 \u201ebez v\u011bdeck\u00fdch d\u016fkaz\u016f\u201c tvrd\u00ed, \u017ee jej\u00ed vakc\u00edna proti koronaviru neobsahuje \u017e\u00e1dn\u00e9 karcinogenn\u00ed slo\u017eky a \u017ee zbytkov\u00e9 fragmenty DNA nebo RNA, kter\u00e9 obsahuje, nep\u0159edstavuj\u00ed \u017e\u00e1dn\u00e9 bezpe\u010dnostn\u00ed riziko. Podle AfD v\u0161ak byly \u201e\u010d\u00e1sti\u201c t\u00fdkaj\u00edc\u00ed se velikosti a povahy fragment\u016f DNA a metod pou\u017eit\u00fdch k jejich detekci \u201ejasn\u011b redigov\u00e1ny\u201c. Tyto parametry maj\u00ed \u201ev\u00fdznamn\u00fd vliv na potenci\u00e1ln\u00ed riziko\u201c p\u0159\u00edpravk\u016f.<\/span><\/p>\n<p><span dir=\"auto\">AfD se cht\u011bla od spolkov\u00e9 vl\u00e1dy dozv\u011bd\u011bt, kdy se Paul Ehrlich Institute (PEI) dozv\u011bd\u011bl o p\u0159\u00edtomnosti sekvenc\u00ed SV40 a jak s touto informac\u00ed nalo\u017eil. AfD se d\u00e1le zeptala, zda spolkov\u00e1 vl\u00e1da sd\u00edl\u00ed n\u00e1zor spole\u010dnosti Pfizer, \u017ee sekvence SV40 jsou ne\u0161kodn\u00e9 a \u017ee v\u00fdrobn\u00ed plazmidy nep\u0159edstavuj\u00ed pro Comiraty \u017e\u00e1dn\u00e9 riziko rakoviny. \u201ePodle znalost\u00ed spolkov\u00e9 vl\u00e1dy schv\u00e1len\u00ed potvrzuje pozitivn\u00ed pom\u011br p\u0159\u00ednos\u016f a rizik,\u201c uv\u00e1d\u00ed se stru\u010dn\u011b v odpov\u011bdi. Nav\u00edc \u201enejsou zn\u00e1my \u017e\u00e1dn\u00e9 v\u011bdecky podlo\u017een\u00e9 d\u016fkazy, kter\u00e9 by nazna\u010dovaly, \u017ee fragmenty DNA obsa\u017een\u00e9 ve vakc\u00edn\u011b jsou \u0161kodliv\u00e9, ani \u017ee bylo p\u0159ekro\u010deno povolen\u00e9 celkov\u00e9 mno\u017estv\u00ed DNA v \u0161ar\u017e\u00edch vakc\u00edny.\u201c<\/span><\/p>\n<p><span dir=\"auto\">N\u011bmeck\u00e1 vl\u00e1da se d\u00e1le odvol\u00e1v\u00e1 na informace z Institutu Paula Ehrlicha (PEI). Podle PEI nebyla sekvence SV40 v plazmidu \u201ep\u016fvodn\u011b konkr\u00e9tn\u011b deklarov\u00e1na\u201c, proto\u017ee Pfizer\/BioNTech pova\u017eoval sekvenci za \u201enefunk\u010dn\u00ed \u010d\u00e1st plazmidu\u201c. AfD (Alternativa pro N\u011bmecko) v\u00fdslovn\u011b kritizovala nedostatek informac\u00ed spole\u010dnosti Pfizer ohledn\u011b sekvenc\u00ed SV40 v jej\u00ed p\u016fvodn\u00ed \u017e\u00e1dosti o schv\u00e1len\u00ed Evropsk\u00e9 agentu\u0159e pro l\u00e9\u010div\u00e9 p\u0159\u00edpravky (EMA). Ve sv\u00e9 odpov\u011bdi n\u011bmeck\u00e1 vl\u00e1da reaguje na kritiku AfD ohledn\u011b nakl\u00e1d\u00e1n\u00ed regula\u010dn\u00edch org\u00e1n\u016f s \u201ene\u00fapln\u00fdmi a vynechan\u00fdmi informacemi od v\u00fdrobc\u016f\u201c odkazem na zrychlen\u00fd postup (\u201epr\u016fb\u011b\u017en\u00e9 p\u0159ezkoum\u00e1n\u00ed\u201c) pro hodnocen\u00ed dokument\u016f k \u017e\u00e1dostem o vakc\u00edny proti COVID-19. Datov\u00e9 bal\u00ed\u010dky z neklinick\u00e9ho a klinick\u00e9ho v\u00fdvoje kandid\u00e1tn\u00ed vakc\u00edny byly ji\u017e vyhodnoceny \u201ep\u0159edt\u00edm, ne\u017e byly shrom\u00e1\u017ed\u011bny v\u0161echny pot\u0159ebn\u00e9 \u00fadaje pro \u017e\u00e1dost o registraci\u201c. Odpov\u011b\u010f pokra\u010duje: \u201ePodle PEI nebylo a nen\u00ed mo\u017en\u00e9 proti hodnocen\u00ed v centralizovan\u00e9m postupu vzn\u00e1\u0161et n\u00e1mitky.\u201c<\/span><\/p>\n<p><em><span dir=\"auto\">\u010cl\u00e1nek je reprintem zpr\u00e1vy z <\/span><a href=\"https:\/\/multipolar-magazin.de\/meldungen\/0387\"><span dir=\"auto\">\u010dasopisu Multipolar<\/span><\/a><span dir=\"auto\">\u00a0<\/span><\/em><\/p>\n<p>&nbsp;<\/p>\n","protected":false},"excerpt":{"rendered":"<p>Existuje zpr\u00e1va od spole\u010dnosti Pfizer, kter\u00e1 podrobn\u011b uv\u00e1d\u00ed data z vy\u0161et\u0159ov\u00e1n\u00ed jej\u00ed vlastn\u00ed vakc\u00edny t\u00fdkaj\u00edc\u00ed&#8230;<\/p>\n","protected":false},"author":2,"featured_media":102925,"comment_status":"closed","ping_status":"closed","sticky":false,"template":"","format":"standard","meta":[],"categories":[7],"tags":[315,651,724],"_links":{"self":[{"href":"https:\/\/www.infokuryr.cz\/n\/wp-json\/wp\/v2\/posts\/102924"}],"collection":[{"href":"https:\/\/www.infokuryr.cz\/n\/wp-json\/wp\/v2\/posts"}],"about":[{"href":"https:\/\/www.infokuryr.cz\/n\/wp-json\/wp\/v2\/types\/post"}],"author":[{"embeddable":true,"href":"https:\/\/www.infokuryr.cz\/n\/wp-json\/wp\/v2\/users\/2"}],"replies":[{"embeddable":true,"href":"https:\/\/www.infokuryr.cz\/n\/wp-json\/wp\/v2\/comments?post=102924"}],"version-history":[{"count":0,"href":"https:\/\/www.infokuryr.cz\/n\/wp-json\/wp\/v2\/posts\/102924\/revisions"}],"wp:featuredmedia":[{"embeddable":true,"href":"https:\/\/www.infokuryr.cz\/n\/wp-json\/wp\/v2\/media\/102925"}],"wp:attachment":[{"href":"https:\/\/www.infokuryr.cz\/n\/wp-json\/wp\/v2\/media?parent=102924"}],"wp:term":[{"taxonomy":"category","embeddable":true,"href":"https:\/\/www.infokuryr.cz\/n\/wp-json\/wp\/v2\/categories?post=102924"},{"taxonomy":"post_tag","embeddable":true,"href":"https:\/\/www.infokuryr.cz\/n\/wp-json\/wp\/v2\/tags?post=102924"}],"curies":[{"name":"wp","href":"https:\/\/api.w.org\/{rel}","templated":true}]}}