{"id":102922,"date":"2026-03-29T00:12:57","date_gmt":"2026-03-28T23:12:57","guid":{"rendered":"https:\/\/www.infokuryr.cz\/n\/?p=102922"},"modified":"2026-03-25T06:15:18","modified_gmt":"2026-03-25T05:15:18","slug":"vojaci-v-ulicich-belgie-musi-chranit-zidovsky-zivot-vojaky","status":"publish","type":"post","link":"https:\/\/www.infokuryr.cz\/n\/2026\/03\/29\/vojaci-v-ulicich-belgie-musi-chranit-zidovsky-zivot-vojaky\/","title":{"rendered":"Voj\u00e1ci v ulic\u00edch: Belgie mus\u00ed chr\u00e1nit \u017eidovsk\u00fd \u017eivot voj\u00e1ky"},"content":{"rendered":"<div id=\"fb-root\"><\/div>\n<p><strong><span dir=\"auto\">Od pond\u011bl\u00ed hl\u00eddkuj\u00ed v ulic\u00edch Bruselu a Antverp t\u011b\u017ece ozbrojen\u00ed voj\u00e1ci. Jejich hlavn\u00edm \u00fakolem je chr\u00e1nit \u017eidovsk\u00e9 \u0161koly, synagogy a komunitn\u00ed centra. Je to drtiv\u00e1 ob\u017ealoba bezpe\u010dnostn\u00ed politiky, kter\u00e1 ukazuje, jak dalece kontinent ji\u017e kapituloval p\u0159ed importovan\u00fdm antisemitismem.<\/span><\/strong><\/p>\n<p><span dir=\"auto\">Belgick\u00e1 vl\u00e1da reaguje drastick\u00fdmi opat\u0159en\u00edmi na zhor\u0161uj\u00edc\u00ed se hrozbu pro \u017eidovsk\u00e9 obyvatelstvo zem\u011b.\u00a0<\/span><a href=\"https:\/\/www.brusselstimes.com\/belgium\/2034906\/deployment-of-soldiers-on-the-streets-of-brussels-will-begin-today\"><span dir=\"auto\">Zpo\u010d\u00e1tku<\/span><\/a><span dir=\"auto\"> bude na t\u0159i m\u011bs\u00edce ve velk\u00fdch belgick\u00fdch m\u011bstech nasazeno 200 voj\u00e1k\u016f; operace se brzy roz\u0161\u00ed\u0159\u00ed do Lutychu. Skute\u010dnost, \u017ee arm\u00e1da nyn\u00ed mus\u00ed p\u0159evz\u00edt policejn\u00ed povinnosti k ochran\u011b \u017eidovsk\u00e9ho \u017eivota, podtrhuje dramatick\u00fd rozsah hrozby.<\/span><\/p>\n<p><span dir=\"auto\">Ale odkud pramen\u00ed toto bezprecedentn\u00ed nebezpe\u010d\u00ed pro \u017eidovsk\u00e9 ob\u010dany? Odpov\u011b\u010f, \u010dasto skryt\u00e1 v politicky korektn\u00edm mainstreamu, je z\u0159ejm\u00e1: Je to bezbo\u017en\u00e1 aliance radikalizovan\u00fdch muslim\u016f a levicov\u00fdch antisemit\u016f, kter\u00e1 st\u00e1le v\u00edce prom\u011b\u0148uje evropsk\u00e9 ulice v prostory strachu.<\/span><\/p>\n<figure class=\"wp-block-embed is-type-rich is-provider-twitter wp-block-embed-twitter\">\n<div class=\"wp-block-embed__wrapper\">\n<div class=\"twitter-tweet twitter-tweet-rendered\"><iframe id=\"twitter-widget-0\" class=\"\" title=\"X P\u0159\u00edsp\u011bvek\" src=\"https:\/\/platform.twitter.com\/embed\/Tweet.html?dnt=true&amp;embedId=twitter-widget-0&amp;features=eyJ0ZndfdGltZWxpbmVfbGlzdCI6eyJidWNrZXQiOltdLCJ2ZXJzaW9uIjpudWxsfSwidGZ3X2ZvbGxvd2VyX2NvdW50X3N1bnNldCI6eyJidWNrZXQiOnRydWUsInZlcnNpb24iOm51bGx9LCJ0ZndfdHdlZXRfZWRpdF9iYWNrZW5kIjp7ImJ1Y2tldCI6Im9uIiwidmVyc2lvbiI6bnVsbH0sInRmd19yZWZzcmNfc2Vzc2lvbiI6eyJidWNrZXQiOiJvbiIsInZlcnNpb24iOm51bGx9LCJ0ZndfZm9zbnJfc29mdF9pbnRlcnZlbnRpb25zX2VuYWJsZWQiOnsiYnVja2V0Ijoib24iLCJ2ZXJzaW9uIjpudWxsfSwidGZ3X21peGVkX21lZGlhXzE1ODk3Ijp7ImJ1Y2tldCI6InRyZWF0bWVudCIsInZlcnNpb24iOm51bGx9LCJ0ZndfZXhwZXJpbWVudHNfY29va2llX2V4cGlyYXRpb24iOnsiYnVja2V0IjoxMjA5NjAwLCJ2ZXJzaW9uIjpudWxsfSwidGZ3X3Nob3dfYmlyZHdhdGNoX3Bpdm90c19lbmFibGVkIjp7ImJ1Y2tldCI6Im9uIiwidmVyc2lvbiI6bnVsbH0sInRmd19kdXBsaWNhdGVfc2NyaWJlc190b19zZXR0aW5ncyI6eyJidWNrZXQiOiJvbiIsInZlcnNpb24iOm51bGx9LCJ0ZndfdXNlX3Byb2ZpbGVfaW1hZ2Vfc2hhcGVfZW5hYmxlZCI6eyJidWNrZXQiOiJvbiIsInZlcnNpb24iOm51bGx9LCJ0ZndfdmlkZW9faGxzX2R5bmFtaWNfbWFuaWZlc3RzXzE1MDgyIjp7ImJ1Y2tldCI6InRydWVfYml0cmF0ZSIsInZlcnNpb24iOm51bGx9LCJ0ZndfbGVnYWN5X3RpbWVsaW5lX3N1bnNldCI6eyJidWNrZXQiOnRydWUsInZlcnNpb24iOm51bGx9LCJ0ZndfdHdlZXRfZWRpdF9mcm9udGVuZCI6eyJidWNrZXQiOiJvbiIsInZlcnNpb24iOm51bGx9fQ%3D%3D&amp;frame=false&amp;hideCard=false&amp;hideThread=false&amp;id=2036260254401568830&amp;lang=cs&amp;origin=https%3A%2F%2Freport24.news%2Fmilitaer-auf-den-strassen-belgien-muss-juedisches-leben-mit-soldaten-schuetzen%2F&amp;sessionId=87af1b52f657be9a6e780dddc64c2463fda16869&amp;theme=light&amp;widgetsVersion=2615f7e52b7e0%3A1702314776716&amp;width=550px\" frameborder=\"0\" scrolling=\"no\" allowfullscreen=\"allowfullscreen\" data-tweet-id=\"2036260254401568830\" data-mce-fragment=\"1\"><\/iframe><\/div>\n<\/div>\n<\/figure>\n<p><span dir=\"auto\">Od vypuknut\u00ed v\u00e1lky v Gaze \u2013 legitimn\u00edho obrann\u00e9ho boje Izraele proti brut\u00e1ln\u00edm terorist\u016fm Ham\u00e1su \u2013 a ned\u00e1vn\u00e9 eskalace \u00edr\u00e1nsko-ir\u00e1ck\u00e9 v\u00e1lky v ulic\u00edch propukla nen\u00e1vist. Pod rou\u0161kou \u201ekritiky Izraele\u201c pochoduj\u00ed islamistick\u00e9 davy, \u010dasto po boku levicov\u00fdch extremist\u016f, evropsk\u00fdmi hlavn\u00edmi m\u011bsty. Vyk\u0159ikuj\u00ed antisemitsk\u00e1 hesla, ozna\u010duj\u00ed \u017eidovsk\u00e9 domy a \u0161\u00ed\u0159\u00ed atmosf\u00e9ru teroru. St\u00e1t ztratil kontrolu nad ve\u0159ejn\u00fdm prostorem ve prosp\u011bch t\u011bch, kte\u0159\u00ed hluboce opovrhuj\u00ed na\u0161imi z\u00e1padn\u00edmi hodnotami a pr\u00e1vem Izraele na existenci.<\/span><\/p>\n<p><span dir=\"auto\">Skute\u010dnost, \u017ee belgick\u00e1 arm\u00e1da krom\u011b ochrany \u017eidovsk\u00fdch instituc\u00ed mus\u00ed b\u00fdt nyn\u00ed nasazena tak\u00e9 proti buj\u00edc\u00ed drogov\u00e9 kriminalit\u011b \u2013 v n\u00ed\u017e dominuj\u00ed p\u0159ev\u00e1\u017en\u011b cizinci \u2013 zejm\u00e9na v hlavn\u00edm m\u011bst\u011b Bruselu, odpov\u00edd\u00e1 obrazu st\u00e1tu, kter\u00fd selh\u00e1v\u00e1 ve sv\u00fdch nejz\u00e1kladn\u011bj\u0161\u00edch \u00fakolech. Ministr obrany Theo Francken (N-VA) ozna\u010dil nasazen\u00ed za \u201edo\u010dasn\u00e9\u201c a varoval parlament: \u201eNem\u016f\u017eeme m\u00edt v na\u0161ich ulic\u00edch ka\u017ed\u00fd den stovky voj\u00e1k\u016f.\u201c Jako ospravedln\u011bn\u00ed uvedl \u010detn\u00e9 nasazen\u00ed belgick\u00e9 arm\u00e1dy v zahrani\u010d\u00ed.<\/span><\/p>\n<p><span dir=\"auto\">Zlomov\u00e9 poselstv\u00ed pro \u017eidovskou komunitu: St\u00e1t nem\u016f\u017ee trvale zaru\u010dit va\u0161i bezpe\u010dnost ve va\u0161\u00ed vlastn\u00ed zemi. Pokud se evropsk\u00e9 vl\u00e1dy kone\u010dn\u011b neprobud\u00ed, nejmenuj\u00ed pachatele z islamistick\u00fdch a levicov\u00fdch kruh\u016f a neuplatn\u00ed z\u00e1kon v pln\u00e9 s\u00edle, \u017eidovsk\u00fd \u017eivot z Evropy zmiz\u00ed. \u010ceho nedok\u00e1zali nacist\u00e9, toho dos\u00e1hnou promuslimsk\u00e9, levicov\u00e9 vl\u00e1dy Evropy\u2026<\/span><\/p>\n<p><img decoding=\"async\" loading=\"lazy\" class=\"alignnone size-full wp-image-1185\" src=\"http:\/\/www.infokuryr.cz\/n\/wp-content\/uploads\/2021\/04\/kuryr-podpis.png\" alt=\"\" width=\"84\" height=\"24\" \/><\/p>\n<p>&nbsp;<\/p>\n","protected":false},"excerpt":{"rendered":"<p>Od pond\u011bl\u00ed hl\u00eddkuj\u00ed v ulic\u00edch Bruselu a Antverp t\u011b\u017ece ozbrojen\u00ed voj\u00e1ci. Jejich hlavn\u00edm \u00fakolem je&#8230;<\/p>\n","protected":false},"author":2,"featured_media":102923,"comment_status":"closed","ping_status":"closed","sticky":false,"template":"","format":"standard","meta":[],"categories":[7],"tags":[261,10707,321],"_links":{"self":[{"href":"https:\/\/www.infokuryr.cz\/n\/wp-json\/wp\/v2\/posts\/102922"}],"collection":[{"href":"https:\/\/www.infokuryr.cz\/n\/wp-json\/wp\/v2\/posts"}],"about":[{"href":"https:\/\/www.infokuryr.cz\/n\/wp-json\/wp\/v2\/types\/post"}],"author":[{"embeddable":true,"href":"https:\/\/www.infokuryr.cz\/n\/wp-json\/wp\/v2\/users\/2"}],"replies":[{"embeddable":true,"href":"https:\/\/www.infokuryr.cz\/n\/wp-json\/wp\/v2\/comments?post=102922"}],"version-history":[{"count":0,"href":"https:\/\/www.infokuryr.cz\/n\/wp-json\/wp\/v2\/posts\/102922\/revisions"}],"wp:featuredmedia":[{"embeddable":true,"href":"https:\/\/www.infokuryr.cz\/n\/wp-json\/wp\/v2\/media\/102923"}],"wp:attachment":[{"href":"https:\/\/www.infokuryr.cz\/n\/wp-json\/wp\/v2\/media?parent=102922"}],"wp:term":[{"taxonomy":"category","embeddable":true,"href":"https:\/\/www.infokuryr.cz\/n\/wp-json\/wp\/v2\/categories?post=102922"},{"taxonomy":"post_tag","embeddable":true,"href":"https:\/\/www.infokuryr.cz\/n\/wp-json\/wp\/v2\/tags?post=102922"}],"curies":[{"name":"wp","href":"https:\/\/api.w.org\/{rel}","templated":true}]}}