{"id":102851,"date":"2026-03-26T00:17:02","date_gmt":"2026-03-25T23:17:02","guid":{"rendered":"https:\/\/www.infokuryr.cz\/n\/?p=102851"},"modified":"2026-03-24T17:16:08","modified_gmt":"2026-03-24T16:16:08","slug":"svedectvi-iranske-skolacky-ktera-prezila-americke-vojenske-bombardovani-skoly-minab-v-iranu-prvni-den-valky","status":"publish","type":"post","link":"https:\/\/www.infokuryr.cz\/n\/2026\/03\/26\/svedectvi-iranske-skolacky-ktera-prezila-americke-vojenske-bombardovani-skoly-minab-v-iranu-prvni-den-valky\/","title":{"rendered":"Sv\u011bdectv\u00ed \u00edr\u00e1nsk\u00e9 \u0161kola\u010dky, kter\u00e1 p\u0159e\u017eila americk\u00e9 vojensk\u00e9 bombardov\u00e1n\u00ed \u0161koly Minab v \u00cdr\u00e1nu prvn\u00ed den v\u00e1lky"},"content":{"rendered":"<div id=\"fb-root\"><\/div>\n<p><span dir=\"auto\">M\u016fj bratranec si hr\u00e1l s kamar\u00e1dem. \u0158ekla jsem mu: \u201eM\u011bl bys b\u00fdt ve t\u0159\u00edd\u011b.\u201c Odpov\u011bd\u011bl: \u201eNe, je p\u0159est\u00e1vka, chci si hr\u00e1t.\u201c<\/span><\/p>\n<p><span dir=\"auto\">P\u0159esn\u011b v tu chv\u00edli ude\u0159ilo zem\u011bt\u0159esen\u00ed. Sna\u017eili jsme se uniknout, kdy\u017e se na n\u00e1s z\u0159\u00edtilo schodi\u0161t\u011b. Hned nato shodili druhou bombu.<\/span><\/p>\n<p><span dir=\"auto\">Cel\u00fd strop se na n\u00e1s z\u0159\u00edtil. \u0160kola byla \u00fapln\u011b zni\u010den\u00e1.<\/span><\/p>\n<p><span dir=\"auto\">Po\u0159\u00e1d jsem k\u0159i\u010dela: \u201ePomoc! Pomoc!\u201c Nejd\u0159\u00edv jsem si myslela, \u017ee se mi to zd\u00e1. V\u0161echny kameny m\u011b drtily. Kolem m\u011b bylo \u0161est t\u011bl.<\/span><\/p>\n<p><span dir=\"auto\">Vid\u011bla jsem sv\u00e9ho bratrance na vlastn\u00ed o\u010di: nem\u011bl ruce a p\u016flku obli\u010deje m\u011bl pry\u010d. T\u0159\u00e1sla jsem se hr\u016fzou. Ztratila jsem p\u016flku p\u0159\u00e1tel. Chci jen \u0159\u00edct, \u017ee B\u016fh n\u00e1s pomst\u00ed.<\/span><\/p>\n<p><em><span dir=\"auto\">Zdroj:\u00a0<\/span><a title=\"Sahel Brut\" href=\"https:\/\/x.com\/sahelbrut3\/status\/2036063725673652653\" target=\"_blank\" rel=\"noopener\"><span dir=\"auto\">Sahel Brut<\/span><\/a><\/em><\/p>\n<p>&nbsp;<\/p>\n","protected":false},"excerpt":{"rendered":"<p>M\u016fj bratranec si hr\u00e1l s kamar\u00e1dem. \u0158ekla jsem mu: \u201eM\u011bl bys b\u00fdt ve t\u0159\u00edd\u011b.\u201c Odpov\u011bd\u011bl:&#8230;<\/p>\n","protected":false},"author":2,"featured_media":102852,"comment_status":"closed","ping_status":"closed","sticky":false,"template":"","format":"standard","meta":[],"categories":[7],"tags":[7327,245,1719],"_links":{"self":[{"href":"https:\/\/www.infokuryr.cz\/n\/wp-json\/wp\/v2\/posts\/102851"}],"collection":[{"href":"https:\/\/www.infokuryr.cz\/n\/wp-json\/wp\/v2\/posts"}],"about":[{"href":"https:\/\/www.infokuryr.cz\/n\/wp-json\/wp\/v2\/types\/post"}],"author":[{"embeddable":true,"href":"https:\/\/www.infokuryr.cz\/n\/wp-json\/wp\/v2\/users\/2"}],"replies":[{"embeddable":true,"href":"https:\/\/www.infokuryr.cz\/n\/wp-json\/wp\/v2\/comments?post=102851"}],"version-history":[{"count":0,"href":"https:\/\/www.infokuryr.cz\/n\/wp-json\/wp\/v2\/posts\/102851\/revisions"}],"wp:featuredmedia":[{"embeddable":true,"href":"https:\/\/www.infokuryr.cz\/n\/wp-json\/wp\/v2\/media\/102852"}],"wp:attachment":[{"href":"https:\/\/www.infokuryr.cz\/n\/wp-json\/wp\/v2\/media?parent=102851"}],"wp:term":[{"taxonomy":"category","embeddable":true,"href":"https:\/\/www.infokuryr.cz\/n\/wp-json\/wp\/v2\/categories?post=102851"},{"taxonomy":"post_tag","embeddable":true,"href":"https:\/\/www.infokuryr.cz\/n\/wp-json\/wp\/v2\/tags?post=102851"}],"curies":[{"name":"wp","href":"https:\/\/api.w.org\/{rel}","templated":true}]}}