{"id":102847,"date":"2026-03-26T00:14:24","date_gmt":"2026-03-25T23:14:24","guid":{"rendered":"https:\/\/www.infokuryr.cz\/n\/?p=102847"},"modified":"2026-03-24T17:07:27","modified_gmt":"2026-03-24T16:07:27","slug":"izraelsky-premier-netanjahu-se-chlubi-zabitim-dalsich-iranskych-vedcu","status":"publish","type":"post","link":"https:\/\/www.infokuryr.cz\/n\/2026\/03\/26\/izraelsky-premier-netanjahu-se-chlubi-zabitim-dalsich-iranskych-vedcu\/","title":{"rendered":"Izraelsk\u00fd premi\u00e9r Netanjahu se chlub\u00ed zabit\u00edm dal\u0161\u00edch \u00edr\u00e1nsk\u00fdch v\u011bdc\u016f"},"content":{"rendered":"<div id=\"fb-root\"><\/div>\n<p><strong><span dir=\"auto\">Premi\u00e9r Benjamin Netanjahu 23. b\u0159ezna ozn\u00e1mil, \u017ee Izrael \u00fasp\u011b\u0161n\u011b zavra\u017edil dva jadern\u00e9 v\u011bdce v \u00cdr\u00e1nu.<\/span><\/strong><\/p>\n<p><em><span dir=\"auto\">\u201eN\u00e1sledn\u011b ni\u010d\u00edme raketov\u00fd a jadern\u00fd program a nad\u00e1le tvrd\u011b \u00fato\u010d\u00edme na Hizball\u00e1h,\u201c uvedl premi\u00e9r ve video prohl\u00e1\u0161en\u00ed. \u201eJen p\u0159ed n\u011bkolika dny jsme zlikvidovali dal\u0161\u00ed dva jadern\u00e9 v\u011bdce a st\u00e1le m\u00e1me nata\u017eenou ruku.\u201c<\/span><\/em><\/p>\n<p><span dir=\"auto\">Izrael \u00fadajn\u011b zavra\u017edil nejm\u00e9n\u011b 11 v\u011bdc\u016f b\u011bhem 12denn\u00ed \u010dervnov\u00e9 v\u00e1lky proti \u00cdr\u00e1nu loni v \u010dervnu, ale st\u00e1le nen\u00ed jasn\u00e9, kolik jich bylo zabito od za\u010d\u00e1tku prob\u00edhaj\u00edc\u00ed v\u00e1lky.<\/span><\/p>\n<p><span dir=\"auto\">Khoda Bakhsh a Mohammad Reza, dva vysoce postaven\u00ed v\u011bdci v tajn\u00e9m projektu vyvinut\u00e9m \u00cdr\u00e1nem, byli ter\u010dem \u00fatoku v noci z 20. na 21. b\u0159ezna a podle izraelsk\u00fdch odhad\u016f, o nich\u017e informovala hebrejsk\u00e1 m\u00e9dia, byli oba zabiti.<\/span><\/p>\n<p><span dir=\"auto\">Krom\u011b toho jen n\u011bkolik hodin p\u0159ed zve\u0159ejn\u011bn\u00edm Netanjahuova prohl\u00e1\u0161en\u00ed \u00edr\u00e1nsk\u00e1 m\u00e9dia informovala, \u017ee Saeed Shamghadri, docent na Fakult\u011b elektrotechniky \u00cdr\u00e1nsk\u00e9 univerzity v\u011bdy a techniky, byl zabit spolu se sv\u00fdmi dv\u011bma d\u011btmi p\u0159i izraelsk\u00e9m \u00fatoku.<\/span><\/p>\n<p><span dir=\"auto\">Izrael od za\u010d\u00e1tku prob\u00edhaj\u00edc\u00ed v\u00e1lky zavra\u017edil des\u00edtky \u00edr\u00e1nsk\u00fdch \u00fa\u0159edn\u00edk\u016f, po\u010d\u00ednaje nejvy\u0161\u0161\u00edm v\u016fdcem Al\u00edm Chamin\u00e1\u00edm.<\/span><\/p>\n<p><span dir=\"auto\">\u00da\u010delem atent\u00e1t\u016f je ochromit \u00edr\u00e1nsk\u00fd velitelsk\u00fd a \u0159\u00eddic\u00ed syst\u00e9m, zbrzdit v\u00fdzkum v jadern\u00e9 oblasti v Isl\u00e1msk\u00e9 republice a dokonce i zabr\u00e1nit rozvoji vojensk\u00fdch schopnost\u00ed, jako jsou rakety a drony.<\/span><\/p>\n<p><span dir=\"auto\">Kampa\u0148 zjevn\u011b neovlivnila syst\u00e9m velen\u00ed a \u0159\u00edzen\u00ed v \u00cdr\u00e1nu a jej\u00ed vliv na v\u00fdzkum a v\u00fdvoj se teprve uvid\u00ed.<\/span><\/p>\n<p><span dir=\"auto\">Podle \u00edr\u00e1nsk\u00e9ho ministerstva zdravotnictv\u00ed si americko-izraelsk\u00e1 v\u00e1lka ji\u017e vy\u017e\u00e1dala \u017eivoty v\u00edce ne\u017e 1500 lid\u00ed a p\u0159es 19 000 dal\u0161\u00edch bylo zran\u011bno.<\/span><\/p>\n<p><img decoding=\"async\" loading=\"lazy\" class=\"alignnone size-full wp-image-1185\" src=\"http:\/\/www.infokuryr.cz\/n\/wp-content\/uploads\/2021\/04\/kuryr-podpis.png\" alt=\"\" width=\"84\" height=\"24\" \/><\/p>\n<p>&nbsp;<\/p>\n","protected":false},"excerpt":{"rendered":"<p>Premi\u00e9r Benjamin Netanjahu 23. b\u0159ezna ozn\u00e1mil, \u017ee Izrael \u00fasp\u011b\u0161n\u011b zavra\u017edil dva jadern\u00e9 v\u011bdce v \u00cdr\u00e1nu&#8230;.<\/p>\n","protected":false},"author":2,"featured_media":101573,"comment_status":"closed","ping_status":"closed","sticky":false,"template":"","format":"standard","meta":[],"categories":[7],"tags":[4537,107,1561],"_links":{"self":[{"href":"https:\/\/www.infokuryr.cz\/n\/wp-json\/wp\/v2\/posts\/102847"}],"collection":[{"href":"https:\/\/www.infokuryr.cz\/n\/wp-json\/wp\/v2\/posts"}],"about":[{"href":"https:\/\/www.infokuryr.cz\/n\/wp-json\/wp\/v2\/types\/post"}],"author":[{"embeddable":true,"href":"https:\/\/www.infokuryr.cz\/n\/wp-json\/wp\/v2\/users\/2"}],"replies":[{"embeddable":true,"href":"https:\/\/www.infokuryr.cz\/n\/wp-json\/wp\/v2\/comments?post=102847"}],"version-history":[{"count":0,"href":"https:\/\/www.infokuryr.cz\/n\/wp-json\/wp\/v2\/posts\/102847\/revisions"}],"wp:featuredmedia":[{"embeddable":true,"href":"https:\/\/www.infokuryr.cz\/n\/wp-json\/wp\/v2\/media\/101573"}],"wp:attachment":[{"href":"https:\/\/www.infokuryr.cz\/n\/wp-json\/wp\/v2\/media?parent=102847"}],"wp:term":[{"taxonomy":"category","embeddable":true,"href":"https:\/\/www.infokuryr.cz\/n\/wp-json\/wp\/v2\/categories?post=102847"},{"taxonomy":"post_tag","embeddable":true,"href":"https:\/\/www.infokuryr.cz\/n\/wp-json\/wp\/v2\/tags?post=102847"}],"curies":[{"name":"wp","href":"https:\/\/api.w.org\/{rel}","templated":true}]}}