{"id":102838,"date":"2026-03-25T00:34:32","date_gmt":"2026-03-24T23:34:32","guid":{"rendered":"https:\/\/www.infokuryr.cz\/n\/?p=102838"},"modified":"2026-03-24T16:51:00","modified_gmt":"2026-03-24T15:51:00","slug":"brusel-varuje-slovensko-pred-diskriminacnim-dvojim-stanovenim-cen-paliv-zamerenym-na-zahranicni-ridice","status":"publish","type":"post","link":"https:\/\/www.infokuryr.cz\/n\/2026\/03\/25\/brusel-varuje-slovensko-pred-diskriminacnim-dvojim-stanovenim-cen-paliv-zamerenym-na-zahranicni-ridice\/","title":{"rendered":"Brusel varuje Slovensko p\u0159ed \u201ediskrimina\u010dn\u00edm\u201c dvoj\u00edm stanoven\u00edm cen paliv zam\u011b\u0159en\u00fdm na zahrani\u010dn\u00ed \u0159idi\u010de"},"content":{"rendered":"<div id=\"fb-root\"><\/div>\n<h3 class=\"s-tagline fw-tagline\"><span dir=\"auto\">Brusel signalizoval pr\u00e1vn\u00ed kroky pot\u00e9, co Bratislava zavedla vy\u0161\u0161\u00ed ceny nafty pro nerezidenty kv\u016fli obav\u00e1m o dod\u00e1vky<\/span><\/h3>\n<p><span dir=\"auto\">Evropsk\u00e1 komise varovala Slovensko, \u017ee jeho nov\u011b zaveden\u00fd syst\u00e9m dvoj\u00edho oce\u0148ov\u00e1n\u00ed nafty \u2013 kter\u00fd \u00fa\u010dtuje zahrani\u010dn\u00edm \u0159idi\u010d\u016fm v\u00edce ne\u017e m\u00edstn\u00edm \u2013 poru\u0161uje pr\u00e1vo EU, a vyvol\u00e1v\u00e1 tak nov\u00fd st\u0159et s premi\u00e9rem Robertem Ficem ohledn\u011b energetick\u00e9 politiky.<\/span><\/p>\n<p><span dir=\"auto\">Spor se to\u010d\u00ed kolem nouzov\u00fdch opat\u0159en\u00ed p\u0159ijat\u00fdch slovenskou vl\u00e1dou 18. b\u0159ezna, kter\u00e1 zav\u00e1d\u011bj\u00ed 30denn\u00ed omezen\u00ed tankov\u00e1n\u00ed nafty a zav\u00e1d\u011bj\u00ed vy\u0161\u0161\u00ed ceny pro vozidla se zahrani\u010dn\u00edmi registra\u010dn\u00edmi zna\u010dkami. C\u00edlem t\u00e9to politiky je omezit \u201epalivovou turistiku\u201c, kdy \u0159idi\u010di ze sousedn\u00edch zem\u00ed proud\u00ed na Slovensko, aby vyu\u017eili v\u00fdrazn\u011b ni\u017e\u0161\u00edch cen nafty.<\/span><\/p>\n<p><span dir=\"auto\">Mluv\u010d\u00ed Evropsk\u00e9 komise uvedl, \u017ee opat\u0159en\u00ed jsou \u201evysoce diskrimina\u010dn\u00ed a v rozporu s pr\u00e1vem EU\u201c a zd\u016fraznil, \u017ee \u010dlensk\u00e9 st\u00e1ty nemohou zav\u00e1d\u011bt cenovou politiku, kter\u00e1 rozli\u0161uje na z\u00e1klad\u011b st\u00e1tn\u00ed p\u0159\u00edslu\u0161nosti.<\/span><\/p>\n<p><span dir=\"auto\">\u201eI kdy\u017e ch\u00e1peme pot\u0159ebu podporovat ob\u010dany, zejm\u00e9na v t\u00e9to dob\u011b, opat\u0159en\u00ed nesm\u00ed diskriminovat na z\u00e1klad\u011b st\u00e1tn\u00ed p\u0159\u00edslu\u0161nosti ani podkop\u00e1vat integritu na\u0161eho jednotn\u00e9ho trhu,\u201c uvedla Komise v \u00fater\u00fd.<\/span><\/p>\n<p><span dir=\"auto\">Brusel rovn\u011b\u017e varoval p\u0159ed jednostrann\u00fdmi kroky a zd\u016fraznil, \u017ee naru\u0161en\u00ed energetiky a trhu by m\u011blo b\u00fdt \u0159e\u0161eno koordinovan\u00fdmi opat\u0159en\u00edmi na \u00farovni cel\u00e9 EU, nikoli intervencemi jednotliv\u00fdch st\u00e1t\u016f.<\/span><\/p>\n<p><span dir=\"auto\">Slovensk\u00e1 vl\u00e1da tuto politiku obhajuje s t\u00edm, \u017ee je nezbytn\u00e1 k ochran\u011b dom\u00e1c\u00edch dod\u00e1vek. Jak informoval\u00a0<\/span><a href=\"https:\/\/e.dennikn.sk\/minuta\/5220131\"><span dir=\"auto\">Denn\u00edk N<\/span><\/a><span dir=\"auto\">\u00a0, Fico uvedl, \u017ee rozhodnut\u00ed je vzhledem k okolnostem opr\u00e1vn\u011bn\u00e9, a vyj\u00e1d\u0159il frustraci z postoje Komise, co\u017e nazna\u010duje, \u017ee Brusel projevil pro postoj Slovenska jen mal\u00e9 pochopen\u00ed.<\/span><\/p>\n<p><span dir=\"auto\">Tento krok p\u0159ich\u00e1z\u00ed uprost\u0159ed rostouc\u00edch obav z nedostatku pohonn\u00fdch hmot zp\u016fsoben\u00fdch jak prob\u00edhaj\u00edc\u00edm konfliktem na Bl\u00edzk\u00e9m v\u00fdchod\u011b, tak i ukrajinsk\u00fdm odm\u00edtnut\u00edm obnovit tranzit rusk\u00e9 ropy do Evropy ropovodem Dru\u017eba. Ropovod je mimo provoz od ledna, co\u017e Slovensko \u010del\u00ed potenci\u00e1ln\u00edm omezen\u00edm dod\u00e1vek.<\/span><\/p>\n<p><span dir=\"auto\">V reakci na to se Bratislava sna\u017e\u00ed up\u0159ednostnit dom\u00e1c\u00ed spot\u0159ebitele omezen\u00edm exportu a odrazov\u00e1n\u00edm zahrani\u010dn\u00edch \u0159idi\u010d\u016f od tankov\u00e1n\u00ed v r\u00e1mci sv\u00fdch hranic. V r\u00e1mci nov\u00e9ho syst\u00e9mu plat\u00ed \u0159idi\u010d\u016fm se zahrani\u010dn\u00edmi pozn\u00e1vac\u00edmi zna\u010dkami ceny odpov\u00eddaj\u00edc\u00ed cen\u00e1m v sousedn\u00edch zem\u00edch, jako je Rakousko a Polsko, zat\u00edmco sloven\u0161t\u00ed obyvatel\u00e9 nad\u00e1le vyu\u017e\u00edvaj\u00ed ni\u017e\u0161\u00edch sazeb.<\/span><\/p>\n<p><span dir=\"auto\">Cenov\u00fd rozd\u00edl pramen\u00ed ze slovensk\u00e9ho rafin\u00e9rsk\u00e9ho sektoru, kter\u00fd prod\u00e1v\u00e1 naftu pod \u00farovn\u00ed \u0161ir\u0161\u00edho evropsk\u00e9ho trhu, co\u017e vytv\u00e1\u0159\u00ed silnou pob\u00eddku pro p\u0159eshrani\u010dn\u00ed n\u00e1kupy paliv.<\/span><\/p>\n<p><span dir=\"auto\">Spor tak\u00e9 odr\u00e1\u017e\u00ed \u0161ir\u0161\u00ed nap\u011bt\u00ed mezi Slovenskem, Ma\u010farskem, Ukrajinou a Bruselem ohledn\u011b tranzitu energie. Bratislava i Budape\u0161\u0165 tla\u010d\u00ed na Kyjev k obnoven\u00ed tok\u016f ropovodem Dru\u017eba a z\u00e1rove\u0148 v prob\u00edhaj\u00edc\u00edch jedn\u00e1n\u00edch blokuj\u00ed navrhovan\u00fd finan\u010dn\u00ed bal\u00ed\u010dek EU pro Ukrajinu ve v\u00fd\u0161i 90 miliard eur.<\/span><\/p>\n<p><span dir=\"auto\">Evropsk\u00e1 komise nab\u00eddla vysl\u00e1n\u00ed technick\u00fdch expert\u016f a navrhla, \u017ee by financov\u00e1n\u00ed EU mohlo pomoci pokr\u00fdt n\u00e1klady na opravy, ale dosud nebylo dosa\u017eeno \u017e\u00e1dn\u00e9 dohody.<\/span><\/p>\n<p><span dir=\"auto\">Vl\u00e1dy v Ma\u010farsku i na Slovensku v\u0161ak Brusel obvinily z plan\u00fdch slov a tvrdily, \u017ee Evropsk\u00e1 komise se postavila na stranu Ukrajiny ve prosp\u011bch \u010dlensk\u00fdch st\u00e1t\u016f EU. Zejm\u00e9na Ma\u010farsko se domn\u00edv\u00e1, \u017ee zpo\u017ed\u011bn\u00ed obnoven\u00ed tranzitu m\u00e1 ovlivnit kl\u00ed\u010dov\u00e9 parlamentn\u00ed volby, kter\u00e9 se budou konat p\u0159\u00ed\u0161t\u00ed m\u011bs\u00edc.<\/span><\/p>\n<p><img decoding=\"async\" loading=\"lazy\" class=\"alignnone size-full wp-image-1185\" src=\"http:\/\/www.infokuryr.cz\/n\/wp-content\/uploads\/2021\/04\/kuryr-podpis.png\" alt=\"\" width=\"84\" height=\"24\" \/><\/p>\n<p>&nbsp;<\/p>\n","protected":false},"excerpt":{"rendered":"<p>Brusel signalizoval pr\u00e1vn\u00ed kroky pot\u00e9, co Bratislava zavedla vy\u0161\u0161\u00ed ceny nafty pro nerezidenty kv\u016fli obav\u00e1m&#8230;<\/p>\n","protected":false},"author":2,"featured_media":102839,"comment_status":"closed","ping_status":"closed","sticky":false,"template":"","format":"standard","meta":[],"categories":[7],"tags":[1257,640,1907,203],"_links":{"self":[{"href":"https:\/\/www.infokuryr.cz\/n\/wp-json\/wp\/v2\/posts\/102838"}],"collection":[{"href":"https:\/\/www.infokuryr.cz\/n\/wp-json\/wp\/v2\/posts"}],"about":[{"href":"https:\/\/www.infokuryr.cz\/n\/wp-json\/wp\/v2\/types\/post"}],"author":[{"embeddable":true,"href":"https:\/\/www.infokuryr.cz\/n\/wp-json\/wp\/v2\/users\/2"}],"replies":[{"embeddable":true,"href":"https:\/\/www.infokuryr.cz\/n\/wp-json\/wp\/v2\/comments?post=102838"}],"version-history":[{"count":0,"href":"https:\/\/www.infokuryr.cz\/n\/wp-json\/wp\/v2\/posts\/102838\/revisions"}],"wp:featuredmedia":[{"embeddable":true,"href":"https:\/\/www.infokuryr.cz\/n\/wp-json\/wp\/v2\/media\/102839"}],"wp:attachment":[{"href":"https:\/\/www.infokuryr.cz\/n\/wp-json\/wp\/v2\/media?parent=102838"}],"wp:term":[{"taxonomy":"category","embeddable":true,"href":"https:\/\/www.infokuryr.cz\/n\/wp-json\/wp\/v2\/categories?post=102838"},{"taxonomy":"post_tag","embeddable":true,"href":"https:\/\/www.infokuryr.cz\/n\/wp-json\/wp\/v2\/tags?post=102838"}],"curies":[{"name":"wp","href":"https:\/\/api.w.org\/{rel}","templated":true}]}}