{"id":102834,"date":"2026-03-25T00:31:57","date_gmt":"2026-03-24T23:31:57","guid":{"rendered":"https:\/\/www.infokuryr.cz\/n\/?p=102834"},"modified":"2026-03-24T16:45:51","modified_gmt":"2026-03-24T15:45:51","slug":"proti-veskere-opozici-brusel-prosadi-kontroverzni-dohodu-mercosuru","status":"publish","type":"post","link":"https:\/\/www.infokuryr.cz\/n\/2026\/03\/25\/proti-veskere-opozici-brusel-prosadi-kontroverzni-dohodu-mercosuru\/","title":{"rendered":"Proti ve\u0161ker\u00e9 opozici: Brusel prosad\u00ed kontroverzn\u00ed dohodu Mercosuru"},"content":{"rendered":"<div id=\"fb-root\"><\/div>\n<p><strong><span dir=\"auto\">Evropsk\u00e1 komise ignoruje protesty farm\u00e1\u0159\u016f, p\u0159ehl\u00ed\u017e\u00ed demokratick\u00e9 obavy a dokonce i odm\u00edt\u00e1 prob\u00edhaj\u00edc\u00ed soudn\u00ed spor u Evropsk\u00e9ho soudn\u00edho dvora. Kontroverzn\u00ed dohoda Mercosur bude chladnokrevn\u011b provedena 1. kv\u011btna. Kouzeln\u00e9 slovo eurokrat\u016f pro tento skand\u00e1l zn\u00ed: \u201eprozat\u00edmn\u00ed uplat\u0148ov\u00e1n\u00ed\u201c.<\/span><\/strong><\/p>\n<p><span dir=\"auto\">Pokud se eurokrat\u016fm v Bruselu nepoda\u0159\u00ed prosadit si sv\u00e9 b\u011b\u017enou cestou, uchyluj\u00ed se k trik\u016fm. Pro p\u0159ipomenut\u00ed: teprve 21. ledna Evropsk\u00fd parlament po drtiv\u00e9 v\u011bt\u0161in\u011b hlas\u016f pozastavil ratifikaci dohody. Poslanci Evropsk\u00e9ho parlamentu se odvolali k Evropsk\u00e9mu soudn\u00edmu dvoru (ESD), aby p\u0159ezkoumal z\u00e1konnost dohody. Norm\u00e1ln\u00ed, demokratick\u00fd proces.<\/span><\/p>\n<p><span dir=\"auto\">Ale v\u00fdkonn\u00e9 moci EU to bylo \u00fapln\u011b jedno.\u00a0<\/span><a href=\"https:\/\/de.euronews.com\/my-europe\/2026\/03\/23\/mercosur-abkommen\"><span dir=\"auto\">V pond\u011bl\u00ed Komise zah\u00e1jila posledn\u00ed kroky<\/span><\/a><span dir=\"auto\">\u00a0k aktivaci paktu s jihoamerick\u00fdmi st\u00e1ty (Argentina, Braz\u00edlie, Paraguay a Uruguay) zadn\u00edmi vr\u00e1tky. Zvl\u00e1\u0161tn\u00ed postup umo\u017e\u0148uje zav\u00e9st sn\u00ed\u017een\u00ed cel na zbo\u017e\u00ed ji\u017e od 1. kv\u011btna \u2013 zcela bez ovlivn\u011bn\u00ed pr\u00e1vn\u00edm p\u0159ezkumem.<\/span><\/p>\n<figure class=\"wp-block-embed is-type-rich is-provider-twitter wp-block-embed-twitter\">\n<div class=\"wp-block-embed__wrapper\">\n<div class=\"twitter-tweet twitter-tweet-rendered\"><iframe id=\"twitter-widget-0\" class=\"\" title=\"X P\u0159\u00edsp\u011bvek\" src=\"https:\/\/platform.twitter.com\/embed\/Tweet.html?dnt=true&amp;embedId=twitter-widget-0&amp;features=eyJ0ZndfdGltZWxpbmVfbGlzdCI6eyJidWNrZXQiOltdLCJ2ZXJzaW9uIjpudWxsfSwidGZ3X2ZvbGxvd2VyX2NvdW50X3N1bnNldCI6eyJidWNrZXQiOnRydWUsInZlcnNpb24iOm51bGx9LCJ0ZndfdHdlZXRfZWRpdF9iYWNrZW5kIjp7ImJ1Y2tldCI6Im9uIiwidmVyc2lvbiI6bnVsbH0sInRmd19yZWZzcmNfc2Vzc2lvbiI6eyJidWNrZXQiOiJvbiIsInZlcnNpb24iOm51bGx9LCJ0ZndfZm9zbnJfc29mdF9pbnRlcnZlbnRpb25zX2VuYWJsZWQiOnsiYnVja2V0Ijoib24iLCJ2ZXJzaW9uIjpudWxsfSwidGZ3X21peGVkX21lZGlhXzE1ODk3Ijp7ImJ1Y2tldCI6InRyZWF0bWVudCIsInZlcnNpb24iOm51bGx9LCJ0ZndfZXhwZXJpbWVudHNfY29va2llX2V4cGlyYXRpb24iOnsiYnVja2V0IjoxMjA5NjAwLCJ2ZXJzaW9uIjpudWxsfSwidGZ3X3Nob3dfYmlyZHdhdGNoX3Bpdm90c19lbmFibGVkIjp7ImJ1Y2tldCI6Im9uIiwidmVyc2lvbiI6bnVsbH0sInRmd19kdXBsaWNhdGVfc2NyaWJlc190b19zZXR0aW5ncyI6eyJidWNrZXQiOiJvbiIsInZlcnNpb24iOm51bGx9LCJ0ZndfdXNlX3Byb2ZpbGVfaW1hZ2Vfc2hhcGVfZW5hYmxlZCI6eyJidWNrZXQiOiJvbiIsInZlcnNpb24iOm51bGx9LCJ0ZndfdmlkZW9faGxzX2R5bmFtaWNfbWFuaWZlc3RzXzE1MDgyIjp7ImJ1Y2tldCI6InRydWVfYml0cmF0ZSIsInZlcnNpb24iOm51bGx9LCJ0ZndfbGVnYWN5X3RpbWVsaW5lX3N1bnNldCI6eyJidWNrZXQiOnRydWUsInZlcnNpb24iOm51bGx9LCJ0ZndfdHdlZXRfZWRpdF9mcm9udGVuZCI6eyJidWNrZXQiOiJvbiIsInZlcnNpb24iOm51bGx9fQ%3D%3D&amp;frame=false&amp;hideCard=false&amp;hideThread=false&amp;id=2036237271943286794&amp;lang=cs&amp;origin=https%3A%2F%2Freport24.news%2Fgegen-jeden-widerspruch-bruessel-peitscht-umstrittenes-mercosur-abkommen-durch%2F&amp;sessionId=0f650de0e12adb31bf6efa19ab1f428e53786c89&amp;theme=light&amp;widgetsVersion=2615f7e52b7e0%3A1702314776716&amp;width=550px\" frameborder=\"0\" scrolling=\"no\" allowfullscreen=\"allowfullscreen\" data-tweet-id=\"2036237271943286794\" data-mce-fragment=\"1\"><\/iframe><\/div>\n<\/div>\n<\/figure>\n<p><span dir=\"auto\">Evropsk\u00fd komisa\u0159 pro obchod Maro\u0161 \u0160ef\u010dovi\u010d dokonce tento bezprecedentn\u00ed krok vychvaluje jako z\u00e1sadn\u00ed pr\u016flom: \u201ePrioritou je nyn\u00ed prom\u011bnit tuto dohodu mezi EU a Mercosurem v konkr\u00e9tn\u00ed v\u00fdsledky,\u201c prohl\u00e1sil. C\u00edlem je podle n\u011bj poskytnout v\u00fdvozc\u016fm z EU platformu, kterou pot\u0159ebuj\u00ed k \u201evyu\u017eit\u00ed nov\u00fdch p\u0159\u00edle\u017eitost\u00ed pro obchod, r\u016fst a zam\u011bstnanost\u201c. Jin\u00fdmi slovy, Bruselu je na pr\u00e1vn\u00edch obav\u00e1ch vlastn\u00edho parlamentu, pokud jde o z\u00e1jmy velk\u00e9ho pr\u016fmyslu, \u00fapln\u011b jedno. C\u00edlem je vytvo\u0159it gigantickou z\u00f3nu voln\u00e9ho obchodu, kter\u00e1 by zahrnovala v\u00edce ne\u017e 700 milion\u016f lid\u00ed.<\/span><\/p>\n<p><span dir=\"auto\">Skute\u010dn\u00ed pora\u017een\u00ed v t\u00e9to dohod\u011b jsou ji\u017e jasn\u00ed: na\u0161i m\u00edstn\u00ed farm\u00e1\u0159i. Ti se m\u011bs\u00edce bou\u0159\u00ed proti hroz\u00edc\u00ed hrozb\u011b nekal\u00e9 sout\u011b\u017ee. Mus\u00ed vyr\u00e1b\u011bt podle nejp\u0159\u00edsn\u011bj\u0161\u00edch (a nejdra\u017e\u0161\u00edch) klimatick\u00fdch a environment\u00e1ln\u00edch p\u0159edpis\u016f EU na sv\u011bt\u011b, zat\u00edmco brzy na\u0161e trhy zaplav\u00ed maso levn\u00e9ho hov\u011bz\u00edho masa a zem\u011bd\u011blsk\u00fdch produkt\u016f z Ji\u017en\u00ed Ameriky \u2013 vyroben\u00fdch podle standard\u016f, kter\u00e9 jsou zde ji\u017e dlouho zak\u00e1z\u00e1ny. Zoufal\u00e9 protesty farm\u00e1\u0159\u016f v\u0161ak bruselsk\u00e1 bublina zcela ignoruje.<\/span><\/p>\n<p><span dir=\"auto\">Je ironi\u00ed, \u017ee n\u011bmeck\u00e1 feder\u00e1ln\u00ed vl\u00e1da (spolu se socialistickou vl\u00e1dou \u0160pan\u011blska) vyvinula masivn\u00ed tlak, aby tuto dohodu prosadila navzdory ve\u0161ker\u00e9mu odporu. \u00dadajn\u00e9 zd\u016fvodn\u011bn\u00ed: s ohledem na glob\u00e1ln\u00ed nap\u011bt\u00ed je zapot\u0159eb\u00ed rychlej\u0161\u00ed p\u0159\u00edstup na nov\u00e9 trhy a \u201estabiln\u00ed p\u0159\u00edstup ke kritick\u00fdm surovin\u00e1m\u201c. Pro sen o rychl\u00e9m exportn\u00edm euru je ob\u011btov\u00e1no dom\u00e1c\u00ed zem\u011bd\u011blstv\u00ed.<\/span><\/p>\n<p><span dir=\"auto\">Jihoamerick\u00e9 st\u00e1ty splnily po\u017eadavky: Argentina, Braz\u00edlie a Uruguay ji\u017e ratifikovaly. Paraguay minul\u00fd t\u00fdden n\u00e1sledovala jejich p\u0159\u00edkladu. V pond\u011bl\u00ed zaslala Evropsk\u00e1 komise Paraguayi, spr\u00e1vci dohod Mercosuru, tzv. \u201everb\u00e1ln\u00ed n\u00f3tu\u201c. Jednalo se o posledn\u00ed form\u00e1ln\u00ed akt tohoto byrokratick\u00e9ho man\u00e9vru. Ob\u011b\u0165mi se nyn\u00ed stanou evrop\u0161t\u00ed zem\u011bd\u011blci a (kv\u016fli ni\u017e\u0161\u00edm v\u00fdrobn\u00edm standard\u016fm) spot\u0159ebitel\u00e9 v Evropsk\u00e9 unii.<\/span><\/p>\n<p><img decoding=\"async\" loading=\"lazy\" class=\"alignnone size-full wp-image-1185\" src=\"http:\/\/www.infokuryr.cz\/n\/wp-content\/uploads\/2021\/04\/kuryr-podpis.png\" alt=\"\" width=\"84\" height=\"24\" \/><\/p>\n<p>&nbsp;<\/p>\n","protected":false},"excerpt":{"rendered":"<p>Evropsk\u00e1 komise ignoruje protesty farm\u00e1\u0159\u016f, p\u0159ehl\u00ed\u017e\u00ed demokratick\u00e9 obavy a dokonce i odm\u00edt\u00e1 prob\u00edhaj\u00edc\u00ed soudn\u00ed spor&#8230;<\/p>\n","protected":false},"author":2,"featured_media":102835,"comment_status":"closed","ping_status":"closed","sticky":false,"template":"","format":"standard","meta":[],"categories":[7],"tags":[640,41,2739,9895],"_links":{"self":[{"href":"https:\/\/www.infokuryr.cz\/n\/wp-json\/wp\/v2\/posts\/102834"}],"collection":[{"href":"https:\/\/www.infokuryr.cz\/n\/wp-json\/wp\/v2\/posts"}],"about":[{"href":"https:\/\/www.infokuryr.cz\/n\/wp-json\/wp\/v2\/types\/post"}],"author":[{"embeddable":true,"href":"https:\/\/www.infokuryr.cz\/n\/wp-json\/wp\/v2\/users\/2"}],"replies":[{"embeddable":true,"href":"https:\/\/www.infokuryr.cz\/n\/wp-json\/wp\/v2\/comments?post=102834"}],"version-history":[{"count":0,"href":"https:\/\/www.infokuryr.cz\/n\/wp-json\/wp\/v2\/posts\/102834\/revisions"}],"wp:featuredmedia":[{"embeddable":true,"href":"https:\/\/www.infokuryr.cz\/n\/wp-json\/wp\/v2\/media\/102835"}],"wp:attachment":[{"href":"https:\/\/www.infokuryr.cz\/n\/wp-json\/wp\/v2\/media?parent=102834"}],"wp:term":[{"taxonomy":"category","embeddable":true,"href":"https:\/\/www.infokuryr.cz\/n\/wp-json\/wp\/v2\/categories?post=102834"},{"taxonomy":"post_tag","embeddable":true,"href":"https:\/\/www.infokuryr.cz\/n\/wp-json\/wp\/v2\/tags?post=102834"}],"curies":[{"name":"wp","href":"https:\/\/api.w.org\/{rel}","templated":true}]}}