{"id":102821,"date":"2026-03-25T00:19:33","date_gmt":"2026-03-24T23:19:33","guid":{"rendered":"https:\/\/www.infokuryr.cz\/n\/?p=102821"},"modified":"2026-03-24T13:09:02","modified_gmt":"2026-03-24T12:09:02","slug":"erik-best-tykac-tv","status":"publish","type":"post","link":"https:\/\/www.infokuryr.cz\/n\/2026\/03\/25\/erik-best-tykac-tv\/","title":{"rendered":"Erik Best: Tyka\u010d TV"},"content":{"rendered":"<div id=\"fb-root\"><\/div>\n<p>Moder\u00e1tor diskusn\u00edch po\u0159ad\u016f V\u00e1clav Moravec kr\u00e1tce p\u0159ed sv\u00fdm odchodem z\u00a0\u010cesk\u00e9 televize \u0159ekl\u00a0<a href=\"https:\/\/www.respekt.cz\/tydenik\/2026\/10\/vaclav-moravec-z-televize-se-stava-samoobsluha-politiku?srsltid=AfmBOookAwHQ848emdwtPz9mbHkXAgh49VLAW4ofna4ZFUFYZHaZg7Kj\" target=\"_blank\" rel=\"noopener\">\u010dasopisu Respekt<\/a>, \u017ee miliard\u00e1\u0159 Pavel Tyka\u010d m\u00e1 na zpravodajstv\u00ed ve\u0159ejnopr\u00e1vn\u00edho m\u00e9dia nepochybn\u011b vliv.<\/p>\n<p>Na podporu sv\u00e9ho tvrzen\u00ed citoval ze Seznam Zpr\u00e1v, Medi\u00e1\u0159e a\u00a0Den\u00edku N. V\u00a0posledn\u00edch letech skute\u010dn\u011b doch\u00e1z\u00ed k\u00a0postupn\u00e9mu p\u0159echodu od \u201eBakala TV\u201c (jak ji v\u00a0roce 2017 nazval\u00a0<a href=\"https:\/\/www.respekt.cz\/tydenik\/2017\/6\/ano-bude-pozitivne\" target=\"_blank\" rel=\"noopener\">Jaroslav Plesl<\/a>\u00a0z\u00a0MF Dnes) k\u00a0\u201eTyka\u010d TV\u201c, co\u017e zhruba odpov\u00edd\u00e1 zm\u011bn\u011b politick\u00e9ho prost\u0159ed\u00ed.<\/p>\n<p>Kdyby v\u0161ak byl Tyka\u010d\u016fv vliv tak velk\u00fd, nahradila by \u010cesk\u00e1 televize Moravce do\u010dasn\u011b Martinem \u0158ezn\u00ed\u010dkem, dal\u0161\u00edm kontroverzn\u00edm moder\u00e1torem s\u00a0probl\u00e9my s\u00a0objektivitou, nebo by v\u00a0sobotu v\u011bnovala tak v\u00fdznamn\u00fd prostor protivl\u00e1dn\u00ed demonstraci Milionu chvilek pro demokracii?<\/p>\n<p>Pokud Tyka\u010d sv\u016fj vliv na \u010cT uplat\u0148uje, jeho c\u00edlem z\u0159ejm\u011b nen\u00ed stanici \u201ed\u00e1t do po\u0159\u00e1dku\u201c, ale sp\u00ed\u0161e p\u0159i\u017eivovat nap\u011bt\u00ed, aby voli\u010di ANO, SPD a\u00a0Motorist\u016f i\u00a0nad\u00e1le po\u017eadovali z\u00e1sadn\u00ed reformu modelu financov\u00e1n\u00ed. Co\u017e znamen\u00e1, \u017ee alespo\u0148 prozat\u00edm mus\u00ed Tyka\u010d TV do zna\u010dn\u00e9 m\u00edry z\u016fstat tak\u00e9 Bakala TV.<\/p>\n<p><a href=\"https:\/\/www.fsfinalword.cz\/?page=archive&amp;day=2026-03-24&amp;utm_source=utm_source%3Dnewsletter&amp;utm_medium=utm_medium%3De-mail&amp;utm_campaign=utm_campaign%3Dfinal_word_24.3.2026\">Erik Best<\/a><\/p>\n<p><img decoding=\"async\" loading=\"lazy\" class=\"alignnone  wp-image-1179\" src=\"http:\/\/www.infokuryr.cz\/n\/wp-content\/uploads\/2021\/04\/erik-best.jpg\" alt=\"\" width=\"118\" height=\"133\" \/><\/p>\n<p>&nbsp;<\/p>\n","protected":false},"excerpt":{"rendered":"<p>Moder\u00e1tor diskusn\u00edch po\u0159ad\u016f V\u00e1clav Moravec kr\u00e1tce p\u0159ed sv\u00fdm odchodem z\u00a0\u010cesk\u00e9 televize \u0159ekl\u00a0\u010dasopisu Respekt, \u017ee miliard\u00e1\u0159&#8230;<\/p>\n","protected":false},"author":2,"featured_media":94648,"comment_status":"closed","ping_status":"closed","sticky":false,"template":"","format":"standard","meta":[],"categories":[6],"tags":[1503,1698,10782],"_links":{"self":[{"href":"https:\/\/www.infokuryr.cz\/n\/wp-json\/wp\/v2\/posts\/102821"}],"collection":[{"href":"https:\/\/www.infokuryr.cz\/n\/wp-json\/wp\/v2\/posts"}],"about":[{"href":"https:\/\/www.infokuryr.cz\/n\/wp-json\/wp\/v2\/types\/post"}],"author":[{"embeddable":true,"href":"https:\/\/www.infokuryr.cz\/n\/wp-json\/wp\/v2\/users\/2"}],"replies":[{"embeddable":true,"href":"https:\/\/www.infokuryr.cz\/n\/wp-json\/wp\/v2\/comments?post=102821"}],"version-history":[{"count":0,"href":"https:\/\/www.infokuryr.cz\/n\/wp-json\/wp\/v2\/posts\/102821\/revisions"}],"wp:featuredmedia":[{"embeddable":true,"href":"https:\/\/www.infokuryr.cz\/n\/wp-json\/wp\/v2\/media\/94648"}],"wp:attachment":[{"href":"https:\/\/www.infokuryr.cz\/n\/wp-json\/wp\/v2\/media?parent=102821"}],"wp:term":[{"taxonomy":"category","embeddable":true,"href":"https:\/\/www.infokuryr.cz\/n\/wp-json\/wp\/v2\/categories?post=102821"},{"taxonomy":"post_tag","embeddable":true,"href":"https:\/\/www.infokuryr.cz\/n\/wp-json\/wp\/v2\/tags?post=102821"}],"curies":[{"name":"wp","href":"https:\/\/api.w.org\/{rel}","templated":true}]}}