{"id":102818,"date":"2026-03-25T00:13:55","date_gmt":"2026-03-24T23:13:55","guid":{"rendered":"https:\/\/www.infokuryr.cz\/n\/?p=102818"},"modified":"2026-03-24T13:01:20","modified_gmt":"2026-03-24T12:01:20","slug":"nechaji-se-cesi-zatahnout-do-zidovske-valky-2","status":"publish","type":"post","link":"https:\/\/www.infokuryr.cz\/n\/2026\/03\/25\/nechaji-se-cesi-zatahnout-do-zidovske-valky-2\/","title":{"rendered":"Nechaj\u00ed se \u010ce\u0161i zat\u00e1hnout do \u017eidovsk\u00e9 v\u00e1lky?"},"content":{"rendered":"<div id=\"fb-root\"><\/div>\n<p>Po Ukrajin\u011b tu m\u00e1me dal\u0161\u00ed \u017eidovskou v\u00e1lku, tentokr\u00e1t jde o ir\u00e1nsk\u00e9 nerostn\u00e9 bohatstv\u00ed. Jeliko\u017e agrese nejde podle pl\u00e1nu, tak u\u017e se za\u010d\u00edn\u00e1 oz\u00fdvat vol\u00e1n\u00ed na zapojen\u00ed \u201espojenc\u016f\u201c.<\/p>\n<p>Tedy i \u010cech\u016f.\u00a0<strong>Ti u\u017e 4 roky v\u011bz\u00ed ve v\u00e1lce proti Rusku, kter\u00e1 se tak\u00e9 neda\u0159\u00ed podle pl\u00e1nu a mus\u00ed pos\u00edlat miliardy dolar\u016f ukrajinsk\u00e9mu \u017eidovsk\u00e9mu veden\u00ed zem\u011b, kter\u00e9 v\u011bt\u0161inu rozkrade, \u017eivit 700 tis\u00edc ukrajinsk\u00fdch uprchl\u00edk\u016f a nakupovat p\u0159edra\u017een\u00e9 zbran\u011b.<\/strong><\/p>\n<p>S Ir\u00e1nem to m\u016f\u017ee b\u00fdt velmi podobn\u00e9, p<strong>okud \u010ce\u0161i ne\u0159eknou jasn\u00e9 NE v\u00e1lk\u00e1m za \u017eidovsk\u00e9 z\u00e1jmy obecn\u011b. Pro\u010d by m\u011bli \u010ce\u0161i bojovat proti Rusku, nebo Ir\u00e1nu?<\/strong><\/p>\n<p><img decoding=\"async\" loading=\"lazy\" class=\"aligncenter\" src=\"https:\/\/ceskavec.com\/wp-content\/uploads\/2026\/03\/image.png\" width=\"594\" height=\"455\" \/><\/p>\n<p style=\"text-align: center;\"><strong><em>Kamar\u00e1di ze synagogy<\/em><\/strong><\/p>\n<p><img decoding=\"async\" loading=\"lazy\" class=\"aligncenter\" src=\"https:\/\/ceskavec.com\/wp-content\/uploads\/2026\/03\/image-1-620x1024.png\" width=\"587\" height=\"969\" \/><\/p>\n<p style=\"text-align: center;\"><strong><em>V\u011brn\u00fd bojovn\u00edk za \u017eidovsk\u00e9 z\u00e1jmy, klidn\u011b i do posledn\u00edho \u010cecha<\/em><\/strong><\/p>\n<p><img decoding=\"async\" loading=\"lazy\" class=\"aligncenter\" src=\"https:\/\/ceskavec.com\/wp-content\/uploads\/2025\/12\/image-769x1024.png\" width=\"540\" height=\"719\" \/><\/p>\n<p style=\"text-align: center;\"><strong><em>V\u011brn\u011b slou\u017e\u00edme!<\/em><\/strong><\/p>\n<p><img decoding=\"async\" loading=\"lazy\" class=\"aligncenter\" src=\"https:\/\/ceskavec.com\/wp-content\/uploads\/2026\/03\/image-2.png\" width=\"552\" height=\"517\" \/><\/p>\n<p style=\"text-align: center;\"><strong><em>Inzer\u00e1t z Izraele<\/em><\/strong><\/p>\n<p><a href=\"https:\/\/ceskavec.com\/2026\/03\/nechaji-se-cesi-zatahnout-do-zidovske-valky-2\">Mike Don\u00e1k<\/a>, Texas, USA<\/p>\n<p>&nbsp;<\/p>\n<p>&nbsp;<\/p>\n","protected":false},"excerpt":{"rendered":"<p>Po Ukrajin\u011b tu m\u00e1me dal\u0161\u00ed \u017eidovskou v\u00e1lku, tentokr\u00e1t jde o ir\u00e1nsk\u00e9 nerostn\u00e9 bohatstv\u00ed. Jeliko\u017e agrese&#8230;<\/p>\n","protected":false},"author":2,"featured_media":102819,"comment_status":"closed","ping_status":"closed","sticky":false,"template":"","format":"standard","meta":[],"categories":[6],"tags":[670,1503,10781],"_links":{"self":[{"href":"https:\/\/www.infokuryr.cz\/n\/wp-json\/wp\/v2\/posts\/102818"}],"collection":[{"href":"https:\/\/www.infokuryr.cz\/n\/wp-json\/wp\/v2\/posts"}],"about":[{"href":"https:\/\/www.infokuryr.cz\/n\/wp-json\/wp\/v2\/types\/post"}],"author":[{"embeddable":true,"href":"https:\/\/www.infokuryr.cz\/n\/wp-json\/wp\/v2\/users\/2"}],"replies":[{"embeddable":true,"href":"https:\/\/www.infokuryr.cz\/n\/wp-json\/wp\/v2\/comments?post=102818"}],"version-history":[{"count":0,"href":"https:\/\/www.infokuryr.cz\/n\/wp-json\/wp\/v2\/posts\/102818\/revisions"}],"wp:featuredmedia":[{"embeddable":true,"href":"https:\/\/www.infokuryr.cz\/n\/wp-json\/wp\/v2\/media\/102819"}],"wp:attachment":[{"href":"https:\/\/www.infokuryr.cz\/n\/wp-json\/wp\/v2\/media?parent=102818"}],"wp:term":[{"taxonomy":"category","embeddable":true,"href":"https:\/\/www.infokuryr.cz\/n\/wp-json\/wp\/v2\/categories?post=102818"},{"taxonomy":"post_tag","embeddable":true,"href":"https:\/\/www.infokuryr.cz\/n\/wp-json\/wp\/v2\/tags?post=102818"}],"curies":[{"name":"wp","href":"https:\/\/api.w.org\/{rel}","templated":true}]}}