{"id":102816,"date":"2026-03-25T00:24:09","date_gmt":"2026-03-24T23:24:09","guid":{"rendered":"https:\/\/www.infokuryr.cz\/n\/?p=102816"},"modified":"2026-03-24T12:56:12","modified_gmt":"2026-03-24T11:56:12","slug":"thomas-roper-macronuv-novy-prestizni-projekt-nova-francouzska-letadlova-lod","status":"publish","type":"post","link":"https:\/\/www.infokuryr.cz\/n\/2026\/03\/25\/thomas-roper-macronuv-novy-prestizni-projekt-nova-francouzska-letadlova-lod\/","title":{"rendered":"Thomas R\u00f6per: Macron\u016fv nov\u00fd presti\u017en\u00ed projekt, nov\u00e1 francouzsk\u00e1 letadlov\u00e1 lo\u010f"},"content":{"rendered":"<div id=\"fb-root\"><\/div>\n<p><strong><span dir=\"auto\">Macron ofici\u00e1ln\u011b ozn\u00e1mil, \u017ee Francie m\u00e1 v \u00famyslu postavit novou letadlovou lo\u010f, aby pos\u00edlila sv\u00e9 glob\u00e1ln\u00ed politick\u00e9 ambice. Ostatn\u00ed zem\u011b se mus\u00ed Francie \u201eb\u00e1t\u201c, pokud si chce udr\u017eet nez\u00e1vislost. \u010ceho bude letadlov\u00e1 lo\u010f schopna?<\/span><\/strong><\/p>\n<p><span dir=\"auto\">Agentura TASS zve\u0159ejnila\u00a0<\/span><a href=\"https:\/\/tass.ru\/armiya-i-opk\/26824857\"><u><span dir=\"auto\">\u010dl\u00e1nek<\/span><\/u><\/a><span dir=\"auto\">\u00a0o nov\u00e9 francouzsk\u00e9 letadlov\u00e9 lodi, jej\u00ed\u017e stavbu prezident Macron ozn\u00e1mil p\u0159ed p\u00e1r dny. \u010cl\u00e1nek TASS jsem p\u0159elo\u017eil, ale ne\u017e tak u\u010din\u00edm, chci pouk\u00e1zat na nejd\u016fle\u017eit\u011bj\u0161\u00ed probl\u00e9m, o kter\u00e9m se TASS sotva zm\u00ednila. Francie je siln\u011b zadlu\u017een\u00e1, prakticky v bankrotu a jej\u00ed dluh rapidn\u011b roste. Moje hlavn\u00ed ot\u00e1zka zn\u00ed, jak Francie hodl\u00e1 financovat v\u00fdstavbu, kter\u00e1 m\u00e1 trvat dlouh\u00fdch dvan\u00e1ct let.<\/span><\/p>\n<p><em><strong><span dir=\"auto\">Za\u010d\u00e1tek p\u0159ekladu:<\/span><\/strong><\/em><\/p>\n<h2 class=\"wp-block-heading\"><span dir=\"auto\">\u201eAby se n\u00e1s b\u00e1li\u201c: Nov\u00e1 francouzsk\u00e1 letadlov\u00e1 lo\u010f jako symbol globalistick\u00fdch ambic\u00ed Pa\u0159\u00ed\u017ee<\/span><\/h2>\n<p><strong><span dir=\"auto\">Podle francouzsk\u00e9ho prezidenta Emmanuela Macrona bude letadlov\u00e1 lo\u010f, kter\u00e1 bude st\u00e1t miliardy eur, v\u00edc ne\u017e jen lo\u010f. Francie ji p\u0159ipravuje na velkou budoucnost a d\u016fle\u017eit\u00fd \u00fa\u010del. Nyn\u00ed je t\u0159eba jen vy\u0159e\u0161it v\u0161echny zb\u00fdvaj\u00edc\u00ed ot\u00e1zky kolem jej\u00ed v\u00fdstavby.<\/span><\/strong><\/p>\n<p><span dir=\"auto\">Nejnov\u011bj\u0161\u00ed francouzsk\u00e1 letadlov\u00e1 lo\u010f s jadern\u00fdm pohonem, vyv\u00edjen\u00e1 v r\u00e1mci programu PA-NG (Porte-Avions de Nouvelle G\u00e9n\u00e9ration), ponese n\u00e1zev \u201eFrance Libre\u201c (francouzsky \u201eSvobodn\u00e1 Francie\u201c), ozn\u00e1mil Macron 18. b\u0159ezna b\u011bhem n\u00e1v\u0161t\u011bvy lod\u011bnice Naval Group v Indre.<\/span><\/p>\n<p><span dir=\"auto\">\u201eNa\u0161e touha po svobod\u011b je touhou po nez\u00e1vislosti za ka\u017edou cenu, po \u00fapln\u00e9 a neomezen\u00e9 autonomii, po nasazen\u00ed na\u0161ich ozbrojen\u00fdch sil v\u0161ude, kde to vy\u017eaduje obrana francouzsk\u00fdch z\u00e1jm\u016f, kdekoli na sv\u011bt\u011b,\u201c \u0159ekl Macron ve sv\u00e9m projevu, kter\u00fd byl vys\u00edl\u00e1n na kan\u00e1lu Elysejsk\u00e9ho pal\u00e1ce. \u201eProto se na\u0161e nov\u00e1 letadlov\u00e1 lo\u010f bude jmenovat France Libre.\u201c<\/span><\/p>\n<p><span dir=\"auto\">Dodal, \u017ee n\u00e1zev je poctou \u010dlen\u016fm stejnojmenn\u00e9ho hnut\u00ed, kte\u0159\u00ed bojovali proti nacistick\u00fdm n\u011bmeck\u00fdm okupa\u010dn\u00edm sil\u00e1m ve Francii b\u011bhem druh\u00e9 sv\u011btov\u00e9 v\u00e1lky. Po roce 1942 bylo hnut\u00ed p\u0159ejmenov\u00e1no na \u201eBojuj\u00edc\u00ed Francie\u201c (La France Combattante). Velil mu gener\u00e1l Charles de Gaulle, po n\u011bm\u017e je pojmenov\u00e1na jedin\u00e1 letadlov\u00e1 lo\u010f francouzsk\u00e9ho n\u00e1mo\u0159nictva (FS Charles de Gaulle, R-91), kter\u00e1 je v provozu od roku 2001.<\/span><\/p>\n<p><span dir=\"auto\">\u201eVe sv\u011bt\u011b pln\u00e9m destrukce, kde krize vznikaj\u00ed v\u0161ude a kdykoli, mus\u00edme z\u016fstat schopnou zem\u00ed. Na\u0161i krajan\u00e9 si to p\u0159ej\u00ed (\u2026), na\u0161i spojenci to od n\u00e1s o\u010dek\u00e1vaj\u00ed,\u201c pokra\u010doval prezident a zm\u00ednil nasazen\u00ed lodi Charles de Gaulle na Kypr pot\u00e9, co \u00cdr\u00e1n v reakci na americko-izraelskou vojenskou operaci za\u00fato\u010dil na britsk\u00e9 vojensk\u00e9 z\u00e1kladny.<\/span><\/p>\n<p><span dir=\"auto\">\u201eA op\u011bt se v o\u010d\u00edch na\u0161ich krajan\u016f a cel\u00e9ho sv\u011bta stala symbolem na\u0161\u00ed p\u0159ipravenosti br\u00e1nit na\u0161e z\u00e1jmy, garantovat ochranu na\u0161ich partner\u016f a plnit v\u016f\u010di nim sv\u00e9 z\u00e1vazky,\u201c prohl\u00e1sil prezident. Nov\u00e1 letadlov\u00e1 lo\u010f proto nen\u00ed pro Francii jen \u201ev\u00e1le\u010dnou lod\u00ed\u201c, ale tak\u00e9 \u201euk\u00e1zkou odhodl\u00e1n\u00ed\u201c n\u00e1roda, kter\u00fd \u201eto dok\u00e1\u017ee\u201c.<\/span><\/p>\n<p><span dir=\"auto\">\u201eJm\u00e9no je jm\u00e9no pro budoucnost,\u201c uzav\u0159el Macron. \u201eAbychom z\u016fstali svobodn\u00ed, mus\u00edme b\u00fdt ob\u00e1van\u00ed. Abychom byli ob\u00e1van\u00ed, mus\u00edme b\u00fdt siln\u00ed. A skute\u010dn\u00e1 moc je neodd\u011bliteln\u011b spjata s v\u016fl\u00ed bojovat a v\u00edt\u011bzit.\u201c<\/span><\/p>\n<h3 class=\"wp-block-heading\"><span dir=\"auto\">Nov\u00fd miln\u00edk v \u201ehistorii odvahy\u201c<\/span><\/h3>\n<p><span dir=\"auto\">Macron vedle model\u016f sou\u010dasn\u00e9 i budouc\u00ed letadlov\u00e9 lodi prohl\u00e1sil, \u017ee iniciativa PA-NG je \u201eprojekt, kter\u00fd se zap\u00ed\u0161e do historie, do historie na\u0161\u00ed odvahy, do historie na\u0161ich v\u00fdboj\u016f\u201c.<\/span><\/p>\n<p><span dir=\"auto\">Podle Macrona bude France Libre dlouh\u00e1 310 metr\u016f. Bude vybavena dv\u011bma jadern\u00fdmi reaktory, kter\u00e9 budou generovat \u201edvojn\u00e1sobn\u00e9 mno\u017estv\u00ed energie\u201c ne\u017e reaktory Charlese de Gaulla, a jej\u00ed v\u00fdtlak bude 80 000 tun, co\u017e je 1,8kr\u00e1t v\u00edce ne\u017e u sou\u010dasn\u00e9 nosn\u00e9 lodi.<\/span><\/p>\n<p><span dir=\"auto\">Podle Macrona tato \u010d\u00edsla odr\u00e1\u017eej\u00ed \u201erozsah francouzsk\u00fdch ambic\u00ed\u201c, jejich\u017e c\u00edlem je demonstrovat schopnost prom\u00edtat svou n\u00e1mo\u0159n\u00ed s\u00edlu \u201etis\u00edce kilometr\u016f od sv\u00fdch b\u0159eh\u016f\u201c. Zd\u016fraznil tak\u00e9, \u017ee budouc\u00ed letadlov\u00e1 lo\u010f by m\u011bla hr\u00e1t kl\u00ed\u010dovou roli v odstra\u0161ov\u00e1n\u00ed.<\/span><\/p>\n<p><span dir=\"auto\">\u201eTato nov\u00e1 letadlov\u00e1 lo\u010f spln\u00ed po\u017eadavky sv\u00e9ho stolet\u00ed,\u201c zd\u016fraznil prezident. \u201eZat\u00edmco Charles de Gaulle st\u00e1le pat\u0159\u00ed do analogov\u00e9 generace, jej\u00ed n\u00e1stupce bude m\u00edt bezpe\u010dnou, multifunk\u010dn\u00ed a v\u00fdkonnou digit\u00e1ln\u00ed architekturu, kter\u00e1 umo\u017en\u00ed optim\u00e1ln\u00ed vyu\u017eit\u00ed r\u016fzn\u00fdch generac\u00ed bojov\u00fdch syst\u00e9m\u016f, je\u017e se budou b\u011bhem jej\u00ed \u017eivotnosti m\u011bnit.\u201c<\/span><\/p>\n<p><span dir=\"auto\">Macron zd\u016fraznil, \u017ee letadlov\u00e1 lo\u010f France Libre byla od sam\u00e9ho za\u010d\u00e1tku navr\u017eena s ohledem na budouc\u00ed modernizaci a s ohledem na sou\u010dasn\u00e9 trendy ve v\u00fdvoji palubn\u00edch letadel s pos\u00e1dkou a bezpilotn\u00edch letoun\u016f (UAV) zalo\u017een\u00fdch na nich. Francouzsk\u00fd prezident ozn\u00e1mil, \u017ee lo\u010f bude vybavena laserov\u00fdm obrann\u00fdm syst\u00e9mem chr\u00e1n\u011bn\u00fdm p\u0159ed kybernetick\u00fdmi \u00fatoky digit\u00e1ln\u00ed architekturou zahrnuj\u00edc\u00ed um\u011blou inteligenci, kter\u00e1 bude tak\u00e9 podporovat taktick\u00e9 rozhodov\u00e1n\u00ed.<\/span><\/p>\n<p><span dir=\"auto\">Podle Macrona se n\u00e1klady na nov\u00fd program v\u00fdstavby letadlov\u00fdch lod\u00ed v sou\u010dasnosti odhaduj\u00ed na zhruba 10 miliard eur (p\u0159ibli\u017en\u011b 11,5 miliardy americk\u00fdch dolar\u016f). \u201eJedn\u00e1 se o velkou investici, ze kter\u00e9 ale budou m\u00edt prosp\u011bch v\u0161ichni,\u201c prohl\u00e1sila hlava st\u00e1tu.<\/span><\/p>\n<p><span dir=\"auto\">Sl\u00edbil, \u017ee 90 procent t\u011bchto finan\u010dn\u00edch prost\u0159edk\u016f p\u016fjde francouzsk\u00fdm dodavatel\u016fm. Celkem se na stavb\u011b nov\u00e9 lodi bude pod\u00edlet p\u0159ibli\u017en\u011b 800 r\u016fzn\u00fdch firem a specialist\u016f z v\u00edce ne\u017e 200 profes\u00ed.<\/span><\/p>\n<h3 class=\"wp-block-heading\"><span dir=\"auto\">Jadern\u00e9 \u201esrdce\u201c, respektive dv\u011b<\/span><\/h3>\n<p><span dir=\"auto\">Projekt letadlov\u00e9 lodi nov\u00e9 generace PA-NG je ve Francii diskutov\u00e1n ji\u017e n\u011bkolik let. Rozhodnut\u00ed o stavb\u011b nov\u00e9 letadlov\u00e9 lodi padlo, jak Macron vysv\u011btlil, 8. prosince 2020. Model byl ve\u0159ejnosti poprv\u00e9 p\u0159edstaven v listopadu 2022 na n\u00e1mo\u0159n\u00ed v\u00fdstav\u011b Euronaval. V prosinci 2025 Macron ozn\u00e1mil kone\u010dn\u00e9 schv\u00e1len\u00ed projektu.<\/span><\/p>\n<p><span dir=\"auto\">V z\u00e1\u0159\u00ed 2025 se v lod\u011bnici Naval Group v Cherbourgu konalo slavnostn\u00ed sva\u0159ov\u00e1n\u00ed prvn\u00edch ochrann\u00fdch n\u00e1dob dvou reaktor\u016f K22, kter\u00e9 budou tvo\u0159it srdce jadern\u00e9 elektr\u00e1rny France Libre. Jak tehdy DGA uvedla, jejich rozm\u011bry budou v historii francouzsk\u00e9 jadern\u00e9 energetiky \u201ebezprecedentn\u00ed\u201c. Ka\u017ed\u00e1 ochrann\u00fd obal bude m\u00edt v\u00fd\u0161ku 14 metr\u016f, pr\u016fm\u011br 13 metr\u016f a hmotnost p\u0159ibli\u017en\u011b 1300 tun.<\/span><\/p>\n<p><span dir=\"auto\">Tlakovodn\u00ed reaktory K22 byly vyvinuty spole\u010dnost\u00ed TechnicAtome pod z\u00e1\u0161titou Komise pro alternativn\u00ed energie a atomovou energii (CEA). Ka\u017ed\u00fd reaktor je navr\u017een tak, aby produkoval p\u0159ibli\u017en\u011b 225 megawatt\u016f energie. To je t\u00e9m\u011b\u0159 o 50 procent v\u00edce energie ne\u017e reaktory K15 instalovan\u00e9 na jadern\u00e9 lodi Charles de Gaulle.<\/span><\/p>\n<p><span dir=\"auto\">Tato energie umo\u017en\u00ed lodi France Libre dos\u00e1hnout cestovn\u00ed rychlosti a\u017e 30 uzl\u016f (55,5 km\/h) s prakticky neomezen\u00fdm doletem. Bude tak\u00e9 poh\u00e1n\u011bt elektromagnetick\u00e9 katapulty letadlov\u00e9 lodi, kter\u00e9 podporuj\u00ed odpalov\u00e1n\u00ed letadel z palubn\u00edch lod\u00ed, vysokoenergetick\u00fdch zbran\u00ed (laser\u016f) a dal\u0161\u00edho specializovan\u00e9ho vybaven\u00ed, v\u010detn\u011b digit\u00e1ln\u00edho \u0159\u00eddic\u00edho syst\u00e9mu poh\u00e1n\u011bn\u00e9ho um\u011blou inteligenc\u00ed, o kter\u00e9m se zm\u00ednil Macron.<\/span><\/p>\n<p><span dir=\"auto\">Philippe Bayurel, programov\u00fd mana\u017eer PA-NG, ji\u017e d\u0159\u00edve pouk\u00e1zal na vysokou slo\u017eitost v\u00fdroby reaktorov\u00fdch prostor\u016f letadlov\u00e9 lodi, jeliko\u017e se technologicky li\u0161\u00ed od prostor\u016f jadern\u00fdch ponorek.<\/span><\/p>\n<p><span dir=\"auto\">V jejich p\u0159\u00edpad\u011b je pohonn\u00fd syst\u00e9m ji\u017e chr\u00e1n\u011bn siln\u00fdm trupem ponorky. Pl\u00e1\u0161t\u011b reaktor\u016f France Libre v\u0161ak mus\u00ed b\u00fdt nejprve obaleny dal\u0161\u00edmi ochrann\u00fdmi sko\u0159epinami a pot\u00e9 v t\u00e9to konfiguraci, podobn\u011b jako rusk\u00e1 matrjo\u0161ka, \u200b\u200bvlo\u017eeny do strojovny lodi.<\/span><\/p>\n<h3 class=\"wp-block-heading\"><span dir=\"auto\">Samoz\u0159ejm\u011b, pot\u00ed\u017ee teprve p\u0159ijdou<\/span><\/h3>\n<p><span dir=\"auto\">Podle serveru Infodefensa.com se o\u010dek\u00e1v\u00e1, \u017ee France Libre bude schopna pojmout p\u0159ibli\u017en\u011b 40 letadel. Mezi nimi budou pravd\u011bpodobn\u011b st\u00edha\u010dky Rafale M, letouny v\u010dasn\u00e9ho varov\u00e1n\u00ed E-2D Hawkeye, vrtuln\u00edky NH90 a H160M, ale i modern\u00ed st\u00edha\u010dky \u0161est\u00e9 generace a bojov\u00e9 drony.<\/span><\/p>\n<p><span dir=\"auto\">Pro zlep\u0161en\u00ed opera\u010dn\u00edch schopnost\u00ed lodi se pl\u00e1nuje jej\u00ed vybaven\u00ed t\u0159emi elektromagnetick\u00fdmi katapulty. Tento pl\u00e1n byl potvrzen v Pa\u0159\u00ed\u017ei dva dny p\u0159ed Macronovou n\u00e1v\u0161t\u011bvou lod\u011bnice Naval Group v Indre.<\/span><\/p>\n<p><span dir=\"auto\">Z\u00e1rove\u0148 podle Infodefensa.com p\u0159edstavuj\u00ed katapulty pro v\u00fdvoj\u00e1\u0159e nejv\u011bt\u0161\u00ed v\u00fdzvu. A\u010dkoli francouzsk\u00fd prezident zd\u016fraznil, \u017ee by se France Libre m\u011bla st\u00e1t t\u00e9m\u011b\u0159 symbolem francouzsk\u00e9 suverenity, technologie pro elektromagnetick\u00e9 katapulty lodi se z\u00edsk\u00e1v\u00e1 od americk\u00e9 spole\u010dnosti General Atomics.<\/span><\/p>\n<p><span dir=\"auto\">Elysejsk\u00fd pal\u00e1c nevylou\u010dil mo\u017enost, \u017ee vzhledem k sou\u010dasn\u00fdm obt\u00ed\u017e\u00edm ve vztaz\u00edch s USA by Washington mohl uvalit na Pa\u0159\u00ed\u017e ur\u010dit\u00e1 omezen\u00ed, kter\u00e1 by mohla br\u00e1nit transferu nezbytn\u00fdch technologi\u00ed. Zd\u016fraznil v\u0161ak, \u017ee Francie je na to p\u0159ipravena a pr\u00e1v\u011b pro tuto eventualitu m\u00e1 ji\u017e p\u0159ipraven\u00fd \u201epl\u00e1n B\u201c.<\/span><\/p>\n<p><span dir=\"auto\">Jak informoval server Infodefensa, dal\u0161\u00ed velkou v\u00fdzvou je p\u0159izp\u016fsoben\u00ed nov\u00e9 lodi modern\u00edm po\u017eadavk\u016fm. France Libre mus\u00ed b\u00fdt schopna p\u0159epravovat a nasadit celou \u0159adu nejmodern\u011bj\u0161\u00edch bojov\u00fdch letadel, zejm\u00e9na dron\u016f, kter\u00e9 se aktivn\u011b pou\u017e\u00edvaj\u00ed v modern\u00edch vojensk\u00fdch konfliktech.<\/span><\/p>\n<p><span dir=\"auto\">P\u0159echod francouzsk\u00e9ho n\u00e1mo\u0159nictva od star\u00e9 k nov\u00e9 letadlov\u00e9 lodi nav\u00edc p\u0159edstavuje v\u00fdzvu, proto\u017ee Charles de Gaulle v\u00fdrazn\u011b zaost\u00e1v\u00e1 za t\u00edm, co zem\u011b chce od programu PA-NG z\u00edskat.<\/span><\/p>\n<p><span dir=\"auto\">V Pa\u0159\u00ed\u017ei v sou\u010dasn\u00e9 dob\u011b prob\u00edhaj\u00ed diskuse o komplexn\u00ed gener\u00e1ln\u00ed oprav\u011b a modernizaci lodi Charles de Gaulle, kter\u00e1 by prodlou\u017eila jej\u00ed \u017eivotnost do konce 30. let 21. stolet\u00ed. Arm\u00e1dn\u00ed posudek zjistil, \u017ee sou\u010dasn\u00fd stav lodi umo\u017e\u0148uje plnit jej\u00ed zam\u00fd\u0161len\u00fd \u00fa\u010del pouze z 65 procent. To je zp\u016fsobeno p\u0159edev\u0161\u00edm pokro\u010dil\u00fdm opot\u0159eben\u00edm reaktor\u016f a trupu letadlov\u00e9 lodi.<\/span><\/p>\n<p><span dir=\"auto\">Dal\u0161\u00ed v\u00fdzvou, kterou Macron ve sv\u00e9m projevu v Indre \u0159e\u0161il, je financov\u00e1n\u00ed tak n\u00e1kladn\u00e9ho programu, jako je PA-NG. O\u010dek\u00e1van\u00e9 n\u00e1klady nav\u00edc rapidn\u011b rostou. Je\u0161t\u011b p\u0159ed dv\u011bma lety byly podle port\u00e1lu Navy Lookout ofici\u00e1ln\u011b odhadov\u00e1ny na 6\u20138 miliard eur (6,3\u20138,4 miliardy americk\u00fdch dolar\u016f).<\/span><\/p>\n<p><span dir=\"auto\">Francouzsk\u00fd prezident v\u0161em p\u0159\u00edtomn\u00fdm, v\u010detn\u011b vedouc\u00edch pracovn\u00edk\u016f pr\u016fmyslov\u00fdch spole\u010dnost\u00ed zapojen\u00fdch do iniciativy PA-NG, upozornil, \u017ee samotn\u00e9 ve\u0159ejn\u00e9 prost\u0159edky nebudou sta\u010dit k zaji\u0161t\u011bn\u00ed dokon\u010den\u00ed nov\u00e9 letadlov\u00e9 lodi. Vyzval spole\u010dnosti, aby do v\u00fdstavby France Libre investovaly vlastn\u00ed zdroje. \u201eMus\u00edme podstupovat rizika,\u201c zd\u016fraznil prezident. \u201eTo je nezbytn\u00e9 k ochran\u011b na\u0161\u00ed suverenity.\u201c<\/span><\/p>\n<p><span dir=\"auto\">Podle pl\u00e1n\u016f, kter\u00e9 d\u0159\u00edve ozn\u00e1milo DGA, uplyne mezi uzav\u0159en\u00edm prvn\u00ed smlouvy projektu PA-NG a uveden\u00edm jadern\u00fdch reaktor\u016f budouc\u00ed lodi do provozu p\u0159ibli\u017en\u011b dvan\u00e1ct let.<\/span><\/p>\n<p><span dir=\"auto\">France Libre pot\u00e9 podstoup\u00ed n\u00e1mo\u0159n\u00ed zkou\u0161ky. Uveden\u00ed do slu\u017eby francouzsk\u00e9ho n\u00e1mo\u0159nictva je pl\u00e1nov\u00e1no na rok 2038.<\/span><\/p>\n<p><em><strong><span dir=\"auto\">Konec p\u0159ekladu<\/span><\/strong><\/em><\/p>\n<p><a href=\"https:\/\/anti-spiegel.ru\/2026\/macrons-neues-prestigeprojekt-der-neue-franzoesische-flugzeugtraeger\/\">Thomas R\u00f6per<\/a><\/p>\n<p><img decoding=\"async\" loading=\"lazy\" class=\"alignnone  wp-image-22016\" src=\"http:\/\/www.infokuryr.cz\/n\/wp-content\/uploads\/2023\/01\/Thomas-Roper-298x300.jpg\" alt=\"\" width=\"191\" height=\"192\" srcset=\"https:\/\/www.infokuryr.cz\/n\/wp-content\/uploads\/2023\/01\/Thomas-Roper-298x300.jpg 298w, https:\/\/www.infokuryr.cz\/n\/wp-content\/uploads\/2023\/01\/Thomas-Roper-150x150.jpg 150w, https:\/\/www.infokuryr.cz\/n\/wp-content\/uploads\/2023\/01\/Thomas-Roper.jpg 596w\" sizes=\"(max-width: 191px) 100vw, 191px\" \/><\/p>\n<p>&nbsp;<\/p>\n","protected":false},"excerpt":{"rendered":"<p>Macron ofici\u00e1ln\u011b ozn\u00e1mil, \u017ee Francie m\u00e1 v \u00famyslu postavit novou letadlovou lo\u010f, aby pos\u00edlila sv\u00e9&#8230;<\/p>\n","protected":false},"author":2,"featured_media":102817,"comment_status":"closed","ping_status":"closed","sticky":false,"template":"","format":"standard","meta":[],"categories":[7],"tags":[130,1503,3399,307],"_links":{"self":[{"href":"https:\/\/www.infokuryr.cz\/n\/wp-json\/wp\/v2\/posts\/102816"}],"collection":[{"href":"https:\/\/www.infokuryr.cz\/n\/wp-json\/wp\/v2\/posts"}],"about":[{"href":"https:\/\/www.infokuryr.cz\/n\/wp-json\/wp\/v2\/types\/post"}],"author":[{"embeddable":true,"href":"https:\/\/www.infokuryr.cz\/n\/wp-json\/wp\/v2\/users\/2"}],"replies":[{"embeddable":true,"href":"https:\/\/www.infokuryr.cz\/n\/wp-json\/wp\/v2\/comments?post=102816"}],"version-history":[{"count":0,"href":"https:\/\/www.infokuryr.cz\/n\/wp-json\/wp\/v2\/posts\/102816\/revisions"}],"wp:featuredmedia":[{"embeddable":true,"href":"https:\/\/www.infokuryr.cz\/n\/wp-json\/wp\/v2\/media\/102817"}],"wp:attachment":[{"href":"https:\/\/www.infokuryr.cz\/n\/wp-json\/wp\/v2\/media?parent=102816"}],"wp:term":[{"taxonomy":"category","embeddable":true,"href":"https:\/\/www.infokuryr.cz\/n\/wp-json\/wp\/v2\/categories?post=102816"},{"taxonomy":"post_tag","embeddable":true,"href":"https:\/\/www.infokuryr.cz\/n\/wp-json\/wp\/v2\/tags?post=102816"}],"curies":[{"name":"wp","href":"https:\/\/api.w.org\/{rel}","templated":true}]}}