{"id":102815,"date":"2026-03-25T00:24:21","date_gmt":"2026-03-24T23:24:21","guid":{"rendered":"https:\/\/www.infokuryr.cz\/n\/?p=102815"},"modified":"2026-03-24T12:51:58","modified_gmt":"2026-03-24T11:51:58","slug":"je-to-vazna-vec-premier-viktor-orban-odpovida-na-sokujici-tvrzeni-ze-madarsky-novinar-pomahal-odposlouchavat-ministra-zahranici-analytik-rika-ze-novinari-hrozi-dozivoti","status":"publish","type":"post","link":"https:\/\/www.infokuryr.cz\/n\/2026\/03\/25\/je-to-vazna-vec-premier-viktor-orban-odpovida-na-sokujici-tvrzeni-ze-madarsky-novinar-pomahal-odposlouchavat-ministra-zahranici-analytik-rika-ze-novinari-hrozi-dozivoti\/","title":{"rendered":"\u201eJe to v\u00e1\u017en\u00e1 v\u011bc\u201c \u2013 Premi\u00e9r Viktor Orb\u00e1n odpov\u00edd\u00e1 na \u0161okuj\u00edc\u00ed tvrzen\u00ed, \u017ee ma\u010farsk\u00fd novin\u00e1\u0159 pom\u00e1hal odposlouch\u00e1vat ministra zahrani\u010d\u00ed, analytik \u0159\u00edk\u00e1, \u017ee novin\u00e1\u0159i hroz\u00ed do\u017eivot\u00ed za velezradu"},"content":{"rendered":"<div id=\"fb-root\"><\/div>\n<h3 class=\"s-tagline fw-tagline\"><span dir=\"auto\">Jeden novin\u00e1\u0159, odp\u016frce Orb\u00e1na, \u010del\u00ed v\u00e1\u017en\u00fdm obvin\u011bn\u00edm ze \u0161pion\u00e1\u017ee a dokonce i vlastizrady<\/span><\/h3>\n<p><span dir=\"auto\">Ma\u010farsk\u00fd premi\u00e9r Viktor Orb\u00e1n ofici\u00e1ln\u011b vyzval k vy\u0161et\u0159ov\u00e1n\u00ed na vysok\u00e9 \u00farovni obvin\u011bn\u00ed ze \u0161pion\u00e1\u017ee zam\u011b\u0159en\u00e9 na ministra zahrani\u010d\u00ed P\u00e9tera Szijj\u00e1rt\u00f3a s pomoc\u00ed ma\u010farsk\u00e9ho novin\u00e1\u0159e.<\/span><\/p>\n<p><span dir=\"auto\">\u201eJe to v\u00e1\u017en\u00e1 v\u011bc,\u201c \u0159ekl Orb\u00e1n. \u201eSkute\u010dnost, \u017ee ministr zahrani\u010d\u00ed suver\u00e9nn\u00ed zem\u011b je odposlouch\u00e1v\u00e1n za z\u00e1sahu \u00fa\u0159ad\u016f a tajn\u00fdch slu\u017eeb jin\u00e9 zem\u011b, a to za pomoci ma\u010farsk\u00fdch novin\u00e1\u0159\u016f, nebo alespo\u0148 jednoho z nich, je velmi v\u00e1\u017en\u00e1.\u201c<\/span><\/p>\n<p><span dir=\"auto\">Orb\u00e1n d\u00e1le uvedl, \u017ee je podle n\u011bj jasn\u00e9, \u017ee soupe\u0159\u00edc\u00ed opozi\u010dn\u00ed strana, Strana Tisa, o odposlechu dob\u0159e v\u011bd\u011bla.<\/span><\/p>\n<p><span dir=\"auto\">\u201eAle nejz\u00e1va\u017en\u011bj\u0161\u00ed je, \u017ee se zd\u00e1 b\u00fdt jasn\u00e9, \u017ee se to v\u0161echno d\u011blo s v\u011bdom\u00edm strany Tisa, a vid\u00edm, \u017ee se to d\u011blo v jej\u00ed prosp\u011bch,\u201c \u0159ekl Orb\u00e1n.<\/span><\/p>\n<p><span dir=\"auto\">Po\u00a0<\/span><a href=\"https:\/\/rmx.news\/article\/hungarian-fm-wiretapped-orban-calls-for-immediate-investigation\/\"><span dir=\"auto\">zpr\u00e1v\u011b serveru Mandiner<\/span><\/a><span dir=\"auto\"> vy\u0161lo najevo, \u017ee novin\u00e1\u0159 Szabolcs Panyi, spojen\u00fd s protiorb\u00e1novsk\u00fdmi zpravodajsk\u00fdmi servery Direkt36 a VSquare, \u00fadajn\u011b spolupracoval se zahrani\u010dn\u00ed zpravodajskou slu\u017ebou EU na odposle\u0161\u00edch Szijj\u00e1rt\u00f3a.<\/span><\/p>\n<p><span dir=\"auto\">Ma\u010far\u0161t\u00ed koment\u00e1to\u0159i rovn\u011b\u017e pouk\u00e1zali na to, \u017ee takov\u00fd p\u0159\u00edpad \u0161pion\u00e1\u017ee s sebou pro Panyiho m\u016f\u017ee n\u00e9st v\u00e1\u017en\u00e9 tresty, pokud bude souzen a odsouzen. Pr\u00e1vn\u00edk M\u00e1t\u00e9 T\u00f3th\u00a0<\/span><a href=\"https:\/\/mandiner.hu\/belfold\/2026\/03\/panyi-urnak-dukal-a-tenyleges-eletfogytiglan\"><span dir=\"auto\">p\u00ed\u0161e<\/span><\/a><span dir=\"auto\">\u00a0, \u017ee \u201ehistorick\u00e1 fakta jsou zcela jasn\u00e1, tak\u017ee zde uvedu verdikt. (\u2026) Panyi jako ma\u010farsk\u00fd ob\u010dan kontaktoval nebo udr\u017euje kontakt se zahrani\u010dn\u00ed vl\u00e1dou nebo zahrani\u010dn\u00ed organizac\u00ed za \u00fa\u010delem naru\u0161en\u00ed nez\u00e1vislosti, \u00fazemn\u00ed celistvosti nebo \u00fastavn\u00edho po\u0159\u00e1dku Ma\u010farska, co\u017e se za trestn\u00fd \u010din trest\u00e1 odn\u011bt\u00edm svobody v d\u00e9lce 5 a\u017e 15 let.\u201c<\/span><\/p>\n<p><span dir=\"auto\">Pokra\u010doval a napsal: \u201eTrestem je odn\u011bt\u00ed svobody na 10 a\u017e 20 let nebo do\u017eivot\u00ed, pokud je velezrada sp\u00e1ch\u00e1na za \u00fa\u010delem z\u00edsk\u00e1n\u00ed z\u00e1va\u017en\u00e9ho prosp\u011bchu, jeliko\u017e zde byla velk\u00e1 \u0161ance. Utajovan\u00fd p\u0159\u00edpad zahrnuje i skute\u010dnost, \u017ee Panyi se pod\u00edl\u00ed na zpravodajsk\u00e9 \u010dinnosti proti Ma\u010farsku pro ciz\u00ed mocnost nebo zahrani\u010dn\u00ed organizaci, co\u017e se v z\u00e1kladn\u00edm p\u0159\u00edpad\u011b trestn\u00e9ho \u010dinu trest\u00e1 odn\u011bt\u00edm svobody v d\u00e9lce dvou a\u017e osmi let.\u201c<\/span><\/p>\n<p><span dir=\"auto\">Napsal, \u017ee pokud se v\u0161echna obvin\u011bn\u00ed se\u010dtou, Panyimu hroz\u00ed do\u017eivot\u00ed za \u0161pion\u00e1\u017e spojenou se velezradou.<\/span><\/p>\n<p><span dir=\"auto\">V sou\u010dasn\u00e9 dob\u011b nen\u00ed jasn\u00e9, zda bude Panyi obvin\u011bn, ale obvin\u011bn\u00ed z\u016fst\u00e1vaj\u00ed z\u00e1va\u017en\u00e1.<\/span><\/p>\n<h2 class=\"wp-block-heading\"><span dir=\"auto\">Ma\u010farsko m\u016f\u017ee podat trestn\u00ed ozn\u00e1men\u00ed<\/span><\/h2>\n<p><span dir=\"auto\">Orb\u00e1n prost\u0159ednictv\u00edm soci\u00e1ln\u00edch m\u00e9di\u00ed ozn\u00e1mil, \u017ee \u201ena\u0159\u00eddil ministrovi spravedlnosti, aby okam\u017eit\u011b pro\u0161et\u0159il informace t\u00fdkaj\u00edc\u00ed se odposlech\u016f P\u00e9tera Szijj\u00e1rt\u00f3a\u201c. Skand\u00e1l se to\u010d\u00ed kolem tvrzen\u00ed, \u017ee komunikaci ministra zahrani\u010d\u00ed monitorovaly zahrani\u010dn\u00ed zpravodajsk\u00e9 slu\u017eby.<\/span><\/p>\n<p><span dir=\"auto\">Podle oznamovatele identifikovan\u00e9ho jako \u201e\u010dtvrt\u00e1 mocensk\u00e1 v\u011btev\u201c nazna\u010duj\u00ed zvukov\u00e1 nahr\u00e1vka a e-mail zaslan\u00fd Mandinerovi koordinovanou operaci zahrnuj\u00edc\u00ed zahrani\u010dn\u00ed subjekty a dom\u00e1c\u00ed politick\u00e9 osobnosti.<\/span><\/p>\n<p><span dir=\"auto\">Panyi je obvin\u011bn z toho, \u017ee jedn\u00e1 jako zprost\u0159edkovatel zahrani\u010dn\u00ed zpravodajsk\u00e9 slu\u017eby v r\u00e1mci EU t\u00edm, \u017ee t\u00e9to slu\u017eb\u011b poskytuje Szijj\u00e1rt\u00f3ovo soukrom\u00e9 telefonn\u00ed \u010d\u00edslo. Na unikl\u00e9 nahr\u00e1vce Panyi \u00fadajn\u011b popisuje proces monitorov\u00e1n\u00ed a poznamen\u00e1v\u00e1, \u017ee \u201efunguje to tak, \u017ee sleduj\u00ed \u010d\u00edslo a v\u011bd\u00ed, s k\u00fdm toto \u010d\u00edslo hovo\u0159ilo, a vid\u00ed, kdo na toto \u010d\u00edslo vol\u00e1 nebo komu toto \u010d\u00edslo vol\u00e1.\u201c<\/span><\/p>\n<p><span dir=\"auto\">Kdy\u017e se jedna z partnerek zeptala, kter\u00e1 konkr\u00e9tn\u00ed zem\u011b tato data dost\u00e1v\u00e1, Panyi \u00fadajn\u011b odpov\u011bd\u011bla: \u201eTo nemohu \u0159\u00edct,\u201c a pot\u00e9 \u017eenu po\u017e\u00e1dala, aby z\u00e1le\u017eitost zachovala v p\u0159\u00edsn\u00e9 tajnosti.<\/span><\/p>\n<p><span dir=\"auto\">Z\u016fst\u00e1v\u00e1 nejasn\u00e9, jak \u201e\u010dtvrt\u00e1 mocensk\u00e1 v\u011btev\u201c tyto nahr\u00e1vky z\u00edskala.<\/span><\/p>\n<p><span dir=\"auto\">Mandinerova zpr\u00e1va d\u00e1le nazna\u010duje s\u00ed\u0165 vazeb spojuj\u00edc\u00edch novin\u00e1\u0159sk\u00fd sektor s opozic\u00ed.<\/span><\/p>\n<p><span dir=\"auto\">Vy\u0161et\u0159ov\u00e1n\u00ed \u00fadajn\u011b poukazuje na Anitu Orb\u00e1novou a stranu Tisa. Mandiner tvrd\u00ed, \u017ee Panyi a Anita Orb\u00e1nov\u00e1 jsou kolaboranti a \u017ee pokud by se strana P\u00e9tera Magyara dostala k moci, Panyi by z\u00edskal p\u0159\u00edstup k citliv\u00fdm dokument\u016fm ministerstva zahrani\u010dn\u00edch v\u011bc\u00ed a ovlivnil by person\u00e1ln\u00ed rozhodnut\u00ed pod potenci\u00e1ln\u00edm veden\u00edm Anity Orb\u00e1nov\u00e9.<\/span><\/p>\n<p><span dir=\"auto\">V n\u00e1sledn\u00e9m videu na Facebooku Viktor Orb\u00e1n zd\u016fraznil z\u00e1va\u017enost situace a nazna\u010dil, \u017ee \u201epova\u017euje za nezbytn\u00e9 dal\u0161\u00ed konzultace\u201c k \u0159e\u0161en\u00ed naru\u0161en\u00ed n\u00e1rodn\u00ed bezpe\u010dnosti.<\/span><\/p>\n<p><img decoding=\"async\" loading=\"lazy\" class=\"alignnone size-full wp-image-1185\" src=\"http:\/\/www.infokuryr.cz\/n\/wp-content\/uploads\/2021\/04\/kuryr-podpis.png\" alt=\"\" width=\"84\" height=\"24\" \/><\/p>\n<p>&nbsp;<\/p>\n","protected":false},"excerpt":{"rendered":"<p>Jeden novin\u00e1\u0159, odp\u016frce Orb\u00e1na, \u010del\u00ed v\u00e1\u017en\u00fdm obvin\u011bn\u00edm ze \u0161pion\u00e1\u017ee a dokonce i vlastizrady Ma\u010farsk\u00fd premi\u00e9r&#8230;<\/p>\n","protected":false},"author":2,"featured_media":26099,"comment_status":"closed","ping_status":"closed","sticky":false,"template":"","format":"standard","meta":[],"categories":[7],"tags":[1304,439,142,1798],"_links":{"self":[{"href":"https:\/\/www.infokuryr.cz\/n\/wp-json\/wp\/v2\/posts\/102815"}],"collection":[{"href":"https:\/\/www.infokuryr.cz\/n\/wp-json\/wp\/v2\/posts"}],"about":[{"href":"https:\/\/www.infokuryr.cz\/n\/wp-json\/wp\/v2\/types\/post"}],"author":[{"embeddable":true,"href":"https:\/\/www.infokuryr.cz\/n\/wp-json\/wp\/v2\/users\/2"}],"replies":[{"embeddable":true,"href":"https:\/\/www.infokuryr.cz\/n\/wp-json\/wp\/v2\/comments?post=102815"}],"version-history":[{"count":0,"href":"https:\/\/www.infokuryr.cz\/n\/wp-json\/wp\/v2\/posts\/102815\/revisions"}],"wp:featuredmedia":[{"embeddable":true,"href":"https:\/\/www.infokuryr.cz\/n\/wp-json\/wp\/v2\/media\/26099"}],"wp:attachment":[{"href":"https:\/\/www.infokuryr.cz\/n\/wp-json\/wp\/v2\/media?parent=102815"}],"wp:term":[{"taxonomy":"category","embeddable":true,"href":"https:\/\/www.infokuryr.cz\/n\/wp-json\/wp\/v2\/categories?post=102815"},{"taxonomy":"post_tag","embeddable":true,"href":"https:\/\/www.infokuryr.cz\/n\/wp-json\/wp\/v2\/tags?post=102815"}],"curies":[{"name":"wp","href":"https:\/\/api.w.org\/{rel}","templated":true}]}}