{"id":102799,"date":"2026-03-25T00:15:20","date_gmt":"2026-03-24T23:15:20","guid":{"rendered":"https:\/\/www.infokuryr.cz\/n\/?p=102799"},"modified":"2026-03-24T12:27:36","modified_gmt":"2026-03-24T11:27:36","slug":"digitalni-identita-brusel-se-setkava-s-odporem-obcane-rikaji-ne","status":"publish","type":"post","link":"https:\/\/www.infokuryr.cz\/n\/2026\/03\/25\/digitalni-identita-brusel-se-setkava-s-odporem-obcane-rikaji-ne\/","title":{"rendered":"Digit\u00e1ln\u00ed identita: Brusel se setk\u00e1v\u00e1 s odporem \u2013 ob\u010dan\u00e9 \u0159\u00edkaj\u00ed ne"},"content":{"rendered":"<div id=\"fb-root\"><\/div>\n<div class=\"elementor-element elementor-element-1fb4c2c elementor-widget elementor-widget-theme-post-content\" data-id=\"1fb4c2c\" data-element_type=\"widget\" data-e-type=\"widget\" data-widget_type=\"theme-post-content.default\">\n<div class=\"elementor-widget-container\">\n<p><strong><span dir=\"auto\">V\u011bt\u0161ina ob\u010dan\u016f odm\u00edt\u00e1 pl\u00e1novanou digit\u00e1ln\u00ed identitu EU.<\/span><\/strong><\/p>\n<p><span dir=\"auto\">To, co je v Bruselu prezentov\u00e1no jako miln\u00edk digitalizace, se st\u00e1le v\u00edce st\u00e1v\u00e1 politick\u00fdm boji\u0161t\u011bm: Pl\u00e1novan\u00e1 digit\u00e1ln\u00ed identita se setk\u00e1v\u00e1 s jasn\u00fdm odm\u00edtnut\u00edm mezi obyvatelstvem.<\/span><\/p>\n<p><span dir=\"auto\">Pr\u016fzkum, o kter\u00e9m informoval express, vykresluje jasn\u00fd obr\u00e1zek. Zat\u00edmco instituce EU prosazuj\u00ed zaveden\u00ed tzv. \u201edigit\u00e1ln\u00ed identitn\u00ed pen\u011b\u017eenky\u201c, z\u00e1rove\u0148 roste skepse v\u016f\u010di tomuto projektu.<\/span><\/p>\n<h2 class=\"wp-block-heading\"><span dir=\"auto\">Ned\u016fv\u011bra m\u00edsto v\u00edry v pokrok<\/span><\/h2>\n<p><span dir=\"auto\">Ofici\u00e1ln\u011b m\u00e1 digit\u00e1ln\u00ed identita usnadnit ka\u017edodenn\u00ed \u017eivot, digitalizovat \u00fa\u0159edn\u00ed postupy a sdru\u017eovat dokumenty.<\/span><\/p>\n<p><span dir=\"auto\">Mnoho ob\u010dan\u016f to v\u0161ak vn\u00edm\u00e1 p\u0159edev\u0161\u00edm jako syst\u00e9m, kter\u00fd hluboce zasahuje do jejich osobn\u00edho \u017eivota. Pl\u00e1novan\u00e1 digit\u00e1ln\u00ed pen\u011b\u017eenka sdru\u017euje citliv\u00e9 \u00fadaje \u2013 od identifika\u010dn\u00edch doklad\u016f a\u017e po zdravotn\u00ed informace \u2013 na jednom centr\u00e1ln\u00edm m\u00edst\u011b.<\/span><\/p>\n<p><span dir=\"auto\">Kritici to vn\u00edmaj\u00ed m\u00e9n\u011b jako pokrok a sp\u00ed\u0161e jako potenci\u00e1ln\u00ed riziko.<\/span><\/p>\n<figure class=\"wp-block-image aligncenter size-large\"><img decoding=\"async\" loading=\"lazy\" class=\"aligncenter\" src=\"https:\/\/exxpress.at\/media\/2026\/03\/whatsapp-image-2026-03-20-at-103055.jpeg\" alt=\"\" width=\"779\" height=\"542\" \/><figcaption class=\"wp-element-caption\"><span dir=\"auto\">Zdroj:\u00a0<\/span><a href=\"https:\/\/exxpress.at\/politik\/umfrage-abfuhr-fuer-bruessel-mehrheit-lehnt-digitale-identitaet-ab\/\" target=\"_blank\" rel=\"noreferrer noopener\" data-type=\"link\" data-id=\"https:\/\/exxpress.at\/politik\/umfrage-abfuhr-fuer-bruessel-mehrheit-lehnt-digitale-identitaet-ab\/\"><span dir=\"auto\">express<\/span><\/a><\/figcaption><\/figure>\n<h2 class=\"wp-block-heading\"><span dir=\"auto\">J\u00e1dro kritiky: kontrola a datov\u00e1 s\u00edla<\/span><\/h2>\n<p><span dir=\"auto\">Odm\u00edtnut\u00ed nen\u00ed prim\u00e1rn\u011b zalo\u017eeno na nep\u0159\u00e1telstv\u00ed v\u016f\u010di technologi\u00edm, ale na z\u00e1sadn\u00edm nedostatku d\u016fv\u011bry.<\/span><\/p>\n<p><span dir=\"auto\">D\u016fraz je kladen na ot\u00e1zky t\u00fdkaj\u00edc\u00ed se p\u0159\u00edstupu k dat\u016fm, jejich pou\u017e\u00edv\u00e1n\u00ed a potenci\u00e1ln\u00edho zneu\u017eit\u00ed. Kdo syst\u00e9my \u0159\u00edd\u00ed? Jak jsou informace propojeny? A jak\u00e9 jsou d\u016fsledky roz\u0161\u00ed\u0159en\u00ed t\u011bchto struktur?<\/span><\/p>\n<p><span dir=\"auto\">Kritici vid\u00ed digit\u00e1ln\u00ed identitu jako z\u00e1klad infrastruktury, kter\u00e1 jde daleko za pouh\u00e9 administrativn\u00ed zjednodu\u0161en\u00ed.<\/span><\/p>\n<h2 class=\"wp-block-heading\"><span dir=\"auto\">Rostouc\u00ed odstup mezi politikou a obyvatelstvem<\/span><\/h2>\n<p><span dir=\"auto\">Pr\u016fzkum jasn\u011b ukazuje, \u017ee vn\u00edm\u00e1n\u00ed mezi politick\u00fdmi \u010diniteli a ob\u010dany se st\u00e1le v\u00edce li\u0161\u00ed.<\/span><\/p>\n<p><span dir=\"auto\">Zat\u00edmco se na \u00farovni EU buduj\u00ed centr\u00e1ln\u00ed digit\u00e1ln\u00ed syst\u00e9my, mnoho lid\u00ed m\u00e1 dojem, \u017ee tyto procesy jsou prosazov\u00e1ny bez dostate\u010dn\u00e9 ve\u0159ejn\u00e9 diskuse.<\/span><\/p>\n<p><span dir=\"auto\">Digit\u00e1ln\u00ed identita tak ilustruje v\u011bt\u0161\u00ed konflikt mezi st\u00e1tn\u00ed kontrolou a individu\u00e1ln\u00edm sebeur\u010den\u00edm.<\/span><\/p>\n<h2 class=\"wp-block-heading\"><span dir=\"auto\">Z\u00e1v\u011br<\/span><\/h2>\n<p><span dir=\"auto\">V\u00fdsledky ukazuj\u00ed: Chyb\u00ed ve\u0159ejn\u00e1 podpora.<\/span><\/p>\n<p><span dir=\"auto\">To vyvol\u00e1v\u00e1 nejen ot\u00e1zku technick\u00e9 implementace, ale tak\u00e9 politick\u00e9 legitimity jednoho z \u00fast\u0159edn\u00edch digit\u00e1ln\u00edch projekt\u016f Evropsk\u00e9 unie.<\/span><\/p>\n<\/div>\n<\/div>\n<div class=\"elementor-element elementor-element-8c57238 quelle dc-has-condition dc-condition-empty elementor-widget elementor-widget-heading\" data-id=\"8c57238\" data-element_type=\"widget\" data-e-type=\"widget\" data-widget_type=\"heading.default\">\n<div class=\"elementor-widget-container\">\n<h3 class=\"elementor-heading-title elementor-size-default\"><span style=\"font-size: 10pt;\"><a href=\"https:\/\/exxpress.at\/politik\/umfrage-abfuhr-fuer-bruessel-mehrheit-lehnt-digitale-identitaet-ab\/\" target=\"_blank\" rel=\"nofollow noopener\"><span dir=\"auto\">Zdroj<\/span><\/a><\/span><\/h3>\n<p>&nbsp;<\/p>\n<\/div>\n<\/div>\n","protected":false},"excerpt":{"rendered":"<p>V\u011bt\u0161ina ob\u010dan\u016f odm\u00edt\u00e1 pl\u00e1novanou digit\u00e1ln\u00ed identitu EU. To, co je v Bruselu prezentov\u00e1no jako miln\u00edk&#8230;<\/p>\n","protected":false},"author":2,"featured_media":102800,"comment_status":"closed","ping_status":"closed","sticky":false,"template":"","format":"standard","meta":[],"categories":[7],"tags":[2214,41,1975,3921],"_links":{"self":[{"href":"https:\/\/www.infokuryr.cz\/n\/wp-json\/wp\/v2\/posts\/102799"}],"collection":[{"href":"https:\/\/www.infokuryr.cz\/n\/wp-json\/wp\/v2\/posts"}],"about":[{"href":"https:\/\/www.infokuryr.cz\/n\/wp-json\/wp\/v2\/types\/post"}],"author":[{"embeddable":true,"href":"https:\/\/www.infokuryr.cz\/n\/wp-json\/wp\/v2\/users\/2"}],"replies":[{"embeddable":true,"href":"https:\/\/www.infokuryr.cz\/n\/wp-json\/wp\/v2\/comments?post=102799"}],"version-history":[{"count":0,"href":"https:\/\/www.infokuryr.cz\/n\/wp-json\/wp\/v2\/posts\/102799\/revisions"}],"wp:featuredmedia":[{"embeddable":true,"href":"https:\/\/www.infokuryr.cz\/n\/wp-json\/wp\/v2\/media\/102800"}],"wp:attachment":[{"href":"https:\/\/www.infokuryr.cz\/n\/wp-json\/wp\/v2\/media?parent=102799"}],"wp:term":[{"taxonomy":"category","embeddable":true,"href":"https:\/\/www.infokuryr.cz\/n\/wp-json\/wp\/v2\/categories?post=102799"},{"taxonomy":"post_tag","embeddable":true,"href":"https:\/\/www.infokuryr.cz\/n\/wp-json\/wp\/v2\/tags?post=102799"}],"curies":[{"name":"wp","href":"https:\/\/api.w.org\/{rel}","templated":true}]}}