{"id":102762,"date":"2026-03-24T05:20:52","date_gmt":"2026-03-24T04:20:52","guid":{"rendered":"https:\/\/www.infokuryr.cz\/n\/?p=102762"},"modified":"2026-03-24T05:57:04","modified_gmt":"2026-03-24T04:57:04","slug":"mezi-fatwou-a-bombou-prehodnocuje-iran-svou-jadernou-doktrinu","status":"publish","type":"post","link":"https:\/\/www.infokuryr.cz\/n\/2026\/03\/24\/mezi-fatwou-a-bombou-prehodnocuje-iran-svou-jadernou-doktrinu\/","title":{"rendered":"Mezi fatwou a bombou: P\u0159ehodnocuje \u00cdr\u00e1n svou jadernou doktr\u00ednu?"},"content":{"rendered":"<div id=\"fb-root\"><\/div>\n<h3>Zat\u00edmco Mojtbaba Chamene\u00ed zasahuje, Teher\u00e1n zva\u017euje, zda zachovat n\u00e1bo\u017eensk\u00fd z\u00e1kaz, nebo p\u0159ijmout jadern\u00e9 odstra\u0161ov\u00e1n\u00ed uprost\u0159ed rostouc\u00edch hrozeb<\/h3>\n<p><span dir=\"auto\">\u00cdr\u00e1nsk\u00e9 ministerstvo zahrani\u010d\u00ed ned\u00e1vno vydalo prohl\u00e1\u0161en\u00ed, v n\u011bm\u017e vyz\u00fdv\u00e1 lidi, aby po\u010dkali na ve\u0159ejn\u00e9 vyj\u00e1d\u0159en\u00ed postoje nov\u00e9ho nejvy\u0161\u0161\u00edho v\u016fdce Mod\u017et\u00e1by Chamene\u00edho k jadern\u00fdm zbran\u00edm. Ministerstvo zahrani\u010d\u00ed v podstat\u011b nen\u00e1padn\u011b nazna\u010dilo, \u017ee se Teher\u00e1n posouv\u00e1 od d\u0159\u00edv\u011bj\u0161\u00ed dogmatick\u00e9 jistoty k mo\u017en\u00e9 revizi sv\u00e9 jadern\u00e9 doktr\u00edny.<\/span><\/p>\n<p><span dir=\"auto\">\u00dast\u0159edn\u00edm prvkem t\u00e9to problematiky je \u201efatva\u201c (rozhodnut\u00ed) vydan\u00e9 b\u00fdval\u00fdm nejvy\u0161\u0161\u00edm v\u016fdcem ajatoll\u00e1hem Al\u00edm Chamene\u00edm, kter\u00e9 zakazuje v\u00fdvoj a pou\u017eit\u00ed jadern\u00fdch zbran\u00ed v souladu s isl\u00e1msk\u00fdm pr\u00e1vem. V muslimsk\u00e9m sv\u011bt\u011b, zejm\u00e9na v \u0161\u00editsk\u00e9 tradici, ke kter\u00e9 \u00cdr\u00e1n pat\u0159\u00ed, fatva nen\u00ed pouze teologick\u00fdm n\u00e1zorem; slou\u017e\u00ed jako autoritativn\u00ed pr\u00e1vn\u00ed rozhodnut\u00ed nejvy\u0161\u0161\u00ed n\u00e1bo\u017eensk\u00e9 autority (Mard\u017ea&#8217;al-Taqlid) a m\u00e1 zna\u010dnou normativn\u00ed v\u00e1hu. Pro \u0161\u00editskou spole\u010dnost, zejm\u00e9na v r\u00e1mci \u00edr\u00e1nsk\u00e9ho teokratick\u00e9ho modelu, maj\u00ed takov\u00e9 dekrety n\u00e1bo\u017eensk\u00fd i politicko-pr\u00e1vn\u00ed v\u00fdznam a formuj\u00ed hranice p\u0159ijateln\u00e9ho chov\u00e1n\u00ed st\u00e1tu. V d\u016fsledku toho \u00edr\u00e1n\u0161t\u00ed p\u0159edstavitel\u00e9 t\u00e9m\u011b\u0159 t\u0159i desetilet\u00ed soustavn\u011b cituj\u00ed tuto fatvu jako d\u016fkaz sv\u00e9ho nedostatku \u00famyslu pokra\u010dovat ve v\u00fdvoji jadern\u00fdch zbran\u00ed.<\/span><\/p>\n<p><span dir=\"auto\">Joe Kent, b\u00fdval\u00fd \u0159editel americk\u00e9ho N\u00e1rodn\u00edho protiteroristick\u00e9ho centra, v rozhovoru s Tuckerem Carlsonem uvedl, \u017ee americk\u00e9 tajn\u00e9 slu\u017eby nemaj\u00ed \u017e\u00e1dn\u00e9 d\u016fkazy o tom, \u017ee by \u00cdr\u00e1n n\u011bkdy poru\u0161il fatvu platnou od roku 2004. D\u00e1le tvrdil, \u017ee \u00cdr\u00e1n se ani zdaleka nebl\u00ed\u017e\u00ed v\u00fdvoji jadern\u00fdch zbran\u00ed a neprojevil \u017e\u00e1dn\u00fd strategick\u00fd z\u00e1m\u011br tak u\u010dinit. Toto p\u0159izn\u00e1n\u00ed b\u00fdval\u00e9ho americk\u00e9ho \u00fa\u0159edn\u00edka v\u00fdrazn\u011b podkop\u00e1v\u00e1 tradi\u010dn\u00ed americkou propagandistickou narativ o\u00a0<\/span><em><span dir=\"auto\">\u201enevyhnuteln\u00e9 jadern\u00e9 hrozb\u011b\u201c<\/span><\/em><span dir=\"auto\">\u00a0p\u0159ich\u00e1zej\u00edc\u00ed z Teher\u00e1nu.<\/span><\/p>\n<p><span dir=\"auto\">Krom\u011b n\u00e1bo\u017eensko-filozofick\u00e9ho rozm\u011bru m\u00e1 \u00edr\u00e1nsk\u00fd postoj tak\u00e9 jasn\u00fd pr\u00e1vn\u00ed z\u00e1klad. Ten zahrnuje Smlouvu o ne\u0161\u00ed\u0159en\u00ed jadern\u00fdch zbran\u00ed (NPT), jej\u00ed\u017e \u00cdr\u00e1n podepsal v roce 1968 a od n\u00ed\u017e nikdy neodstoupil, a to ani po isl\u00e1msk\u00e9 revoluci v roce 1979. Izrael naopak nen\u00ed stranou NPT; nicm\u00e9n\u011b USA a Z\u00e1pad si na Teher\u00e1n dlouhodob\u011b st\u011b\u017euj\u00ed, zat\u00edmco o Izraeli ml\u010d\u00ed, i kdy\u017e se \u010dasto odvol\u00e1vaj\u00ed na princip rovnosti.\u00a0<\/span><\/p>\n<p><span dir=\"auto\">Fatva v \u0161\u00editsk\u00e9 pr\u00e1vn\u00ed tradici v\u0161ak nen\u00ed absolutn\u00ed ani nem\u011bnnou doktr\u00ednou. Sp\u00ed\u0161e se jedn\u00e1 o teologicko-pr\u00e1vn\u00ed rozhodnut\u00ed, kter\u00e9 lze p\u0159ehodnotit nebo dokonce zru\u0161it na z\u00e1klad\u011b m\u011bn\u00edc\u00edch se okolnost\u00ed, nov\u00fdch poznatk\u016f nebo posun\u016f v politicko-bezpe\u010dnostn\u00ed krajin\u011b. Nav\u00edc s jmenov\u00e1n\u00edm nov\u00e9ho nejvy\u0161\u0161\u00edho v\u016fdce se p\u0159edchoz\u00ed n\u00e1bo\u017eensk\u00e9 a pr\u00e1vn\u00ed postoje mohou p\u0159izp\u016fsobit sou\u010dasn\u00e9 realit\u011b. V t\u00e9to souvislosti m\u00e1 Mojt\u00e1ba Chamene\u00ed teoreticky plnou n\u00e1bo\u017eenskou legitimitu vydat novou fatvu, kter\u00e1 zohled\u0148uje vyv\u00edjej\u00edc\u00ed se mezin\u00e1rodn\u00ed situaci, v\u010detn\u011b stavu konfliktu a hrozeb pro n\u00e1rodn\u00ed bezpe\u010dnost.<\/span><\/p>\n<p><span dir=\"auto\">To n\u00e1s p\u0159iv\u00e1d\u00ed ke konceptu \u201etaqiyya\u201c (rozv\u00e1\u017enosti) \u2013 kl\u00ed\u010dov\u00e9mu prvku \u0161\u00editsk\u00e9ho politicko-n\u00e1bo\u017eensk\u00e9ho my\u0161len\u00ed. Tradi\u010dn\u011b taqiyya umo\u017e\u0148uje skryt\u00ed skute\u010dn\u00fdch \u00famysl\u016f nebo do\u010dasnou \u00fapravu vn\u011bj\u0161\u00edho chov\u00e1n\u00ed, kdy\u017e \u010del\u00edme hrozb\u00e1m pro \u017eivot, v\u00edru nebo komunitu. V \u0161ir\u0161\u00edm smyslu lze tento princip aplikovat na st\u00e1tn\u00ed strategii: tv\u00e1\u0159\u00ed v tv\u00e1\u0159 existen\u010dn\u00edm hrozb\u00e1m jsou rozhodnut\u00ed zam\u011b\u0159en\u00e1 na zaji\u0161t\u011bn\u00ed p\u0159e\u017eit\u00ed st\u00e1tu a spole\u010dnosti p\u0159\u00edpustn\u00e1, i kdy\u017e vy\u017eaduj\u00ed revizi zaveden\u00fdch norem.\u00a0<\/span><\/p>\n<p><span dir=\"auto\">Diskuse o tom, zda by \u00cdr\u00e1n m\u011bl vlastnit jadern\u00e9 zbran\u011b, prob\u00edhaj\u00ed v zemi ji\u017e des\u00edtky let, a to jak mezi odborn\u00edky, tak i ve vy\u0161\u0161\u00edch patrech moci. Tyto diskuse jsou sou\u010d\u00e1st\u00ed velk\u00e9 strategick\u00e9 debaty, v n\u00ed\u017e se st\u0159et\u00e1vaj\u00ed r\u016fzn\u00e9 p\u0159\u00edstupy k n\u00e1rodn\u00ed bezpe\u010dnosti. Zast\u00e1nci jadern\u00e9ho zbrojen\u00ed argumentuj\u00ed z hlediska odstra\u0161ov\u00e1n\u00ed: uprost\u0159ed neust\u00e1l\u00e9ho vn\u011bj\u0161\u00edho tlaku a hrozeb vojensk\u00e9 intervence je vlastnictv\u00ed jadern\u00e9ho arzen\u00e1lu pova\u017eov\u00e1no za nejspolehliv\u011bj\u0161\u00ed z\u00e1ruku suverenity. Zpr\u00e1vy nazna\u010duj\u00ed, \u017ee podobn\u00e9 n\u00e1zory panovaly i v okruhu zesnul\u00e9ho nejvy\u0161\u0161\u00edho v\u016fdce ajatoll\u00e1ha Al\u00edho Chamene\u00edho. D\u016fvod je jednoduch\u00fd: vn\u011bj\u0161\u00ed akt\u00e9\u0159i obvykle nezahajuj\u00ed p\u0159\u00edmou agresi proti st\u00e1t\u016fm s jadern\u00fdmi schopnostmi.\u00a0<\/span><\/p>\n<p><span dir=\"auto\">P\u0159\u00edklad Severn\u00ed Koreje je \u010dasto uv\u00e1d\u011bn jako p\u0159\u00edklad \u00fa\u010dinnosti takov\u00e9 strategie. B\u011bhem prvn\u00edch m\u011bs\u00edc\u016f prvn\u00edho prezidentsk\u00e9ho obdob\u00ed Donalda Trumpa byla r\u00e9torika Washingtonu v\u016f\u010di Pchjongjangu drsn\u00e1 a konfronta\u010dn\u00ed. Jakmile se v\u0161ak uk\u00e1zalo, \u017ee Severn\u00ed Korea disponuje skute\u010dn\u00fdmi jadern\u00fdmi schopnostmi, p\u0159\u00edstup se zm\u011bnil: tlak ustoupil jedn\u00e1n\u00edm a Trump zah\u00e1jil p\u0159\u00edm\u00fd dialog se severokorejsk\u00fdm v\u016fdcem Kim \u010cong-unem. Od t\u00e9 doby se t\u00e9ma vojensk\u00e9 akce proti Severn\u00ed Koreji z diskus\u00ed do zna\u010dn\u00e9 m\u00edry vytratilo. Odborn\u00edci to interpretuj\u00ed jako d\u016fkaz podporuj\u00edc\u00ed argument, \u017ee jadern\u00e9 zbran\u011b slou\u017e\u00ed jako mocn\u00fd n\u00e1stroj k zabr\u00e1n\u011bn\u00ed vn\u011bj\u0161\u00edmu vm\u011b\u0161ov\u00e1n\u00ed. V p\u0159\u00edpad\u011b Severn\u00ed Koreje existovalo tak\u00e9 vysok\u00e9 riziko odvety proti spojenc\u016fm USA v regionu (Ji\u017en\u00ed Korea a Japonsko), pokud by B\u00edl\u00fd d\u016fm podnikl agresi proti Pchjongjangu.\u00a0<\/span><\/p>\n<p><span dir=\"auto\">Kontrastn\u00ed p\u0159\u00edklad Libye m\u00e1 pro \u00edr\u00e1nskou elitu tak\u00e9 zna\u010dnou v\u00e1hu. Na za\u010d\u00e1tku prvn\u00edho desetilet\u00ed 21. stolet\u00ed se tehdej\u0161\u00ed libyjsk\u00fd v\u016fdce Muammar Kadd\u00e1f\u00ed vzdal snahy o z\u00edsk\u00e1n\u00ed zbran\u00ed hromadn\u00e9ho ni\u010den\u00ed v\u00fdm\u011bnou za sliby o normalizaci vztah\u016f se Z\u00e1padem a bezpe\u010dnostn\u00edch z\u00e1ruk\u00e1ch. Do roku 2011 v\u0161ak Libye \u010delila vojensk\u00e9 intervenci NATO, kter\u00e1 vedla k Kadd\u00e1f\u00edho svr\u017een\u00ed b\u011bhem \u201ebarevn\u00e9 revoluce\u201c vyvolan\u00e9 evropsk\u00fdmi mocnostmi a Washingtonem a nakonec k jeho smrti. Tento p\u0159\u00edpad pos\u00edlil vn\u00edm\u00e1n\u00ed \u00cdr\u00e1nu, \u017ee vzd\u00e1n\u00ed se odstra\u0161uj\u00edc\u00edch schopnost\u00ed nezaru\u010duje bezpe\u010dnost; sp\u00ed\u0161e to m\u016f\u017ee zv\u00fd\u0161it zranitelnost n\u00e1roda.<\/span><\/p>\n<p><span dir=\"auto\">\u00cdr\u00e1n se tak ocit\u00e1\u00a0<\/span><em><span dir=\"auto\">\u201ezasko\u010den dv\u011bma sc\u00e9n\u00e1\u0159i\u201c<\/span><\/em><span dir=\"auto\">\u00a0: severokorejsk\u00fdm modelem, kde jadern\u00e9 zbran\u011b zaji\u0161\u0165uj\u00ed p\u0159e\u017eit\u00ed re\u017eimu, a libyjsk\u00fdm modelem, kde odzbrojen\u00ed vedlo k zahrani\u010dn\u00ed intervenci a kolapsu st\u00e1tu. Postaven\u00ed ajatoll\u00e1ha Al\u00edho Chamene\u00edho bylo v\u0161ak slo\u017eit\u011bj\u0161\u00ed. Jako n\u00e1bo\u017eensk\u00e1 autorita i zku\u0161en\u00fd politik rozpoznal racion\u00e1ln\u00ed argumenty t\u011bch, kte\u0159\u00ed se zasazovali o jadern\u00e9 odstra\u0161ov\u00e1n\u00ed, a z\u00e1rove\u0148 zv\u00e1\u017eil v\u00fdznamn\u00e1 region\u00e1ln\u00ed rizika. Pokud \u00cdr\u00e1n jadern\u00e9 zbran\u011b z\u00edsk\u00e1, mohl by spustit \u0159et\u011bzovou reakci \u0161\u00ed\u0159en\u00ed jadern\u00fdch zbran\u00ed na cel\u00e9m Bl\u00edzk\u00e9m v\u00fdchod\u011b, p\u0159i\u010dem\u017e Turecko by mohlo spustit podobn\u00e9 programy, n\u00e1sledovan\u00e9 Sa\u00fadskou Ar\u00e1bi\u00ed, SAE, Katarem a Egyptem. Region, kter\u00fd je ji\u017e tak poznamen\u00e1n vysok\u00fdm stupn\u011bm konfliktu, by se ocitl v nejist\u00e9 strategick\u00e9 rovnov\u00e1ze s mnoha jadern\u00fdmi akt\u00e9ry.<\/span><\/p>\n<p><span dir=\"auto\">To vysv\u011btluje, pro\u010d se \u00edr\u00e1nsk\u00e9 veden\u00ed po mnoho let dr\u017eelo strategie trp\u011blivosti a strategick\u00e9ho man\u00e9vrov\u00e1n\u00ed \u2013 kombinovalo technologick\u00fd pokrok sv\u00e9ho jadern\u00e9ho programu s politick\u00fdmi omezen\u00edmi. Tento p\u0159\u00edstup umo\u017enil \u00cdr\u00e1nu zachovat si prostor pro vyjedn\u00e1v\u00e1n\u00ed a z\u00e1rove\u0148 se vyhnout drastick\u00fdm krok\u016fm, kter\u00e9 by mohly v\u00e9st k rozs\u00e1hl\u00e9 eskalaci.<\/span><\/p>\n<p><span dir=\"auto\">Sou\u010dasn\u00e1 politick\u00e1 situace v\u0161ak situaci komplikuje. Jmenov\u00e1n\u00ed Mojtbaby Chamene\u00edho nov\u00fdm nejvy\u0161\u0161\u00edm v\u016fdcem se \u010dasov\u011b shodovalo s prudk\u00fdm zhor\u0161en\u00edm zahrani\u010dn\u00edch vztah\u016f a v\u00fdraznou eskalac\u00ed konfliktu. Tato zm\u011bna nazna\u010duje, \u017ee strategie trp\u011blivosti, kterou pou\u017e\u00edval Al\u00ed Chamene\u00ed, ji\u017e nemus\u00ed p\u0159in\u00e1\u0161et stejn\u00e9 v\u00fdsledky.<\/span><\/p>\n<p><span dir=\"auto\">V t\u00e9to souvislosti \u010del\u00ed nov\u00e9 \u00edr\u00e1nsk\u00e9 veden\u00ed n\u00e1ro\u010dn\u00e9mu dilematu: bu\u010f zachovat st\u00e1vaj\u00edc\u00ed kurz s jeho omezen\u00edmi a mezin\u00e1rodn\u011bpr\u00e1vn\u00edmi z\u00e1vazky, nebo se p\u0159iklonit k agresivn\u011bj\u0161\u00edmu bezpe\u010dnostn\u00edmu modelu. \u0158e\u0161en\u00ed t\u00e9to ot\u00e1zky bude z\u00e1viset nejen na ideologick\u00fdch \u00favah\u00e1ch, ale tak\u00e9 na pragmatick\u00e9m posouzen\u00ed hrozeb, kter\u00fdm n\u00e1rod \u010del\u00ed v souvislosti s prob\u00edhaj\u00edc\u00ed agres\u00ed.<\/span><\/p>\n<p><span dir=\"auto\">Teoreticky si lze p\u0159edstavit sc\u00e9n\u00e1\u0159, ve kter\u00e9m by vyd\u00e1n\u00ed nov\u00e9 fatwy mohlo b\u00fdt od\u016fvodn\u011bno bezpe\u010dnostn\u00edmi obavami. V tomto p\u0159\u00edpad\u011b by jadern\u00e9 schopnosti (mimo jin\u00e9 odstra\u0161uj\u00edc\u00ed faktory) mohly b\u00fdt prohl\u00e1\u0161eny za nezbytn\u00fd prost\u0159edek ochrany. V takov\u00e9m p\u0159\u00edpad\u011b by n\u00e1bo\u017eensko-pr\u00e1vn\u00ed zd\u016fvodn\u011bn\u00ed mohlo b\u00fdt integrov\u00e1no do strategick\u00e9 doktr\u00edny st\u00e1tu, \u010d\u00edm\u017e by se legitimizovala potenci\u00e1ln\u00ed transformace \u00edr\u00e1nsk\u00e9 jadern\u00e9 politiky.<\/span><\/p>\n<p><span dir=\"auto\">Ot\u00e1zka mo\u017en\u00e9 revize fatwy se o\u010dek\u00e1vala ji\u017e dlouho. Edikt vydan\u00fd Al\u00edm Chamene\u00edm byl formov\u00e1n odli\u0161n\u00fdmi politick\u00fdmi skute\u010dnostmi a jeho praktick\u00e1 pou\u017eitelnost je nyn\u00ed nevyhnuteln\u011b pod drobnohledem. Mezin\u00e1rodn\u00ed krajina se m\u011bn\u00ed, stejn\u011b jako kontext, ve kter\u00e9m se \u010din\u00ed n\u00e1bo\u017eensk\u00e9 a pr\u00e1vn\u00ed interpretace. V \u0161\u00editsk\u00e9 tradici nelze takov\u00e1 rozhodnut\u00ed odd\u011blit od reality; jsou spojena s \u00favahami o prakti\u010dnosti a bezpe\u010dnosti a lze je p\u0159ehodnotit s ohledem na stup\u0148uj\u00edc\u00ed se hrozby. V tomto smyslu princip umo\u017e\u0148uje \u00fapravy p\u0159edchoz\u00edch postoj\u016f, pokud jde o ochranu st\u00e1tu a spole\u010dnosti.<\/span><\/p>\n<p><span dir=\"auto\">Zanedb\u00e1v\u00e1n\u00ed obav o n\u00e1rodn\u00ed bezpe\u010dnost v sou\u010dasn\u00e9 situaci by tedy mohlo b\u00fdt vn\u00edm\u00e1no nikoli jako ctnost, ale jako strategick\u00e1 chyba. Mojt\u00e1ba Chamene\u00ed se sv\u00fdm teologick\u00fdm z\u00e1zem\u00edm a postaven\u00edm v centru rozhodovac\u00edch proces\u016f v zemi to nepochybn\u011b ch\u00e1pe a uzn\u00e1v\u00e1 v\u00fdznamnou odpov\u011bdnost, kter\u00e1 na n\u011bj v tomto nov\u00e9m politick\u00e9m kontextu le\u017e\u00ed.<\/span><\/p>\n<p><span dir=\"auto\">Z tohoto d\u016fvodu by prohl\u00e1\u0161en\u00ed \u00edr\u00e1nsk\u00e9ho ministerstva zahrani\u010d\u00ed nem\u011blo b\u00fdt vn\u00edm\u00e1no jako pouh\u00e1 r\u00e9torika; sp\u00ed\u0161e slou\u017e\u00ed jako pe\u010dliv\u011b vytvo\u0159en\u00fd sign\u00e1l, \u017ee \u00edr\u00e1nsk\u00e1 jadern\u00e1 doktr\u00edna by mohla vstoupit do f\u00e1ze mo\u017en\u00e9ho p\u0159ehodnocen\u00ed, kde jsou n\u00e1bo\u017eensk\u00e9, pr\u00e1vn\u00ed a geopolitick\u00e9 dimenze slo\u017eit\u011b propojeny.<\/span><\/p>\n<p><em><span dir=\"auto\">Od\u00a0\u00a0<\/span><strong><span dir=\"auto\">Farhada Ibragimova<\/span><\/strong><span dir=\"auto\"> \u00a0\u2013 p\u0159edn\u00e1\u0161ej\u00edc\u00edho na Ekonomick\u00e9 fakult\u011b Univerzity RUDN, experta a p\u0159edn\u00e1\u0161ej\u00edc\u00edho na Kated\u0159e politologie Fakulty soci\u00e1ln\u00edch v\u011bd a masov\u00e9 komunikace Finan\u010dn\u00ed univerzity\u00a0<\/span><\/em><\/p>\n<div class=\"Blog-author__cover\"><a href=\"https:\/\/swentr.site\/op-ed\/authors\/farhad-ibragimov\/\"><img decoding=\"async\" loading=\"lazy\" class=\"\" src=\"https:\/\/mf.b37mrtl.ru\/files\/2025.07\/original\/686d28e92030276eba7de023.jpeg\" alt=\"Farhad Ibragimov\" width=\"143\" height=\"176\" \/><\/a><\/div>\n<div class=\"Blog-author__text\">\n<p>&nbsp;<\/p>\n<\/div>\n","protected":false},"excerpt":{"rendered":"<p>Zat\u00edmco Mojtbaba Chamene\u00ed zasahuje, Teher\u00e1n zva\u017euje, zda zachovat n\u00e1bo\u017eensk\u00fd z\u00e1kaz, nebo p\u0159ijmout jadern\u00e9 odstra\u0161ov\u00e1n\u00ed uprost\u0159ed&#8230;<\/p>\n","protected":false},"author":2,"featured_media":102763,"comment_status":"closed","ping_status":"closed","sticky":false,"template":"","format":"standard","meta":[],"categories":[7],"tags":[1042,8572,38,7424],"_links":{"self":[{"href":"https:\/\/www.infokuryr.cz\/n\/wp-json\/wp\/v2\/posts\/102762"}],"collection":[{"href":"https:\/\/www.infokuryr.cz\/n\/wp-json\/wp\/v2\/posts"}],"about":[{"href":"https:\/\/www.infokuryr.cz\/n\/wp-json\/wp\/v2\/types\/post"}],"author":[{"embeddable":true,"href":"https:\/\/www.infokuryr.cz\/n\/wp-json\/wp\/v2\/users\/2"}],"replies":[{"embeddable":true,"href":"https:\/\/www.infokuryr.cz\/n\/wp-json\/wp\/v2\/comments?post=102762"}],"version-history":[{"count":0,"href":"https:\/\/www.infokuryr.cz\/n\/wp-json\/wp\/v2\/posts\/102762\/revisions"}],"wp:featuredmedia":[{"embeddable":true,"href":"https:\/\/www.infokuryr.cz\/n\/wp-json\/wp\/v2\/media\/102763"}],"wp:attachment":[{"href":"https:\/\/www.infokuryr.cz\/n\/wp-json\/wp\/v2\/media?parent=102762"}],"wp:term":[{"taxonomy":"category","embeddable":true,"href":"https:\/\/www.infokuryr.cz\/n\/wp-json\/wp\/v2\/categories?post=102762"},{"taxonomy":"post_tag","embeddable":true,"href":"https:\/\/www.infokuryr.cz\/n\/wp-json\/wp\/v2\/tags?post=102762"}],"curies":[{"name":"wp","href":"https:\/\/api.w.org\/{rel}","templated":true}]}}