{"id":102729,"date":"2026-03-24T00:25:04","date_gmt":"2026-03-23T23:25:04","guid":{"rendered":"https:\/\/www.infokuryr.cz\/n\/?p=102729"},"modified":"2026-03-23T13:05:07","modified_gmt":"2026-03-23T12:05:07","slug":"nizsi-princip-z-rokycan","status":"publish","type":"post","link":"https:\/\/www.infokuryr.cz\/n\/2026\/03\/24\/nizsi-princip-z-rokycan\/","title":{"rendered":"Ni\u017e\u0161\u00ed princip z Rokycan"},"content":{"rendered":"<div id=\"fb-root\"><\/div>\n<p><strong>Po p\u0159e\u010dten\u00ed t\u00e9to story \u010dten\u00e1\u0159i teprve dojde, v jak hlubok\u00e9 krizi se nach\u00e1z\u00ed \u0161kolstv\u00ed.<\/strong><\/p>\n<p>Studenti rokycansk\u00e9ho gymn\u00e1zia se loni ukrutn\u011b vym\u00f3dili na sout\u011b\u017e halloweensk\u00fdch masek. P\u0159evlekli se za \u010dleny ku-klux-klanu. Z\u0159ejm\u011b se jim maska povedla, proto\u017ee vyhr\u00e1li prvn\u00ed m\u00edsto.<\/p>\n<p>Asi t\u00fdden pot\u00e9, konkr\u00e9tn\u011b 7. listopadu 2025, \u0159editel \u0161koly Vlach podal trestn\u00ed ozn\u00e1men\u00ed na sebe coby statut\u00e1rn\u00edho z\u00e1stupce \u0161koly a na dal\u0161\u00ed nezn\u00e1m\u00e9 pachatele, proto\u017ee spat\u0159oval bl\u00ed\u017ee neur\u010den\u00fd trestn\u00fd \u010din v tom, \u017ee p\u0159evlek\u016fm nezabr\u00e1nili. Nezn\u00e1m\u00ed pachatel\u00e9 pak budou nejsp\u00ed\u0161 dal\u0161\u00ed \u00fa\u010dastn\u00edci akce, nap\u0159\u00edklad u\u010ditel\u00e9 nebo studenti. Po diskusi s rodi\u010di, kte\u0159\u00ed mu pravd\u011bpodobn\u011b vysv\u011btlili, \u017ee je tot\u00e1ln\u00ed debil, trestn\u00ed ozn\u00e1men\u00ed zkou\u0161el st\u00e1hnout, co\u017e se z pochopiteln\u00fdch d\u016fvod\u016f nepoda\u0159ilo.<\/p>\n<p>Pan \u0159editel, pro jeho\u017e osobnostn\u00ed charakteristiku se mi nedost\u00e1v\u00e1 slu\u0161n\u00fdch slov, sv\u016fj postoj formuloval takto:<\/p>\n<p>\u201e\u0160kola nem\u016f\u017ee posuzovat, zda n\u011bkter\u00e9 \u010diny napl\u0148uj\u00ed skutkovou podstatu trestn\u00fdch \u010din\u016f. To m\u016f\u017ee jen policie. Z\u00e1rove\u0148 v\u011b\u0159\u00edm, \u017ee ta v\u011bc bude odlo\u017eena a nebude postoupena k\u00a0soudu a kluk\u016fm dojde, \u017ee ne v\u0161echno je legrace. V prosinci dostali \u0159editelskou d\u016ftku.\u201c<\/p>\n<p><a href=\"https:\/\/www.irozhlas.cz\/zpravy-domov\/klukovina-nebo-trestny-cin-studenti-v-rokycanech-se-prevlekli-do-masek-ku-klux_2603170640_elev\">Zdroj<\/a>.<\/p>\n<p>Prob\u00edrat skutkovou podstatu trestn\u00e9ho \u010dinu a m\u00edru jej\u00edho napln\u011bn\u00ed asi ned\u00e1v\u00e1 valn\u00e9ho smyslu, zam\u011b\u0159\u00edme se n\u011bkam jinam,<\/p>\n<p>Doopravdy se mi z n\u011bho chce zvracet.<\/p>\n<p>Skute\u010dn\u011b m\u011b d\u011bs\u00ed p\u0159edstava, \u017ee moje d\u00edt\u011b chod\u00ed na \u0161kolu, zde nav\u00edc \u0161kolu tzv, v\u00fdb\u011brovou, whatever it means, a tam \u0159editeluje n\u011bkdo takov\u00fd, jako je pan Vlach. Kdy\u017e ponech\u00e1me stranou to, by se dalo ozna\u010dit jako ni\u017e\u0161\u00ed princip, tedy napr\u00e1sk\u00e1n\u00ed vlastn\u00edch \u017e\u00e1k\u016f st\u00e1tn\u00edm org\u00e1n\u016fm, \u201eaby jim do\u0161lo, \u017ee ne v\u0161echno je legrace\u201c, je zde zjevn\u00e9 a do o\u010d\u00ed bij\u00edc\u00ed pr\u00e1vn\u00ed ignorantstv\u00ed. Jak to asi d\u011blaj\u00ed, kdy\u017e maj\u00ed ob\u010danskou nauku nebo n\u011bjak\u00fd ten modern\u00ed analog a prob\u00edraj\u00ed tam syst\u00e9m justice. Jak jim v tom m\u016f\u017ee pomoci tento udava\u010dsk\u00fd zoufalec?<\/p>\n<p>Jednu z prvn\u00edch v\u011bc\u00ed, kterou je dobr\u00e9 si osvojit a kter\u00e1 definuje cel\u00fd syst\u00e9m trestn\u00edho pr\u00e1va v prvn\u00edm st\u00e1t\u011b, je to, \u017ee trestn\u00ed pr\u00e1vo je prost\u0159edkem ultima ratio. To znamen\u00e1, \u017ee trestn\u00ed pr\u00e1vo p\u0159ich\u00e1z\u00ed na \u0159adu teprve tehdy, kdy\u017e jin\u00e9 prost\u0159edky n\u00e1pravy nejsou k dispozici. Pr\u00e1v\u011b pop\u0159en\u00ed tohoto principu je p\u0159\u00edznakem diktatur, jinak \u0159e\u010deno, je typick\u00e9 pro zem\u011b, kde se strk\u00e1 do basy za ka\u017edou pitomost.<\/p>\n<p>Z uveden\u00e9ho d\u016fvodu je pro mn\u011b neuchopiteln\u00fdm, jak m\u016f\u017ee \u0159editel \u0161koly napr\u00e1skat \u017e\u00e1ky, \u017ee se dostavili na oslavu v politicky nevhodn\u00e9m p\u0159evleku. I kdy\u017e ponech\u00e1me stranou v\u011bc samotnou a historick\u00e9 konotace masky, kterou snad n\u011bkdo m\u016f\u017ee shled\u00e1vat nevhodnou (j\u00e1 ne, ku-klux-klan a jeho typick\u00fd outfit jsou historick\u00fd fakt stejn\u011b jako husit\u00e9 nebo matka Tereza), pak rozhodn\u011b stoj\u00ed za zm\u00ednku, \u017ee pan \u0159editel p\u0159ece m\u00e1 moment\u00e1ln\u011b k dispozici v\u0161echny prost\u0159edky, aby v\u011bc napravil. Mohl tedy pou\u017e\u00edt svoji autoritu (tehdy mo\u017en\u00e1 je\u0161t\u011b n\u011bjakou m\u011bl) nebo alespo\u0148 moc plynouc\u00ed z jeho postaven\u00ed a \u017e\u00e1ky s jejich maskami z oslavy vyk\u00e1zat, eventu\u00e1ln\u011b ud\u011blat cokoli jin\u00e9ho. Nicm\u00e9n\u011b, pan \u0159editel Vlach se t\u00e9to autority vzdal a vydal se \u017e\u00e1ky udat.<\/p>\n<p>Bohu\u017eel v\u0161ak jsme pr\u016fb\u011b\u017en\u011b p\u0159evychov\u00e1ni, abychom odvykli principu, \u017ee trestn\u00ed postih je ultima ratio. Jedn\u00e1 se o soustavnou kampa\u0148, kter\u00e1 trv\u00e1 u\u017e mnoho let a prob\u00edh\u00e1 pomalu. Jinak to nejde, zde jde hlavn\u011b o to, aby si obyvatelstvo postupn\u011b zvykalo na situaci, \u017ee pr\u00e1vo nedefinuj\u00ed z\u00e1kony, ale bezpe\u010dnostn\u00ed slo\u017eky. Sou\u010d\u00e1st\u00ed t\u00e9to kampan\u011b je soustavn\u00e9 vys\u00edl\u00e1n\u00ed tzv. modr\u00e9ho porna, tedy r\u016fzn\u00fdch po\u0159ad\u016f adoruj\u00edc\u00ed policisty a st\u00e1tn\u00ed z\u00e1stupce, proto\u017ee chytaj\u00ed domn\u011bl\u00e9 dareb\u00e1ky a strkaj\u00ed je do basy. Jinou metodou je, \u017ee m\u00e9dia soustavn\u011b oce\u0148uj\u00ed a vyzdvihuj\u00ed, kdy\u017e n\u011bkdo d\u00e1 p\u0159ednost konformn\u00edmu jedn\u00e1n\u00ed p\u0159ed rozumn\u00fdm. Na\u0161e my\u0161len\u00ed se postupn\u011b p\u0159izp\u016fsobuje tomuto standardu, mnoz\u00ed z n\u00e1s u\u017e nejsou s to rozpoznat, kde m\u00e1 st\u00e1tn\u00ed represivn\u00ed syst\u00e9m sv\u00e9 meze, proto\u017ee se postupn\u011b a pl\u00ed\u017eiv\u011b integroval do na\u0161eho my\u0161len\u00ed a \u017eivota a stali jsme se jeho spolupracovn\u00edky, skute\u010dn\u00fdmi nebo potenci\u00e1ln\u00edmi. V\u00fdsledkem toho je, \u017ee \u0159editel \u0161koly nen\u00ed s to vy\u0159e\u0161it probl\u00e9m a odebere se udat sv\u00e9 \u017e\u00e1ky na policii, proto\u017ee podle n\u011bho jedin\u011b policie je schopna ur\u010dit, zda se stal trestn\u00fd \u010din.<\/p>\n<p>Tak se tak\u00e9 stane, \u017ee sice pohrd\u00e1me udava\u010di z dob protektor\u00e1tu, ale nem\u00e1me a\u017e takov\u00fd probl\u00e9m s naprosto stejn\u011b odporn\u00fdmi udava\u010di, kte\u0159\u00ed \u017eij\u00ed mezi n\u00e1mi te\u010f. \u010curda byl o\u0161kliv\u00fd, ale pan \u0159editel Vlach je hodn\u00fd chlapec. On cht\u011bl b\u00fdt jen compliant a zavolal do sv\u00e9 \u0161koly f\u00edzly, aby vy\u0161et\u0159ovali jeho \u017e\u00e1ky a na konci \u0159ekli, zda se stal trestn\u00fd \u010din.<\/p>\n<p>Kdy\u017e si tohle uv\u011bdom\u00edte, pak p\u016fvodn\u011b neuchopiteln\u00fd \u010din jako udat vlastn\u00ed \u017e\u00e1ky policii najednou za\u010dne d\u00e1vat smysl.<\/p>\n<p>Mysl\u00edm, \u017ee pro dal\u0161\u00ed kari\u00e9ru udava\u010dsk\u00e9ho \u0159editele by bylo nejlep\u0161\u00ed, kdyby se nechal p\u0159ejmenovat o odt\u00e1hl na druh\u00fd konec republiky. Nebo je\u0161t\u011b n\u011bkam d\u00e1l. Podle m\u00e9ho n\u00e1zoru se dobrovoln\u011b se m\u016f\u017ee odte\u010f na gymn\u00e1zium v Rokycanech p\u0159ihl\u00e1sit pouze \u0161\u00edlenec, p\u0159\u00edpadn\u011b student z n\u011bjak\u00e9 zcela zka\u017een\u00e9 rodiny, kde poklonkuj\u00ed f\u00edzl\u016fm a pr\u00e1skaj\u00ed se navz\u00e1jem. Rozumn\u00fd rodi\u010d nebude riskovat, \u017ee pan \u0159editel Vlach nebo n\u011bjak\u00fd jin\u00fd podobn\u011b zvyjeben\u00fd udava\u010dsk\u00fd pedagog napr\u00e1sk\u00e1 jeho d\u00edt\u011b, proto\u017ee t\u0159eba kou\u0159ilo na hajzlu, \u0159eklo n\u011bco nespr\u00e1vn\u00e9ho nebo se dopustilo n\u011bjak\u00e9ho jin\u00e9ho obdobn\u00e9ho deliktu, a to bu\u010f pro delikt samotn\u00fd, nebo si prost\u011b jen nebude pedagogick\u00fd udava\u010d jist\u00fd, zda to, co mo\u017en\u00e1 vid\u011bl, je n\u011bjak\u00fdm zp\u016fsobem trestn\u00e9, a tak to rad\u011bji ozn\u00e1mil, proto\u017ee \u0161kola p\u0159ece nem\u016f\u017ee posuzovat, zda n\u011bkter\u00e9 \u010diny napl\u0148uj\u00ed skutkovou podstatu trestn\u00fdch \u010din\u016f a to m\u016f\u017ee jen policie.<\/p>\n<p><span style=\"font-size: 10pt;\"><a href=\"https:\/\/dfens-cz.com\/nizsi-princip-z-rokycan\/\">D-FENS<\/a><\/span><\/p>\n<p>&nbsp;<\/p>\n","protected":false},"excerpt":{"rendered":"<p>Po p\u0159e\u010dten\u00ed t\u00e9to story \u010dten\u00e1\u0159i teprve dojde, v jak hlubok\u00e9 krizi se nach\u00e1z\u00ed \u0161kolstv\u00ed. Studenti&#8230;<\/p>\n","protected":false},"author":2,"featured_media":102730,"comment_status":"closed","ping_status":"closed","sticky":false,"template":"","format":"standard","meta":[],"categories":[6],"tags":[1503,10774,121,3509],"_links":{"self":[{"href":"https:\/\/www.infokuryr.cz\/n\/wp-json\/wp\/v2\/posts\/102729"}],"collection":[{"href":"https:\/\/www.infokuryr.cz\/n\/wp-json\/wp\/v2\/posts"}],"about":[{"href":"https:\/\/www.infokuryr.cz\/n\/wp-json\/wp\/v2\/types\/post"}],"author":[{"embeddable":true,"href":"https:\/\/www.infokuryr.cz\/n\/wp-json\/wp\/v2\/users\/2"}],"replies":[{"embeddable":true,"href":"https:\/\/www.infokuryr.cz\/n\/wp-json\/wp\/v2\/comments?post=102729"}],"version-history":[{"count":0,"href":"https:\/\/www.infokuryr.cz\/n\/wp-json\/wp\/v2\/posts\/102729\/revisions"}],"wp:featuredmedia":[{"embeddable":true,"href":"https:\/\/www.infokuryr.cz\/n\/wp-json\/wp\/v2\/media\/102730"}],"wp:attachment":[{"href":"https:\/\/www.infokuryr.cz\/n\/wp-json\/wp\/v2\/media?parent=102729"}],"wp:term":[{"taxonomy":"category","embeddable":true,"href":"https:\/\/www.infokuryr.cz\/n\/wp-json\/wp\/v2\/categories?post=102729"},{"taxonomy":"post_tag","embeddable":true,"href":"https:\/\/www.infokuryr.cz\/n\/wp-json\/wp\/v2\/tags?post=102729"}],"curies":[{"name":"wp","href":"https:\/\/api.w.org\/{rel}","templated":true}]}}