{"id":102728,"date":"2026-03-24T00:22:04","date_gmt":"2026-03-23T23:22:04","guid":{"rendered":"https:\/\/www.infokuryr.cz\/n\/?p=102728"},"modified":"2026-03-23T12:59:11","modified_gmt":"2026-03-23T11:59:11","slug":"miroslav-kelnar-prezident-edvard-benes-a-jeho-moralni-odkaz-pro-dnesek","status":"publish","type":"post","link":"https:\/\/www.infokuryr.cz\/n\/2026\/03\/24\/miroslav-kelnar-prezident-edvard-benes-a-jeho-moralni-odkaz-pro-dnesek\/","title":{"rendered":"Miroslav Kelnar: Prezident Edvard Bene\u0161 a jeho mor\u00e1ln\u00ed odkaz pro dne\u0161ek"},"content":{"rendered":"<div id=\"fb-root\"><\/div>\n<p align=\"justify\"><strong>P\u0159i vzpom\u00ednce na neblah\u00e9 v\u00fdro\u010d\u00ed obsazen\u00ed \u010desk\u00fdch zem\u00ed p\u0159ed 87 lety n\u011bmeck\u00fdmi fa\u0161isty nelze nevzpomenout na b\u00fdval\u00e9ho prezidenta \u010ceskoslovenska Dr. Edvarda Bene\u0161e jako na \u010dlov\u011bka, kter\u00fd poskl\u00e1dal celou tu bezpe\u010dnostn\u00ed architekturu tehdej\u0161\u00edho \u010ceskoslovenska p\u0159ed t\u00edm, ne\u017e do\u0161lo k podpisu Mnichovsk\u00e9 smlouvy.<\/strong><\/p>\n<p align=\"justify\">Tato Mnichovsk\u00e1 smlouva pak m\u011bla sv\u00e9 d\u016fsledky pr\u00e1v\u011b v okupac\u00ed cel\u00e9ho \u010desk\u00e9ho \u00fazem\u00ed dne 15. 3. 1939, i kdy\u017e v dob\u011b kompletn\u00edho n\u011bmeck\u00e9ho z\u00e1boru byl ji\u017e Edvard Bene\u0161 v exilu ve Velk\u00e9 Brit\u00e1nii. N\u00e1zory na p\u016fsoben\u00ed Edvarda Bene\u0161e mohou b\u00fdt r\u016fzn\u00e9, n\u011bkdo m\u016f\u017ee zast\u00e1vat n\u00e1zor, \u017ee bylo jeho selh\u00e1n\u00edm, \u017ee se ta jeho konstrukce obran\u00e9 politiky \u010ceskoslovenska zhroutila pod t\u00edhou hrozeb z N\u011bmecka a pod zradou z\u00e1padn\u00edch spojenc\u016f, av\u0161ak m\u016fj n\u00e1zor jako \u201e\u010dlov\u011bka z lidu\u201c, kter\u00fd o tomto p\u0159edmnichovsk\u00e9m obdob\u00ed p\u0159e\u010detl \u0159adu knih, je zcela opa\u010dn\u00fd.<\/p>\n<p align=\"justify\">Chci t\u00edmto \u010dl\u00e1nkem slo\u017eit Edvardu Bene\u0161ovi sv\u016fj hold za to, \u017ee tento velk\u00fd politik provedl n\u00e1\u0161 n\u00e1rod t\u00edmto historicky nejt\u011b\u017e\u0161\u00edm obdob\u00edm Evropy se ct\u00ed, kdy se nemus\u00edme za nic, co se tu ud\u00e1lo p\u0159ed a v dob\u011b okupace, p\u0159ed sv\u011btem styd\u011bt. Naopak, ten stud by m\u011bl b\u00fdt na stran\u011b t\u011bch, co n\u00e1s tehdy v tomto pohnut\u00e9m obdob\u00ed zradili.<\/p>\n<p align=\"justify\">Kolik bylo takov\u00fdch zem\u00ed v Evrop\u011b, kter\u00e9 se nepo\u0161pinily ostudnou kolaborac\u00ed s n\u011bmeck\u00fdm fa\u0161ismem a neposlaly \u017e\u00e1dn\u00e9 arm\u00e1dy bojovat na v\u00fdchodn\u00ed frontu za v\u00edt\u011bzstv\u00ed n\u011bmeck\u00fdch zbran\u00ed? Mysl\u00edm, \u017ee by na jejich po\u010det sta\u010dily prsty jedn\u00e9 ruky.<\/p>\n<p align=\"justify\">\u010ceskoslovensk\u00e9 m\u00edrov\u00e9 f\u00f3rum zorganizovalo na den 15. 3. 2026 k p\u0159ipomenut\u00ed 87. v\u00fdro\u010d\u00ed vstupu n\u011bmeck\u00fdch vojsk do zbytku tehdej\u0161\u00edho okle\u0161t\u011bn\u00e9ho \u010ceskoslovenska vzpom\u00ednkovou akci u sochy Dr. Bene\u0161e na Loret\u00e1nsk\u00e9m n\u00e1m\u011bst\u00ed v Praze, kde byly jednak p\u0159ipomenuty \u00fasty \u0159e\u010dn\u00edk\u016f v\u00fdznamn\u00e9 po\u010diny tohoto velik\u00e1na \u010desk\u00fdch d\u011bjin a d\u00e1le n\u011bkte\u0159\u00ed \u0159e\u010dn\u00edci vzali na p\u0159et\u0159es takt\u00e9\u017e sou\u010dasn\u00e9 politick\u00e9 probl\u00e9my na\u0161\u00ed zem\u011b a kritizovali zejm\u00e9na z\u00e1m\u011br uspo\u0159\u00e1dat setk\u00e1n\u00ed Sude\u0165\u00e1k\u016f v Brn\u011b.<\/p>\n<p align=\"justify\">J\u00e1 jsem se ve sv\u00e9m p\u0159\u00edsp\u011bvku u sochy Edvarda Bene\u0161e zab\u00fdval pr\u016fb\u011bhem ud\u00e1lost\u00ed p\u0159ed podpisem Mnichovsk\u00e9 smlouvy, kdy jsem zd\u016fraznil, \u017ee si asi t\u011b\u017eko dovedeme p\u0159edstavit, jak\u00e9 du\u0161evn\u00ed trauma musel Edvard Bene\u0161 pro\u017e\u00edt, proto\u017ee on miloval Francii a v\u011b\u0159il t\u00e9to zemi z\u00a0pln\u00e9 du\u0161e a musel vyp\u00edt kalich ho\u0159kosti od t\u00e9to zem\u011b a\u017e do dna. Jako tehdej\u0161\u00ed prezident a architekt t\u00e9to politiky evropsk\u00e9ho spojenectv\u00ed proti N\u011bmecku byl u v\u0161ech jedn\u00e1n\u00ed s tzv. spojenci a byl pak p\u0159\u00edm\u00fdm sv\u011bdkem jejich zrady.<\/p>\n<p align=\"justify\">Ne\u0161lo tu jen o tu vlastn\u00ed zradu Francie v\u016f\u010di \u010ceskoslovensku, ale Edvard Bene\u0161 se takt\u00e9\u017e stal p\u0159edm\u011btem r\u016fzn\u00fdch dehonesta\u010dn\u00edch kampan\u00ed ve francouzsk\u00e9m tisku, kdy bylo \u010ceskoslovensku p\u0159isuzov\u00e1no, \u017ee pr\u00fd jsme dikt\u00e1torsk\u00fdm st\u00e1tem, a \u017ee jsme pr\u00fd rozbili Rakousko \u2013 Uhersko a byli jsme proti restauraci Habsbursk\u00e9 monarchie atd. K\u00a0tomu d\u00e1le p\u0159isp\u00edval francouzsk\u00fd tisk i obvin\u011bn\u00edm, \u017ee pr\u00fd jsme jako st\u00e1t n\u00e1stupnictv\u00edm pro komunistick\u00fd Sov\u011btsk\u00fd svaz.<\/p>\n<p align=\"justify\">Jedn\u00edm z nejpodlej\u0161\u00edch akt\u016f v\u016f\u010di Edvardu Bene\u0161ovi, poch\u00e1zej\u00edc\u00edm dokonce z francouzsk\u00fdch vl\u00e1dn\u00edch kruh\u016f, bylo jeho oso\u010den\u00ed, \u017ee pr\u00fd Bene\u0161 m\u011bl po\u017e\u00e1dat Francii, aby uvalila na \u010ceskoslovensko tvrd\u00e9 ultim\u00e1tum v z\u00e1jmu p\u0159ijet\u00ed sude\u0165\u00e1ck\u00fdch podm\u00ednek, a to z toho d\u016fvodu, \u017ee pr\u00fd Bene\u0161 chce N\u011bmc\u016fm ustoupit v jejich po\u017eadavc\u00edch, ale, aby to mohl pr\u00fd zd\u016fvodnit \u010desk\u00e9mu n\u00e1rodu, tak k tomu pot\u0159ebuje od Francie siln\u00e9 proti\u010desk\u00e9 ultim\u00e1tum.<\/p>\n<p align=\"justify\">Jedno z dal\u0161\u00edch obvin\u011bn\u00ed ve francouzsk\u00e9m tisku bylo, \u017ee pr\u00fd jako \u010ce\u0161i chceme uvrhnout Evropu do v\u00e1lky jen proto, \u017ee m\u00e1me v \u00famyslu nad\u00e1le porou\u010det \u010desk\u00fdm N\u011bmc\u016fm a vl\u00e1dnout jim, a \u017ee pro tuto na\u0161i avant\u00fdru chceme poslat Francii krv\u00e1cet na boji\u0161t\u011b.<\/p>\n<p align=\"justify\">A\u017e tak daleko um\u011bl francouzsk\u00fd tisk a francouzsk\u00e9 vl\u00e1dn\u00ed kruhy zaj\u00edt ve snaze, se zbavit z\u00e1vazku, j\u00edt \u010ceskoslovensku na pomoc v\u00a0p\u0159\u00edpad\u011b, \u017ee bude napadeno N\u011bmeckem.<\/p>\n<p align=\"justify\">V\u00edme, \u017ee ve Velk\u00e9 Brit\u00e1nii situace nebyla jin\u00e1, kde Chamberlain obvi\u0148oval \u010ceskoslovensko, \u017ee nechce N\u011bmc\u016fm ud\u011blat \u017e\u00e1dn\u00e9 \u00fastupky, a \u017ee zdr\u017eujeme jedn\u00e1n\u00ed o m\u00edru atd. Zn\u00e1m\u00e9 je to Chamberlainovo prohl\u00e1\u0161en\u00ed v\u00a0rozhlasov\u00e9m vys\u00edl\u00e1n\u00ed britsk\u00e9 BBC ze dne 27. z\u00e1\u0159i 1938, kde tento britsk\u00fd ministersk\u00fd p\u0159edseda prohl\u00e1sil:<\/p>\n<p align=\"justify\">\u201e<i>Bylo by hrozn\u00e9, kdybychom m\u011bli kopat z\u00e1kopy a zkou\u0161et si plynov\u00e9 masky, proto\u017ee se v n\u011bjak\u00e9 vzd\u00e1len\u00e9 zemi h\u00e1daj\u00ed mezi sebou lid\u00e9, o kter\u00fdch nic nev\u00edme. Kdybychom m\u011bli bojovat, museli bychom m\u00edt v\u011bt\u0161\u00ed d\u016fvod.\u201c<\/i><\/p>\n<p align=\"justify\">A pro\u010d v\u0161echna tato nehor\u00e1zn\u00e1 obvi\u0148ov\u00e1n\u00ed?\u00a0<strong>Proto\u017ee francouzsk\u00e1 i britsk\u00e1 vl\u00e1da pot\u0159ebovaly dostat na svoji stranu obyvatelstvo ve sv\u00fdch zem\u00edch a vytvo\u0159it si alibi p\u0159ed t\u00edm, ne\u017e sp\u00e1chaj\u00ed zradu na sv\u00e9m nejoddan\u011bj\u0161\u00edm st\u0159edoevropsk\u00e9m spojenci.<\/strong>\u00a0A to se jim nakonec poda\u0159ilo, t\u011bch, co protestovali proti t\u00e9to zrad\u011b bylo v t\u011bchto zem\u00edch poskromnu. Nejzn\u00e1m\u011bj\u0161\u00edm kritikem politiky appeasmentu byl pozd\u011bj\u0161\u00ed britsk\u00fd premi\u00e9r Churchill.<\/p>\n<p align=\"justify\">T\u011bch obvin\u011bn\u00ed ze strany francouzsk\u00e9ho tisku bylo proti n\u00e1m v\u00edce, aby n\u00e1s mohli vinit za vznik eventu\u00e1ln\u00edho evropsk\u00e9ho konfliktu. Je na m\u00edst\u011b zde p\u0159ipomenout, \u017ee tato smlouva o vojensk\u00e9 pomoci mezi Franci\u00ed a \u010ceskoslovenskem podepsan\u00e1 v\u00a0roce 1925 byla oboustrann\u00e1, a kdyby b\u00fdval za\u00fato\u010dil prvn\u011b Hitler na Francii, tak by \u010deskoslovensk\u00e9 vojsko bylo povinno j\u00edt na pomoc Pa\u0159\u00ed\u017ei. A v\u011b\u0159\u00edm, \u017ee by sv\u016fj z\u00e1vazek Edvard Bene\u0161 a \u010desk\u00fd st\u00e1t bez diskuse splnil. Asi by se sem hodil ten Havl\u00ed\u010dk\u016fv epigram\u00a0<em>\u201cnecho\u010f Va\u0161ku s velmocemi na led\u2026\u201c<\/em>. Na\u0161t\u011bst\u00ed \u017e\u00e1dn\u00e1 z t\u011bchto zem\u00ed dnes ji\u017e velmoc\u00ed nen\u00ed.<\/p>\n<p align=\"justify\">Kr\u00e1tce \u0159e\u010deno, Bene\u0161 musel n\u00e9st na sv\u00fdch bedrech t\u00edhu ve\u0161ker\u00fdch t\u011bch n\u00e1ro\u010dn\u00fdch p\u0159edv\u00e1le\u010dn\u00fdch jedn\u00e1n\u00ed se v\u0161emi zainteresovan\u00fdmi st\u00e1ty, a na druh\u00e9 stran\u011b musel odr\u00e1\u017eet ta r\u016fzn\u00e1 \u0161tvav\u00e1 na\u0159\u010den\u00ed v\u016f\u010di sv\u00e9 osob\u011b i v\u016f\u010di \u010desk\u00e9mu st\u00e1tu, a to nejen ze strany N\u011bmecka, ale i od t\u011bch tzv. z\u00e1padn\u00edch spojenc\u016f. Je zn\u00e1mo, \u017ee Bene\u0161 byl opravdu Hitlerem nen\u00e1vid\u011bn, proto\u017ee se nenechal j\u00edm zastra\u0161it a neuhnul dobrovoln\u011b Hitlerovi ani o krok.<\/p>\n<p align=\"justify\">Ne\u0161\u0165astn\u00e9 bylo, \u017ee se v\u00a0dubnu 1938 se ve\u00a0Francii vym\u011bnila vl\u00e1da, a \u017ee nam\u00edsto ministersk\u00e9ho p\u0159edsedy Bluma, kter\u00fd zast\u00e1val pro-\u010deskoslovensk\u00fd postoj, nastoupil Daladier, jeho\u017e hlavn\u00edm r\u00e1dcem v\u00a0zahrani\u010dn\u00edch ot\u00e1zk\u00e1ch byl zr\u00e1dn\u00fd ministr zahrani\u010d\u00ed Georges Bonnet, kter\u00fd ohledn\u011b eventu\u00e1ln\u00ed pomoci \u010ceskoslovensku nem\u011bl \u017e\u00e1dn\u00e9 dobr\u00e9 \u00famysly hned od za\u010d\u00e1tku.<\/p>\n<p align=\"justify\">Zde je nutno ale p\u0159iznat, \u017ee\u00a0<strong>hlavn\u00ed pod\u00edl na tom, \u017ee \u010ceskoslovensko bylo nakonec hozeno do tlamy n\u011bmeck\u00e9 bestie, nesehr\u00e1la Francie, ale byla to Velk\u00e1 Brit\u00e1nie<\/strong>. Ta neust\u00e1le tla\u010dila na to, aby \u010desk\u00e1 vl\u00e1da ustupovala p\u0159ed po\u017eadavky Sude\u0165\u00e1k\u016f a N\u011bmecka, a dokonce si sv\u00e9ho spojence Francii smluvn\u011b zav\u00e1zala k\u00a0tomu, aby Francie neud\u011blala \u017e\u00e1dn\u00fd krok ve prosp\u011bch \u010ceskoslovenska bez projedn\u00e1n\u00ed s\u00a0Velkou Brit\u00e1nii.<b>\u00a0<\/b>A p\u0159esto\u017ee Velk\u00e1 Brit\u00e1nie byla k ochran\u011b z\u00e1jm\u016f \u010desk\u00e9ho st\u00e1tu od za\u010d\u00e1tku velice vla\u017en\u00e1, i tak se Velk\u00e1 Brit\u00e1nie sama nab\u00eddla jako prost\u0159edn\u00edk k vy\u0159e\u0161en\u00ed t\u00e9to krize v \u010desko-n\u011bmeck\u00fdch vztaz\u00edch. A p\u0159i t\u00e9to svoj\u00ed \u201edobrovoln\u00e9\u201c misi Velk\u00e1 Brit\u00e1nie dovedla cel\u00fd spor mezi \u010ceskoslovenskem a N\u011bmeckem a\u017e k fat\u00e1ln\u00edmu konci, to je, k Mnichovsk\u00e9 smlouv\u011b. Tato Mnichovsk\u00e1 smlouva byla podeps\u00e1na dne 29. 9. 1938 mezi 4 p\u0159edsedy vl\u00e1d: N\u011bmecka, Velk\u00e9 Brit\u00e1nie, Francie a It\u00e1lie, kdy jedn\u00e1n\u00ed o t\u00e9to dohod\u011b b\u00fdv\u00e1 charakterizov\u00e1no jako: \u201eo n\u00e1s bez n\u00e1s\u201c.<\/p>\n<p align=\"justify\">Byl to Chamberlain, kter\u00fd nakonec na jedn\u00e1n\u00ed s Hitlerem v Berchtesgadenu dne 15. 9. 1938 odsouhlasil Hitlerovi jeho po\u017eadavek na odtr\u017een\u00ed \u010desk\u00e9ho \u00fazem\u00ed s pom\u011brem n\u011bmeck\u00e9ho obyvatelstva v\u011bt\u0161\u00edm ne\u017e 50 % a p\u0159ipojen\u00ed t\u011bchto \u00fazem\u00ed k N\u011bmecku. Dokonce se ob\u010das tvrd\u00ed, \u017ee Hitlerovi toto \u0159e\u0161en\u00ed s\u00e1m Chamberlain navrhnul. A tento po\u017eadavek na odtr\u017een\u00ed Sudet od \u010ceskoslovenska nem\u011bli Sude\u0165\u00e1ci ani zahrnut ve sv\u00e9m drz\u00e9m Karlovarsk\u00e9m programu, kter\u00fd obsahoval 8 jejich po\u017eadavk\u016f v\u016f\u010di \u010deskoslovensk\u00e9 vl\u00e1d\u011b. Tak\u017ee toto odtr\u017een\u00ed jedn\u00e9 t\u0159etiny \u010desk\u00e9ho \u00fazem\u00ed od \u010ceskoslovenska nakonec Chamberlain v Berchtesgadenu p\u0159iklepl Hitlerovi, a to i p\u0159esto, \u017ee o n\u011bj ani Sude\u0165\u00e1ci p\u016fvodn\u011b ne\u017e\u00e1dali.<\/p>\n<p align=\"justify\">Po t\u00e9to dohod\u011b v Berchtesgadenu \u0161lo ji\u017e jen o jedin\u00e9, a to, aby Velk\u00e1 Brit\u00e1nie a Francie spole\u010dn\u011b donutili svoji spojeneckou zemi \u2013 \u010ceskoslovensko, aby se podvolilo t\u00e9to dohod\u011b Chamberlain \u2013 Hitler a vzdalo se sv\u00e9ho \u00fazem\u00ed s vybudovan\u00fdmi pohrani\u010dn\u00edmi opevn\u011bn\u00edmi a vydalo se takto N\u011bmecku na milost. Na postaven\u00ed tohoto pohrani\u010dn\u00edho opevn\u011bn\u00ed dokonce Francie \u010ceskoslovensku p\u016fj\u010dila pen\u00edze.<\/p>\n<p align=\"justify\">Ten n\u00e1tlak se strany Francie na \u010ceskoslovensko, aby p\u0159ijmulo tuto dohodu Chamberlaina s\u00a0Hitlerem z\u00a0Berchtesgadenu, byl podlo\u017een francouzskou v\u00fdhru\u017ekou, kde cituji z\u00a0knihy \u201eMnichovsk\u00e9 dny\u201c autor Edvard Bene\u0161 str. 260:<\/p>\n<p align=\"justify\">\u201e<i>Jestli\u017ee vl\u00e1da \u010ceskoslovenska n\u00e1vrhy franko \u2013 anglick\u00e9 nebude moci okam\u017eit\u011b p\u0159ijmout a odm\u00edtne je, a jestli\u017ee z\u00a0takto vytvo\u0159en\u00e9 situace vznikne v\u00e1lka, bude za ni zodpov\u011bdno \u010ceskoslovensko a Francie se k\u00a0t\u00e9to v\u00e1lce nep\u0159ipoj\u00ed\u201c.<\/i><\/p>\n<p align=\"justify\">Edvard Bene\u0161 v prvn\u00edm kole tento dikt\u00e1t odm\u00edtnul, ale nakonec, a to zejm\u00e9na kv\u016fli n\u00e1tlaku Polska a Ma\u010farska, tento dikt\u00e1t p\u0159ijmul, a to dne 28. 9. 1938.<\/p>\n<p align=\"justify\">N\u00e1tlak Polska na na\u0161i vl\u00e1du se stup\u0148oval a dne 21. 9. 1938 Pol\u00e1ci vypov\u011bd\u011bli smlouvu s \u010ceskoslovenskem o st\u00e1tn\u00edch hranic\u00edch a za\u010dali shroma\u017e\u010fovat u \u010desk\u00fdch hranic svoje vojensk\u00e9 divize, aby mohli eventu\u00e1ln\u011b spole\u010dn\u011b s Hitlerem \u010ceskoslovensko napadnout. A tak\u00e9 hned po podpisu Mnichovsk\u00e9 dohody pak dne 3. 10. 1938 Polsko vojensky obsadilo a anektovalo v\u00fdchodn\u00ed \u010d\u00e1st \u010desk\u00e9 \u010d\u00e1sti T\u011b\u0161\u00ednska. Polsk\u00e1 anexe byla prov\u00e1zena tvrdou polonizac\u00ed a odsunem \u010desk\u00e9ho obyvatelstva, av\u0161ak tato polsk\u00e1 okupace T\u011b\u0161\u00ednska trvala jen do por\u00e1\u017eky Polska N\u011bmeckem, kdy toto \u00fazem\u00ed pak anektovalo N\u011bmecko.<\/p>\n<p align=\"justify\">\u010cesk\u00e1 vl\u00e1da nakonec p\u0159es toto p\u016fvodn\u00ed odm\u00edtnut\u00ed francouzsko-britsk\u00e9ho dikt\u00e1tu byla donucena tento dikt\u00e1t p\u0159ijmout, ale sou\u010d\u00e1st\u00ed p\u0159ijmut\u00ed tohoto franko-britsk\u00e9ho dikt\u00e1tu nebylo jen odstoupen\u00ed \u010desk\u00e9ho \u00fazem\u00ed N\u011bmecku, ale \u010ceskoslovensko se p\u0159ijet\u00edm tohoto ultim\u00e1ta tak\u00e9 vzdalo i sv\u00fdch vz\u00e1jemn\u00fdch z\u00e1vazk\u016f se Sov\u011btsk\u00fdm svazem.<\/p>\n<p align=\"justify\">Za tyto na\u0161e \u00fastupky pak\u00a0<strong>Francie a Velk\u00e1 Brit\u00e1nie p\u0159evzaly z\u00e1vazek garantovat obranu zbytku okle\u0161t\u011bn\u00e9ho \u010ceskoslovenska<\/strong>\u00a0p\u0159ed eventu\u00e1ln\u00ed dal\u0161\u00ed mo\u017enou agres\u00ed N\u011bmecka.<\/p>\n<p align=\"justify\"><strong>A jak dopadla tato garance ze strany Francie a Velk\u00e9 Brit\u00e1nie? To je pr\u00e1v\u011b to neslavn\u00e9 datum 15. 3. 1938 s p\u0159\u00edjezdem n\u011bmeck\u00fdch okupa\u010dn\u00edch vojsk do Prahy.<\/strong>\u00a0K tomuto op\u011btovn\u00e9mu vymknut\u00ed se ze sv\u00fdch z\u00e1vazk\u016f dan\u00fdch Franci\u00ed a Velkou Brit\u00e1nii br\u00e1nit zbytek \u010ceskoslovenska napomohla zrada Slovenska, kdy Francie a Velk\u00e1 Brit\u00e1nie vyu\u017eily argumentu, \u017ee daly svoje z\u00e1ruky \u010ceskoslovensku, a kdy\u017e \u010ceskoslovensko p\u0159estalo dne 14. 3. 1938 existovat, tak \u017ee p\u0159estaly existovat i jejich z\u00e1vazky v\u016f\u010di n\u00e1m. Tedy dvoj\u00ed zrada t\u011bchto v\u011brolomn\u00fdch spojenc\u016f.<\/p>\n<p align=\"justify\">Touto okupac\u00ed \u010desk\u00fdch zem\u00ed Hitlerem si tyto dv\u011b zem\u011b z\u0159ejm\u011b oddechly, \u017ee u\u017e maj\u00ed na\u0161i zemi \u201ekone\u010dn\u011b z krku\u201c, ale brzy se m\u011blo naplnit varov\u00e1n\u00ed Bene\u0161e, kter\u00fd t\u011bmto zem\u00edm opakovan\u00e9 zd\u016fraz\u0148oval, \u017ee se Hitler s \u010ceskoslovenskem nespokoj\u00ed a \u017ee se na j\u00eddeln\u00edm l\u00edstku N\u011bmecka ocitnou i oni sami. A ten \u00fatok N\u011bmecka na Francii, Belgii, Nizozem\u00ed a Lucembursko p\u0159i\u0161el dne 10. 5. 1940, kdy Hitler dok\u00e1zal rozvr\u00e1tit jejich spojeneck\u00e9 arm\u00e1dy tak snadno, a\u017e bych to, co p\u0159edvedly Francie a Velk\u00e1 Brit\u00e1nie na vojensk\u00e9m poli p\u0159i \u00fatoku N\u011bmecka, nazval p\u0159\u00edmo fiaskem.<\/p>\n<p align=\"justify\">Chci tu vyzvednout fakt, \u017ee\u00a0<strong>kdyby n\u00e1s ony zr\u00e1dcovsk\u00e9 zem\u011b Francie a Velk\u00e1 Brit\u00e1nie jen b\u00fdvaly informovaly, \u017ee nespln\u00ed svoje spojeneck\u00e9 z\u00e1vazky v\u016f\u010di \u010ceskoslovensku, tak by to bylo je\u0161t\u011b relativn\u011b \u010destn\u00e9, ale tyto zem\u011b n\u00e1s p\u0159inutily, abychom se vzdali sv\u00fdch pohrani\u010dn\u00edch pevnost\u00ed a k\u00a0tomu i zp\u0159etrhali svoje z\u00e1vazky se zem\u00ed, kter\u00e1 byla jako jedin\u00e1 ochotna \u010ceskoslovensku p\u0159ij\u00edt na pomoc, a to byl Sov\u011btsk\u00fd svaz.<\/strong><\/p>\n<p align=\"justify\">Toto obdob\u00ed kolem uzav\u0159en\u00ed Mnichovsk\u00e9 smlouvy a kolem mo\u017en\u00e9 pomoci Sov\u011btsk\u00e9ho svazu je tak\u00e9 obl\u00edben\u00fdm p\u0159edm\u011btem r\u016fzn\u00fdch manipulac\u00ed s\u00a0ideologick\u00fdm p\u0159izp\u016fsobov\u00e1n\u00edm fakt\u016f protirusk\u00e9 propagand\u011b. A proto se na tuto ot\u00e1zku mo\u017en\u00e9 pomoci Sov\u011btsk\u00e9ho svazu pod\u00edvejme podrobn\u011bji ze vzpom\u00ednek Edvarda Bene\u0161e.<\/p>\n<p align=\"justify\">Pomoc Sov\u011btsk\u00e9ho svazu \u010ceskoslovensku byla smluvn\u011b podm\u00edn\u011bna pomoc\u00ed Francie a Sov\u011btsk\u00fd svaz n\u011bkolikr\u00e1t potvrdil, \u017ee spln\u00ed sv\u00e9 z\u00e1vazky a pom\u016f\u017ee \u010ceskoslovensku, pokud Francie p\u016fjde na\u0161\u00ed zemi na pomoc. V dob\u011b, kdy n\u00e1m Francie a Velk\u00e1 Brit\u00e1nie dne 21. 9. 1938 p\u0159edlo\u017eily svoje ultim\u00e1tum na akceptov\u00e1n\u00ed podm\u00ednek N\u011bmecka po jedn\u00e1n\u00ed v Berchtesgadenu, tak si prezident Bene\u0161 otestoval u sov\u011btsk\u00e9ho velvyslance Alexandrovsk\u00e9ho v Praze, zdali by byl Sov\u011btsk\u00fd svaz ochoten vojenskou pomoc \u010ceskoslovensku poskytnout i v p\u0159\u00edpad\u011b, \u017ee by tento z\u00e1vazek Francie splnit odm\u00edtla. Ta posledn\u00ed nab\u00eddka od Sov\u011btsk\u00e9ho svazu byla ta, \u017ee po agresi N\u011bmecka proti \u010ceskoslovensku, pokud se \u010ceskoslovensko se svou st\u00ed\u017enost\u00ed proti agresi N\u011bmecka obr\u00e1t\u00ed na Spole\u010denstv\u00ed n\u00e1rod\u016f, \u017ee Sov\u011btsk\u00fd svaz je p\u0159ipraven vojensky pomoci \u010ceskoslovensku \u2013 viz str. 317 knihy \u201eMnichovsk\u00e9 dny\u201c, autor Edvard Bene\u0161.<\/p>\n<p align=\"justify\">Probl\u00e9m ale byl, \u017ee \u010ceskoslovensko nesousedilo se Sov\u011btsk\u00fdm svazem a \u017ee by se arm\u00e1dy Sov\u011btsk\u00e9ho svazu prakticky musely prob\u00edt na pomoc \u010ceskoslovenska, a to bu\u010f p\u0159es Rumunsko, a nebo p\u0159es Polsko. A ob\u011b zem\u011b odm\u00edtly nechat proj\u00edt sov\u011btsk\u00e1 vojska p\u0159es svoje \u00fazem\u00ed. Dokonce, jak si zji\u0161\u0165ovala Francie u polsk\u00fdch \u010dinitel\u016f, tak Polsko nebylo ochotno ani umo\u017enit pr\u016flet sov\u011btsk\u00fdch letadel jejich vzdu\u0161n\u00fdm prostorem na pomoc \u010ceskoslovensku. Jak se Polsku vr\u00e1tila tato zlov\u016fle v\u016f\u010di \u010ceskoslovensku, to asi v\u0161ichni v\u00edme.<\/p>\n<p align=\"justify\">Edvard Bene\u0161 tuto ideu, \u017ee by se spolehnul pouze na pomoc Sov\u011btsk\u00e9ho svazu, opustil, proto\u017ee si uv\u011bdomoval, \u017ee by se z toho stala v\u00e1lka 3 zem\u00ed, a to N\u011bmecka se spojenci Polskem a Ma\u010farskem proti n\u00e1m a Sov\u011btsk\u00e9mu svazu. Nedalo se v\u016fbec vylou\u010dit i to, \u017ee by se b\u00fdvali na stranu t\u011bchto t\u0159\u00ed zem\u00ed postavila i Francie a Velk\u00e1 Brit\u00e1nie.\u00a0<strong>T\u011bmto dv\u011bma zem\u00edm bylo nacistick\u00e9 N\u011bmecko bli\u017e\u0161\u00ed, ne\u017e socialistick\u00fd Sov\u011btsk\u00fd svaz.<\/strong>\u00a0Nakonec je zn\u00e1ma ta Churchillova operace \u201eNemysliteln\u00e9\u201c, kdy Churchill dojedn\u00e1val v kv\u011btnu 1945 \u00fatok tzv. z\u00e1padn\u00edch spojenc\u016f spolu s n\u011bmeck\u00fdmi fa\u0161istick\u00fdmi vojsky proti Sov\u011btsk\u00e9mu svazu.<\/p>\n<p align=\"justify\">To, jak se proti z\u00e1jm\u016fm \u010ceskoslovenska zachovalo Polsko, to by si zaslou\u017eilo zvl\u00e1\u0161tn\u00ed kapitolu. Ten polsk\u00fd postup v\u016f\u010di \u010ceskoslovensku dokonce kritizoval i Churchill a p\u0159irovnal Polsko k\u00a0hyen\u011b.<\/p>\n<p align=\"justify\">Dne 29. 9. 1938 se tedy osud \u010ceskoslovenska naplnil podpisem Mnichovsk\u00e9 smlouvy a t\u00edm se otev\u0159ely dve\u0159e ke 2. sv\u011btov\u00e9 v\u00e1lce, kdy pr\u00e1v\u011b dal\u0161\u00ed ob\u011bt\u00ed N\u011bmecka se stalo Polsko. P\u0159itom vztahy Polska s Hitlerem je mo\u017eno pova\u017eovat v 30. l\u00e9tech 20. stolet\u00ed za nadstandardn\u00ed. Nakonec to byla prvn\u00ed zem\u011b, kter\u00e1 si podepsala s Hitlerem dne 26. 1. 1934\u00a0\u201eDeklaraci o\u00a0nepou\u017eit\u00ed s\u00edly\u201c platnou na 10 let, kter\u00e1 ve\u0161la do d\u011bjin jako \u201epakt Pilsudsk\u00fd-Hitler\u201c.<\/p>\n<p align=\"justify\">Je tak\u00e9 zn\u00e1mo, \u017ee Hitler a dal\u0161\u00ed \u010deln\u00ed nacisti\u010dt\u00ed pohlav\u00e1\u0159i se z\u00fa\u010dastnili dne 18. 5. 1935 z\u00e1du\u0161n\u00ed m\u0161e v\u00a0 berl\u00ednsk\u00e9\u00a0<a href=\"https:\/\/cs.wikipedia.org\/wiki\/Katedr%C3%A1la_svat%C3%A9_Hedviky_Slezsk%C3%A9\" target=\"_blank\" rel=\"noopener\">katedr\u00e1le svat\u00e9 Hedviky<\/a>\u00a0na po\u010dest b\u00fdval\u00e9ho autokratick\u00e9ho p\u0159edsedy polsk\u00e9 vl\u00e1dy Pilsudsk\u00e9ho. Pr\u00e1v\u011b Pilsudsk\u00fd je autorem konceptu \u201eMezimo\u0159\u00ed\u201c, o kter\u00e9m dnes Pol\u00e1ci tak r\u00e1di hovo\u0159\u00ed.<\/p>\n<p align=\"justify\">Sov\u011btsk\u00fd svaz p\u0159i v\u011bdom\u00ed toho, jak hanebn\u011b nalo\u017eili tito dva tzv. z\u00e1padn\u00ed spojenci s\u00a0\u010ceskoslovenskem, ji\u017e p\u0159estal v\u011b\u0159it jak\u00fdmkoliv smlouv\u00e1m s t\u011bmito z\u00e1padn\u00edmi zem\u011bmi a vydal se svou vlastn\u00ed cestou k\u00a0zaji\u0161t\u011bn\u00ed sv\u00e9 obrany. Poda\u0159ilo se mu obr\u00e1tit Hitlera p\u0159i sv\u00e9 agresi na z\u00e1pad, a t\u00edm vlastn\u011b vytvo\u0159it podm\u00ednky pro zformov\u00e1n\u00ed budouc\u00ed koalice protihitlerovsk\u00fdch zem\u00ed. Sov\u011btsk\u00fd svaz si byl v\u011bdom po celou p\u0159edv\u00e1le\u010dnou dobu, \u017ee je tu velk\u00e9 nebezpe\u010d\u00ed, \u017ee se spoj\u00ed N\u011bmecko s\u00a0Franci\u00ed a Velkou Brit\u00e1ni\u00ed, a \u017ee pot\u00e1hnou spolu na Sov\u011btsk\u00fd svaz.<\/p>\n<p align=\"justify\">Tak, jak manipul\u00e1to\u0159i ze Z\u00e1padu s j\u00edm se podb\u00edzej\u00edc\u00edmi \u010desk\u00fdmi m\u00e9dii se neust\u00e1le sna\u017e\u00ed zd\u016fvodnit vznik 2. sv\u011btov\u00e9 v\u00e1lky podpisem Ribbentrop-Molotovova paktu, ke kter\u00e9mu do\u0161lo a\u017e po z\u00e1niku \u010ceskoslovenska, a to dne 28. 8. 1939, tak sou\u010dasn\u011b p\u0159ehl\u00ed\u017eej\u00ed to, \u017ee\u00a0<strong>Velk\u00e1 Brit\u00e1nie druh\u00fd den po darov\u00e1n\u00ed \u010ceskoslovensk\u00fdch pohrani\u010dn\u00edch \u00fazem\u00ed Hitlerovi si podepsala dne 30. 9. 1938 s N\u011bmeckem svoji vlastn\u00ed smlouvu o m\u00edru.<\/strong>\u00a0A to je ten dokument, kter\u00fdm Chamberlain m\u00e1val na t\u011bch sch\u016fdc\u00edch letadla, kdy\u017e se vr\u00e1til z Mnichova do Velk\u00e9 Brit\u00e1nie a sd\u011bloval Brit\u016fm: \u201eP\u0159ivezl jsem v\u00e1m m\u00edr\u201c. Francie si podobnou smlouvu o ne\u00fato\u010den\u00ed s N\u011bmeckem podepsala 6. 12. 1938.<\/p>\n<p align=\"justify\">Na m\u00edst\u011b je ot\u00e1zka, to opravdu Britov\u00e9 a Francouzi v\u011b\u0159ili, \u017ee Hitler bude tuto smlouvu z Mnichova dodr\u017eovat? To zn\u00ed opravdu naivn\u011b. Jak cht\u011bly Francie s Velkou Brit\u00e1nii \u010delit n\u00e1sledn\u00e9 n\u011bmeck\u00e9 agresi v\u016f\u010di zbytku \u010ceskoslovenska, kdy\u017e si s N\u011bmeckem nejd\u0159\u00edve podepsaly smlouvu o m\u00edru a o ne\u00fato\u010den\u00ed a pak tu smlouvu cht\u011bly snad poru\u0161it t\u00edm, \u017ee se postav\u00ed vojensky dal\u0161\u00ed agresi N\u011bmecka proti zbytku \u010ceskoslovenska? V\u017edy\u0165 ty jejich smlouvy o m\u00edru a ne\u00fato\u010den\u00ed s N\u011bmeckem trvaly a\u017e do doby jejich vyhl\u00e1\u0161en\u00ed v\u00e1lky N\u011bmecku po napaden\u00ed Polska, a tomu vyhl\u00e1\u0161en\u00ed v\u00e1lky do\u0161lo 3. 9. 1939.\u00a0<strong>N\u011bmeck\u00e1 vojska dne 15. 3. 1939 obsazovala Prahu a Velk\u00e1 Brit\u00e1nie a Francie se odd\u00e1vali sv\u00e9mu sn\u011bn\u00ed a d\u016fv\u011b\u0159e, \u017ee tentokr\u00e1t Hitler tu m\u00edrovou smlouvu a smlouvu o ne\u00fato\u010den\u00ed s nimi ur\u010dit\u011b dodr\u017e\u00ed.<\/strong><\/p>\n<p align=\"justify\">Nep\u0159ekvapiv\u011b se od roku 1989 objevuje \u0159ada manipulac\u00ed, kter\u00fdch jsme sv\u011bdky v z\u00e1padn\u00edch televizn\u00edch programech o 2. sv\u011btov\u00e9 v\u00e1lce, kdy tyto programy p\u0159eb\u00edraj\u00ed \u010desk\u00e9 televize. Kdy\u017e bych n\u011bkter\u00e9 ty manipulace vzpomenul, tak t\u0159eba tvrzen\u00ed v jednom britsk\u00e9m po\u0159adu, \u017ee Ribbentrop-Molotov\u016fv pakt byla smlouva o p\u0159\u00e1telstv\u00ed a spolupr\u00e1ci. To je v\u011bdom\u00e1 le\u017e. Ribbentrop-Molotov\u016fv pakt byla smlouva o ne\u00fato\u010den\u00ed a nikoliv o p\u0159\u00e1telstv\u00ed a spolupr\u00e1ci. Ta smlouva, kter\u00e1 obsahuje tato dv\u011b slova o p\u0159\u00e1telstv\u00ed a spolupr\u00e1ci, ta byla podepsan\u00e1 mezi Sov\u011btsk\u00fdm svazem a N\u011bmeck\u00e9m a\u017e dne 28. 9. 1939, tedy a\u017e po obsazen\u00ed\u00a0<a href=\"https:\/\/cs.wikipedia.org\/wiki\/Polsko\" target=\"Polsko\" rel=\"noopener\">Polska<\/a>.<\/p>\n<p align=\"justify\">Sov\u011btsk\u00e1 vojska vstoupila na \u00fazem\u00ed Polska dne 17. 9. 1939, kdy Sov\u011btsk\u00fd svaz \u010dekal 17 dn\u00ed, jestli p\u0159ijde Velk\u00e1 Brit\u00e1nie a Francie Polsku na pomoc. Pokud by p\u0159i\u0161ly, Sov\u011btsk\u00fd svaz by do Polska nikdy nevstoupil. Tyto zem\u011b na pomoc Polsku nep\u0159i\u0161ly, a to i p\u0159esto, \u017ee vojensk\u00e1 smlouva mezi Velkou Brit\u00e1nii a Polskem o vz\u00e1jemn\u00e9 pomoci v p\u0159\u00edpad\u011b v\u00e1lky s t\u0159et\u00ed mocnost\u00ed, byla podeps\u00e1na dne 25. 8. 1939, to je pouh\u00fdch 6 dn\u00ed p\u0159ed napaden\u00edm Polska. P\u0159esto neum\u011bla Velk\u00e1 Brit\u00e1nie shodit ani jednu bombu na N\u011bmecko, aby prok\u00e1zala, \u017ee pln\u00ed tuto vz\u00e1jemnou smlouvu. Podobnou dohodu m\u011blo Polsko uzav\u0159enu i s Franci\u00ed.<\/p>\n<p align=\"justify\">Sov\u011btsk\u00fd svaz vstoupil do Polska, a\u017e kdy\u017e situace byla pro Polsko bezv\u00fdchodn\u00e1. Var\u0161ava byla obkl\u00ed\u010dena 14. 9. 1939 a 17. 9. 1939 dobylo N\u011bmecko Brest. Ten sam\u00fd den tak\u00e9 utekl z Var\u0161avy do Rumunska polsk\u00fd prezident a vrchn\u00ed velitel vojska, proto\u017ee nev\u011b\u0159ili, \u017ee je mo\u017eno situaci zvr\u00e1tit.<\/p>\n<p align=\"justify\"><strong>Neust\u00e1l\u00fd k\u0159ik kolem Ribbentrop-Molotovova paktu m\u00e1 za c\u00edl jen odv\u00e9st pozornost od toho, \u017ee Velk\u00e1 Brit\u00e1nie a Francie se zachovali proti \u010ceskoslovensku a proti Polsku jako nejv\u011bt\u0161\u00ed podraz\u00e1ci.<\/strong><\/p>\n<p align=\"justify\">Co je zaml\u010dov\u00e1no, je tak\u00e9 fakt, \u017ee \u00fazem\u00ed, kter\u00e9 podle Ribbentrop-Molotovova paktu p\u0159ipadlo Sov\u011btsk\u00e9mu svazu, \u017ee to bylo \u00fazem\u00ed, o kter\u00e9 Sov\u011btsk\u00fd svaz p\u0159i\u0161el kv\u016fli 1. sv\u011btov\u00e9 v\u00e1lce a Brest-litevsk\u00e9mu m\u00edru uzav\u0159en\u00e9mu dne 3. 3. 1918, kdy se Sov\u011btsk\u00fd svaz vzdal tohoto sv\u00e9ho \u00fazem\u00ed ve prosp\u011bch N\u011bmecka. Jednalo se tedy o navr\u00e1cen\u00ed \u00fazem\u00ed N\u011bmeckem p\u016fvodn\u00edmu vlastn\u00edkovi. Do toho, komu bude toto \u00fazem\u00ed pat\u0159it po N\u011bmeckem prohran\u00e9 1. sv\u011btov\u00e9 v\u00e1lce, pak zas\u00e1hla Polsko-sov\u011btsk\u00e1 v\u00e1lka v roce 1920, kter\u00e1 byla ukon\u010dena Ri\u017esk\u00fdm m\u00edrem v roce 1921, kdy toto \u00fazem\u00ed p\u0159ipadlo Polsku. A je nutno tak\u00e9 vid\u011bt, \u017ee toto \u00fazem\u00ed bylo ob\u00fdv\u00e1no p\u0159ev\u00e1\u017en\u011b Ukrajinci a B\u011blorusy, kde Pol\u00e1ci byli v men\u0161in\u011b. Tak\u017ee Sov\u011btsk\u00fd svaz si vzal pod sv\u00e1 ochrann\u00e1 k\u0159\u00eddla slovansk\u00e9 obyvatelstvo, kter\u00e9 bylo p\u016fvodn\u011b sou\u010d\u00e1st\u00ed rusk\u00e9 \u0159\u00ed\u0161e.<\/p>\n<p align=\"justify\">Z cel\u00e9ho toho pr\u016fb\u011bhu ud\u00e1lost\u00ed kolem Mnichovsk\u00e9 smlouvy a za\u010d\u00e1tku v\u00e1lky v Polsku m\u00e1 \u010dlov\u011bk neodbytn\u00fd pocit, \u017ee \u010ceskoslovensko i Polsko m\u011bly b\u00fdt ob\u011btov\u00e1ny, aby otev\u0159ely cestu Hitlerovi na Sov\u011btsk\u00fd svaz.<\/p>\n<p align=\"justify\">P\u0159id\u00e1m tu je\u0161t\u011b n\u011bkter\u00e9 manipulace, kter\u00e9 jsem ned\u00e1vno sly\u0161el z\u00a0\u010desk\u00fdch televiz\u00ed p\u0159i vys\u00edl\u00e1n\u00ed britsk\u00fdch televizn\u00edch po\u0159ad\u016f o 2. sv\u011btov\u00e9 v\u00e1lce:<\/p>\n<ul>\n<li>V jednom britsk\u00e9m televizn\u00edm po\u0159adu o 2. sv\u011btov\u00e9 v\u00e1lce se tvrdilo, \u017ee pr\u00fd B\u011blorusov\u00e9 v\u00edtali n\u011bmeck\u00e1 fa\u0161istick\u00e1 vojska p\u0159i vstupu na jejich teritorium. To je samoz\u0159ejm\u011b le\u017e jako v\u011b\u017e, ona ta z\u00e1padn\u00ed propaganda jen zam\u011bnila B\u011blorusy za Ukrajince. Je to metoda \u010dist\u011b z\u00e1padn\u00ed, nem\u00e1me r\u00e1di B\u011blorusko, proto\u017ee stoj\u00ed za Putinem, tak B\u011blorus\u016fm zkr\u00e1tka za\u010dneme nasazovat ps\u00ed hlavu, \u017ee za 2. sv\u011btov\u00e9 v\u00e1lky kolaborovali s Hitlerem.<\/li>\n<li>Zaznamenal jsem i dal\u0161\u00ed podsunutou nepravdu v z\u00e1padn\u00edm televizn\u00edm po\u0159adu, kdy tam bylo tvrzeno, \u017ee na v\u00fdsledku bitvy v Arden\u00e1ch pr\u00fd z\u00e1visel v\u00fdsledek 2. sv\u011btov\u00e9 v\u00e1lky. Proboha, o v\u00fdsledku 2. sv\u011btov\u00e9 v\u00e1lky se rozhodovalo v bitv\u00e1ch pod Moskvou, u Stalingradu a u Kurska. Kdy\u017e se z\u00e1padn\u00ed spojenci vylodili v Normandii, tak ji\u017e byla v\u00e1lka rozhodnut\u00e1. U\u017e bylo jen ot\u00e1zkou, kam sov\u011btsk\u00e1 vojska dojdou, jestli pouze do Berl\u00edna a nebo a\u017e na atlantick\u00e9 pob\u0159e\u017e\u00ed.<\/li>\n<\/ul>\n<p align=\"justify\">Ty dal\u0161\u00ed fabulace tu ji\u017e zmi\u0148ovat nebudu.<\/p>\n<p align=\"justify\">Na z\u00e1v\u011br chci \u0159\u00edci, \u017ee koho zaj\u00edm\u00e1 obsah pojmu \u201ez\u00e1padn\u00ed hodnoty\u201c, tak jsem mu snad dostate\u010dn\u011b jasn\u011b osv\u011btlil v\u00a0tomto m\u00e9m \u010dl\u00e1nku, co se skr\u00fdv\u00e1 pod t\u00edmto u n\u00e1s zhusta pou\u017e\u00edvan\u00fdm fenom\u00e9nem \u201ez\u00e1padn\u00ed hodnoty\u201c. Pr<strong>o m\u011b znamenaj\u00ed z\u00e1padn\u00ed hodnoty synonymum l\u017ei a zrady.<\/strong>\u00a0A moje z\u00e1v\u011bre\u010dn\u00e1 ot\u00e1zka zn\u00ed, v\u011bd\u00ed v\u016fbec Ukrajinci, mezi koho se to tak vehementn\u011b cpou?<\/p>\n<p align=\"justify\">Bene\u0161 se neza\u0161ti\u0165oval nikdy \u017e\u00e1dn\u00fdm heslem \u201e\u010ceskoslovensko na prvn\u00edm m\u00edst\u011b\u201c, ale on takto ve prosp\u011bch \u010ceskoslovenska skute\u010dn\u011b konal. A na ot\u00e1zku, v\u00a0\u010d\u00ed prosp\u011bch kon\u00e1 ten posledn\u00ed n\u00e1jemce na Hrad\u011b, si ji\u017e odpov\u011bzte sami.<\/p>\n<p align=\"justify\"><em><a href=\"https:\/\/narodnidemokracie.cz\/ing-miroslav-kelnar-prezident-edvard-benes-a-jeho-moralni-odkaz-pro-dnesek\/\">Ing. Miroslav Kelnar<\/a>, \u010dlen N\u00e1rodn\u00ed demokracie<\/em><\/p>\n<p align=\"justify\"><img decoding=\"async\" loading=\"lazy\" class=\"alignnone  wp-image-87632\" src=\"http:\/\/www.infokuryr.cz\/n\/wp-content\/uploads\/2025\/09\/kelnar.jpg\" alt=\"\" width=\"159\" height=\"206\" \/><\/p>\n","protected":false},"excerpt":{"rendered":"<p>P\u0159i vzpom\u00ednce na neblah\u00e9 v\u00fdro\u010d\u00ed obsazen\u00ed \u010desk\u00fdch zem\u00ed p\u0159ed 87 lety n\u011bmeck\u00fdmi fa\u0161isty nelze nevzpomenout&#8230;<\/p>\n","protected":false},"author":2,"featured_media":14506,"comment_status":"closed","ping_status":"closed","sticky":false,"template":"","format":"standard","meta":[],"categories":[6],"tags":[3205,398,1503,165,2350],"_links":{"self":[{"href":"https:\/\/www.infokuryr.cz\/n\/wp-json\/wp\/v2\/posts\/102728"}],"collection":[{"href":"https:\/\/www.infokuryr.cz\/n\/wp-json\/wp\/v2\/posts"}],"about":[{"href":"https:\/\/www.infokuryr.cz\/n\/wp-json\/wp\/v2\/types\/post"}],"author":[{"embeddable":true,"href":"https:\/\/www.infokuryr.cz\/n\/wp-json\/wp\/v2\/users\/2"}],"replies":[{"embeddable":true,"href":"https:\/\/www.infokuryr.cz\/n\/wp-json\/wp\/v2\/comments?post=102728"}],"version-history":[{"count":0,"href":"https:\/\/www.infokuryr.cz\/n\/wp-json\/wp\/v2\/posts\/102728\/revisions"}],"wp:featuredmedia":[{"embeddable":true,"href":"https:\/\/www.infokuryr.cz\/n\/wp-json\/wp\/v2\/media\/14506"}],"wp:attachment":[{"href":"https:\/\/www.infokuryr.cz\/n\/wp-json\/wp\/v2\/media?parent=102728"}],"wp:term":[{"taxonomy":"category","embeddable":true,"href":"https:\/\/www.infokuryr.cz\/n\/wp-json\/wp\/v2\/categories?post=102728"},{"taxonomy":"post_tag","embeddable":true,"href":"https:\/\/www.infokuryr.cz\/n\/wp-json\/wp\/v2\/tags?post=102728"}],"curies":[{"name":"wp","href":"https:\/\/api.w.org\/{rel}","templated":true}]}}