{"id":102727,"date":"2026-03-24T00:19:54","date_gmt":"2026-03-23T23:19:54","guid":{"rendered":"https:\/\/www.infokuryr.cz\/n\/?p=102727"},"modified":"2026-03-23T12:55:39","modified_gmt":"2026-03-23T11:55:39","slug":"erik-best-ziskaji-spekulanti-dalsi-intervencni-prislib-od-cnb","status":"publish","type":"post","link":"https:\/\/www.infokuryr.cz\/n\/2026\/03\/24\/erik-best-ziskaji-spekulanti-dalsi-intervencni-prislib-od-cnb\/","title":{"rendered":"Erik Best: Z\u00edskaj\u00ed spekulanti dal\u0161\u00ed interven\u010dn\u00ed p\u0159\u00edslib od \u010cNB?"},"content":{"rendered":"<div id=\"fb-root\"><\/div>\n<p>P\u0159edseda N\u00e1rodn\u00ed rozvojov\u00e9 banky Tom\u00e1\u0161 Nidetzk\u00fd\u00a0<a href=\"https:\/\/www.ceskatelevize.cz\/porady\/11412378947-90-ct24\/226411058130319\/\" target=\"_blank\" rel=\"noopener\">ve \u010dtvrtek v\u00a0\u010cesk\u00e9 televizi<\/a>\u00a0v\u00a0souvislosti s\u00a0v\u00e1lkou v\u00a0\u00cdr\u00e1nu \u0159ekl, \u017ee v\u00fdhodou \u010cesk\u00e9 n\u00e1rodn\u00ed banky je jej\u00ed obrovsk\u00e9 mno\u017estv\u00ed devizov\u00fdch rezerv a\u00a0koruna.<\/p>\n<p>To stoj\u00ed za zm\u00ednku, proto\u017ee Nidetzk\u00fd p\u016fsobil v\u00a0bankovn\u00ed rad\u011b spole\u010dn\u011b se sv\u00fdm b\u00fdval\u00fdm kolegou z\u00a0ING, guvern\u00e9rem Ji\u0159\u00edm Rusnokem, kdy\u017e Rusnok v\u00a0z\u00e1\u0159\u00ed 2016\u00a0<a href=\"https:\/\/www.fsfinalword.cz\/?page=archive&amp;show=1&amp;day=2026-3-10\" target=\"_blank\" rel=\"noopener\">spekulant\u016fm p\u0159edest\u0159el<\/a>, \u017ee prodlou\u017e\u00ed devalvaci koruny; kdy\u017e Rusnok t\u011bm sam\u00fdm spekulant\u016fm v\u00a0letech 2017-18 nab\u00eddl dal\u0161\u00ed tutovku zaveden\u00edm politiky kompetitivn\u00ed revalvace zalo\u017een\u00e9 na \u00farokov\u00fdch sazb\u00e1ch; a\u00a0kdy\u017e \u010cNB spekulanty ujistila, \u017ee jejich s\u00e1zky na korunu jsou st\u00e1le v\u00a0bezpe\u010d\u00ed t\u00edm, \u017ee kr\u00e1tce po za\u010d\u00e1tku v\u00e1lky na Ukrajin\u011b\u00a0<a href=\"https:\/\/ct24.ceskatelevize.cz\/clanek\/ekonomika\/ceska-narodni-banka-intervenuje-proti-oslabovani-koruny-jeji-kurz-ovlivnuje-krize-na-ukrajine-23301\" target=\"_blank\" rel=\"noopener\">intervenovala ve prosp\u011bch koruny<\/a>\u00a0na \u00farovni 25,90 K\u010d\/euro.<\/p>\n<p>Situace v\u00a0\u00cdr\u00e1nu by mohla b\u00fdt je\u0161t\u011b z\u00e1va\u017en\u011bj\u0161\u00ed, ale Rusnok ani Nidetzk\u00fd u\u017e u\u00a0kormidla nejsou. A\u010dkoliv si guvern\u00e9r \u010cesk\u00e9 n\u00e1rodn\u00ed banky Ale\u0161 Michl ud\u011blal jm\u00e9no jako kritik Rusnokovy m\u011bnov\u00e9 politiky, pozd\u011bji se\u00a0<a href=\"https:\/\/www.fsfinalword.cz\/?page=archive&amp;show=1&amp;day=2025-11-6\" target=\"_blank\" rel=\"noopener\">stal jen dal\u0161\u00edm Rusnokem<\/a>. Ve\u00a0<a href=\"https:\/\/www.cnb.cz\/cs\/verejnost\/servis-pro-media\/audio-video\/Zaznam-z-tiskove-konference-bankovni-rady-00075\/\" target=\"_blank\" rel=\"noopener\">\u010dtvrtek<\/a>\u00a0nechal Michl v\u0161echny v\u00a0nejistot\u011b, kdy\u017e ne\u0159ekl nic o\u00a0intervenc\u00edch, ani o\u00a0eventu\u00e1ln\u00ed hranici pro jejich spu\u0161t\u011bn\u00ed.<\/p>\n<p><a href=\"https:\/\/www.fsfinalword.cz\/?page=archive&amp;day=2026-03-23&amp;utm_source=utm_source%3Dnewsletter&amp;utm_medium=utm_medium%3De-mail&amp;utm_campaign=utm_campaign%3Dfinal_word_23.3.2026\">Erik Best<\/a><\/p>\n<p><img decoding=\"async\" loading=\"lazy\" class=\"alignnone  wp-image-1179\" src=\"http:\/\/www.infokuryr.cz\/n\/wp-content\/uploads\/2021\/04\/erik-best.jpg\" alt=\"\" width=\"111\" height=\"125\" \/><\/p>\n<p>&nbsp;<\/p>\n","protected":false},"excerpt":{"rendered":"<p>P\u0159edseda N\u00e1rodn\u00ed rozvojov\u00e9 banky Tom\u00e1\u0161 Nidetzk\u00fd\u00a0ve \u010dtvrtek v\u00a0\u010cesk\u00e9 televizi\u00a0v\u00a0souvislosti s\u00a0v\u00e1lkou v\u00a0\u00cdr\u00e1nu \u0159ekl, \u017ee v\u00fdhodou \u010cesk\u00e9&#8230;<\/p>\n","protected":false},"author":2,"featured_media":81793,"comment_status":"closed","ping_status":"closed","sticky":false,"template":"","format":"standard","meta":[],"categories":[6],"tags":[1292,45,1503],"_links":{"self":[{"href":"https:\/\/www.infokuryr.cz\/n\/wp-json\/wp\/v2\/posts\/102727"}],"collection":[{"href":"https:\/\/www.infokuryr.cz\/n\/wp-json\/wp\/v2\/posts"}],"about":[{"href":"https:\/\/www.infokuryr.cz\/n\/wp-json\/wp\/v2\/types\/post"}],"author":[{"embeddable":true,"href":"https:\/\/www.infokuryr.cz\/n\/wp-json\/wp\/v2\/users\/2"}],"replies":[{"embeddable":true,"href":"https:\/\/www.infokuryr.cz\/n\/wp-json\/wp\/v2\/comments?post=102727"}],"version-history":[{"count":0,"href":"https:\/\/www.infokuryr.cz\/n\/wp-json\/wp\/v2\/posts\/102727\/revisions"}],"wp:featuredmedia":[{"embeddable":true,"href":"https:\/\/www.infokuryr.cz\/n\/wp-json\/wp\/v2\/media\/81793"}],"wp:attachment":[{"href":"https:\/\/www.infokuryr.cz\/n\/wp-json\/wp\/v2\/media?parent=102727"}],"wp:term":[{"taxonomy":"category","embeddable":true,"href":"https:\/\/www.infokuryr.cz\/n\/wp-json\/wp\/v2\/categories?post=102727"},{"taxonomy":"post_tag","embeddable":true,"href":"https:\/\/www.infokuryr.cz\/n\/wp-json\/wp\/v2\/tags?post=102727"}],"curies":[{"name":"wp","href":"https:\/\/api.w.org\/{rel}","templated":true}]}}