{"id":102715,"date":"2026-03-24T00:20:40","date_gmt":"2026-03-23T23:20:40","guid":{"rendered":"https:\/\/www.infokuryr.cz\/n\/?p=102715"},"modified":"2026-03-23T11:57:12","modified_gmt":"2026-03-23T10:57:12","slug":"ukrajinska-falesna-sit-americke-penize-a-brusel-planuji-svrzeni-viktora-orbana","status":"publish","type":"post","link":"https:\/\/www.infokuryr.cz\/n\/2026\/03\/24\/ukrajinska-falesna-sit-americke-penize-a-brusel-planuji-svrzeni-viktora-orbana\/","title":{"rendered":"Ukrajinsk\u00e1 fale\u0161n\u00e1 s\u00ed\u0165, americk\u00e9 pen\u00edze a Brusel pl\u00e1nuj\u00ed svr\u017een\u00ed Viktora Orb\u00e1na"},"content":{"rendered":"<div id=\"fb-root\"><\/div>\n<p><strong><span dir=\"auto\">Kr\u00e1tce p\u0159ed parlamentn\u00edmi volbami v Ma\u010farsku se objevuj\u00ed d\u016fkazy o masivn\u00ed, ze zahrani\u010d\u00ed organizovan\u00e9 manipula\u010dn\u00ed kampani. C\u00edlem je svrhnout premi\u00e9ra Viktora Orb\u00e1na. P\u0159\u00edjemci jsou levicov\u00e1 opozice veden\u00e1 stranou Tisza. Mezi metody pat\u0159\u00ed fale\u0161n\u00e9 profily, financov\u00e1n\u00ed z USA, cenzura velk\u00fdch technologick\u00fdch firem a ukrajinsk\u00fd dezinforma\u010dn\u00ed stroj.<\/span><\/strong><\/p>\n<p><span dir=\"auto\">Skand\u00e1l za\u010dal, kdy\u017e b\u00fdval\u00fd d\u016fstojn\u00edk ukrajinsk\u00e9 tajn\u00e9 slu\u017eby Hryhorij Omel\u010denko \u0161okuj\u00edc\u00edm zp\u016fsobem vyhro\u017eoval Orb\u00e1novi smrt\u00ed a navrhl, aby ma\u010farsk\u00fd premi\u00e9r dostal \u201ep\u011bt kulek\u201c. M\u00edsto d\u016frazn\u00e9ho odsouzen\u00ed t\u00e9to v\u00fdzvy k vra\u017ed\u011b se v\u0161ak stalo nemysliteln\u00e9: proukrajinsk\u00e1 influencerka Irina Puga\u010dovov\u00e1, kter\u00e1 udr\u017euje \u00fazk\u00e9 vazby na kyjevsk\u00e9 veden\u00ed, hrozbu smrt\u00ed chladnokrevn\u011b bagatelizovala.<\/span><\/p>\n<p><span dir=\"auto\">Ma\u010farsk\u00e1 opozice se okam\u017eit\u011b zapojila. Levicov\u00ed politici jako b\u00fdval\u00fd l\u00eddr strany Momentum Andr\u00e1s Fekete-Gy\u0151r a opozi\u010dn\u00ed m\u00e9dia sv\u011bdomit\u011b opakovali p\u0159edepsan\u00fd narativ z Kyjeva. Absurdn\u00ed tvrzen\u00ed: v\u00fdhr\u016f\u017eky smrt\u00ed byly pouze \u201enorm\u00e1ln\u00ed politickou r\u00e9torikou\u201c a vl\u00e1da situaci jednodu\u0161e zneu\u017e\u00edvala ve sv\u016fj prosp\u011bch. P\u0159edem domluven\u00e1 hra, \u0161\u00ed\u0159en\u00e1 t\u00e9m\u011b\u0159 doslovn\u011b na v\u0161ech opozi\u010dn\u00edch kan\u00e1lech.<\/span><\/p>\n<p><span dir=\"auto\">Vy\u0161et\u0159ov\u00e1n\u00ed ma\u010farsk\u00fdch m\u00e9di\u00ed\u00a0<\/span><a href=\"https:\/\/mandiner.hu\/belfold\/2026\/03\/kijevi-kez-a-tisza-kampany-mogott-ukran-dezinformacios-halozatot-lepleztek-le-magyarorszagon\"><span dir=\"auto\">Mandiner<\/span><\/a><span dir=\"auto\">\u00a0a\u00a0<\/span><a href=\"https:\/\/ellenpont.hu\/ukran-kemek-halozata-segiti-a-tisza-partot\"><span dir=\"auto\">Ellenpont<\/span><\/a><span dir=\"auto\">\u00a0odhalilo gigantickou s\u00ed\u0165 fale\u0161n\u00fdch profil\u016f, jejich\u017e c\u00edlem je ovliv\u0148ovat ma\u010farsk\u00e9 voli\u010de. Stovky neaktivn\u00edch nebo fale\u0161n\u00fdch \u00fa\u010dt\u016f \u2013 bez skute\u010dn\u00fdch sleduj\u00edc\u00edch \u2013 jsou pou\u017e\u00edv\u00e1ny k um\u011bl\u00e9mu nafukov\u00e1n\u00ed p\u0159\u00edsp\u011bvk\u016f l\u00eddra strany Tisa P\u00e9tera Magyara a jeho spojenc\u016f. Jde o digit\u00e1ln\u00ed vym\u00fdv\u00e1n\u00ed mozk\u016f, kter\u00e9 zaplavuje timeline ma\u010farsk\u00fdch u\u017eivatel\u016f, aby opozice vypadala v\u011bt\u0161\u00ed a relevantn\u011bj\u0161\u00ed, ne\u017e ve skute\u010dnosti je.<\/span><\/p>\n<figure class=\"wp-block-embed is-type-rich is-provider-twitter wp-block-embed-twitter\">\n<div class=\"wp-block-embed__wrapper\">\n<div class=\"twitter-tweet twitter-tweet-rendered\"><iframe id=\"twitter-widget-0\" class=\"\" title=\"X P\u0159\u00edsp\u011bvek\" src=\"https:\/\/platform.twitter.com\/embed\/Tweet.html?dnt=true&amp;embedId=twitter-widget-0&amp;features=eyJ0ZndfdGltZWxpbmVfbGlzdCI6eyJidWNrZXQiOltdLCJ2ZXJzaW9uIjpudWxsfSwidGZ3X2ZvbGxvd2VyX2NvdW50X3N1bnNldCI6eyJidWNrZXQiOnRydWUsInZlcnNpb24iOm51bGx9LCJ0ZndfdHdlZXRfZWRpdF9iYWNrZW5kIjp7ImJ1Y2tldCI6Im9uIiwidmVyc2lvbiI6bnVsbH0sInRmd19yZWZzcmNfc2Vzc2lvbiI6eyJidWNrZXQiOiJvbiIsInZlcnNpb24iOm51bGx9LCJ0ZndfZm9zbnJfc29mdF9pbnRlcnZlbnRpb25zX2VuYWJsZWQiOnsiYnVja2V0Ijoib24iLCJ2ZXJzaW9uIjpudWxsfSwidGZ3X21peGVkX21lZGlhXzE1ODk3Ijp7ImJ1Y2tldCI6InRyZWF0bWVudCIsInZlcnNpb24iOm51bGx9LCJ0ZndfZXhwZXJpbWVudHNfY29va2llX2V4cGlyYXRpb24iOnsiYnVja2V0IjoxMjA5NjAwLCJ2ZXJzaW9uIjpudWxsfSwidGZ3X3Nob3dfYmlyZHdhdGNoX3Bpdm90c19lbmFibGVkIjp7ImJ1Y2tldCI6Im9uIiwidmVyc2lvbiI6bnVsbH0sInRmd19kdXBsaWNhdGVfc2NyaWJlc190b19zZXR0aW5ncyI6eyJidWNrZXQiOiJvbiIsInZlcnNpb24iOm51bGx9LCJ0ZndfdXNlX3Byb2ZpbGVfaW1hZ2Vfc2hhcGVfZW5hYmxlZCI6eyJidWNrZXQiOiJvbiIsInZlcnNpb24iOm51bGx9LCJ0ZndfdmlkZW9faGxzX2R5bmFtaWNfbWFuaWZlc3RzXzE1MDgyIjp7ImJ1Y2tldCI6InRydWVfYml0cmF0ZSIsInZlcnNpb24iOm51bGx9LCJ0ZndfbGVnYWN5X3RpbWVsaW5lX3N1bnNldCI6eyJidWNrZXQiOnRydWUsInZlcnNpb24iOm51bGx9LCJ0ZndfdHdlZXRfZWRpdF9mcm9udGVuZCI6eyJidWNrZXQiOiJvbiIsInZlcnNpb24iOm51bGx9fQ%3D%3D&amp;frame=false&amp;hideCard=false&amp;hideThread=false&amp;id=2034362025758118102&amp;lang=cs&amp;origin=https%3A%2F%2Freport24.news%2Fso-planen-ein-ukrainisches-fake-netzwerk-us-geld-und-bruessel-den-sturz-von-viktor-orban%2F&amp;sessionId=1a45f92d94c1ff5ea29f0ecab7bf63f024afde9e&amp;theme=light&amp;widgetsVersion=2615f7e52b7e0%3A1702314776716&amp;width=550px\" frameborder=\"0\" scrolling=\"no\" allowfullscreen=\"allowfullscreen\" data-tweet-id=\"2034362025758118102\" data-mce-fragment=\"1\"><\/iframe><\/div>\n<\/div>\n<\/figure>\n<p><span dir=\"auto\">Stezka pen\u011bz pro tyto kampan\u011b vede p\u0159\u00edmo do USA. Kampan\u011b opozi\u010dn\u00edch osobnost\u00ed, jako je b\u00fdval\u00fd poslanec Andr\u00e1s J\u00e1mbor, jsou vedeny prost\u0159ednictv\u00edm americk\u00e9 platformy \u201eAction Network\u201c, co\u017e je zn\u00e1m\u00fd n\u00e1stroj levicov\u00fdch a \u201eprogresivn\u00edch\u201c politick\u00fdch skupin po cel\u00e9m sv\u011bt\u011b. Jedn\u00e1 se o masivn\u00ed mezin\u00e1rodn\u00ed s\u00ed\u0165, jej\u00edm\u017e c\u00edlem je prosazovat proukrajinsk\u00e9 a levicov\u00e9 agendy v Ma\u010farsku.<\/span><\/p>\n<p><span dir=\"auto\">Zat\u00edmco je opozice posilov\u00e1na fale\u0161n\u00fdmi \u00fa\u010dty a zahrani\u010dn\u00edmi pen\u011bzi, cenzurn\u00ed kladivo Silicon Valley je nemilosrdn\u011b pou\u017e\u00edv\u00e1no. Facebook drasticky omezuje dosah Viktora Orb\u00e1na, zat\u00edmco p\u0159\u00edsp\u011bvky P\u00e9tera Magyara dosahuj\u00ed podez\u0159ele vysok\u00e9 m\u00edry interakce. Nav\u00edc kr\u00e1tce p\u0159ed volbami 12. dubna bylo mnoho provl\u00e1dn\u00edch ma\u010farsk\u00fdch facebookov\u00fdch str\u00e1nek jednodu\u0161e smaz\u00e1no. \u010clov\u011bk by mohl m\u00edt podez\u0159en\u00ed na nekalou hru, kdy\u017e je digit\u00e1ln\u00ed informa\u010dn\u00ed krajina v kl\u00ed\u010dov\u00e9m okam\u017eiku manipulov\u00e1na ve prosp\u011bch levice.<\/span><\/p>\n<p><span dir=\"auto\">Jako by to nesta\u010dilo, nyn\u00ed se do toho vm\u011b\u0161uje EU. Brusel\u0161t\u00ed eurokrat\u00e9 aktivovali sv\u016fj takzvan\u00fd \u201esyst\u00e9m rychl\u00e9 reakce\u201c (RRS). Pod rou\u0161kou \u201epozorov\u00e1n\u00ed voleb\u201c monitoruj\u00ed a kategorizuj\u00ed levicov\u00e9 nevl\u00e1dn\u00ed organizace financovan\u00e9 EU, co Ma\u010fa\u0159i mohou vid\u011bt online a co ne. Kritici zcela spr\u00e1vn\u011b varuj\u00ed, \u017ee se jedn\u00e1 o masivn\u00ed vm\u011b\u0161ov\u00e1n\u00ed do volebn\u00ed kampan\u011b.<\/span><\/p>\n<figure class=\"wp-block-embed is-type-rich is-provider-twitter wp-block-embed-twitter\">\n<div class=\"wp-block-embed__wrapper\">\n<div class=\"twitter-tweet twitter-tweet-rendered\"><iframe id=\"twitter-widget-1\" class=\"\" title=\"X P\u0159\u00edsp\u011bvek\" src=\"https:\/\/platform.twitter.com\/embed\/Tweet.html?dnt=true&amp;embedId=twitter-widget-1&amp;features=eyJ0ZndfdGltZWxpbmVfbGlzdCI6eyJidWNrZXQiOltdLCJ2ZXJzaW9uIjpudWxsfSwidGZ3X2ZvbGxvd2VyX2NvdW50X3N1bnNldCI6eyJidWNrZXQiOnRydWUsInZlcnNpb24iOm51bGx9LCJ0ZndfdHdlZXRfZWRpdF9iYWNrZW5kIjp7ImJ1Y2tldCI6Im9uIiwidmVyc2lvbiI6bnVsbH0sInRmd19yZWZzcmNfc2Vzc2lvbiI6eyJidWNrZXQiOiJvbiIsInZlcnNpb24iOm51bGx9LCJ0ZndfZm9zbnJfc29mdF9pbnRlcnZlbnRpb25zX2VuYWJsZWQiOnsiYnVja2V0Ijoib24iLCJ2ZXJzaW9uIjpudWxsfSwidGZ3X21peGVkX21lZGlhXzE1ODk3Ijp7ImJ1Y2tldCI6InRyZWF0bWVudCIsInZlcnNpb24iOm51bGx9LCJ0ZndfZXhwZXJpbWVudHNfY29va2llX2V4cGlyYXRpb24iOnsiYnVja2V0IjoxMjA5NjAwLCJ2ZXJzaW9uIjpudWxsfSwidGZ3X3Nob3dfYmlyZHdhdGNoX3Bpdm90c19lbmFibGVkIjp7ImJ1Y2tldCI6Im9uIiwidmVyc2lvbiI6bnVsbH0sInRmd19kdXBsaWNhdGVfc2NyaWJlc190b19zZXR0aW5ncyI6eyJidWNrZXQiOiJvbiIsInZlcnNpb24iOm51bGx9LCJ0ZndfdXNlX3Byb2ZpbGVfaW1hZ2Vfc2hhcGVfZW5hYmxlZCI6eyJidWNrZXQiOiJvbiIsInZlcnNpb24iOm51bGx9LCJ0ZndfdmlkZW9faGxzX2R5bmFtaWNfbWFuaWZlc3RzXzE1MDgyIjp7ImJ1Y2tldCI6InRydWVfYml0cmF0ZSIsInZlcnNpb24iOm51bGx9LCJ0ZndfbGVnYWN5X3RpbWVsaW5lX3N1bnNldCI6eyJidWNrZXQiOnRydWUsInZlcnNpb24iOm51bGx9LCJ0ZndfdHdlZXRfZWRpdF9mcm9udGVuZCI6eyJidWNrZXQiOiJvbiIsInZlcnNpb24iOm51bGx9fQ%3D%3D&amp;frame=false&amp;hideCard=false&amp;hideThread=false&amp;id=2035366933445435659&amp;lang=cs&amp;origin=https%3A%2F%2Freport24.news%2Fso-planen-ein-ukrainisches-fake-netzwerk-us-geld-und-bruessel-den-sturz-von-viktor-orban%2F&amp;sessionId=1a45f92d94c1ff5ea29f0ecab7bf63f024afde9e&amp;theme=light&amp;widgetsVersion=2615f7e52b7e0%3A1702314776716&amp;width=550px\" frameborder=\"0\" scrolling=\"no\" allowfullscreen=\"allowfullscreen\" data-tweet-id=\"2035366933445435659\" data-mce-fragment=\"1\"><\/iframe><\/div>\n<\/div>\n<\/figure>\n<p><span dir=\"auto\">Renomovan\u00fd makroekonom Philip Pilkington to vyj\u00e1d\u0159il stru\u010dn\u011b: Existuj\u00ed p\u00e1dn\u00e9 d\u016fkazy o \u201eproukrajinsk\u00e9 dezinforma\u010dn\u00ed s\u00edti\u201c, kter\u00e1 masivn\u011b ovliv\u0148uje volby v Ma\u010farsku. K tomu se p\u0159id\u00e1v\u00e1 ekonomick\u00e9 vyd\u00edr\u00e1n\u00ed ze strany Kyjeva, jak dokazuje \u00famysln\u00e9 naru\u0161en\u00ed ropovodu Dru\u017eba.<\/span><\/p>\n<p><span dir=\"auto\">To, \u010deho jsme v Ma\u010farsku sv\u011bdky, u\u017e nen\u00ed spravedliv\u00e1 demokratick\u00e1 sout\u011b\u017e. Jde o koordinovanou akci ukrajinsk\u00fdch s\u00edt\u00ed, americk\u00fdch d\u00e1rc\u016f, cenzor\u016f z \u0159ad velk\u00fdch technologick\u00fdch firem a bruselsk\u00fdch eurokrat\u016f, kte\u0159\u00ed maj\u00ed jedin\u00fd c\u00edl: eliminovat ne\u017e\u00e1douc\u00ed konzervativn\u00ed a vlasteneckou vl\u00e1du na digit\u00e1ln\u00edm boji\u0161ti.<\/span><\/p>\n<p><img decoding=\"async\" loading=\"lazy\" class=\"alignnone size-full wp-image-1185\" src=\"http:\/\/www.infokuryr.cz\/n\/wp-content\/uploads\/2021\/04\/kuryr-podpis.png\" alt=\"\" width=\"84\" height=\"24\" \/><\/p>\n<p>&nbsp;<\/p>\n","protected":false},"excerpt":{"rendered":"<p>Kr\u00e1tce p\u0159ed parlamentn\u00edmi volbami v Ma\u010farsku se objevuj\u00ed d\u016fkazy o masivn\u00ed, ze zahrani\u010d\u00ed organizovan\u00e9 manipula\u010dn\u00ed&#8230;<\/p>\n","protected":false},"author":2,"featured_media":102716,"comment_status":"closed","ping_status":"closed","sticky":false,"template":"","format":"standard","meta":[],"categories":[7],"tags":[41,78,439,26,27],"_links":{"self":[{"href":"https:\/\/www.infokuryr.cz\/n\/wp-json\/wp\/v2\/posts\/102715"}],"collection":[{"href":"https:\/\/www.infokuryr.cz\/n\/wp-json\/wp\/v2\/posts"}],"about":[{"href":"https:\/\/www.infokuryr.cz\/n\/wp-json\/wp\/v2\/types\/post"}],"author":[{"embeddable":true,"href":"https:\/\/www.infokuryr.cz\/n\/wp-json\/wp\/v2\/users\/2"}],"replies":[{"embeddable":true,"href":"https:\/\/www.infokuryr.cz\/n\/wp-json\/wp\/v2\/comments?post=102715"}],"version-history":[{"count":0,"href":"https:\/\/www.infokuryr.cz\/n\/wp-json\/wp\/v2\/posts\/102715\/revisions"}],"wp:featuredmedia":[{"embeddable":true,"href":"https:\/\/www.infokuryr.cz\/n\/wp-json\/wp\/v2\/media\/102716"}],"wp:attachment":[{"href":"https:\/\/www.infokuryr.cz\/n\/wp-json\/wp\/v2\/media?parent=102715"}],"wp:term":[{"taxonomy":"category","embeddable":true,"href":"https:\/\/www.infokuryr.cz\/n\/wp-json\/wp\/v2\/categories?post=102715"},{"taxonomy":"post_tag","embeddable":true,"href":"https:\/\/www.infokuryr.cz\/n\/wp-json\/wp\/v2\/tags?post=102715"}],"curies":[{"name":"wp","href":"https:\/\/api.w.org\/{rel}","templated":true}]}}