{"id":102660,"date":"2026-03-23T04:50:41","date_gmt":"2026-03-23T03:50:41","guid":{"rendered":"https:\/\/www.infokuryr.cz\/n\/?p=102660"},"modified":"2026-03-23T04:50:41","modified_gmt":"2026-03-23T03:50:41","slug":"miroslav-petr-prehlidka-neuveritelne-hlouposti","status":"publish","type":"post","link":"https:\/\/www.infokuryr.cz\/n\/2026\/03\/23\/miroslav-petr-prehlidka-neuveritelne-hlouposti\/","title":{"rendered":"Miroslav Petr: P\u0159ehl\u00eddka neuv\u011b\u0159iteln\u00e9 hlouposti"},"content":{"rendered":"<div id=\"fb-root\"><\/div>\n<p>Je neuv\u011b\u0159iteln\u00e9, jak\u00e9 hlouposti vyslov\u00ed ti, kte\u0159\u00ed by m\u011bli b\u00fdt nejvzd\u011blan\u011bj\u0161\u00ed a nejrozumn\u011bj\u0161\u00ed. Kdyby byla sout\u011b\u017e o nejhloup\u011bj\u0161\u00edho politika, byla by tak velk\u00e1 fronta, \u017ee by z toho byl nekone\u010dn\u00fd seri\u00e1l.<\/p>\n<p>O. Brzobohat\u00fd: &#8222;Teroristick\u00e9 \u00fatoky pat\u0159\u00ed k lidstvu. Isl\u00e1m je t\u0159eba ch\u00e1pat a respektovat.&#8220; Bude\u0161 tak mluvit, a\u017e ti zn\u00e1siln\u00ed dceru nebo jej\u00ed d\u00edt\u011b? Kdy se ti stalo? Kdyby t\u011b sly\u0161el tv\u016fj t\u00e1ta, jist\u011b by ti rozbil tvou nevym\u00e1chanou dr\u017e&#8230;<\/p>\n<p>Vrchn\u00ed cenzorka soudru\u017eka Courov\u00e1: &#8222;Ka\u017ed\u00fd v EU, kdo na internetu \u0161\u00ed\u0159\u00ed odli\u0161n\u00fd n\u00e1zor, bude polici\u00ed vyp\u00e1tr\u00e1n a potrest\u00e1n, stejn\u011b jako\u00a0 v N\u011bmecku.&#8220;<\/p>\n<p>Zelen\u00e1 politi\u010dka: &#8222;Nest\u016fjte v n\u00e1stupi\u0161ti bl\u00edzko kolej\u00ed a v\u0161e bude fajn.&#8220; Geni\u00e1ln\u00ed rada, kvo\u010dno.<\/p>\n<p>Kdysi dobr\u00fd texta\u0159, jinak l\u017einen\u00e1vistn\u00edk Hor\u00e1\u010dek: &#8222;Praotec \u010cech byl imigrant. Na\u0161\u00ed mor\u00e1ln\u00ed povinnost\u00ed je pom\u00e1hat imigrant\u016fm a respektovat jejich zvyky a n\u00e1bo\u017eenstv\u00ed.&#8220; Kolik imigrant\u016f sis vzal k sob\u011b dom\u016f, Michale? S\u00e1m tvrd\u00ed\u0161, \u017ee je to tvou mor\u00e1ln\u00ed povinnosti! Ve skute\u010dnosti k\u00e1\u017ee\u0161 vodu a pije\u0161 v\u00edno.<\/p>\n<p>Soudruh Nutela: &#8222;Omezovat platy poslanc\u016fm? Komu to prosp\u011bje? Je to hloupost.&#8220;<\/p>\n<p>Soudruh Novotn\u00fd, kter\u00fd utekl z Bohnic: &#8222;Aby polovina \u010cech\u016f chc\u00edpla a m\u00edsto nich aby byli muslimov\u00e9, ur\u010dit\u011b nebude h\u016f\u0159. Je osvobozuj\u00edc\u00ed pocit v\u011bd\u011bt, \u017ee pat\u0159\u00edm mezi inteligenci.&#8220; Nejde o \u0161\u00ed\u0159en\u00ed nen\u00e1visti ke sv\u00e9mu n\u00e1rodu. Jakou m\u00e1\u0161 jistotu soudruhu Novotn\u00fd, \u017ee tv\u00e9 d\u011bti nebudou zn\u00e1siln\u011bny nebo nechc\u00edpnou z\u00e1sluhou &#8222;host\u016f&#8220;, kter\u00e9 tolik zbo\u017enuje\u0161.<\/p>\n<p>Soudru\u017eka Sadkov\u00e1: &#8222;Ocenuji prezidenta, kter\u00fd mluv\u00ed za lidi a nerozd\u011bluje je.&#8220;<\/p>\n<p>Soudruh Zdechlina: &#8222;Neobvinujme Isl\u00e1m a muslimy. Obvinujme isl\u00e1msk\u00fd radikalismus. Skute\u010dn\u00fd Isl\u00e1m je ve skute\u010dnosti m\u00edrumilovn\u00fd.&#8220;<\/p>\n<p>Jak\u00fdsi koment\u00e1tor Kol\u00e1\u0159 kritizoval Turka a \u010cerven\u00e9ho. Existuje aspon jeden Kol\u00e1\u0159, kter\u00fd je norm\u00e1ln\u00ed? Nen\u00ed to jm\u00e9no zaklet\u00e9?<\/p>\n<p>Nejde o \u0161\u00ed\u0159en\u00ed nen\u00e1visti k sv\u00e9mu n\u00e1rodu? Jakou m\u00e1\u0161 jistotu soudruhu Novotn\u00fd, \u017ee t\u00e9 d\u011bti nebudou zn\u00e1siln\u011bny cestou do \u0161koly nebo d\u00edky \u010dern\u00e9mu hmyzu &#8222;chc\u00edpnou&#8220;?<\/p>\n<p>Nutela: &#8222;Babi\u0161 je slab\u00fd premi\u00e9r, j\u00ed bych byl lep\u0161\u00ed.&#8220; I namy\u0161len\u00fd iv\u00e1nek z Mraz\u00edka si zp\u00edval- kdy\u017e na sebe pohl\u00e9dnu, mus\u00edm j\u00e1 se pochv\u00e1lit&#8230;Jak m\u017ee b\u00fdt lep\u0161\u00ed premi\u00e9r, kdy je nejhor\u0161\u00ed na cel\u00e9m sv\u011bt\u011b? Jak m\u016f\u017ee b\u00fdt Babi\u0161 slab\u00fd premi\u00e9r, kdy\u017e dostal kolem t\u0159etiny v\u0161ech hlas\u016f? Kdo z v\u00e1s, ostatn\u00edch stran, to m\u00e1?<\/p>\n<p>P\u0159est\u00e1rl\u00fd soudruh Sv\u011br\u00e1k bude na Chl\u00edvkov\u00e9 demonstraci. M\u00edsto aby se u\u010dil sk\u00e1kat do truhly, stejn\u011b fanaticky zbo\u017enuje nejen abstinenta V\u00e9nu, ale i komunistu na Hrad\u011b.<\/p>\n<p>Dle Far\u00e1\u0159e ze STANu n\u00e1s p\u0159ed energetickou kriz\u00ed zachr\u00e1n\u00ed v\u011btrn\u00edky a sol\u00e1rky. Bo\u017ee, ochran n\u00e1s p\u0159ed takov\u00fdmi pablby.<\/p>\n<p>EU prosadila povinnou LGBT politiku. Nez\u00e1le\u017e\u00ed na pohlav\u00ed, ale rozhoduj\u00edc\u00ed je, jak se kdo c\u00edt\u00ed. Mimochodem, na Seznamu u\u017e byli &#8222;lid\u00e9&#8220;, kte\u0159\u00ed se c\u00edt\u00ed jako psi \u010di jin\u00e1 zv\u00ed\u0159ata a dle toho se i chovaj\u00ed. Tak proto psychiat\u0159i nest\u00edhaj\u00ed&#8230;<\/p>\n<p>Trans z Washingtonu zn\u00e1silnil d\u00edt\u011b v kojeneck\u00e9m v\u011bku. Fotografie na Google byla pops\u00e1na jako zobrazuj\u00edc\u00edho mu\u017ee na kolenou s mal\u00fdm kojencem p\u0159ed sebou&#8230;<\/p>\n<p>Orb\u00e1n chce, aby EU zastavila energetick\u00e9 sankce proti Rusku kv\u016fli rostouc\u00edm cen\u00e1m energi\u00ed. 25 st\u00e1t\u016f EU souhlasilo s podporou 90 miliard Ukrajin\u011b.<\/p>\n<p>Asociace danov\u00fdch poplatn\u00edk\u016f za\u010d\u00edn\u00e1 kampan proti dan\u00edm EU a centr\u00e1ln\u00edmu superst\u00e1tu. Kdy se probud\u00ed na\u0161i politici?<\/p>\n<p>WHO svolala glob\u00e1ln\u00ed zased\u00e1n\u00ed, aby ur\u010dilo jak bude prob\u00edhat dal\u0161\u00ed pandemie. Z WHO po USA vystupuje i Argentina. Kdo bude dal\u0161\u00ed?<\/p>\n<p>Ukrajinci u\u017e tvo\u0159\u00ed celou desetinu na\u0161eho n\u00e1roda a u\u017e pr\u00fd si zakl\u00e1daj\u00ed politickou stranu, tak jak to d\u011blaj\u00ed muslimov\u00e9 v st\u00e1tech, kde za\u010d\u00ednaj\u00ed p\u0159eva\u017eovat. U\u017e to bylo spr\u00e1vn\u00e9 politiky alarmovat. D\u00edky t\u011bmto &#8222;host\u016fm&#8220; se zvy\u0161uje kriminalita a n\u00e1r\u016fst infek\u010dn\u00edch nemoc\u00ed, kter\u00e9 d\u00e1vno zmizely. Pro\u010d se nezve\u0159ejn\u00ed, kolik z nich \u017eiv\u00edme zadarmo? Zcela otev\u0159en\u011b \u0159\u00edkaj\u00ed to, co muslimov\u00e9 v jin\u00fdch st\u00e1tech: &#8222;Va\u0161e zem\u011b je u\u017e na\u0161e. Kdy\u017e se v\u00e1m tu nel\u00edb\u00ed, m\u016f\u017eete odej\u00edt!&#8220; Co na to SPD a dal\u0161\u00ed vl\u00e1dn\u00ed strany? Vzr\u016fstaj\u00edc\u00ed agresivita v MHD s t\u00edm skute\u010dn\u011b nem\u00e1 nic spole\u010dn\u00e9ho?<\/p>\n<p>Mezi aktivisty spolupracuj\u00edc\u00edmi s Milionov\u00fdm chl\u00edvkem je mnoho v\u011b\u0159\u00edc\u00edch. Kde je ta jejich proklamovan\u00e1 pravda a l\u00e1ska? Pro\u010d tolik v\u011b\u0159\u00edc\u00edch \/nejen mezi Hady, pardon Lidovci\/ d\u011bl\u00e1 ostudu sv\u00fdm c\u00edrkv\u00edm?<\/p>\n<p>Loupe\u017en\u00edci dlouhodob\u011b propagovali transparentnost. Pro\u010d ml\u010d\u00ed, kdy\u017e jde o Ziskovky? Nen\u00ed v\u00e1m to divn\u00e9?<\/p>\n<p>V polovin\u011b kv\u011btna p\u0159ijedou do Brna &#8222;mil\u00ed krajan\u00e9&#8220;. Pro\u010d ml\u010d\u00ed \u00dastav pro studium totalitn\u00edch re\u017eim\u016f? Protektor\u00e1t snad nebyl totalitn\u00ed re\u017eim? Nem\u011bl by b\u00fdt tento \u00fa\u0159ad zkresluj\u00edc\u00ed historii d\u00e1vno zru\u0161en? Nep\u0159ijede do Brna i agent P\u00e1vek?<\/p>\n<p>V\u00edte o tom, \u017ee agent P\u00e1vek spolupracuje s pravdomluvn\u00fdm Seznamem? Nesta\u010d\u00ed spolupr\u00e1ce se zrzav\u00fdm \u0161\u00e9fem Chl\u00edvka\u0159\u016f?<\/p>\n<p>N\u011bme\u010dt\u00ed ekoaktivist\u00e9 prosazuj\u00ed 199 km\/hod na d\u00e1lnici a 30 km\/hod ve m\u011bst\u011b. Bude to platiti i pro policisty, hasi\u010de a sanitky?<\/p>\n<p>Nakonec n\u011bco z filmu &#8222;Mare\u010dku, podejte mi pero&#8220;: &#8222;M\u00e1m dotaz. Kdy\u017e te\u010f vybuchuj\u00ed m\u011bsta, rafinerie, tankery a v\u00e1le\u010dn\u00e9 lod\u011b, m\u00e1m po\u0159\u00e1d p\u00edt z pap\u00edrov\u00e9ho br\u010dka zabalen\u00e9ho v celof\u00e1nu, abych zachr\u00e1nil planetu?&#8220;<\/p>\n<p><a href=\"https:\/\/www.czechfreepress.cz\/dalsi-blogy\/prehlidka-neuveritelne-hlouposti.html\">Miroslav Petr<\/a><\/p>\n<p>&nbsp;<\/p>\n","protected":false},"excerpt":{"rendered":"<p>Je neuv\u011b\u0159iteln\u00e9, jak\u00e9 hlouposti vyslov\u00ed ti, kte\u0159\u00ed by m\u011bli b\u00fdt nejvzd\u011blan\u011bj\u0161\u00ed a nejrozumn\u011bj\u0161\u00ed. Kdyby byla&#8230;<\/p>\n","protected":false},"author":2,"featured_media":92204,"comment_status":"closed","ping_status":"closed","sticky":false,"template":"","format":"standard","meta":[],"categories":[6],"tags":[1503,35,122,6518,1996],"_links":{"self":[{"href":"https:\/\/www.infokuryr.cz\/n\/wp-json\/wp\/v2\/posts\/102660"}],"collection":[{"href":"https:\/\/www.infokuryr.cz\/n\/wp-json\/wp\/v2\/posts"}],"about":[{"href":"https:\/\/www.infokuryr.cz\/n\/wp-json\/wp\/v2\/types\/post"}],"author":[{"embeddable":true,"href":"https:\/\/www.infokuryr.cz\/n\/wp-json\/wp\/v2\/users\/2"}],"replies":[{"embeddable":true,"href":"https:\/\/www.infokuryr.cz\/n\/wp-json\/wp\/v2\/comments?post=102660"}],"version-history":[{"count":0,"href":"https:\/\/www.infokuryr.cz\/n\/wp-json\/wp\/v2\/posts\/102660\/revisions"}],"wp:featuredmedia":[{"embeddable":true,"href":"https:\/\/www.infokuryr.cz\/n\/wp-json\/wp\/v2\/media\/92204"}],"wp:attachment":[{"href":"https:\/\/www.infokuryr.cz\/n\/wp-json\/wp\/v2\/media?parent=102660"}],"wp:term":[{"taxonomy":"category","embeddable":true,"href":"https:\/\/www.infokuryr.cz\/n\/wp-json\/wp\/v2\/categories?post=102660"},{"taxonomy":"post_tag","embeddable":true,"href":"https:\/\/www.infokuryr.cz\/n\/wp-json\/wp\/v2\/tags?post=102660"}],"curies":[{"name":"wp","href":"https:\/\/api.w.org\/{rel}","templated":true}]}}