{"id":102650,"date":"2026-03-23T04:13:16","date_gmt":"2026-03-23T03:13:16","guid":{"rendered":"https:\/\/www.infokuryr.cz\/n\/?p=102650"},"modified":"2026-03-23T04:13:16","modified_gmt":"2026-03-23T03:13:16","slug":"philip-giraldi-na-ceste-k-armagedonu","status":"publish","type":"post","link":"https:\/\/www.infokuryr.cz\/n\/2026\/03\/23\/philip-giraldi-na-ceste-k-armagedonu\/","title":{"rendered":"Philip Giraldi: Na cest\u011b k Armagedonu"},"content":{"rendered":"<div id=\"fb-root\"><\/div>\n<h3>Pete Hegseth \u0159\u00edk\u00e1: \u201eZab\u00edjen\u00ed padouch\u016f stoj\u00ed pen\u00edze!\u201c<\/h3>\n<p><strong>Myslel jsem si, \u017ee vl\u00e1da Spojen\u00fdch st\u00e1t\u016f dos\u00e1hla minul\u00fd t\u00fdden nov\u00e9ho dna, kdy\u017e Feder\u00e1ln\u00ed komise pro v\u00fdtvarn\u00e9 um\u011bn\u00ed\u00a0<a href=\"https:\/\/substack.com\/redirect\/57dc6aaa-a28a-409c-b994-4d089664b429?j=eyJ1IjoiNzJmdXNuIn0.7Ku8Ojavv6t1SMtc4IS-VRpg8uGyITMLK2qlxpV6moI\" target=\"_blank\" rel=\"external noopener\">schv\u00e1lila<\/a>\u00a0pam\u011btn\u00ed minci z 24kar\u00e1tov\u00e9ho zlata k 250. v\u00fdro\u010d\u00ed, na kter\u00e9 je vyobrazen prezident Donald J. Trump op\u00edraj\u00edc\u00ed se o sv\u016fj st\u016fl se za\u0165at\u00fdmi p\u011bstmi a zamra\u010den\u00fdm v\u00fdrazem, ale to bylo je\u0161t\u011b p\u0159edt\u00edm, ne\u017e ministr v\u00e1lky Pete Hegseth\u00a0<a href=\"https:\/\/substack.com\/redirect\/67c5d9f4-54b1-40b2-88c0-7b18c765c388?j=eyJ1IjoiNzJmdXNuIn0.7Ku8Ojavv6t1SMtc4IS-VRpg8uGyITMLK2qlxpV6moI\" target=\"_blank\" rel=\"external noopener\">po\u017eadoval<\/a>\u00a0od americk\u00fdch da\u0148ov\u00fdch poplatn\u00edk\u016f 200 miliard dolar\u016f na pokra\u010dov\u00e1n\u00ed v\u00e1lky proti \u00cdr\u00e1nu se slovy \u201eZab\u00edjen\u00ed padouch\u016f stoj\u00ed pen\u00edze!\u201c<\/strong><\/p>\n<p>Je pravda, \u017ee schv\u00e1len\u00ed mince bylo hotovou v\u011bc\u00ed, proto\u017ee Trump jmenoval v\u0161echny \u010dleny komise, stejn\u011b jako to ud\u011blal, kdy\u017e obsadil radu pot\u00e9, co se rozhodl zni\u010dit a p\u0159ejmenovat Kennedyho centrum pro m\u00fazick\u00e1 um\u011bn\u00ed.<\/p>\n<p>Jedinou obavou b\u011bhem diskuse s p\u0159edstaviteli americk\u00e9 mincovny byla velikost mince, p\u0159i\u010dem\u017e prezident nal\u00e9hal na \u010dleny komise, aby zvolili co nejv\u011bt\u0161\u00ed mince o pr\u016fm\u011bru t\u0159\u00ed palc\u016f. Nyn\u00ed se o\u010dek\u00e1v\u00e1, \u017ee ministr financ\u00ed Scott Bessent, dal\u0161\u00ed Trump\u016fv loajalista, na\u0159\u00edd\u00ed ra\u017ebu t\u00e9to mince.<\/p>\n<div class=\"karta\">\n<figure><iframe loading=\"lazy\" title=\"YouTube video player\" src=\"https:\/\/www.youtube.com\/embed\/HUap4-pt-mc?si=n-8l6lrSpq2GxJ6F&amp;start=1724\" width=\"560\" height=\"315\" frameborder=\"0\" allowfullscreen=\"allowfullscreen\" data-mce-fragment=\"1\"><\/iframe><\/figure>\n<\/div>\n<p>R\u00e1d bych pouk\u00e1zal na to, \u017ee vyd\u00e1n\u00ed mince s portr\u00e9tem prezidenta nen\u00ed zrovna zavedenou tradic\u00ed americk\u00e9 vl\u00e1dy.<\/p>\n<p>Ve skute\u010dnosti by to v\u011bt\u0161ina Ameri\u010dan\u016f mohla pova\u017eovat za naprosto nevkusn\u00e9 a dokonce hanebn\u00e9, za \u010din megalomana, kter\u00e9ho by na z\u00e1klad\u011b jeho vlastn\u00edch v\u00fdrok\u016f a dal\u0161\u00edho chov\u00e1n\u00ed mohli pova\u017eovat za \u0161\u00edlen\u00e9ho.<\/p>\n<p>Minul\u00fd t\u00fdden se Trump setkal v B\u00edl\u00e9m dom\u011b s japonskou premi\u00e9rkou Sanae Takaichi, kdy\u017e v reakci na\u00a0<a href=\"https:\/\/substack.com\/redirect\/66c6aa83-a5da-45d5-90cb-138a195c915e?j=eyJ1IjoiNzJmdXNuIn0.7Ku8Ojavv6t1SMtc4IS-VRpg8uGyITMLK2qlxpV6moI\" target=\"_blank\" rel=\"external noopener\">ot\u00e1zku novin\u00e1\u0159e<\/a>\u00a0ohledn\u011b sv\u00e9ho rozhodnut\u00ed \u201ep\u0159ekvapit\u201c \u00cdr\u00e1n \u00fatokem pronesl vtip: \u201eKdo v\u00ed o p\u0159ekvapen\u00ed v\u00edc ne\u017e Japonsko? OK? Pro\u010d jste mi ne\u0159ekli o Pearl Harboru? OK? \u017de?\u201c Takaichi byla zjevn\u011b \u0161okov\u00e1na.<\/p>\n<p>Na za\u010d\u00e1tku t\u00fddne byl Trump tak\u00e9 ve skv\u011bl\u00e9 form\u011b, co se t\u00fd\u010de nevhodn\u00fdch koment\u00e1\u0159\u016f, kdy\u017e prohl\u00e1sil, \u017ee je otev\u0159en\u00fd nasazen\u00ed \u201epozemn\u00edch jednotek\u201c proti \u00cdr\u00e1nu, co\u017e by st\u00e1lo \u017eivot mnoha americk\u00fdm voj\u00e1k\u016fm, ani\u017e by to jakkoli prosp\u011blo z\u00e1jm\u016fm nebo pot\u0159eb\u00e1m USA. Tak\u00e9 pohrozil, \u017ee rozbije NATO, pokud se \u010dlensk\u00e9 st\u00e1ty nepostav\u00ed za snahu USA porazit \u00cdr\u00e1n a otev\u0159\u00edt Hormuzsk\u00fd pr\u016fliv.\u00a0<a href=\"https:\/\/substack.com\/redirect\/78f60a49-4311-4de8-a7cb-c1152eca2bdf?j=eyJ1IjoiNzJmdXNuIn0.7Ku8Ojavv6t1SMtc4IS-VRpg8uGyITMLK2qlxpV6moI\" target=\"_blank\" rel=\"external noopener\">Neodvratn\u011b ozna\u010dil<\/a>\u00a0ty, kte\u0159\u00ed nejsou ochotni bojovat, za \u201ezbab\u011blce\u201c.<\/p>\n<p>NATO, kter\u00e9 p\u0159iznan\u011b ji\u017e p\u0159ekonalo svou u\u017eite\u010dnost, spr\u00e1vn\u011b uzn\u00e1v\u00e1, \u017ee \u00cdr\u00e1n je v\u00e1lkou Trumpa a Izraele, nikoli Evropy.<\/p>\n<p>\u0160pan\u011blsko Trumpovi bez obalu \u0159eklo, a\u0165 si d\u00e1 odchod, a zablokovalo vyu\u017eit\u00ed sv\u00fdch z\u00e1kladen NATO pro americk\u00e1 vojensk\u00e1 letadla podporuj\u00edc\u00ed v\u00e1lku.<\/p>\n<p>\u0160v\u00e9dsko mezit\u00edm odv\u00e1\u017en\u011b prohl\u00e1silo, \u017ee Izrael MUS\u00cd b\u00fdt IZOLOV\u00c1N a VYHOSTEN z mezin\u00e1rodn\u00edch instituc\u00ed, jako jsou OSN a EU, kv\u016fli eskaluj\u00edc\u00ed krizi v Gaze a anexi Z\u00e1padn\u00edho b\u0159ehu! \u0160v\u00e9d\u0161t\u00ed p\u0159edstavitel\u00e9 ost\u0159e kritizuj\u00ed n\u00e1sil\u00ed v osad\u00e1ch, z\u00e1kazy nevl\u00e1dn\u00edch organizac\u00ed a blokov\u00e1n\u00ed pomoci jako \u201ekatastrof\u00e1ln\u00ed\u201c a nal\u00e9haj\u00ed na sankce proti \u201eextremistick\u00fdm\u201c izraelsk\u00fdm ministr\u016fm a zmrazen\u00ed obchodu. N\u011bkolik dal\u0161\u00edch zem\u00ed rovn\u011b\u017e prohl\u00e1silo, \u017ee Netanjahua, pokud bude je\u0161t\u011b na\u017eivu, zatknou na z\u00e1klad\u011b zatyka\u010de Mezin\u00e1rodn\u00edho trestn\u00edho soudu, kter\u00fd byl vyd\u00e1n pro p\u0159\u00edpad, \u017ee by se n\u011bkdy objevil v jejich zem\u00edch.<\/p>\n<p>Rovn\u011b\u017e odep\u0159ely sv\u016fj vzdu\u0161n\u00fd prostor jak\u00e9mukoli izraelsk\u00e9mu letadlu p\u0159epravuj\u00edc\u00edmu Netanjahua, co\u017e premi\u00e9rovi zt\u011b\u017euje cestov\u00e1n\u00ed mimo Izrael. Francouzsk\u00fd t\u0159\u00edhv\u011bzdi\u010dkov\u00fd gener\u00e1l Michel Yakovleff, kter\u00fd kdysi velel Cizince legii, pr\u00e1v\u011b p\u0159irovnal p\u0159ipojen\u00ed se k v\u00e1lce Trumpa a Izraele proti \u00cdr\u00e1nu k \u201en\u00e1kupu levn\u00fdch l\u00edstk\u016f na Titanic\u201c pot\u00e9, co ji\u017e narazil na ledovec.<\/p>\n<p>A vydr\u017ete, proto\u017ee to je\u0161t\u011b nen\u00ed v\u0161e!<\/p>\n<p>Trump\u00a0<a href=\"https:\/\/substack.com\/redirect\/560d19de-22c8-4703-8108-2b21f0eec612?j=eyJ1IjoiNzJmdXNuIn0.7Ku8Ojavv6t1SMtc4IS-VRpg8uGyITMLK2qlxpV6moI\" target=\"_blank\" rel=\"external noopener\">vyhro\u017euje<\/a>, \u017ee odebere licence americk\u00fdm vys\u00edlac\u00edm spole\u010dnostem, kter\u00e9 p\u0159in\u00e1\u0161ej\u00ed zpr\u00e1vy o \u00fatoku na \u00cdr\u00e1n, kter\u00e9 se neshoduj\u00ed s ofici\u00e1ln\u00ed verz\u00ed v\u00e1lky \u0161\u00ed\u0159enou B\u00edl\u00fdm domem a ministerstvy zahrani\u010d\u00ed a obrany.<\/p>\n<p>B\u00edl\u00fd d\u016fm takov\u00e9 report\u00e1\u017ee ozna\u010duje za \u201efale\u0161n\u00e9 zpr\u00e1vy\u201c.<\/p>\n<p>Pokud bude tento krok schv\u00e1len, u\u010din\u00ed svobodu projevu sd\u011blovac\u00edch prost\u0159edk\u016f z\u00e1vislou na tom, kdo je prezidentem a jak\u00e1 je jeho politika, co\u017e by mohlo b\u00fdt fat\u00e1ln\u00ed ranou pro Prvn\u00ed dodatek. Objevuj\u00ed se tak\u00e9 zpr\u00e1vy, \u017ee ministerstvo spravedlnosti\u00a0<a href=\"https:\/\/substack.com\/redirect\/82d6fc7a-da07-430d-bdbf-1c7c2fa5fb0e?j=eyJ1IjoiNzJmdXNuIn0.7Ku8Ojavv6t1SMtc4IS-VRpg8uGyITMLK2qlxpV6moI\" target=\"_blank\" rel=\"external noopener\">jde po konzervativn\u00edch kritic\u00edch v\u00e1lky,<\/a>\u00a0v\u010detn\u011b Tuckera Carlsona, kter\u00fd bude \u00fadajn\u011b vy\u0161et\u0159ov\u00e1n za \u201ep\u016fsoben\u00ed jako agent ciz\u00ed moci\u201c.<\/p>\n<p>Jeden kongresman spojen\u00fd s AIPAC po\u017eaduje, aby byl vy\u0161et\u0159ov\u00e1n pro podez\u0159en\u00ed ze zrady, co\u017e je jedin\u00fd zlo\u010din v \u00dastav\u011b Spojen\u00fdch st\u00e1t\u016f, za kter\u00fd hroz\u00ed trest smrti.<\/p>\n<p>Stejn\u011b tak Joe Kent, naprosto respektovan\u00fd a vysoce vyznamenan\u00fd \u0159editel vl\u00e1dn\u00edho N\u00e1rodn\u00edho protiteroristick\u00e9ho centra USA, kter\u00fd m\u00e1 bez\u00fahonn\u00fd \u017eivotopis, je v m\u00e9di\u00edch kv\u016fli sv\u00e9\u00a0<a href=\"https:\/\/substack.com\/redirect\/529bca9e-382b-4bbf-8394-2c52da93883a?j=eyJ1IjoiNzJmdXNuIn0.7Ku8Ojavv6t1SMtc4IS-VRpg8uGyITMLK2qlxpV6moI\" target=\"_blank\" rel=\"external noopener\">\u00fatern\u00ed rezignaci<\/a>\u00a0z funkce.<\/p>\n<p>Uvedl pro to dva d\u016fvody.<\/p>\n<div class=\"karta\">\n<figure><iframe loading=\"lazy\" title=\"YouTube video player\" src=\"https:\/\/www.youtube.com\/embed\/QdYpKXeIeAM?si=K0_RtlKFE0JfBH9R\" width=\"560\" height=\"315\" frameborder=\"0\" allowfullscreen=\"allowfullscreen\" data-mce-fragment=\"1\"><\/iframe><\/figure>\n<\/div>\n<p>Za prv\u00e9 prohl\u00e1sil, \u017ee tvrzen\u00ed o v\u00e1lce proti \u00cdr\u00e1nu, \u017ee \u00cdr\u00e1n p\u0159edstavuje \u201ebezprost\u0159edn\u00ed hrozbu\u201c pro Spojen\u00e9 st\u00e1ty, je le\u017e, a za druh\u00e9, \u017ee v\u00e1lka byla vedena pro Izrael, nikoli na podporu jak\u00fdchkoli americk\u00fdch n\u00e1rodn\u00edch nebo bezpe\u010dnostn\u00edch z\u00e1jm\u016f. Kent m\u011bl pravdu v ka\u017ed\u00e9m detailu, kdy\u017e pozoroval, jak \u201evysoc\u00ed izrael\u0161t\u00ed \u00fa\u0159edn\u00edci a vlivn\u00ed \u010dlenov\u00e9 americk\u00fdch m\u00e9di\u00ed\u201c tvrd\u011b pracovali na dezinforma\u010dn\u00ed kampani, jej\u00edm\u017e c\u00edlem bylo vyvolat v\u00e1lku proti \u00cdr\u00e1nu ve prosp\u011bch Tel Avivu a premi\u00e9ra Benjamina Netanjahua.<\/p>\n<p>A jak oni, tak Trump a jeho t\u00fdm byli ohledn\u011b tohoto konfliktu vytrval\u00fdmi lh\u00e1\u0159i, kte\u0159\u00ed dokonce za\u0161li tak daleko, \u017ee jej popisovali jako \u201ev\u00fdpravu\u201c nam\u00edsto \u201ev\u00e1lky\u201c, aby jej prodali ve\u0159ejnosti. Trump dokonce lhal o americk\u00e9m bombardov\u00e1n\u00ed v prvn\u00ed den v\u00e1lky, p\u0159i kter\u00e9m zahynulo 170 \u00edr\u00e1nsk\u00fdch \u0161kola\u010dek, kdy\u017e fale\u0161n\u011b tvrdil, \u017ee \u00fatok provedl \u00cdr\u00e1n.<\/p>\n<p>Pokus o diskreditaci Kenta pokra\u010duje plnou parou vp\u0159ed.\u00a0<a href=\"https:\/\/substack.com\/redirect\/3111b30d-97f4-4d8c-a3d2-d2ac868099cf?j=eyJ1IjoiNzJmdXNuIn0.7Ku8Ojavv6t1SMtc4IS-VRpg8uGyITMLK2qlxpV6moI\" target=\"_blank\" rel=\"external noopener\">Podle Trumpa<\/a>: \u201eV\u017edycky jsem si myslel, \u017ee je slab\u00fd v ot\u00e1zk\u00e1ch bezpe\u010dnosti, velmi slab\u00fd v ot\u00e1zk\u00e1ch bezpe\u010dnosti. Nen\u00ed moc dobr\u00fd,\u201c co\u017e je sm\u011b\u0161n\u00e9 tvrzen\u00ed od n\u011bkoho jako prezident, vzhledem k jeho dosavadn\u00edm v\u00fdsledk\u016fm.<\/p>\n<p>A FBI \u00fadajn\u011b vy\u0161et\u0159uje Kenta kv\u016fli \u201e\u00fanik\u016fm utajovan\u00fdch informac\u00ed\u201c, p\u0159i\u010dem\u017e to, co \u00fadajn\u011b uniklo, nebylo odhaleno. Trump tak\u00e9 prok\u00e1zal, jak je to prvot\u0159\u00eddn\u00ed \u010dlov\u011bk, kdy\u017e\u00a0<a href=\"https:\/\/substack.com\/redirect\/f3700dd5-ef77-4b48-bfd7-90920b3d9c09?j=eyJ1IjoiNzJmdXNuIn0.7Ku8Ojavv6t1SMtc4IS-VRpg8uGyITMLK2qlxpV6moI\" target=\"_blank\" rel=\"external noopener\">vyu\u017eil smrt americk\u00fdch voj\u00e1k\u016f<\/a>\u00a0jako n\u00e1vnadu k z\u00edsk\u00e1n\u00ed p\u0159\u00edsp\u011bvk\u016f a dal\u0161\u00ed podpory pro sv\u00e9 vlastn\u00ed politick\u00e9 ak\u010dn\u00ed v\u00fdbory. Zpr\u00e1va, zaslan\u00e1 ve \u010dtvrtek a zaplacen\u00e1 Trumpov\u00fdm registrovan\u00fdm politick\u00fdm ak\u010dn\u00edm v\u00fdborem Never Surrender Inc., inzerovala nov\u00e9 \u201e\u010dlenstv\u00ed v National Security Briefing\u201c a obsahovala n\u011bkolik odkaz\u016f na dary.<\/p>\n<p>\u017d\u00e1dost obsahovala fotografii Trumpa v jeho legra\u010dn\u00ed k\u0161iltovce, jak salutuje rakv\u00edm, kter\u00e9 proj\u00ed\u017ed\u011bly leteckou z\u00e1kladnou Dover. Nedostatek d\u016fstojnosti t\u00e9to \u010depice urazil mnoho aktivn\u00edch voj\u00e1k\u016f i veter\u00e1n\u016f, jako jsem j\u00e1!<\/p>\n<p>A nakonec n\u011bco, co by se mohlo uk\u00e1zat jako\u00a0<a href=\"https:\/\/substack.com\/redirect\/64fce0fa-8c41-45ff-997f-dd27665a9f64?j=eyJ1IjoiNzJmdXNuIn0.7Ku8Ojavv6t1SMtc4IS-VRpg8uGyITMLK2qlxpV6moI\" target=\"_blank\" rel=\"external noopener\">dobr\u00e1 zpr\u00e1va<\/a>! Zpr\u00e1vy o ne\u0161t\u011bst\u00edch nejv\u011bt\u0161\u00ed v\u00e1le\u010dn\u00e9 lodi na sv\u011bt\u011b, letadlov\u00e9 lodi USS Gerald R. Ford, koluj\u00ed ji\u017e n\u011bkolik posledn\u00edch t\u00fddn\u016f, po\u010d\u00ednaje poruchou toalet na lodi, kter\u00e9 vy\u017eadovaly opravy a \u00fadr\u017ebu.<\/p>\n<p>Podle jedn\u00e9 zpr\u00e1vy to mohlo b\u00fdt zp\u016fsobeno \u00famysln\u00fdm ucp\u00e1n\u00edm potrub\u00ed na lodi \u010dleny pos\u00e1dky, kte\u0159\u00ed splachovali a jinak ucp\u00e1vali potrub\u00ed od\u011bvy a jin\u00fdmi \u201enestraviteln\u00fdmi\u201c p\u0159edm\u011bty. Bylo tak\u00e9 hl\u00e1\u0161eno velk\u00e9 30hodinov\u00e9 po\u017e\u00e1ry v lodn\u00ed pr\u00e1deln\u011b, kter\u00e9 si vy\u017e\u00e1daly n\u00e1vrat na Kr\u00e9tu kv\u016fli rozs\u00e1hl\u00fdm oprav\u00e1m. Ford nyn\u00ed opustil opera\u010dn\u00ed oblast spojenou s \u00cdr\u00e1nem.<\/p>\n<p>A objevuj\u00ed se dal\u0161\u00ed informace o vnit\u0159n\u00edch neshod\u00e1ch na m\u00edstech jako Facebook, a\u010dkoli tyto informace nelze ov\u011b\u0159it, t\u00fdkaj\u00edc\u00ed se n\u00e1mo\u0159n\u00edk\u016f odm\u00edtaj\u00edc\u00edch rozkazy a dokonce i d\u016fstojn\u00edk\u016f zpochyb\u0148uj\u00edc\u00edch p\u0159esun lod\u00ed do pozic s bojov\u00fdmi \u00fakoly proti \u00cdr\u00e1nu bez p\u0159\u00edslu\u0161n\u00fdch \u00fastavn\u00edch a v\u00e1le\u010dn\u00fdch opr\u00e1vn\u011bn\u00ed k takov\u00fdm akc\u00edm.<\/p>\n<p>Podle jedn\u00e9 zpr\u00e1vy si voj\u00e1ci i n\u00e1mo\u0159n\u00edci zvykli salutovat sv\u00fdm d\u016fstojn\u00edk\u016fm nikoli odpov\u011bd\u00ed \u201eAno, pane!\u201c, ale sp\u00ed\u0161e \u201eEpstein!\u201c. V n\u011bkter\u00fdch kruz\u00edch se tvrd\u00ed, \u017ee v\u00fdznamn\u00e1 \u010d\u00e1st n\u00e1mo\u0159nictva je \u201eobt\u00ed\u017en\u00e1\u201c, co\u017e mimo jin\u00e9 vyvol\u00e1v\u00e1 z\u00e1chvaty k\u0159iku u hlavn\u00edho vyh\u00fdba\u010de vojensk\u00e9 slu\u017eby Donalda J. Trumpa ohledn\u011b vojensk\u00e9ho person\u00e1lu, kter\u00fd odm\u00edt\u00e1 poslouchat rozkazy. Pokud jsou tyto zpr\u00e1vy pravdiv\u00e9, m\u011bli bychom je v\u0161ichni podporovat, proto\u017ee u\u017e m\u00e1me dost Izraele, Trumpa a v\u00e1lky, kter\u00e1 by se mohla prom\u011bnit v jadernou d\u0159\u00edve, ne\u017e by si kdokoli p\u0159\u00e1l, zejm\u00e9na pokud Izrael za\u010dne utrp\u011bt t\u011b\u017ek\u00e9 ztr\u00e1ty a dostane se do zoufal\u00e9 situace.<\/p>\n<p>Dal\u0161\u00ed v\u011bc, o kter\u00e9 by pan Trump, samozvan\u00fd g\u00e9nius, mo\u017en\u00e1 m\u011bl p\u0159em\u00fd\u0161let, je mo\u017enost, \u017ee pokud se USA rozhodnou omezit ztr\u00e1ty a st\u00e1hnout se z v\u00e1lky proti \u00cdr\u00e1nu, Izrael bude velmi na\u0161tvan\u00fd. Netanjahu by mohl prov\u00e9st fale\u0161nou operaci, podobn\u011b jako tomu mo\u017en\u00e1 bylo v p\u0159\u00edpad\u011b 11. z\u00e1\u0159\u00ed, aby zabil velk\u00fd po\u010det Ameri\u010dan\u016f um\u00edst\u011bn\u00fdch na Bl\u00edzk\u00e9m v\u00fdchod\u011b a svalil vinu na \u00cdr\u00e1n, aby motivoval Trumpa k setrv\u00e1n\u00ed ve v\u00e1lce. Tato mo\u017enost vych\u00e1z\u00ed pouze z podez\u0159en\u00ed, kter\u00e9 v sob\u011b \u017eiv\u00edm, proto\u017ee Trump je ohledn\u011b v\u00e1lky st\u00e1le nerv\u00f3zn\u011bj\u0161\u00ed a Izrael koneckonc\u016f historicky nem\u011bl \u017e\u00e1dn\u00fd probl\u00e9m zab\u00edjet Ameri\u010dany, kdy\u017e to bylo pot\u0159eba. Nebo kohokoli jin\u00e9ho.<\/p>\n<div class=\"podcarou\">\n<p><a href=\"https:\/\/trendsinthenews.substack.com\/p\/giraldi-on-the-road-to-armageddon\" target=\"_blank\" rel=\"external noopener\">On the road to Armageddon<\/a> vy\u0161el 21.3.2026 na trendsinthenews.substack.com<\/p>\n<p>&nbsp;<\/p>\n<\/div>\n","protected":false},"excerpt":{"rendered":"<p>Pete Hegseth \u0159\u00edk\u00e1: \u201eZab\u00edjen\u00ed padouch\u016f stoj\u00ed pen\u00edze!\u201c Myslel jsem si, \u017ee vl\u00e1da Spojen\u00fdch st\u00e1t\u016f dos\u00e1hla&#8230;<\/p>\n","protected":false},"author":2,"featured_media":102651,"comment_status":"closed","ping_status":"closed","sticky":false,"template":"","format":"standard","meta":[],"categories":[7],"tags":[1042,10404,452,40],"_links":{"self":[{"href":"https:\/\/www.infokuryr.cz\/n\/wp-json\/wp\/v2\/posts\/102650"}],"collection":[{"href":"https:\/\/www.infokuryr.cz\/n\/wp-json\/wp\/v2\/posts"}],"about":[{"href":"https:\/\/www.infokuryr.cz\/n\/wp-json\/wp\/v2\/types\/post"}],"author":[{"embeddable":true,"href":"https:\/\/www.infokuryr.cz\/n\/wp-json\/wp\/v2\/users\/2"}],"replies":[{"embeddable":true,"href":"https:\/\/www.infokuryr.cz\/n\/wp-json\/wp\/v2\/comments?post=102650"}],"version-history":[{"count":0,"href":"https:\/\/www.infokuryr.cz\/n\/wp-json\/wp\/v2\/posts\/102650\/revisions"}],"wp:featuredmedia":[{"embeddable":true,"href":"https:\/\/www.infokuryr.cz\/n\/wp-json\/wp\/v2\/media\/102651"}],"wp:attachment":[{"href":"https:\/\/www.infokuryr.cz\/n\/wp-json\/wp\/v2\/media?parent=102650"}],"wp:term":[{"taxonomy":"category","embeddable":true,"href":"https:\/\/www.infokuryr.cz\/n\/wp-json\/wp\/v2\/categories?post=102650"},{"taxonomy":"post_tag","embeddable":true,"href":"https:\/\/www.infokuryr.cz\/n\/wp-json\/wp\/v2\/tags?post=102650"}],"curies":[{"name":"wp","href":"https:\/\/api.w.org\/{rel}","templated":true}]}}