{"id":102642,"date":"2026-03-23T00:32:41","date_gmt":"2026-03-22T23:32:41","guid":{"rendered":"https:\/\/www.infokuryr.cz\/n\/?p=102642"},"modified":"2026-03-22T17:17:40","modified_gmt":"2026-03-22T16:17:40","slug":"popirac-holocaustu-jean-noel-barrot-prepisuje-historii-sionisticke-agrese-proti-iranu-zive-z-tel-avivu","status":"publish","type":"post","link":"https:\/\/www.infokuryr.cz\/n\/2026\/03\/23\/popirac-holocaustu-jean-noel-barrot-prepisuje-historii-sionisticke-agrese-proti-iranu-zive-z-tel-avivu\/","title":{"rendered":"Pop\u00edra\u010d holocaustu Jean-No\u00ebl Barrot p\u0159episuje historii sionistick\u00e9 agrese proti \u00cdr\u00e1nu \u017eiv\u011b z Tel Avivu"},"content":{"rendered":"<div id=\"fb-root\"><\/div>\n<h4><span dir=\"auto\">Opravdov\u00fd festival fale\u0161n\u00fdch zpr\u00e1v\u2026<\/span><\/h4>\n<figure class=\"wp-block-embed is-type-rich is-provider-twitter wp-block-embed-twitter\">\n<div class=\"wp-block-embed__wrapper\">\n<div class=\"embed-twitter\">\n<div class=\"twitter-tweet twitter-tweet-rendered\"><iframe id=\"twitter-widget-0\" class=\"\" title=\"X P\u0159\u00edsp\u011bvek\" src=\"https:\/\/platform.twitter.com\/embed\/Tweet.html?dnt=true&amp;embedId=twitter-widget-0&amp;features=eyJ0ZndfdGltZWxpbmVfbGlzdCI6eyJidWNrZXQiOltdLCJ2ZXJzaW9uIjpudWxsfSwidGZ3X2ZvbGxvd2VyX2NvdW50X3N1bnNldCI6eyJidWNrZXQiOnRydWUsInZlcnNpb24iOm51bGx9LCJ0ZndfdHdlZXRfZWRpdF9iYWNrZW5kIjp7ImJ1Y2tldCI6Im9uIiwidmVyc2lvbiI6bnVsbH0sInRmd19yZWZzcmNfc2Vzc2lvbiI6eyJidWNrZXQiOiJvbiIsInZlcnNpb24iOm51bGx9LCJ0ZndfZm9zbnJfc29mdF9pbnRlcnZlbnRpb25zX2VuYWJsZWQiOnsiYnVja2V0Ijoib24iLCJ2ZXJzaW9uIjpudWxsfSwidGZ3X21peGVkX21lZGlhXzE1ODk3Ijp7ImJ1Y2tldCI6InRyZWF0bWVudCIsInZlcnNpb24iOm51bGx9LCJ0ZndfZXhwZXJpbWVudHNfY29va2llX2V4cGlyYXRpb24iOnsiYnVja2V0IjoxMjA5NjAwLCJ2ZXJzaW9uIjpudWxsfSwidGZ3X3Nob3dfYmlyZHdhdGNoX3Bpdm90c19lbmFibGVkIjp7ImJ1Y2tldCI6Im9uIiwidmVyc2lvbiI6bnVsbH0sInRmd19kdXBsaWNhdGVfc2NyaWJlc190b19zZXR0aW5ncyI6eyJidWNrZXQiOiJvbiIsInZlcnNpb24iOm51bGx9LCJ0ZndfdXNlX3Byb2ZpbGVfaW1hZ2Vfc2hhcGVfZW5hYmxlZCI6eyJidWNrZXQiOiJvbiIsInZlcnNpb24iOm51bGx9LCJ0ZndfdmlkZW9faGxzX2R5bmFtaWNfbWFuaWZlc3RzXzE1MDgyIjp7ImJ1Y2tldCI6InRydWVfYml0cmF0ZSIsInZlcnNpb24iOm51bGx9LCJ0ZndfbGVnYWN5X3RpbWVsaW5lX3N1bnNldCI6eyJidWNrZXQiOnRydWUsInZlcnNpb24iOm51bGx9LCJ0ZndfdHdlZXRfZWRpdF9mcm9udGVuZCI6eyJidWNrZXQiOiJvbiIsInZlcnNpb24iOm51bGx9fQ%3D%3D&amp;frame=false&amp;hideCard=false&amp;hideThread=false&amp;id=2035078539456750062&amp;lang=cs&amp;origin=https%3A%2F%2Freseauinternational.net%2Fle-negationniste-jean-noel-barrot-reecrit-lhistoire-de-lagression-sioniste-contre-liran-en-direct-de-tel-aviv%2F&amp;sessionId=ab56b90cc94cff66a9252a9cd4af7e1cc456b041&amp;theme=light&amp;widgetsVersion=2615f7e52b7e0%3A1702314776716&amp;width=550px\" frameborder=\"0\" scrolling=\"no\" allowfullscreen=\"allowfullscreen\" data-tweet-id=\"2035078539456750062\" data-mce-fragment=\"1\"><\/iframe><\/div>\n<\/div>\n<\/div>\n<\/figure>\n<p><span dir=\"auto\">Francouzsk\u00fd ministr zahrani\u010d\u00ed Jean-No\u00ebl Barrot ozna\u010dil \u00edr\u00e1nsk\u00e9 \u010diny za \u201e\u00a0<\/span><em><span dir=\"auto\">\u00edr\u00e1nskou agresi<\/span><\/em><span dir=\"auto\">\u00a0\u201c a znovu potvrdil, \u017ee \u201e\u00a0<\/span><em><span dir=\"auto\">Izrael m\u00e1 samoz\u0159ejm\u011b pr\u00e1vo se br\u00e1nit<\/span><\/em><span dir=\"auto\">\u00a0\u201c. Odsoudil\u00a0<\/span><em><span dir=\"auto\">\u201enep\u0159ijateln\u00e9 a nezodpov\u011bdn\u00e9 rozhodnut\u00ed\u201c Hizball\u00e1hu<\/span><\/em><span dir=\"auto\">\u00a0zapojit se do operac\u00ed proti Izraeli. Toto prohl\u00e1\u0161en\u00ed zcela obrac\u00ed chronologii ud\u00e1lost\u00ed \u2013 a p\u0159edstavuje \u00famyslnou st\u00e1tn\u00ed le\u017e.<\/span><\/p>\n<p><span dir=\"auto\">Uve\u010fme si v\u011bci na pravou m\u00edru. Izrael za\u00fato\u010dil nejd\u0159\u00edve na \u00cdr\u00e1n, pot\u00e9 na Ji\u017en\u00ed Pars \u2013 nejv\u011bt\u0161\u00ed \u00edr\u00e1nsk\u00e9 z\u00e1sobn\u00edky plynu, civiln\u00ed infrastrukturu chr\u00e1n\u011bnou mezin\u00e1rodn\u00edm humanit\u00e1rn\u00edm pr\u00e1vem. Byl to Trump, kdo 28. \u00fanora bombardoval \u00cdr\u00e1n bez vyhl\u00e1\u0161en\u00ed v\u00e1lky nebo mand\u00e1tu americk\u00e9ho Kongresu. \u00cdr\u00e1n se odplatil. Hizball\u00e1h se p\u0159ipojil ke sv\u00e9mu spojenci, kter\u00fd je napaden. Ozna\u010dov\u00e1n\u00ed reakce ob\u011bti za \u201eagresi\u201c nen\u00ed analytick\u00e1 chyba \u2013 je to \u00famysln\u00e1 politick\u00e1 volba. A nezapom\u00ednejme, \u017ee Tel Aviv podle UNIFIL poru\u0161il p\u0159\u00edm\u011b\u0159\u00ed s Libanonem v\u00edce ne\u017e 10 000kr\u00e1t!<\/span><\/p>\n<p><span dir=\"auto\">Barrot vyu\u017e\u00edv\u00e1 klasick\u00fd atlantick\u00fd narativn\u00ed r\u00e1mec: film se za\u010d\u00edn\u00e1 v polovin\u011b, vynech\u00e1vaj\u00ed se prvn\u00ed \u00fadery a agresora se st\u00e1v\u00e1 ob\u011bt\u00ed. Stejn\u00e1 r\u00e9torika byla pou\u017eita k ospravedln\u011bn\u00ed Ir\u00e1ku v roce 2003, Libye v roce 2011 a ka\u017ed\u00e9 z\u00e1padn\u00ed intervence od t\u00e9 doby. Francie \u2013 znovuza\u010dlen\u011bn\u00e1 do vojensk\u00e9ho velen\u00ed NATO pod Sarkozym \u2013 ji\u017e nem\u00e1 nez\u00e1vislou zahrani\u010dn\u00ed politiku. M\u00e1 atlantickou a sionistickou komunika\u010dn\u00ed strategii, kter\u00e1 je v rozporu s na\u0161imi z\u00e1jmy.<\/span><\/p>\n<p><span dir=\"auto\">Struktur\u00e1ln\u00ed d\u016fvody jsou dob\u0159e zdokumentov\u00e1ny. Protire\u010den\u00ed Washingtonu uprost\u0159ed v\u00e1lky vystavuje Francii okam\u017eit\u00fdm diplomatick\u00fdm a obchodn\u00edm odvetn\u00fdm opat\u0159en\u00edm. Proizraelsk\u00e1 lobby m\u00e1 na Quai d&#8217;Orsay zna\u010dn\u00fd vliv po cel\u00e1 desetilet\u00ed. A uzn\u00e1n\u00ed, \u017ee Izrael ude\u0159il prvn\u00ed, by otev\u0159elo Pando\u0159inu sk\u0159\u00ed\u0148ku ohledn\u011b Gazy, Libanonu a Z\u00e1padn\u00edho b\u0159ehu Jord\u00e1nu \u2013 a podkopalo by tak t\u0159i roky trvaj\u00edc\u00ed ofici\u00e1ln\u00ed francouzskou pozici.<\/span><\/p>\n<p><span dir=\"auto\">Barrot nel\u017ee z osobn\u00edho p\u0159esv\u011bd\u010den\u00ed \u2013 l\u017ee na z\u00e1klad\u011b sv\u00e9 pozice. Je to role, kter\u00e1 je v roce 2026 p\u0159id\u011blena z\u00e1padn\u00edmu ministrovi zahrani\u010d\u00ed: p\u0159izp\u016fsobit realitu z\u00e1jm\u016fm Atlantick\u00e9 aliance. Probl\u00e9m je v tom, \u017ee tato r\u00e9torika m\u00e1 p\u0159\u00edmou lidskou cenu. Ka\u017ed\u00e9 prohl\u00e1\u0161en\u00ed, kter\u00e9 legitimizuje izraelsko-americkou agresi a kriminalizuje \u00edr\u00e1nskou reakci, prodlu\u017euje v\u00e1lku, kter\u00e1 zab\u00edj\u00ed tis\u00edce civilist\u016f a ohro\u017euje z\u00e1sobov\u00e1n\u00ed energi\u00ed milion\u016f Evropan\u016f.<\/span><\/p>\n<h3 class=\"wp-block-heading\"><span dir=\"auto\">Francie v ohro\u017een\u00ed<\/span><\/h3>\n<p><span dir=\"auto\">Toto je skute\u010dn\u00e9 a zdokumentovan\u00e9. Ve\u0159ejn\u00fdm sjednocen\u00edm Francie s americko-izraelsk\u00fdm postojem:<\/span><\/p>\n<ul>\n<li><strong><span dir=\"auto\">Francie se st\u00e1v\u00e1 legitimn\u00edm c\u00edlem v o\u010d\u00edch \u00cdr\u00e1nu a Hizball\u00e1hu<\/span><\/strong><\/li>\n<li><strong><span dir=\"auto\">Francouzsk\u00e9 z\u00e1kladny na Bl\u00edzk\u00e9m v\u00fdchod\u011b jsou odhaleny<\/span><\/strong><\/li>\n<li><strong><span dir=\"auto\">Francouz\u0161t\u00ed ob\u010dan\u00e9 v regionu jsou v ohro\u017een\u00ed<\/span><\/strong><\/li>\n<li><strong><span dir=\"auto\">Francie ztr\u00e1c\u00ed ve\u0161kerou roli d\u016fv\u011bryhodn\u00e9ho prost\u0159edn\u00edka \u2013 jedin\u00e9ho, \u200b\u200bkter\u00fd j\u00ed mohl d\u00e1t skute\u010dn\u00fd vliv.<\/span><\/strong><\/li>\n<li><strong><span dir=\"auto\">Francouzsk\u00e9 energetick\u00e9 z\u00e1jmy v Kataru a Persk\u00e9m z\u00e1livu jsou oslabeny<\/span><\/strong><\/li>\n<\/ul>\n<p><span dir=\"auto\">Macron v\u0161ak navrhl moratorium na \u00fatoky proti civiln\u00ed infrastruktu\u0159e \u2013 co\u017e nazna\u010dovalo vyv\u00e1\u017een\u011bj\u0161\u00ed postoj. Barrot tento postoj ve\u0159ejn\u011b vyvrac\u00ed, co\u017e jen demonstruje Macronovu pod\u0159\u00edzenost od sam\u00e9ho za\u010d\u00e1tku.<\/span><\/p>\n<p><em><span dir=\"auto\">Zdroj:\u00a0<\/span><a title=\"Volnomy\u0161lenk\u00e1\u0159\" href=\"https:\/\/www.lelibrepenseur.org\/le-negationniste-jean-noel-barrot-reecrit-lhistoire-de-lagression-sioniste-contre-liran-en-direct-de-tel-aviv\/\" target=\"_blank\" rel=\"noopener\"><span dir=\"auto\">The Free Thinker<\/span><\/a><\/em><\/p>\n<p>&nbsp;<\/p>\n","protected":false},"excerpt":{"rendered":"<p>Opravdov\u00fd festival fale\u0161n\u00fdch zpr\u00e1v\u2026 Francouzsk\u00fd ministr zahrani\u010d\u00ed Jean-No\u00ebl Barrot ozna\u010dil \u00edr\u00e1nsk\u00e9 \u010diny za \u201e\u00a0\u00edr\u00e1nskou agresi\u00a0\u201c&#8230;<\/p>\n","protected":false},"author":2,"featured_media":102643,"comment_status":"closed","ping_status":"closed","sticky":false,"template":"","format":"standard","meta":[],"categories":[7],"tags":[738,130,458,4145],"_links":{"self":[{"href":"https:\/\/www.infokuryr.cz\/n\/wp-json\/wp\/v2\/posts\/102642"}],"collection":[{"href":"https:\/\/www.infokuryr.cz\/n\/wp-json\/wp\/v2\/posts"}],"about":[{"href":"https:\/\/www.infokuryr.cz\/n\/wp-json\/wp\/v2\/types\/post"}],"author":[{"embeddable":true,"href":"https:\/\/www.infokuryr.cz\/n\/wp-json\/wp\/v2\/users\/2"}],"replies":[{"embeddable":true,"href":"https:\/\/www.infokuryr.cz\/n\/wp-json\/wp\/v2\/comments?post=102642"}],"version-history":[{"count":0,"href":"https:\/\/www.infokuryr.cz\/n\/wp-json\/wp\/v2\/posts\/102642\/revisions"}],"wp:featuredmedia":[{"embeddable":true,"href":"https:\/\/www.infokuryr.cz\/n\/wp-json\/wp\/v2\/media\/102643"}],"wp:attachment":[{"href":"https:\/\/www.infokuryr.cz\/n\/wp-json\/wp\/v2\/media?parent=102642"}],"wp:term":[{"taxonomy":"category","embeddable":true,"href":"https:\/\/www.infokuryr.cz\/n\/wp-json\/wp\/v2\/categories?post=102642"},{"taxonomy":"post_tag","embeddable":true,"href":"https:\/\/www.infokuryr.cz\/n\/wp-json\/wp\/v2\/tags?post=102642"}],"curies":[{"name":"wp","href":"https:\/\/api.w.org\/{rel}","templated":true}]}}