{"id":102635,"date":"2026-03-23T00:26:58","date_gmt":"2026-03-22T23:26:58","guid":{"rendered":"https:\/\/www.infokuryr.cz\/n\/?p=102635"},"modified":"2026-03-22T17:03:30","modified_gmt":"2026-03-22T16:03:30","slug":"zintenzivnit-stahnout-se-nebo-vyjednavat-trumpovo-valecne-dilema","status":"publish","type":"post","link":"https:\/\/www.infokuryr.cz\/n\/2026\/03\/23\/zintenzivnit-stahnout-se-nebo-vyjednavat-trumpovo-valecne-dilema\/","title":{"rendered":"Zintenzivnit, st\u00e1hnout se, nebo vyjedn\u00e1vat? Trumpovo v\u00e1le\u010dn\u00e9 dilema"},"content":{"rendered":"<div id=\"fb-root\"><\/div>\n<p><strong><span dir=\"auto\">Po v\u00edce ne\u017e dvou t\u00fddnech izraelsko-americk\u00e9 v\u00e1lky proti \u00cdr\u00e1nu se americk\u00fd prezident Donald Trump ocit\u00e1 v kl\u00ed\u010dov\u00e9m bod\u011b zlomu. Konflikt se rychle rozrostl v region\u00e1ln\u00ed konfrontaci zahrnuj\u00edc\u00ed vojensk\u00e9, ekonomick\u00e9, politick\u00e9 a osobn\u00ed faktory.<\/span><\/strong><\/p>\n<p><span dir=\"auto\">Ve Washingtonu se pozornost p\u0159esunula od snahy o rychl\u00e9 v\u00edt\u011bzstv\u00ed k zam\u011b\u0159en\u00ed na pot\u0159ebu vyhnout se dlouh\u00e9 a n\u00e1kladn\u00e9 v\u00e1lce. Neexistoval jasn\u00fd opera\u010dn\u00ed pl\u00e1n k dosa\u017een\u00ed konkr\u00e9tn\u00edch c\u00edl\u016f, a proto c\u00edle z\u016fst\u00e1valy v\u00e1gn\u00ed a nekoordinovan\u00e9.<\/span><\/p>\n<p><span dir=\"auto\">Po\u010d\u00e1te\u010dn\u00ed p\u0159edpoklady se uk\u00e1zaly jako chybn\u00e9 a rozhodnut\u00ed se nyn\u00ed \u010din\u00ed denn\u011b v z\u00e1vislosti na v\u00fdvoji situace, bez jasn\u00e9ho konce v dohledu. Rostouc\u00ed slo\u017eitost zt\u011b\u017euje t\u011bm, kdo v\u00e1lku zah\u00e1jili, jej\u00ed ukon\u010den\u00ed na z\u00e1klad\u011b dosud dosa\u017een\u00fdch v\u00fdsledk\u016f, kter\u00e9 zdaleka nedosahuj\u00ed jejich deklarovan\u00fdch ambic\u00ed. Rostouc\u00ed n\u00e1klady na boje d\u00e1le podkop\u00e1vaj\u00ed jejich opodstatn\u011bnost.<\/span><\/p>\n<p><span dir=\"auto\">Zd\u00e1 se, \u017ee se objevuj\u00ed dv\u011b hlavn\u00ed cesty. Prvn\u00ed zahrnuje pokra\u010duj\u00edc\u00ed vojenskou eskalaci k dosa\u017een\u00ed americk\u00fdch a izraelsk\u00fdch c\u00edl\u016f. Tato mo\u017enost v\u0161ak s sebou nese rizika. Konflikt by se mohl roz\u0161\u00ed\u0159it, americk\u00e9 s\u00edly by se dostaly pod zv\u00fd\u0161en\u00fd tlak a ekonomick\u00e9 a politick\u00e9 n\u00e1klady by se mohly zv\u00fd\u0161it, a to jak na dom\u00e1c\u00ed, tak i na mezin\u00e1rodn\u00ed \u00farovni. Podpora n\u011bkter\u00fdch spojenc\u016f by se tak\u00e9 mohla oslabit.<\/span><\/p>\n<p><span dir=\"auto\">Druh\u00e1 mo\u017enost zahrnuje postupn\u00e9 sta\u017een\u00ed USA z arm\u00e1dy prezentovan\u00e9 jako v\u00edt\u011bzstv\u00ed. To by omezilo okam\u017eit\u00e9 n\u00e1klady pro Washington, ale vyvolalo by to ot\u00e1zky d\u016fv\u011bryhodnosti a mezin\u00e1rodn\u00edho vlivu. Umo\u017enilo by to \u00cdr\u00e1nu pos\u00edlit se a z\u00e1rove\u0148 by mu to dalo p\u0159\u00edle\u017eitost obnovit jeho jadern\u00e9 a balistick\u00e9 schopnosti a obnovit jeho region\u00e1ln\u00ed vliv, kter\u00fd by se pravd\u011bpodobn\u011b zv\u00fd\u0161il, jakmile by re\u017eim byl mimo nebezpe\u010d\u00ed.<\/span><\/p>\n<p><span dir=\"auto\">Kl\u00ed\u010dov\u00fdm prvkem konfliktu je uzav\u0159en\u00ed Hormuzsk\u00e9ho pr\u016flivu. \u00cdr\u00e1n zneu\u017e\u00edv\u00e1 sv\u00e9 geografick\u00e9 polohy k naru\u0161en\u00ed glob\u00e1ln\u00edho obchodu, co\u017e zp\u016fsobuje zna\u010dn\u00e9 p\u0159eru\u0161en\u00ed dod\u00e1vek ropy.<\/span><\/p>\n<p><span dir=\"auto\">P\u0159esto\u017ee americk\u00e1 prohl\u00e1\u0161en\u00ed bagatelizuj\u00ed dopad krize, Washington po\u017e\u00e1dal mezin\u00e1rodn\u00ed mocnosti, v\u010detn\u011b \u010c\u00edny, Francie, Japonska, Spojen\u00e9ho kr\u00e1lovstv\u00ed a Ji\u017en\u00ed Koreje, aby pomohly zabezpe\u010dit plavbu, co\u017e znamen\u00e1, \u017ee krize je mimo mo\u017enosti samotn\u00fdch Spojen\u00fdch st\u00e1t\u016f.<\/span><\/p>\n<p><span dir=\"auto\">Situaci d\u00e1le komplikuj\u00ed z\u00e1soby obohacen\u00e9ho uranu v Isfah\u00e1nu. Jejich bezpe\u010dn\u00e9 skladov\u00e1n\u00ed omezuje \u00fa\u010dinnost leteck\u00fdch \u00fader\u016f a \u010din\u00ed jakoukoli pozemn\u00ed operaci extr\u00e9mn\u011b riskantn\u00ed. To \u010d\u00e1ste\u010dn\u011b vysv\u011btluje v\u00e1h\u00e1n\u00ed Spojen\u00fdch st\u00e1t\u016f s rozhodn\u00fdmi kroky proti nim a z\u00e1rove\u0148 komplikuje jak\u00e9koli narativ o v\u00edt\u011bzstv\u00ed.<\/span><\/p>\n<p><span dir=\"auto\">Od za\u010d\u00e1tku v\u00e1lky \u00cdr\u00e1n prok\u00e1zal silnou vnit\u0159n\u00ed soudr\u017enost, a to navzdory zna\u010dn\u00fdm vojensk\u00fdm a ekonomick\u00fdm rozd\u00edl\u016fm se Spojen\u00fdmi st\u00e1ty a jejich spojenci. Politick\u00e9 a ter\u00e9nn\u00ed ukazatele nazna\u010duj\u00ed sp\u00ed\u0161e schopnost adaptace a reorganizace ne\u017e \u00fapadku, co\u017e \u00cdr\u00e1nu umo\u017e\u0148uje udr\u017eet si odolnost.<\/span><\/p>\n<p><span dir=\"auto\">Pokusy o podn\u011bcov\u00e1n\u00ed vnit\u0159n\u00edho disentu dosud selhaly. \u017d\u00e1dn\u00e9 dom\u00e1c\u00ed hnut\u00ed skute\u010dn\u011b nezpochybnilo re\u017eim ani neoslabilo jeho vliv. Ve skute\u010dnosti se zd\u00e1, \u017ee vn\u011bj\u0161\u00ed konfrontace posiluje n\u00e1rodn\u00ed jednotu a komplikuje washingtonsk\u00e9 v\u00fdpo\u010dty.<\/span><\/p>\n<p><span dir=\"auto\">Mezit\u00edm se v americko-izraelsk\u00e9m t\u00e1bo\u0159e objevuj\u00ed neshody. Spojen\u00e9 st\u00e1ty up\u0159ednost\u0148uj\u00ed zdr\u017eenlivost, zat\u00edmco Izrael prosazuje zv\u00fd\u0161en\u00fd tlak. Tyto odli\u0161n\u00e9 p\u0159\u00edstupy vytv\u00e1\u0159ej\u00ed pro Washington dal\u0161\u00ed v\u00fdzvy, ani\u017e by v\u0161ak ohro\u017eovaly strategickou alianci.<\/span><\/p>\n<p><span dir=\"auto\">Vzhledem k t\u011bmto faktor\u016fm se pro nadch\u00e1zej\u00edc\u00ed f\u00e1zi jev\u00ed n\u011bkolik mo\u017en\u00fdch sc\u00e9n\u00e1\u0159\u016f. Jeden zahrnuje omezenou eskalaci v kr\u00e1tk\u00e9m obdob\u00ed, kter\u00e1 vyvrchol\u00ed rozs\u00e1hlou operac\u00ed, je\u017e by Trumpovi mohla nab\u00eddnout politick\u00e9 v\u00fdchodisko, a n\u00e1sledn\u011b postupn\u00e9 sni\u017eov\u00e1n\u00ed vojensk\u00e9 p\u0159\u00edtomnosti p\u0159i zachov\u00e1n\u00ed ekonomick\u00e9ho tlaku. V\u0161echny mo\u017enosti takov\u00e9 operace s sebou nesou rizika a znepokojuj\u00ed tv\u016frce politik.<\/span><\/p>\n<p><span dir=\"auto\">Dal\u0161\u00ed mo\u017enost\u00ed je prov\u00e9st c\u00edlen\u00e9 \u00fadery na \u00edr\u00e1nskou ropnou infrastrukturu, kter\u00e9 by m\u011bly p\u0159\u00edm\u00fd ekonomick\u00fd dopad bez slo\u017eit\u00fdch pozemn\u00edch operac\u00ed, ale to s sebou nese riziko \u00edr\u00e1nsk\u00e9 odvety, kter\u00e1 by mohla naru\u0161it i v\u00fdvoz ropy ze Z\u00e1livu.<\/span><\/p>\n<p><span dir=\"auto\">T\u0159et\u00ed cesta zahrnuje nep\u0159\u00edm\u00fd vyjedn\u00e1vac\u00ed kan\u00e1l, pravd\u011bpodobn\u011b p\u0159es \u010c\u00ednu, kter\u00fd uplat\u0148uje vliv na \u00cdr\u00e1n a mohl by ob\u011bma stran\u00e1m umo\u017enit opustit konfrontaci bez \u00fapln\u00e9 ztr\u00e1ty d\u016fv\u011bryhodnosti, a\u010dkoli Washington tuto mo\u017enost pravd\u011bpodobn\u011b nep\u0159ijme, pokud se n\u00e1klady na jin\u00e1 \u0159e\u0161en\u00ed nestanou neudr\u017eiteln\u00fdmi.<\/span><\/p>\n<p><span dir=\"auto\">Z dlouhodob\u00e9ho hlediska, pokud v\u00e1lka rozhodn\u011b neskon\u010d\u00ed, co\u017e se zd\u00e1 pravd\u011bpodobn\u00e9, by se konflikt mohl vyvinout v nep\u0159\u00edmou vy\u010derp\u00e1vac\u00ed v\u00e1lku, vedenou prost\u0159ednictv\u00edm ekonomick\u00fdch, kybernetick\u00fdch a bezpe\u010dnostn\u00edch n\u00e1stroj\u016f, zat\u00edmco p\u0159\u00edm\u00e9 vojensk\u00e9 operace se zmen\u0161\u00ed. V\u00e1lka m\u00e1 tendenci sp\u00ed\u0161e p\u0159edefinovat pravidla zapojen\u00ed, ne\u017e aby dos\u00e1hla jasn\u00e9ho vojensk\u00e9ho v\u00edt\u011bzstv\u00ed. Trumpova strategie si klade za c\u00edl sladit pot\u0159ebu zabr\u00e1nit vy\u010derp\u00e1n\u00ed s udr\u017een\u00edm odstra\u0161uj\u00edc\u00edho \u00fa\u010dinku, zejm\u00e9na vzhledem k odolnosti \u00cdr\u00e1nu a jeho schopnosti man\u00e9vrovat pod tlakem.<\/span><\/p>\n<p><span dir=\"auto\">Dal\u0161\u00ed f\u00e1ze nakonec nejen utv\u00e1\u0159\u00ed trajektorii a v\u00fdsledek v\u00e1lky, ale tak\u00e9 p\u0159etvo\u0159\u00ed region\u00e1ln\u00ed a mezin\u00e1rodn\u00ed rovnov\u00e1hu s n\u00e1sledky, kter\u00e9 by mohly trvat roky.<\/span><\/p>\n<p><em><span dir=\"auto\">od\u00a0<\/span><strong><span dir=\"auto\">Yahya Dbouka<\/span><\/strong><\/em><\/p>\n<p><span dir=\"auto\">Zdroj: <\/span><a title=\"\" href=\"https:\/\/en.al-akhbar.com\/news\/trump-s-war-dilemma--escalate--withdraw--or-negotiate\" target=\"_blank\" rel=\"noopener\"><span dir=\"auto\">Al-Akhbar<\/span><\/a><\/p>\n<p>&nbsp;<\/p>\n","protected":false},"excerpt":{"rendered":"<p>Po v\u00edce ne\u017e dvou t\u00fddnech izraelsko-americk\u00e9 v\u00e1lky proti \u00cdr\u00e1nu se americk\u00fd prezident Donald Trump ocit\u00e1&#8230;<\/p>\n","protected":false},"author":2,"featured_media":102636,"comment_status":"closed","ping_status":"closed","sticky":false,"template":"","format":"standard","meta":[],"categories":[7],"tags":[1042,38,37,40],"_links":{"self":[{"href":"https:\/\/www.infokuryr.cz\/n\/wp-json\/wp\/v2\/posts\/102635"}],"collection":[{"href":"https:\/\/www.infokuryr.cz\/n\/wp-json\/wp\/v2\/posts"}],"about":[{"href":"https:\/\/www.infokuryr.cz\/n\/wp-json\/wp\/v2\/types\/post"}],"author":[{"embeddable":true,"href":"https:\/\/www.infokuryr.cz\/n\/wp-json\/wp\/v2\/users\/2"}],"replies":[{"embeddable":true,"href":"https:\/\/www.infokuryr.cz\/n\/wp-json\/wp\/v2\/comments?post=102635"}],"version-history":[{"count":0,"href":"https:\/\/www.infokuryr.cz\/n\/wp-json\/wp\/v2\/posts\/102635\/revisions"}],"wp:featuredmedia":[{"embeddable":true,"href":"https:\/\/www.infokuryr.cz\/n\/wp-json\/wp\/v2\/media\/102636"}],"wp:attachment":[{"href":"https:\/\/www.infokuryr.cz\/n\/wp-json\/wp\/v2\/media?parent=102635"}],"wp:term":[{"taxonomy":"category","embeddable":true,"href":"https:\/\/www.infokuryr.cz\/n\/wp-json\/wp\/v2\/categories?post=102635"},{"taxonomy":"post_tag","embeddable":true,"href":"https:\/\/www.infokuryr.cz\/n\/wp-json\/wp\/v2\/tags?post=102635"}],"curies":[{"name":"wp","href":"https:\/\/api.w.org\/{rel}","templated":true}]}}