{"id":102632,"date":"2026-03-23T00:29:18","date_gmt":"2026-03-22T23:29:18","guid":{"rendered":"https:\/\/www.infokuryr.cz\/n\/?p=102632"},"modified":"2026-03-22T16:54:28","modified_gmt":"2026-03-22T15:54:28","slug":"zdenek-koudelka-demonstranti-z-letne-kde-jste-byli-pred-5-lety","status":"publish","type":"post","link":"https:\/\/www.infokuryr.cz\/n\/2026\/03\/23\/zdenek-koudelka-demonstranti-z-letne-kde-jste-byli-pred-5-lety\/","title":{"rendered":"Zden\u011bk Koudelka: Demonstranti z Letn\u00e9 \u2013 kde jste byli p\u0159ed 5 lety?"},"content":{"rendered":"<div id=\"fb-root\"><\/div>\n<p><strong>Na pra\u017esk\u00e9 Letn\u00e9 se 22. 3. 2026 demonstrovalo proti Babi\u0161ovi a za komunistick\u00e9ho rozv\u011bd\u010d\u00edka z\u00a0Hradu. To\u017e dob\u0159e, ale pozd\u011b.<\/strong><\/p>\n<p>Skute\u010dn\u00e9 demonstrace proti Babi\u0161ov\u011b vl\u00e1d\u011b na ochranu demokracie a pr\u00e1v lid\u00ed byly za covidu p\u0159ed 5 lety. V\u00a0Praze proti nim Babi\u0161ova vl\u00e1da nasadila polici. V\u00a0Brn\u011b cht\u011bla policie po ka\u017ed\u00e9m protestuj\u00edc\u00edm ob\u010danku, nakonec demonstraci rozpustili a zatkli hlavn\u00edho organiz\u00e1tora. Tehdy byl protest proti vl\u00e1d\u011b spojen s\u00a0hrozbou zat\u010den\u00ed za to, \u017ee lid\u00e9 cht\u011bli svobodu chodit do hospody a nenechali se donutit k\u00a0nepovinn\u00e9mu o\u010dkov\u00e1n\u00ed, o kter\u00e9m vl\u00e1da a jej\u00ed nohsledi lhali, \u017ee kdo je o\u010dkovan\u00fd se nem\u016f\u017ee covidem nakazit s\u00e1m, ani nikoho nenakaz\u00ed. Moc drsn\u011b zasahovala a diskriminovala ty, kte\u0159\u00ed se postavili tlaku na o\u010dkov\u00e1n\u00ed, za kter\u00fdm byly obrovsk\u00e9 zisky v\u00fdrobc\u016f vakc\u00edn.<\/p>\n<p>Protivl\u00e1dn\u00edch demonstrac\u00ed jsem se za covidu aktivn\u011b \u00fa\u010dastnil i jako \u0159e\u010dn\u00edk. A kde byl Milion chvilek, kde byli ti Trojanov\u00e9 a Sv\u011br\u00e1kov\u00e9? Zvedli hlas na obranu zat\u010den\u00fdch? Zvedli hlas na obranu svobody lid\u00ed, zvedli hlas proti farmakologick\u00e9 mafii? Ne! Byli zalezl\u00ed. Proto\u017ee jsem s\u00a0Trojanem a Sv\u011br\u00e1kem nebyl tehdy zbab\u011bl\u00fd, nemus\u00edm b\u00fdt nyn\u00ed s\u00a0nimi na Letn\u00e9 \u201estate\u010dn\u00fd\u201c. Na Letn\u00e9 \u017e\u00e1dn\u00fd z\u00e1sah proti demonstrant\u016fm nehrozil a demonstrovalo se i za pokra\u010dov\u00e1n\u00ed neobjektivity, nevyv\u00e1\u017eenosti a l\u017eipublicistiky \u010cesk\u00e9 televize.<\/p>\n<p>Za covidu se proti Babi\u0161ovi demonstrovalo za to, aby lid\u00e9 mohli \u017e\u00edt svobodn\u011b, ne za to, aby jin\u00ed byli omezov\u00e1ni. Kdo uv\u011b\u0159il reklamn\u011b na covidov\u00e9 o\u010dkov\u00e1n\u00ed, a\u0165 si je klidn\u011b p\u00edch\u00e1. Tehdej\u0161\u00ed demonstranti necht\u011bli omezit jin\u00e9, jen se necht\u011bli podvolit moci. Nyn\u011bj\u0161\u00ed demonstranti na Letn\u00e9 v\u0161ak cht\u011bj\u00ed, aby pokra\u010dovalo zotro\u010den\u00ed mnoha lid\u00ed, kte\u0159\u00ed mus\u00ed platit na \u010ceskou televizi, na l\u017ei v\u00a0Ot\u00e1zk\u00e1ch V\u00e1clava Moravce a podobn\u00fdch po\u0159adech. Cht\u011bj\u00ed, abych nad\u00e1le skrze nucen\u00fd koncesion\u00e1\u0159sk\u00fd poplatek financoval \u010ceskou televizi, kterou financovat nechci. Pro mne je v\u0161ak \u010cesk\u00e1 televize to, co \u010ceskoslovensk\u00e1 televize do listopadu 1989. Neobjektivn\u00ed a ned\u016fv\u011bryhodn\u00e1 instituce. Jak jsem p\u0159ed 5 lety demonstroval proti Babi\u0161ov\u011b vl\u00e1d\u011b, nyn\u00ed ji fand\u00edm, \u017ee n\u00e1s \u010deskotelevizn\u00edho otroctv\u00ed zbav\u00ed.<\/p>\n<p><a href=\"https:\/\/web.litterate.cz\/demonstranti-z-letne-kde-jste-byli-pred-5-lety\/\">Zden\u011bk Koudelka<\/a><\/p>\n<p><img decoding=\"async\" loading=\"lazy\" class=\"alignnone size-medium wp-image-91027\" src=\"http:\/\/www.infokuryr.cz\/n\/wp-content\/uploads\/2025\/10\/koudelka-pravnik-300x175.jpg\" alt=\"\" width=\"300\" height=\"175\" srcset=\"https:\/\/www.infokuryr.cz\/n\/wp-content\/uploads\/2025\/10\/koudelka-pravnik-300x175.jpg 300w, https:\/\/www.infokuryr.cz\/n\/wp-content\/uploads\/2025\/10\/koudelka-pravnik.jpg 675w\" sizes=\"(max-width: 300px) 100vw, 300px\" \/><\/p>\n<p>&nbsp;<\/p>\n","protected":false},"excerpt":{"rendered":"<p>Na pra\u017esk\u00e9 Letn\u00e9 se 22. 3. 2026 demonstrovalo proti Babi\u0161ovi a za komunistick\u00e9ho rozv\u011bd\u010d\u00edka z\u00a0Hradu&#8230;.<\/p>\n","protected":false},"author":2,"featured_media":99291,"comment_status":"closed","ping_status":"closed","sticky":false,"template":"","format":"standard","meta":[],"categories":[6],"tags":[1577,1503,2808,257],"_links":{"self":[{"href":"https:\/\/www.infokuryr.cz\/n\/wp-json\/wp\/v2\/posts\/102632"}],"collection":[{"href":"https:\/\/www.infokuryr.cz\/n\/wp-json\/wp\/v2\/posts"}],"about":[{"href":"https:\/\/www.infokuryr.cz\/n\/wp-json\/wp\/v2\/types\/post"}],"author":[{"embeddable":true,"href":"https:\/\/www.infokuryr.cz\/n\/wp-json\/wp\/v2\/users\/2"}],"replies":[{"embeddable":true,"href":"https:\/\/www.infokuryr.cz\/n\/wp-json\/wp\/v2\/comments?post=102632"}],"version-history":[{"count":0,"href":"https:\/\/www.infokuryr.cz\/n\/wp-json\/wp\/v2\/posts\/102632\/revisions"}],"wp:featuredmedia":[{"embeddable":true,"href":"https:\/\/www.infokuryr.cz\/n\/wp-json\/wp\/v2\/media\/99291"}],"wp:attachment":[{"href":"https:\/\/www.infokuryr.cz\/n\/wp-json\/wp\/v2\/media?parent=102632"}],"wp:term":[{"taxonomy":"category","embeddable":true,"href":"https:\/\/www.infokuryr.cz\/n\/wp-json\/wp\/v2\/categories?post=102632"},{"taxonomy":"post_tag","embeddable":true,"href":"https:\/\/www.infokuryr.cz\/n\/wp-json\/wp\/v2\/tags?post=102632"}],"curies":[{"name":"wp","href":"https:\/\/api.w.org\/{rel}","templated":true}]}}