{"id":102624,"date":"2026-03-23T00:19:17","date_gmt":"2026-03-22T23:19:17","guid":{"rendered":"https:\/\/www.infokuryr.cz\/n\/?p=102624"},"modified":"2026-03-22T14:54:37","modified_gmt":"2026-03-22T13:54:37","slug":"sabotaz-na-podporu-palestincu-protiruska-provokace-tajnych-sluzeb-ve-stylu-vrbetice-2-0","status":"publish","type":"post","link":"https:\/\/www.infokuryr.cz\/n\/2026\/03\/23\/sabotaz-na-podporu-palestincu-protiruska-provokace-tajnych-sluzeb-ve-stylu-vrbetice-2-0\/","title":{"rendered":"Sabot\u00e1\u017e na podporu Palestinc\u016f, protirusk\u00e1 provokace tajn\u00fdch slu\u017eeb ve stylu Vrb\u011btice 2.0"},"content":{"rendered":"<div id=\"fb-root\"><\/div>\n<h4>Sabot\u00e1\u017e na podporu Palestinc\u016f, protirusk\u00e1 provokace tajn\u00fdch slu\u017eeb ve stylu Vrb\u011btice 2.0, objedn\u00e1vka na uta\u017een\u00ed \u0161roub\u016f v projedn\u00e1van\u00e9m z\u00e1kon\u011b DSA s c\u00edlem zak\u00e1zat kritiku sionismu v \u010cR, anebo varov\u00e1n\u00ed Babi\u0161ov\u011b vl\u00e1d\u011b za podraz Lond\u00fdna? \u00datok podzemn\u00ed skupiny Earthquake Faction na v\u00fdrobn\u00ed halu zbroja\u0159sk\u00e9 firmy dod\u00e1vaj\u00edc\u00ed drony na Ukrajinu vyvol\u00e1v\u00e1 podez\u0159en\u00ed, \u017ee n\u011bco tady nehraje!<\/h4>\n<p>V noci ze \u010dtvrtka na p\u00e1tek prob\u011bhl v Pardubic\u00edch v are\u00e1lu zbroja\u0159sk\u00e9 firmy LLP Holding \u00fatok na v\u00fdrobn\u00ed halu, kde se vyr\u00e1b\u011bly drony, p\u0159ev\u00e1\u017en\u011b pro Ukrajinu.\u00a0<strong>K sabot\u00e1\u017ei se p\u0159ihl\u00e1sila nov\u00e1 podzemn\u00ed skupina Earthquake Faction a na sv\u00e9m webu [<a href=\"https:\/\/href.li\/?https:\/\/earthquakefaction.net\/\" target=\"_blank\" rel=\"nofollow noopener\">1<\/a>] vydala komunik\u00e9 k cel\u00e9 akci.<\/strong>\u00a0Sou\u010dasn\u011b s t\u00edm na web zav\u011bsila i videa z akce, kter\u00e1 zachycuj\u00ed stejn\u00e9 z\u00e1b\u011bry, ale r\u016fzn\u011b sest\u0159\u00edhan\u00e9 a v r\u016fzn\u00fdch form\u00e1tech pro web a soci\u00e1ln\u00ed s\u00edt\u011b.<\/p>\n<p>Na videu je mo\u017en\u00e9 vid\u011bt n\u011bkolik osob, p\u0159i\u010dem\u017e jedna z nich z plastov\u00e9ho kanystru pol\u00e9v\u00e1 n\u011bjakou ho\u0159lavinou vybaven\u00ed z\u00e1vodu, stoly, techniku, tzv. sk\u0159\u00ed\u0148ov\u00e9 racky pro servery a nakonec jsou vid\u011bt z\u00e1b\u011bry zap\u00e1len\u00e9ho interi\u00e9ru. Video je dopln\u011bno soundtrackem p\u00edsn\u011b\u00a0<em>Killing in the name<\/em>\u00a0od americk\u00e9 kapely\u00a0<em>Rage Against The Machine.<\/em>\u00a0\u00dato\u010dn\u00edci si z\u00e1vod pr\u00fd vybrali k sabot\u00e1\u017ei proto, \u017ee spolupracuje s izraelskou zbroja\u0159skou firmou Elbit Systems.<\/p>\n<div style=\"width: 640px;\" class=\"wp-video\"><!--[if lt IE 9]><script>document.createElement('video');<\/script><![endif]-->\n<video class=\"wp-video-shortcode\" id=\"video-102624-1\" width=\"640\" height=\"360\" preload=\"metadata\" controls=\"controls\"><source type=\"video\/mp4\" src=\"http:\/\/www.infokuryr.cz\/n\/wp-content\/uploads\/2026\/03\/vid-1.mp4?_=1\" \/><a href=\"http:\/\/www.infokuryr.cz\/n\/wp-content\/uploads\/2026\/03\/vid-1.mp4\">http:\/\/www.infokuryr.cz\/n\/wp-content\/uploads\/2026\/03\/vid-1.mp4<\/a><\/video><\/div>\n<div class=\"wp-video\">xxx<\/div>\n<p>Cel\u00fd \u00fatok je ale pon\u011bkud zvl\u00e1\u0161tn\u00ed, proto\u017ee ofici\u00e1ln\u00ed tiskov\u00e1 zpr\u00e1va na webu skupiny hovo\u0159\u00ed o tom, \u017ee \u00fatok je veden jako odveta proti sionist\u016fm a Izraeli, a \u017ee firma Elbit Systems vyv\u00edjen\u00e9 zbran\u011b nejprve testuje na Palestinc\u00edch, ne\u017e je za\u010dne nab\u00edzet z\u00e1kazn\u00edk\u016fm. Budova z\u00e1vodu byla v noci pr\u00e1zdn\u00e1, a p\u0159esto\u017ee jde o zbrojovku, nikde nebyla \u017e\u00e1dn\u00e1 ostraha objektu, co\u017e je velmi podez\u0159el\u00e9, jak n\u00e1m napsal do redakce jeden z na\u0161ich \u010dten\u00e1\u0159\u016f z Pardubic.<\/p>\n<p>V\u00fdrobn\u00ed hala se nach\u00e1z\u00ed uvnit\u0159 tzv. pr\u016fmyslov\u00e9 z\u00f3ny na D\u011blnick\u00e9 ulici a pracuj\u00ed tam bezpe\u010dnostn\u00ed slu\u017eby, a to nep\u0159etr\u017eit\u011b 24 hodin denn\u011b. Jak se tam mohli dostat sabot\u00e9\u0159i s kanystrem, to nen\u00ed v\u016fbec jasn\u00e9.\u00a0<strong>Premi\u00e9r Andrej Babi\u0161 ji\u017e kritizoval firmu, \u017ee nem\u011bla zabezpe\u010den\u00ed, ale firma kritiku odm\u00edtla [<a href=\"https:\/\/href.li\/?https:\/\/www.ceskenoviny.cz\/zpravy\/lpp-odmitla-tvrzeni-babise-ze-objekt-v-pardubicich-nemela-dost-zabezpeceny-\/2802368\" target=\"_blank\" rel=\"nofollow noopener\">2<\/a>], \u017ee zabezpe\u010den\u00ed m\u011bla v souladu se z\u00e1konem.<\/strong>\u00a0V\u00fdbu\u0161niny pr\u00fd v objektu nebyly, pouze optoelektronika.<\/p>\n<h3>Podzemn\u00ed skupina komunikuje s \u010desk\u00fdmi ob\u010dany anglicky<\/h3>\n<p>Co je zaj\u00edmav\u00e9, tak k v\u00fdrob\u011b izraelsk\u00fdch dron\u016f v z\u00e1vod\u011b pr\u00fd nikdy nedo\u0161lo.\u00a0V z\u00e1vod\u011b LPP Holding se izraelsk\u00e9 drony \u00fadajn\u011b nikdy neza\u010daly vyr\u00e1b\u011bt. Spolupr\u00e1ce s izraelskou firmou zam\u00fd\u0161len\u00e1 p\u0159ed dv\u011bma lety neza\u010dala, \u0159ekla \u010cT mluv\u010d\u00ed LPP Martina Tauberov\u00e1. Nam\u00edsto toho firma prohloubila svoji orientaci na Ukrajinu a na dod\u00e1vky pro ukrajinsk\u00e9 v\u00e1l\u010di\u0161t\u011b.<\/p>\n<p>Nen\u00ed jasn\u00e9, jak\u00fdm zp\u016fsobem \u00fato\u010dn\u00edci vyhodnotili firmu jako\u00a0<strong>aktivn\u011b napojenou<\/strong>\u00a0na izraelskou Elbit Systems, anebo ta spolupr\u00e1ce je vedena v utajen\u00e9m (<em>undisclosed<\/em>) re\u017eimu a ve\u0159ejn\u011b se nep\u0159izn\u00e1v\u00e1, co\u017e by ale potom ukazovalo, \u017ee \u00fato\u010dn\u00edci jsou napojeni na tajnou slu\u017ebu n\u011bjak\u00e9 zem\u011b a disponuj\u00ed neve\u0159ejn\u00fdmi informacemi. Je toti\u017e zvl\u00e1\u0161tn\u00ed i to, \u017ee skupina komunikuje jen anglicky a nikoliv \u010desky. Nen\u00ed tak jasn\u00e9, jestli skupina je \u010desk\u00e1, anebo jde o Ukrajince, p\u0159\u00edpadn\u011b Izraelce a agenty Mosadu. A jak\u00e9 bylo uve\u0159ejn\u011bno komunik\u00e9 na webu sabot\u00e9r\u016f? Tady n\u00ed\u017ee m\u00e1te kopii a pod n\u00ed \u010desk\u00fd p\u0159eklad:<\/p>\n<p><a href=\"https:\/\/aeronet.news\/wp-content\/uploads\/Communique-1-EarthquakeFaction.jpg\"><img decoding=\"async\" loading=\"lazy\" class=\"wp-image-66455 aligncenter\" src=\"https:\/\/aeronet.news\/wp-content\/uploads\/Communique-1-EarthquakeFaction.jpg\" sizes=\"(max-width: 700px) 100vw, 700px\" srcset=\"https:\/\/aeronet.news\/wp-content\/uploads\/Communique-1-EarthquakeFaction.jpg 700w, https:\/\/aeronet.news\/wp-content\/uploads\/Communique-1-EarthquakeFaction-251x300.jpg 251w, https:\/\/aeronet.news\/wp-content\/uploads\/Communique-1-EarthquakeFaction-299x357.jpg 299w, https:\/\/aeronet.news\/wp-content\/uploads\/Communique-1-EarthquakeFaction-404x483.jpg 404w\" alt=\"\" width=\"598\" height=\"714\" \/><\/a><\/p>\n<h3>Tiskov\u00e1 zpr\u00e1va \u010d. 1<\/h3>\n<p>Dokud bude zem\u011b v okupovan\u00e9 Palestin\u011b a po cel\u00e9 z\u00e1padn\u00ed Asii krv\u00e1cet pod izraelsk\u00fdmi bombami, mus\u00ed se p\u016fda pod nohama t\u011bch, kdo okupaci podporuj\u00ed, i nad\u00e1le t\u0159\u00e1st.<\/p>\n<p>Jsme The Earthquake Faction, internacionalistick\u00e1 podzemn\u00ed s\u00ed\u0165, kter\u00e1 se zam\u011b\u0159uje na kl\u00ed\u010dov\u00e1 m\u00edsta z\u00e1sadn\u00ed pro sionistick\u00fd subjekt. Na\u0161\u00edm c\u00edlem je zni\u010dit v\u0161echny slo\u017eky imp\u00e9ria zevnit\u0159, a to jak\u00fdmikoli \u00fa\u010dinn\u00fdmi prost\u0159edky.<\/p>\n<p>20. b\u0159ezna 2026 jsme zas\u00e1hli epicentrum izraelsk\u00e9ho zbrojn\u00edho pr\u016fmyslu v Evrop\u011b. V Pardubic\u00edch v \u010cesk\u00e9 republice bylo ve spolupr\u00e1ci se spole\u010dnost\u00ed LPP nov\u011b vybudov\u00e1no \u201eCentrum excelence\u201c spole\u010dnosti Elbit Systems, kter\u00e9 m\u011blo slou\u017eit glob\u00e1ln\u00ed expanzi nejv\u011bt\u0161\u00edho izraelsk\u00e9ho v\u00fdrobce zbran\u00ed. Zat\u00edmco bylo toto v\u00fdvojov\u00e9, v\u00fdrobn\u00ed a \u0161kolic\u00ed centrum pr\u00e1zdn\u00e9, zas\u00e1hla frakce Earthquake Faction, aby zni\u010dila jeho vybaven\u00ed a zap\u00e1lila tov\u00e1rnu. Nikdo nebyl zran\u011bn.<\/p>\n<p><strong>B\u011bhem genocidy v Gaze v roce 2024 gener\u00e1ln\u00ed \u0159editel spole\u010dnosti LPP prohl\u00e1sil:\u00a0\u201e<em>Jeden z projekt\u016f, na kter\u00e9m spolupracujeme se spole\u010dnost\u00ed Elbit, se t\u00fdk\u00e1 izraelsk\u00e9 arm\u00e1dy<\/em>.\u201c<\/strong>\u00a0Jejich \u201e<em>Centrum excelence<\/em>\u201c slou\u017e\u00ed jako n\u00e1stroj k v\u00fdvoji zbran\u00ed, kter\u00e9 sionistick\u00fd re\u017eim vyu\u017e\u00edv\u00e1 k ka\u017edodenn\u00edmu masakrov\u00e1n\u00ed lid\u00ed v Palestin\u011b, Libanonu, \u00cdr\u00e1nu a po cel\u00e9 z\u00e1padn\u00ed Asii. Ka\u017ed\u00e1 zbra\u0148 vyvinut\u00e1 spole\u010dnost\u00ed Elbit Systems je nejprve \u201e<em>testov\u00e1na<\/em>\u201c na Palestinc\u00edch, ne\u017e je prod\u00e1na mezin\u00e1rodn\u00edm vl\u00e1d\u00e1m, \u010d\u00edm\u017e se roz\u0161i\u0159uje imp\u00e9rium vybudovan\u00e9 na zni\u010den\u00ed Palestiny.<\/p>\n<p>Kdekoli spole\u010dnost Elbit Systems a jej\u00ed komplici zaml\u017euj\u00ed a skr\u00fdvaj\u00ed sv\u00e9 krvav\u00e9 obchody po cel\u00e9m sv\u011bt\u011b, tam si na n\u011b do\u0161l\u00e1pneme.<\/p>\n<p>Jsme v sam\u00e9m srdci bestie, obklopeni z\u00e1pachem zla. Technologie, zbran\u011b i kapit\u00e1l pot\u0159ebn\u00e9 k udr\u017een\u00ed imperi\u00e1ln\u00edho a sionistick\u00e9ho n\u00e1sil\u00ed m\u00e1me na dosah ruky. Frakce Earthquake ot\u0159ese zem\u00ed pod botami koloniz\u00e1tor\u016f; dokud z jejich zla zbude by\u0165 jen \u0161petka, budeme proti n\u011bmu bojovat.<\/p>\n<p>Nen\u00ed \u010das prosit spolupracuj\u00edc\u00ed mezin\u00e1rodn\u00ed vl\u00e1dy. Nebudeme pl\u00fdtvat dechem na zdvo\u0159il\u00e9 prosby. M\u00edsto toho podnikneme nezbytn\u00e9 kroky, abychom jim znemo\u017enili zab\u00edjet.<\/p>\n<p>\u2013<em>Earthquake Faction<\/em>\u2013<\/p>\n<h3>Tich\u00e1 spole\u010denstv\u00ed izraelsk\u00fdch zbroja\u0159sk\u00fdch firem v Evrop\u011b<\/h3>\n<p>Izraelsk\u00e9 firmy kv\u016fli obav\u00e1m z teroristick\u00fdch \u00fatok\u016f na sv\u00e1 za\u0159\u00edzen\u00ed ve sv\u011bt\u011b a tak\u00e9 kv\u016fli obch\u00e1zen\u00ed sankc\u00ed a z\u00e1kaz\u016f v EU \u010dasto nevystupuj\u00ed pod sv\u00fdm jm\u00e9nem, obvykle uzav\u00edraj\u00ed tzv. tich\u00e1 partnerstv\u00ed a smlouvy o tich\u00e9m spole\u010denstv\u00ed s m\u00edstn\u00edmi zbroja\u0159sk\u00fdmi firmami v jednotliv\u00fdch zem\u00edch.\u00a0<strong>Izraelci vlo\u017e\u00ed kapit\u00e1l do n\u011bmeck\u00e9, belgick\u00e9, holandsk\u00e9, slovensk\u00e9 \u010di \u010desk\u00e9 zbroja\u0159sk\u00e9 firmy, a ta pot\u00e9 vyr\u00e1b\u00ed v tich\u00e9 licenci izraelskou produkci tzv. dvoj\u00edho ur\u010den\u00ed.<\/strong>\u00a0Zbran\u011b se ofici\u00e1ln\u011b vyr\u00e1b\u00ed pro Ukrajinu \u010di pro zem\u011b Evropsk\u00e9 unie, ale neofici\u00e1ln\u011b v druh\u00e9m ur\u010den\u00ed \u010d\u00e1st produkce kon\u010d\u00ed v Izraeli v ruk\u00e1ch IDF.<\/p>\n<figure id=\"attachment_66461\" class=\"wp-caption aligncenter\" style=\"width: 679px;\"><a href=\"https:\/\/aeronet.news\/wp-content\/uploads\/LPP_PardubiceFire1.jpg\"><img decoding=\"async\" loading=\"lazy\" class=\"wp-image-66461 \" src=\"https:\/\/aeronet.news\/wp-content\/uploads\/LPP_PardubiceFire1-1024x768.jpg\" sizes=\"(max-width: 700px) 100vw, 700px\" srcset=\"https:\/\/aeronet.news\/wp-content\/uploads\/LPP_PardubiceFire1-1024x768.jpg 1024w, https:\/\/aeronet.news\/wp-content\/uploads\/LPP_PardubiceFire1-300x225.jpg 300w, https:\/\/aeronet.news\/wp-content\/uploads\/LPP_PardubiceFire1-768x576.jpg 768w, https:\/\/aeronet.news\/wp-content\/uploads\/LPP_PardubiceFire1-700x525.jpg 700w, https:\/\/aeronet.news\/wp-content\/uploads\/LPP_PardubiceFire1-476x357.jpg 476w, https:\/\/aeronet.news\/wp-content\/uploads\/LPP_PardubiceFire1-644x483.jpg 644w, https:\/\/aeronet.news\/wp-content\/uploads\/LPP_PardubiceFire1.jpg 1280w\" alt=\"\" width=\"679\" height=\"509\" \/><\/a><figcaption class=\"wp-caption-text\">Ho\u0159\u00edc\u00ed budova a hala LPP Holding v Pardubic\u00edch<\/figcaption><\/figure>\n<p>Nen\u00ed tajemstv\u00edm, \u017ee pro Izrael na b\u00e1zi tich\u00fdch smluv pracuje v\u011bt\u0161ina evropsk\u00fdch a americk\u00fdch zbrojovek. Opravdu nejde proto vylou\u010dit, \u017ee i v tomto p\u0159\u00edpad\u011b mohli m\u00edt \u00fato\u010dn\u00edci n\u011bjak\u00e9 neve\u0159ejn\u00e9 informace, jak je to s tou izraelskou firmou v Pardubic\u00edch doopravdy. Ov\u0161em cel\u00e9 to opravdu p\u016fsob\u00ed divn\u011b.<\/p>\n<p>Izraelsk\u00e9 zbrojovky v Evrop\u011b st\u00e1le \u010dast\u011bji vyu\u017e\u00edvaj\u00ed \u201etich\u00e9\u201c (nezve\u0159ejn\u011bn\u00e9) kontrakty a lokalizaci v\u00fdroby. Reaguj\u00ed tak na bezpe\u010dnostn\u00ed rizika, politickou citlivost a snahu vyhnout se mezin\u00e1rodn\u00edm bojkot\u016fm.<\/p>\n<h3>1. Strategie \u201etich\u00fdch\u201c kontrakt\u016f<\/h3>\n<ul>\n<li><strong>Anonymn\u00ed kupci:<\/strong>\u00a0Spole\u010dnosti jako\u00a0<strong>Elbit Systems<\/strong>\u00a0nebo\u00a0<strong>IAI<\/strong>\u00a0hl\u00e1s\u00ed rekordn\u00ed zak\u00e1zky v \u0159\u00e1dech miliard dolar\u016f, kde identita z\u00e1kazn\u00edka z\u016fst\u00e1v\u00e1 utajena. C\u00edlem je ochr\u00e1nit evropsk\u00e9 vl\u00e1dy p\u0159ed ve\u0159ejn\u00fdm tlakem nebo protesty spojen\u00fdmi s konfliktem v Gaze.<\/li>\n<li><strong>P\u0159\u00edklady z let 2024\u20132025:<\/strong>\u00a0\u0158ada kontrakt\u016f na syst\u00e9my protivzdu\u0161n\u00e9 obrany (<em>Red Sky<\/em>) nebo bezpilotn\u00ed minomety (<em>Crossbow<\/em>) byla podeps\u00e1na s \u201eneidentifikovan\u00fdmi evropsk\u00fdmi partnery\u201c.<\/li>\n<\/ul>\n<h3>2. P\u0159esun v\u00fdroby a Joint Ventures v Evrop\u011b<\/h3>\n<p>Aby izraelsk\u00e9 firmy obe\u0161ly hrozbu exportn\u00edch omezen\u00ed a zajistily stabilitu dod\u00e1vek, zakl\u00e1daj\u00ed spole\u010dn\u00e9 podniky (joint ventures) a vyr\u00e1b\u011bj\u00ed zbran\u011b p\u0159\u00edmo na \u00fazem\u00ed EU v tov\u00e1rn\u00e1ch partnersk\u00fdch evropsk\u00fdch zbrojovek, a to ve dvou re\u017eimech \u2013 v p\u0159iznan\u00fdch kooperac\u00edch, a v tajn\u00e9m re\u017eimu, tzv.\u00a0<em>undisclosed joint ventures<\/em>.<\/p>\n<ul>\n<li><strong>M\u00edstn\u00ed pobo\u010dky:<\/strong>\u00a0Elbit Systems funguje prost\u0159ednictv\u00edm dce\u0159in\u00fdch spole\u010dnost\u00ed (nap\u0159. v Rumunsku, Anglii \u010di N\u011bmecku), kter\u00e9 se prezentuj\u00ed jako lok\u00e1ln\u00ed v\u00fdrobci. To jim umo\u017e\u0148uje \u010derpat n\u00e1rodn\u00ed dotace a vyhnout se n\u00e1lepce \u201ezahrani\u010dn\u00edho dovozce\u201c.<\/li>\n<li><strong>Kl\u00ed\u010dov\u00e1 partnerstv\u00ed (Joint Ventures):<\/strong>\n<ul>\n<li><strong>N\u011bmecko:<\/strong>\u00a0Partnerstv\u00ed\u00a0<strong>Israel Aerospace Industries (IAI)<\/strong>\u00a0a\u00a0<strong>MBDA<\/strong>\u00a0pro koordinaci infrastruktury k syst\u00e9mu\u00a0<em>Arrow 3<\/em>.<\/li>\n<li><strong>Rumunsko:<\/strong>\u00a0Elbit Systems ve spolupr\u00e1ci s\u00a0<strong>CN ROMARM SA<\/strong>\u00a0zalo\u017eil rumunsk\u00e9 d\u011blost\u0159eleck\u00e9 centrum pro v\u00fdrobu houfnic\u00a0<em>155mm ATMOS<\/em>.<\/li>\n<li><strong>\u0158ecko a Finsko:<\/strong>\u00a0Integrace lok\u00e1ln\u00edch firem do v\u00fdvoje a v\u00fdroby syst\u00e9m\u016f, jako je\u00a0<em>David\u2019s Sling<\/em>\u00a0(David\u016fv prak), pro zaji\u0161t\u011bn\u00ed region\u00e1ln\u00ed bezpe\u010dnosti dod\u00e1vek.<\/li>\n<li><strong>\u010cesko:<\/strong>\u00a0\u00dazk\u00e1 spolupr\u00e1ce s holdingem\u00a0<strong>CSG<\/strong>\u00a0na v\u00fdrob\u011b radar\u016f a podvozk\u016f pro syst\u00e9my protivzdu\u0161n\u00e9 obrany.<\/li>\n<\/ul>\n<\/li>\n<\/ul>\n<h3>3. Bezpe\u010dnostn\u00ed a politick\u00e9 d\u016fvody<\/h3>\n<ul>\n<li><strong>Vylou\u010den\u00ed z veletrh\u016f:<\/strong>\u00a0Izraelsk\u00e9 firmy \u010delily z\u00e1kaz\u016fm \u00fa\u010dasti na velk\u00fdch akc\u00edch (nap\u0159. v Pa\u0159\u00ed\u017ei nebo Nizozemsku), co\u017e je p\u0159im\u011blo k uzav\u0159en\u00fdm jedn\u00e1n\u00edm a hled\u00e1n\u00ed\u00a0<em>proxy<\/em>\u00a0evropsk\u00fdch zbroja\u0159\u016f, kte\u0159\u00ed by pro Izraelce vyr\u00e1b\u011bli jejich produkci pro evropsk\u00e9 trhy v tich\u00e9m zastoupen\u00ed.<\/li>\n<li><strong>Vy\u0161et\u0159ov\u00e1n\u00ed NATO:<\/strong>\u00a0V roce 2025 byla spole\u010dnost Elbit Systems do\u010dasn\u011b suspendov\u00e1na z tendr\u016f agentury\u00a0<strong>NSPA<\/strong>\u00a0kv\u016fli podez\u0159en\u00ed z korupce, co\u017e d\u00e1le pos\u00edlilo snahu o diskr\u00e9tn\u011bj\u0161\u00ed uzav\u00edr\u00e1n\u00ed obchod\u016f v\u00fdrobn\u00edch smluv skrze\u00a0<em>proxy<\/em>\u00a0zbroja\u0159sk\u00e9 partnery v EU.<\/li>\n<li><strong>Odolnost \u0159et\u011bzce:<\/strong>\u00a0Evropsk\u00e9 zem\u011b preferuj\u00ed n\u00e1kup od subjekt\u016f, kter\u00e9 maj\u00ed linky na jejich \u00fazem\u00ed, aby v p\u0159\u00edpad\u011b eskalace konfliktu v Izraeli nedo\u0161lo k n\u00e1hl\u00e9mu zastaven\u00ed dod\u00e1vek.<\/li>\n<\/ul>\n<p>Kdokoliv za\u010dne jednat s izraelsk\u00fdmi zbroja\u0159i, za\u010dnou se okolo d\u00edt podivn\u00e9 v\u011bci. Dostat se do oplocen\u00e9ho are\u00e1lu s bezpe\u010dnostn\u00edmi kamerami, a nenarazit na ochranku, je opravdu velmi podivn\u00e9. Jako kdyby n\u011bkdo vyklidil prostor, aby ten \u00fatok mohl bez probl\u00e9m\u016f prob\u011bhnout. Opravdu to tak p\u016fsob\u00ed. Ofici\u00e1ln\u00ed motiv \u00fato\u010dn\u00edk\u016f je tedy sabot\u00e1\u017e nam\u00ed\u0159en\u00e1 proti Izraeli, izraelsk\u00e9 firm\u011b a proti sionist\u016fm. To je ofici\u00e1ln\u00ed teze. J\u00e1 se ale ob\u00e1v\u00e1m, \u017ee mohou existovat dal\u0161\u00ed t\u0159i mo\u017en\u00e9 varianty.<\/p>\n<h3>Vrb\u011btice 2.0 a dal\u0161\u00ed rusk\u00e1 stopa<\/h3>\n<p>Jednou z hypot\u00e9z je podez\u0159en\u00ed, \u017ee za \u00fatokem stoj\u00ed tajn\u00e9 slu\u017eby. Vyklizen\u00ed are\u00e1lu od ochranek, otev\u0159en\u00ed perimetru, webov\u00e9 str\u00e1nky \u00fato\u010dn\u00edk\u016f na internetu, kter\u00e9 dosud (do ned\u011ble 22. 3. 2026) nikdo nezablokoval, stejn\u011b tak ani kan\u00e1l\u00a0<strong>[<a href=\"https:\/\/href.li\/?https:\/\/t.me\/earthquake_faction\" target=\"_blank\" rel=\"nofollow noopener\">3<\/a>]<\/strong>\u00a0na Telegramu, kter\u00fd m\u00e1 u\u017e p\u0159es 3 000 odb\u011bratel\u016f. \u0158eknu to jinak \u2013 Kdy\u017e Rusko vtrhlo 24. \u00fanora 2022 na Ukrajinu, tak Fial\u016fv re\u017eim ve spolupr\u00e1ci s CZ.NIC n\u00e1m bezd\u016fvodn\u011b a v rozporu s \u010deskou \u00dastavou zablokovaly web hned druh\u00fd den.<\/p>\n<p>Abychom pr\u00fd nemohli ps\u00e1t Fialovu re\u017eimu\u00a0<em>nepohodln\u00e9<\/em>\u00a0zpr\u00e1vy z fronty.\u00a0<strong>Kdy\u017e ale prob\u011bhne v Pardubic\u00edch \u017eh\u00e1\u0159sk\u00fd \u00fatok na firmu, kter\u00e1 vyr\u00e1b\u00ed drony pro Ukrajinu, tak web i Telegram\u00a0\u00fato\u010dn\u00edk\u016f jede u\u017e 3 dny v pohod\u011b.<\/strong>\u00a0Nikdo je neblokuje. Asi holt zap\u00e1len\u00ed v\u00fdrobn\u00ed haly zbrojovky nen\u00ed tak nebezpe\u010dn\u00e1 spole\u010densk\u00e1 ud\u00e1lost v porovn\u00e1n\u00ed s \u201c<em>v\u00fdbu\u0161n\u00fdmi<\/em>\u201d \u010dl\u00e1nky na Aeronetu, \u017ee? To bude t\u00edm. (<em>sarc<\/em>).<\/p>\n<figure id=\"attachment_66460\" class=\"wp-caption aligncenter\" style=\"width: 707px;\"><a href=\"https:\/\/aeronet.news\/wp-content\/uploads\/LPP_PardubiceFire2.jpg\"><img decoding=\"async\" loading=\"lazy\" class=\"wp-image-66460 \" src=\"https:\/\/aeronet.news\/wp-content\/uploads\/LPP_PardubiceFire2-1024x576.jpg\" sizes=\"(max-width: 700px) 100vw, 700px\" srcset=\"https:\/\/aeronet.news\/wp-content\/uploads\/LPP_PardubiceFire2-1024x576.jpg 1024w, https:\/\/aeronet.news\/wp-content\/uploads\/LPP_PardubiceFire2-300x169.jpg 300w, https:\/\/aeronet.news\/wp-content\/uploads\/LPP_PardubiceFire2-768x432.jpg 768w, https:\/\/aeronet.news\/wp-content\/uploads\/LPP_PardubiceFire2-700x394.jpg 700w, https:\/\/aeronet.news\/wp-content\/uploads\/LPP_PardubiceFire2-635x357.jpg 635w, https:\/\/aeronet.news\/wp-content\/uploads\/LPP_PardubiceFire2-859x483.jpg 859w, https:\/\/aeronet.news\/wp-content\/uploads\/LPP_PardubiceFire2.jpg 1280w\" alt=\"\" width=\"707\" height=\"398\" \/><\/a><figcaption class=\"wp-caption-text\">Ho\u0159\u00edc\u00ed budova a hala LPP Holding v Pardubic\u00edch<\/figcaption><\/figure>\n<p>Zkr\u00e1tka to cel\u00e9 smrd\u00ed, \u017ee jde o provokaci tajn\u00fdch slu\u017eeb s c\u00edlem po n\u011bkolika t\u00fddnech vy\u0161et\u0159ov\u00e1n\u00ed uk\u00e1zat op\u011bt na Rusko, p\u0159i\u010dem\u017e se \u0159ekne, \u017ee jde o dal\u0161\u00ed d\u016fkaz rusk\u00e9 agrese, a \u017ee Babi\u0161ova vl\u00e1da je slab\u00e1, neschopn\u00e1, a \u017ee Rusov\u00e9 to vyc\u00edtili a za\u010dali na \u010cR znovu \u00fato\u010dit, jako pr\u00fd tehdy v roce 2014 na muni\u010dn\u00ed sklady ve Vrb\u011btic\u00edch.<\/p>\n<p>V sobotu byla v Praze na Letn\u00e9 demonstrace proti Babi\u0161ovi organizovan\u00e1 kasi\u010dk\u00e1\u0159i z Milionov\u00e9ho chl\u00edvku, znovu tam vl\u00e1ly ukrajinsk\u00e9 vlajky, tak\u017ee lecos by se t\u00edm vysv\u011btlovalo, kam je tato sabot\u00e1\u017e na zbrojovku konceptu\u00e1ln\u011b sm\u011brov\u00e1na. Existuje tedy motiv zahr\u00e1t dal\u0161\u00ed protiruskou hru v \u010cR a donutit Babi\u0161ovu vl\u00e1du k obnov\u011b p\u0159\u00edm\u00e9 finan\u010dn\u00ed a zbrojn\u00ed podpo\u0159e Ukrajin\u011b.<\/p>\n<h3>Provokace s c\u00edlem prosadit do DSA opat\u0159en\u00ed na z\u00e1kaz kritiky Izraele a sionismu<\/h3>\n<p>Druhou hypot\u00e9zou je pl\u00e1n Izraele a podporovatel\u016f sionist\u016f v \u010cR na\u00a0<strong>z\u00edsk\u00e1n\u00ed\u00a0<em>casus belli publica<\/em>\u00a0pro vlo\u017een\u00ed z\u00e1kazu kritiky Izraele a sionismu do pr\u00e1v\u011b projedn\u00e1van\u00e9ho z\u00e1kona na cenzuru internetu evropsk\u00e9 sm\u011brnice DSA<\/strong>, kter\u00e1 je natolik skand\u00e1ln\u00ed, \u017ee Mark\u00e9ta \u0160ichta\u0159ov\u00e1 (Svobodn\u00ed na kandid\u00e1tce SPD) slo\u017eila poslaneck\u00fd mand\u00e1t a ode\u0161la ze sn\u011bmovny. A vyl\u00ed\u010dila\u00a0<strong>[<a href=\"https:\/\/href.li\/?https:\/\/www.youtube.com\/watch?v=I9L8-dFiFwc\" target=\"_blank\" rel=\"nofollow noopener\">4<\/a>]<\/strong>, co se d\u011blo v poslaneck\u00e9m klubu. Ur\u010dit\u011b si to poslechn\u011bte.<\/p>\n<p>Proto\u017ee zjistila, \u017ee prakticky nikdo proti Bruselu nep\u016fjde a v\u0161ichni ten z\u00e1kon cht\u011bj\u00ed prosadit, pouze ho pr\u00fd cht\u011bj\u00ed modifikovat, aby pr\u00fd nezakazoval svobodu slova, co\u017e je samoz\u0159ejm\u011b\u00a0<em>chucpe<\/em>, proto\u017ee cenzura bu\u010f je, anebo nen\u00ed. Snaha o vytvo\u0159en\u00ed DSA implementace do \u010desk\u00e9ho pr\u00e1vn\u00edho syst\u00e9mu \u201c<em>s trochou p\u0159ijateln\u00e9 cenzury<\/em>\u201d je prost\u011b\u00a0<em>chucpe<\/em>.<\/p>\n<figure id=\"attachment_66459\" class=\"wp-caption aligncenter\" style=\"width: 711px;\"><a href=\"https:\/\/aeronet.news\/wp-content\/uploads\/LPP_PardubiceFire3.jpg\"><img decoding=\"async\" loading=\"lazy\" class=\"wp-image-66459 \" src=\"https:\/\/aeronet.news\/wp-content\/uploads\/LPP_PardubiceFire3-1024x576.jpg\" sizes=\"(max-width: 700px) 100vw, 700px\" srcset=\"https:\/\/aeronet.news\/wp-content\/uploads\/LPP_PardubiceFire3-1024x576.jpg 1024w, https:\/\/aeronet.news\/wp-content\/uploads\/LPP_PardubiceFire3-300x169.jpg 300w, https:\/\/aeronet.news\/wp-content\/uploads\/LPP_PardubiceFire3-768x432.jpg 768w, https:\/\/aeronet.news\/wp-content\/uploads\/LPP_PardubiceFire3-700x394.jpg 700w, https:\/\/aeronet.news\/wp-content\/uploads\/LPP_PardubiceFire3-635x357.jpg 635w, https:\/\/aeronet.news\/wp-content\/uploads\/LPP_PardubiceFire3-859x483.jpg 859w, https:\/\/aeronet.news\/wp-content\/uploads\/LPP_PardubiceFire3.jpg 1280w\" alt=\"\" width=\"711\" height=\"400\" \/><\/a><figcaption class=\"wp-caption-text\">Detail ho\u0159\u00edc\u00ed budovy LPP Holding<\/figcaption><\/figure>\n<p>A kdy\u017e si d\u00e1te dohromady souvislost, \u017ee ten web \u00fadajn\u00fdch terorist\u016f dosud nikdo nezablokoval, a to z\u0159ejm\u011b proto, \u017ee n\u011bkdo chce, aby si ten text, ve kter\u00e9m se kritizuje Izrael a sionist\u00e9, p\u0159e\u010detlo co nejv\u00edce lid\u00ed, aby se t\u00edm vytvo\u0159ila z\u00e1minka a\u00a0<em>casus belli publica<\/em>\u00a0pro zp\u0159\u00edsn\u011bn\u00ed DSA v navrhovan\u00e9 \u010desk\u00e9 p\u0159edloze ve sn\u011bmovn\u011b, tak to najednou v\u0161echno zapad\u00e1 do sebe.<\/p>\n<p>A to s c\u00edlem postavit kritiku vyvolen\u00e9ho Izraele a sionismu i sionist\u016f mimo z\u00e1kon, a to narove\u0148 antisemitismu, tedy s c\u00edlem trestat kritiku zlo\u010din\u016f Izraele a kritiku zlo\u010din\u016f sionist\u016f na Palestinc\u00edch. A kdy\u017e se nad t\u00edm zamysl\u00edte, tak to najednou do sebe rovn\u011b\u017e zapad\u00e1. Proto ten web i ten Telegram \u00fato\u010dn\u00edk\u016f po\u0159\u00e1d jede a nikdo je neblokuje.\u00a0<em>Casus belli publica<\/em>.<\/p>\n<h3>Varov\u00e1n\u00ed z Lond\u00fdna za podraz od Babi\u0161ovy vl\u00e1dy ve v\u011bci zbrojen\u00ed do v\u00e1lky s Ruskem<\/h3>\n<p>Existuje je\u0161t\u011b t\u0159et\u00ed hypot\u00e9za. Prakticky u\u017e p\u0159ed v\u00edce ne\u017e t\u00fddnem schv\u00e1lila\u00a0<strong>[<a href=\"https:\/\/aeronet.news\/babisova-vlada-schvalila-statni-rozpocet-s-miniaturnim-rozpoctem-pro-armadu-ve-vysi-173-a-ihned-prisel-rev-od-americanu-do-nato-se-jiz-sypat-nebude-to-je-mrtvy-projekt-zaznelo-pry-v-zakulisi-vlady\/\">5<\/a>]<\/strong>\u00a0poslaneck\u00e1 sn\u011bmovna kontrolovan\u00e1 trojkoalic\u00ed Babi\u0161ovy vl\u00e1dy nov\u00fd st\u00e1tn\u00ed rozpo\u010det na tento rok, ve kter\u00e9m ale do\u0161lo ke skand\u00e1ln\u00edmu sn\u00ed\u017een\u00ed v\u00fddaj\u016f na zbrojen\u00ed na pouh\u00fdch 1,78% HDP, nam\u00edsto Severoatlantickou alianc\u00ed a p\u0159edev\u0161\u00edm Trumpem a Lond\u00fdnem po\u017eadovan\u00fdch 5% HDP.<\/p>\n<p><strong>Okam\u017eit\u011b p\u0159i\u0161el \u0159ev od americk\u00e9ho velvyslance v NATO, \u017ee je to podraz, \u017ee z\u00e1vazek 5% nen\u00ed voliteln\u00fd, \u017ee se z toho nikdo nem\u016f\u017ee vyv\u00e1zat, a \u017ee je proti tomu, co vyhl\u00e1sil Donald Trump.<\/strong>\u00a0Babi\u0161ova vl\u00e1da prohl\u00e1sila, \u017ee \u010cR prost\u011b na tak obrovsk\u00e9 v\u00fddaje nem\u00e1 prost\u0159edky, a \u017ee v\u00edc prost\u011b d\u00e1t nem\u016f\u017ee.<\/p>\n<figure id=\"attachment_66458\" class=\"wp-caption aligncenter\" style=\"width: 704px;\"><a href=\"https:\/\/aeronet.news\/wp-content\/uploads\/LPP_PardubiceFire4.jpg\"><img decoding=\"async\" loading=\"lazy\" class=\"wp-image-66458 \" src=\"https:\/\/aeronet.news\/wp-content\/uploads\/LPP_PardubiceFire4-1024x768.jpg\" sizes=\"(max-width: 700px) 100vw, 700px\" srcset=\"https:\/\/aeronet.news\/wp-content\/uploads\/LPP_PardubiceFire4-1024x768.jpg 1024w, https:\/\/aeronet.news\/wp-content\/uploads\/LPP_PardubiceFire4-300x225.jpg 300w, https:\/\/aeronet.news\/wp-content\/uploads\/LPP_PardubiceFire4-768x576.jpg 768w, https:\/\/aeronet.news\/wp-content\/uploads\/LPP_PardubiceFire4-700x525.jpg 700w, https:\/\/aeronet.news\/wp-content\/uploads\/LPP_PardubiceFire4-476x357.jpg 476w, https:\/\/aeronet.news\/wp-content\/uploads\/LPP_PardubiceFire4-644x483.jpg 644w, https:\/\/aeronet.news\/wp-content\/uploads\/LPP_PardubiceFire4.jpg 1280w\" alt=\"\" width=\"704\" height=\"528\" \/><\/a><figcaption class=\"wp-caption-text\">Z\u00e1sah hasi\u010d\u016f u po\u017e\u00e1ru<\/figcaption><\/figure>\n<p>A co se najednou stane? Jen kr\u00e1tce po sn\u00ed\u017een\u00ed v\u00fddaj\u016f na zbrojen\u00ed v \u010desk\u00e9m st\u00e1tn\u00edm rozpo\u010dtu p\u0159ich\u00e1z\u00ed \u00fatok na \u010deskou zbrojovku, kde se ukazuje, \u017ee zabezpe\u010den\u00ed zbrojovky nemuselo b\u00fdt dostate\u010dn\u00e9, \u017ee kdyby v\u00fddaje na zbrojen\u00ed byly vysok\u00e9, mohlo se \u00fatoku zabr\u00e1nit, proto\u017ee z rozpo\u010dtu obrany by se zbrojovk\u00e1m zaplatily zv\u00fd\u0161en\u00e9 bezpe\u010dnostn\u00ed n\u00e1klady, na ochranu a ostrahu, na zabezpe\u010den\u00ed, ale s tak mal\u00fdm rozpo\u010dtem na zbrojen\u00ed se nic nezajist\u00ed.<\/p>\n<p>Znovu zde vid\u00edme\u00a0<em>casus belli publica<\/em>\u00a0s c\u00edlem tla\u010dit na Babi\u0161ovu vl\u00e1du, aby masivn\u011b nav\u00fd\u0161ila zbrojn\u00ed v\u00fddaje proti rusk\u00e9 \/ \u010d\u00ednsk\u00e9 \/ \u00edr\u00e1nsk\u00e9 hrozb\u011b.\u00a0<strong>M\u016f\u017ee j\u00edt dokonce o v\u00fdhr\u016f\u017eku Babi\u0161ov\u011b vl\u00e1d\u011b, \u017ee tyto \u00fatoky budou p\u0159ib\u00fdvat, \u00fatok \u010d. 1, \u00fatok \u010d. 2, \u00fatok \u010d.3, proto\u017ee na tom webu \u00fato\u010dn\u00edk\u016f je tiskov\u00e1 zpr\u00e1va rovn\u011b\u017e o\u010d\u00edslov\u00e1na po\u0159adov\u00fdm \u010d\u00edslem 1<\/strong>, tedy \u017ee jde o 1. \u00fatok v po\u0159ad\u00ed, a \u017ee logicky asi dal\u0161\u00ed budou n\u00e1sledovat. A aby to lid\u00e9 mohli sledovat a mohlo se t\u00edm terorem formovat ve\u0159ejn\u00e9 m\u00edn\u011bn\u00ed v \u010cR, tak proto nikdo ten web a ani Telegram neblokuje. Prost\u011b\u00a0<em>casus belli publica<\/em>.<\/p>\n<h3>Casus belli publica<\/h3>\n<p>Pero je mocn\u011bj\u0161\u00ed ne\u017e me\u010d\u2026 nebo kanystr benz\u00ednu. To jsme vid\u011bli 25. \u00fanora 2022, kdy\u017e do\u0161lo hned druh\u00fd den po rusk\u00e9 invazi na Ukrajinu, na podn\u011bt \u010desk\u00e9 vojensk\u00e9 rozv\u011bdky, k zablokov\u00e1n\u00ed na\u0161\u00ed star\u00e9 \u010desk\u00e9 dom\u00e9ny spolu s dal\u0161\u00edmi 7 \u010desk\u00fdmi weby. Pamatujete? To byla rychlost.<\/p>\n<p>Kdy\u017e ale n\u011bjac\u00ed pachatel\u00e9 zap\u00e1l\u00ed zbrojovku napojenou medi\u00e1ln\u011b na Izrael a izraelskou zbrojovku, kdy\u017e uve\u0159ejn\u00ed video z \u00fatoku, kdy\u017e uve\u0159ejn\u00ed proti-izraelsk\u00fd a anti-sionistick\u00fd manifest, ale nikdo z Vojensk\u00e9ho zpravodajstv\u00ed k blokov\u00e1n\u00ed jejich webu a ani Telegramu nevyz\u00fdv\u00e1, tak je to prost\u011b cel\u00e9 v\u00edce ne\u017e divn\u00e9 a smrd\u00ed to\u00a0<em>false flagem<\/em>\u00a0a provokac\u00ed s c\u00edlem konceptu\u00e1ln\u00edho formov\u00e1n\u00ed informa\u010dn\u00edho pole a prosazen\u00ed propagace a \u017e\u00e1dan\u00e9ho narativu mezi ve\u0159ejnost\u00ed a\u00a0<em>casus belli publica<\/em>.<\/p>\n<figure id=\"attachment_66457\" class=\"wp-caption aligncenter\" style=\"width: 664px;\"><a href=\"https:\/\/aeronet.news\/wp-content\/uploads\/LPP_PardubiceFire5.jpg\"><img decoding=\"async\" loading=\"lazy\" class=\"wp-image-66457 \" src=\"https:\/\/aeronet.news\/wp-content\/uploads\/LPP_PardubiceFire5-771x1024.jpg\" sizes=\"(max-width: 700px) 100vw, 700px\" srcset=\"https:\/\/aeronet.news\/wp-content\/uploads\/LPP_PardubiceFire5-771x1024.jpg 771w, https:\/\/aeronet.news\/wp-content\/uploads\/LPP_PardubiceFire5-226x300.jpg 226w, https:\/\/aeronet.news\/wp-content\/uploads\/LPP_PardubiceFire5-768x1020.jpg 768w, https:\/\/aeronet.news\/wp-content\/uploads\/LPP_PardubiceFire5-700x929.jpg 700w, https:\/\/aeronet.news\/wp-content\/uploads\/LPP_PardubiceFire5-269x357.jpg 269w, https:\/\/aeronet.news\/wp-content\/uploads\/LPP_PardubiceFire5-364x483.jpg 364w, https:\/\/aeronet.news\/wp-content\/uploads\/LPP_PardubiceFire5.jpg 964w\" alt=\"\" width=\"664\" height=\"882\" \/><\/a><figcaption class=\"wp-caption-text\">N\u00e1sledky po\u017e\u00e1ru po uha\u0161en\u00ed<\/figcaption><\/figure>\n<p>V n\u00e1sleduj\u00edc\u00edch t\u00fddnech se dozv\u00edme, kter\u00e1 z t\u011bch hypot\u00e9z se napln\u00ed, a co v\u0161echno na z\u00e1klad\u011b tohoto \u00fatoku se za\u010dne prosazovat v poslaneck\u00e9 sn\u011bmovn\u011b, v legislativ\u011b, v Evropsk\u00e9 unii, v \u010desk\u00e9 vl\u00e1d\u011b, na Hrad\u011b a v medi\u00e1ln\u00ed rovin\u011b. N\u011bkdo tuto kauzu za\u010dne okam\u017eit\u011b vyu\u017e\u00edvat v r\u00e1mci konceptu\u00e1ln\u00edho \u0159\u00edzen\u00ed, proto\u017ee v\u0161echno, co se okolo \u00fatok\u016f odehr\u00e1v\u00e1, nen\u00ed standardn\u00ed.<\/p>\n<p><strong>V p\u0159\u00edpad\u011b skute\u010dn\u00e9ho terorismu by ji\u017e nefungovaly ani webov\u00e9 str\u00e1nky \u00fato\u010dn\u00edk\u016f, ani telegramov\u00fd kan\u00e1l, prost\u011b v\u016fbec nic.<\/strong> A u\u017e v\u016fbec by nefungovaly v okam\u017eiku, kdyby na nich bylo uvedeno \u010d\u00edslov\u00e1n\u00ed tiskov\u00fdch zpr\u00e1v, kter\u00e9 nazna\u010duje, \u017ee t\u011bch tiskov\u00fdch zpr\u00e1v a tud\u00ed\u017e i \u00fatok\u016f se z\u0159ejm\u011b chyst\u00e1 v\u00edce. \u00datoky proti Izraeli a firm\u00e1m napojen\u00fdm na Izrael jsou v\u017edy ost\u0159e sledov\u00e1ny Mossadem, tak\u017ee i v tomto p\u0159\u00edpad\u011b je t\u0159eba se d\u00edvat na dan\u00fd \u00fatok s velk\u00fdm podez\u0159en\u00edm a obrovskou opatrnost\u00ed.<\/p>\n<p><a href=\"https:\/\/aeronet.news\/sabotaz-na-podporu-palestincu-protiruska-provokace-tajnych-sluzeb-ve-stylu-vrbetice-2-0-objednavka-na-utazeni-sroubu-v-projednavanem-zakone-dsa-s-cilem-zakazat-kritiku-sionismu-v-cr-anebo-varovani\/\">-VK-<\/a><\/p>\n<p>&nbsp;<\/p>\n","protected":false},"excerpt":{"rendered":"<p>Sabot\u00e1\u017e na podporu Palestinc\u016f, protirusk\u00e1 provokace tajn\u00fdch slu\u017eeb ve stylu Vrb\u011btice 2.0, objedn\u00e1vka na uta\u017een\u00ed&#8230;<\/p>\n","protected":false},"author":2,"featured_media":102626,"comment_status":"closed","ping_status":"closed","sticky":false,"template":"","format":"standard","meta":[],"categories":[6],"tags":[1042,2703,145,300],"_links":{"self":[{"href":"https:\/\/www.infokuryr.cz\/n\/wp-json\/wp\/v2\/posts\/102624"}],"collection":[{"href":"https:\/\/www.infokuryr.cz\/n\/wp-json\/wp\/v2\/posts"}],"about":[{"href":"https:\/\/www.infokuryr.cz\/n\/wp-json\/wp\/v2\/types\/post"}],"author":[{"embeddable":true,"href":"https:\/\/www.infokuryr.cz\/n\/wp-json\/wp\/v2\/users\/2"}],"replies":[{"embeddable":true,"href":"https:\/\/www.infokuryr.cz\/n\/wp-json\/wp\/v2\/comments?post=102624"}],"version-history":[{"count":1,"href":"https:\/\/www.infokuryr.cz\/n\/wp-json\/wp\/v2\/posts\/102624\/revisions"}],"predecessor-version":[{"id":102627,"href":"https:\/\/www.infokuryr.cz\/n\/wp-json\/wp\/v2\/posts\/102624\/revisions\/102627"}],"wp:featuredmedia":[{"embeddable":true,"href":"https:\/\/www.infokuryr.cz\/n\/wp-json\/wp\/v2\/media\/102626"}],"wp:attachment":[{"href":"https:\/\/www.infokuryr.cz\/n\/wp-json\/wp\/v2\/media?parent=102624"}],"wp:term":[{"taxonomy":"category","embeddable":true,"href":"https:\/\/www.infokuryr.cz\/n\/wp-json\/wp\/v2\/categories?post=102624"},{"taxonomy":"post_tag","embeddable":true,"href":"https:\/\/www.infokuryr.cz\/n\/wp-json\/wp\/v2\/tags?post=102624"}],"curies":[{"name":"wp","href":"https:\/\/api.w.org\/{rel}","templated":true}]}}