{"id":102619,"date":"2026-03-23T00:24:41","date_gmt":"2026-03-22T23:24:41","guid":{"rendered":"https:\/\/www.infokuryr.cz\/n\/?p=102619"},"modified":"2026-03-22T14:36:04","modified_gmt":"2026-03-22T13:36:04","slug":"turecti-poradci-zahynuli-pri-havarii-katarskeho-vrtulniku-behem-pravdepodobne-mise-lovu-iranskych-dronu","status":"publish","type":"post","link":"https:\/\/www.infokuryr.cz\/n\/2026\/03\/23\/turecti-poradci-zahynuli-pri-havarii-katarskeho-vrtulniku-behem-pravdepodobne-mise-lovu-iranskych-dronu\/","title":{"rendered":"Ture\u010dt\u00ed poradci zahynuli p\u0159i hav\u00e1rii katarsk\u00e9ho vrtuln\u00edku b\u011bhem pravd\u011bpodobn\u011b mise lovu \u00edr\u00e1nsk\u00fdch dron\u016f"},"content":{"rendered":"<div id=\"fb-root\"><\/div>\n<p><strong><span dir=\"auto\">Tureck\u00e9 ministerstvo obrany 22. b\u0159ezna ozn\u00e1milo, \u017ee p\u0159i hav\u00e1rii vrtuln\u00edku v Kataru zahynulo sedm lid\u00ed, v\u010detn\u011b \u010dty\u0159 p\u0159\u00edslu\u0161n\u00edk\u016f katarsk\u00fdch ozbrojen\u00fdch sil, jednoho p\u0159\u00edslu\u0161n\u00edka tureck\u00fdch ozbrojen\u00fdch sil a dvou technik\u016f tureck\u00e9 obrann\u00e9 spole\u010dnosti ASELSAN.<\/span><\/strong><\/p>\n<p><span dir=\"auto\">Vrtuln\u00edk, kter\u00fd pat\u0159il katarsk\u00e9mu letectvu (QAF), prov\u00e1d\u011bl v\u00fdcvikov\u00e9 aktivity pod z\u00e1\u0161titou katarsko-tureck\u00e9ho spole\u010dn\u00e9ho velen\u00ed sil, kdy\u017e se o den d\u0159\u00edve z\u0159\u00edtil do mo\u0159e kv\u016fli \u201etechnick\u00e9 z\u00e1vad\u011b\u201c, uvedlo ministerstvo v prohl\u00e1\u0161en\u00ed.<\/span><\/p>\n<p><em><span dir=\"auto\">\u201eSe zah\u00e1jen\u00edm p\u00e1trac\u00edch a z\u00e1chrann\u00fdch operac\u00ed se poda\u0159ilo dos\u00e1hnout vraku vrtuln\u00edku a t\u011bl na\u0161ich ob\u011bt\u00ed. P\u0159i nehod\u011b zem\u0159eli \u010dty\u0159i p\u0159\u00edslu\u0161n\u00edci katarsk\u00fdch ozbrojen\u00fdch sil, jeden p\u0159\u00edslu\u0161n\u00edk tureck\u00fdch ozbrojen\u00fdch sil a dva technici ASELSAN,\u201c uv\u00e1d\u00ed se v prohl\u00e1\u0161en\u00ed.<\/span><\/em><\/p>\n<p><span dir=\"auto\">Dodala, \u017ee p\u0159esn\u00e1 p\u0159\u00ed\u010dina hav\u00e1rie vrtuln\u00edku bude stanovena po vy\u0161et\u0159ov\u00e1n\u00ed p\u0159\u00edslu\u0161n\u00fdmi katarsk\u00fdmi org\u00e1ny.<\/span><\/p>\n<p><span dir=\"auto\">Katarsk\u00e9 ministerstvo obrany d\u0159\u00edve uvedlo, \u017ee vrtuln\u00edk utrp\u011bl b\u011bhem rutinn\u00ed mise \u201etechnickou poruchu\u201c a havaroval v region\u00e1ln\u00edch vod\u00e1ch zem\u011b.<\/span><\/p>\n<p><span dir=\"auto\">Podle ministerstva vnitra zem\u011b bylo dosud znovu ohled\u00e1no nejm\u00e9n\u011b \u0161est t\u011bl, kter\u00e9 d\u00e1le intenzivn\u011b p\u00e1traj\u00ed po zb\u00fdvaj\u00edc\u00ed poh\u0159e\u0161ovan\u00e9 osob\u011b.<\/span><\/p>\n<p><span dir=\"auto\">Typ vrtuln\u00edku je st\u00e1le nezn\u00e1m\u00fd, ale vzhledem k tomu, \u017ee vezl sedm cestuj\u00edc\u00edch, lze s jistotou p\u0159edpokl\u00e1dat, \u017ee se jednalo bu\u010f o vrtuln\u00edk NHIndustries NH90, nebo o vrtuln\u00edk AgustaWestland AW139 QAF.<\/span><\/p>\n<p><span dir=\"auto\">Zat\u00edmco p\u0159edb\u011b\u017en\u00e1 prohl\u00e1\u0161en\u00ed Kataru i Turecka nazna\u010duj\u00ed, \u017ee vrtuln\u00edk havaroval v d\u016fsledku n\u011bjak\u00e9 \u201etechnick\u00e9 z\u00e1vady\u201c, zv\u011bsti, kter\u00e9 se \u0161\u00ed\u0159ily online, nazna\u010dovaly, \u017ee incident byl ve skute\u010dnosti zp\u016fsoben ne\u00fasp\u011b\u0161n\u00fdm pokusem o zachycen\u00ed \u00edr\u00e1nsk\u00e9ho dronu.<\/span><\/p>\n<p><span dir=\"auto\">Od za\u010d\u00e1tku americko-izraelsk\u00e9 v\u00e1lky proti \u00cdr\u00e1nu p\u0159ed v\u00edce ne\u017e t\u0159emi t\u00fddny Katar, stejn\u011b jako ostatn\u00ed zem\u011b Persk\u00e9ho z\u00e1livu, hl\u00e1s\u00ed raketov\u00e9 \u00fatoky a \u00fatoky dron\u016f proti sv\u00e9mu \u00fazem\u00ed t\u00e9m\u011b\u0159 denn\u011b.<\/span><\/p>\n<p><span dir=\"auto\">Vrtuln\u00edk, \u00fadajn\u011b americk\u00e9 v\u00fdroby AH-64 Apache, se 9. kv\u011btna z\u0159\u00edtil ve Spojen\u00fdch arabsk\u00fdch emir\u00e1tech a zabil dva piloty p\u0159\u00edslu\u0161n\u00edk\u016f \u00edr\u00e1nsk\u00e9ho letectva. V t\u00e9 dob\u011b se tak\u00e9 objevily zpr\u00e1vy, \u017ee smrt\u00edc\u00ed nehodu zp\u016fsobil ne\u00fasp\u011b\u0161n\u00fd pokus o zachycen\u00ed \u00edr\u00e1nsk\u00e9ho dronu.<\/span><\/p>\n<p><span dir=\"auto\">P\u0159\u00edtomnost technik\u016f ze spole\u010dnosti ASELSAN, kter\u00e1 vyr\u00e1b\u00ed syst\u00e9my proti dron\u016fm, na palub\u011b havarovan\u00e9ho katarsk\u00e9ho vrtuln\u00edku by mohla b\u00fdt d\u016fkazem pravdivosti zv\u011bst\u00ed o z\u00e1sahu dronem.<\/span><\/p>\n<p><img decoding=\"async\" loading=\"lazy\" class=\"alignnone size-full wp-image-1185\" src=\"http:\/\/www.infokuryr.cz\/n\/wp-content\/uploads\/2021\/04\/kuryr-podpis.png\" alt=\"\" width=\"84\" height=\"24\" \/><\/p>\n<p>&nbsp;<\/p>\n","protected":false},"excerpt":{"rendered":"<p>Tureck\u00e9 ministerstvo obrany 22. b\u0159ezna ozn\u00e1milo, \u017ee p\u0159i hav\u00e1rii vrtuln\u00edku v Kataru zahynulo sedm lid\u00ed,&#8230;<\/p>\n","protected":false},"author":2,"featured_media":102620,"comment_status":"closed","ping_status":"closed","sticky":false,"template":"","format":"standard","meta":[],"categories":[7],"tags":[1421,55,3912],"_links":{"self":[{"href":"https:\/\/www.infokuryr.cz\/n\/wp-json\/wp\/v2\/posts\/102619"}],"collection":[{"href":"https:\/\/www.infokuryr.cz\/n\/wp-json\/wp\/v2\/posts"}],"about":[{"href":"https:\/\/www.infokuryr.cz\/n\/wp-json\/wp\/v2\/types\/post"}],"author":[{"embeddable":true,"href":"https:\/\/www.infokuryr.cz\/n\/wp-json\/wp\/v2\/users\/2"}],"replies":[{"embeddable":true,"href":"https:\/\/www.infokuryr.cz\/n\/wp-json\/wp\/v2\/comments?post=102619"}],"version-history":[{"count":0,"href":"https:\/\/www.infokuryr.cz\/n\/wp-json\/wp\/v2\/posts\/102619\/revisions"}],"wp:featuredmedia":[{"embeddable":true,"href":"https:\/\/www.infokuryr.cz\/n\/wp-json\/wp\/v2\/media\/102620"}],"wp:attachment":[{"href":"https:\/\/www.infokuryr.cz\/n\/wp-json\/wp\/v2\/media?parent=102619"}],"wp:term":[{"taxonomy":"category","embeddable":true,"href":"https:\/\/www.infokuryr.cz\/n\/wp-json\/wp\/v2\/categories?post=102619"},{"taxonomy":"post_tag","embeddable":true,"href":"https:\/\/www.infokuryr.cz\/n\/wp-json\/wp\/v2\/tags?post=102619"}],"curies":[{"name":"wp","href":"https:\/\/api.w.org\/{rel}","templated":true}]}}