{"id":102618,"date":"2026-03-23T00:24:37","date_gmt":"2026-03-22T23:24:37","guid":{"rendered":"https:\/\/www.infokuryr.cz\/n\/?p=102618"},"modified":"2026-03-22T14:34:26","modified_gmt":"2026-03-22T13:34:26","slug":"v-reakci-na-smrtici-raketovy-utok-hizballahu-izrael-slibuje-utok-na-mosty-v-jiznim-libanonu","status":"publish","type":"post","link":"https:\/\/www.infokuryr.cz\/n\/2026\/03\/23\/v-reakci-na-smrtici-raketovy-utok-hizballahu-izrael-slibuje-utok-na-mosty-v-jiznim-libanonu\/","title":{"rendered":"V reakci na smrt\u00edc\u00ed raketov\u00fd \u00fatok Hizball\u00e1hu Izrael slibuje \u00fatok na mosty v ji\u017en\u00edm Libanonu"},"content":{"rendered":"<div id=\"fb-root\"><\/div>\n<p><strong><span dir=\"auto\">Izraelec byl 22. b\u0159ezna zabit, kdy\u017e salva raket odp\u00e1len\u00fdch Hizball\u00e1hem z ji\u017en\u00edho Libanonu zas\u00e1hla osadu Misgav Am v severn\u00edm Izraeli.<\/span><\/strong><\/p>\n<p><span dir=\"auto\">Hebrejsk\u00e1 m\u00e9dia p\u016fvodn\u011b informovala, \u017ee \u00fatok byl proveden protitankovou \u0159\u00edzenou st\u0159elou (ATGM). Hizball\u00e1h v\u0161ak pozd\u011bji ve sv\u00e9m prohl\u00e1\u0161en\u00ed, v n\u011bm\u017e se p\u0159ihl\u00e1sil k odpov\u011bdnosti, uvedl, \u017ee jeho bojovn\u00edci r\u00e1no zam\u011b\u0159ili raketovou palbu na \u201eshrom\u00e1\u017ed\u011bn\u00ed izraelsk\u00fdch nep\u0159\u00e1telsk\u00fdch voj\u00e1k\u016f v osad\u011b Misgav Am\u201c.<\/span><\/p>\n<p><span dir=\"auto\">Izraelsk\u00e9 obrann\u00e9 s\u00edly uvedly, \u017ee raketov\u00fd \u00fatok zni\u010dil dv\u011b vozidla a z\u00e1chrann\u00e9 slo\u017eky hl\u00e1sily smrt jednoho civilisty.<\/span><\/p>\n<p><span dir=\"auto\">Hizball\u00e1h obnovil vojensk\u00e9 operace hned po zah\u00e1jen\u00ed americko-izraelsk\u00e9 v\u00e1lky proti \u00cdr\u00e1nu, \u010d\u00edm\u017e ukon\u010dil p\u0159\u00edm\u011b\u0159\u00ed zprost\u0159edkovan\u00e9 Spojen\u00fdmi st\u00e1ty p\u0159ed v\u00edce ne\u017e 15 m\u011bs\u00edci a podn\u00edtil IDF k zah\u00e1jen\u00ed \u201ec\u00edlen\u00fdch\u201c pozemn\u00edch operac\u00ed v ji\u017en\u00edm Libanonu.<\/span><\/p>\n<p><iframe loading=\"lazy\" src=\"https:\/\/s1.cdnstatic.space\/wp-content\/uploads\/2026\/03\/ro1-1.mp4\" width=\"600\" height=\"338\" data-mce-fragment=\"1\"><\/iframe><\/p>\n<p><iframe loading=\"lazy\" src=\"https:\/\/s1.cdnstatic.space\/wp-content\/uploads\/2026\/03\/ro2-1.mp4\" width=\"600\" height=\"338\" data-mce-fragment=\"1\"><\/iframe><\/p>\n<p><span dir=\"auto\">V posledn\u00edch dnech skupina zintenzivnila minometn\u00e9, raketov\u00e9 a dronov\u00e9 \u00fatoky na sever Izraele, co\u017e zp\u016fsobilo ob\u011bti a \u0161kody. Den p\u0159edt\u00edm byli podle IDF dva izrael\u0161t\u00ed voj\u00e1ci zran\u011bni minometnou palbou.<\/span><\/p>\n<p><span dir=\"auto\">Posledn\u00ed \u00fatok zv\u00fd\u0161il po\u010det Izraelc\u016f zabit\u00fdch Hizball\u00e1hem od za\u010d\u00e1tku prob\u00edhaj\u00edc\u00ed konfrontace na t\u0159i.<\/span><\/p>\n<p><span dir=\"auto\">Dva voj\u00e1ci byli 8. b\u0159ezna zabiti, kdy\u017e protiletadlov\u00e1 raketa odp\u00e1len\u00e1 bojovn\u00edky Hizball\u00e1hu zas\u00e1hla obrn\u011bn\u00fd buldozer IDF D9, vedle kter\u00e9ho st\u00e1li, pobl\u00ed\u017e severoizraelsk\u00e9 osady Manara.<\/span><\/p>\n<p><span dir=\"auto\">V reakci na smrt\u00edc\u00ed raketov\u00fd \u00fatok IDF varovala, \u017ee bombarduje dal\u0161\u00ed most na \u0159ece Litani \u201ekv\u016fli aktivit\u00e1m Hizball\u00e1hu a p\u0159esunu teroristick\u00fdch agent\u016f do ji\u017en\u00edho Libanonu pod rou\u0161kou civiln\u00edho obyvatelstva\u201c.<\/span><\/p>\n<p><span dir=\"auto\">Aby arm\u00e1da zabr\u00e1nila Hizball\u00e1hu v p\u0159esunu operac\u00ed a zbran\u00ed do ji\u017en\u00edho Libanonu, uvedla, \u017ee za\u00fato\u010d\u00ed na most Kasm\u00edja, kter\u00fd se nach\u00e1z\u00ed na pob\u0159e\u017en\u00ed d\u00e1lnici v ji\u017en\u00edm Libanonu.<\/span><\/p>\n<p><span dir=\"auto\">Ministr obrany Israel Katz ze sv\u00e9 strany uvedl, \u017ee on a premi\u00e9r Benjamin Netanjahu na\u0159\u00eddili izraelsk\u00fdm obrann\u00fdm sil\u00e1m (IDF), aby \u201eokam\u017eit\u011b zni\u010dily v\u0161echny mosty p\u0159es \u0159eku Litani, kter\u00e9 se pou\u017e\u00edvaj\u00ed k teroristick\u00fdm aktivit\u00e1m, aby se zabr\u00e1nilo pr\u016fchodu terorist\u016f Hizball\u00e1hu a zbran\u00ed na jih\u201c.<\/span><\/p>\n<p><span dir=\"auto\">Litani le\u017e\u00ed 20 a\u017e 30 kilometr\u016f od Modr\u00e9 linie a Izrael opakovan\u011b nazna\u010doval, \u017ee chce od doby, kdy Hizball\u00e1h obnovil vojensk\u00e9 operace, obsadit v\u0161echna \u00fazem\u00ed a\u017e k \u0159ece.<\/span><\/p>\n<p><span dir=\"auto\">Katz tak\u00e9 uvedl, \u017ee na\u0159\u00eddil arm\u00e1d\u011b, aby \u201eurychlila ni\u010den\u00ed libanonsk\u00fdch dom\u016f v oblastech s lini\u00ed kontaktu, aby zma\u0159ila hrozby pro izraelsk\u00e9 komunity, v souladu s modelem Beit Hanoun a Rafah\u201c, s odkazem na izraelsk\u00e9 srovn\u00e1n\u00ed t\u011bchto oblast\u00ed v p\u00e1smu Gazy se zem\u00ed uprost\u0159ed pozemn\u00ed ofenz\u00edvy proti hnut\u00ed Ham\u00e1s.<\/span><\/p>\n<p><span dir=\"auto\">Konfrontace mezi IDF a Hizball\u00e1hem, kter\u00e1 si v Libanonu ji\u017e vy\u017e\u00e1dala \u017eivoty v\u00edce ne\u017e 1 000 lid\u00ed, z\u0159ejm\u011b vstupuje do nov\u00e9 f\u00e1ze.<\/span><\/p>\n<p><span dir=\"auto\">Zat\u00edmco Izrael vyu\u017e\u00edv\u00e1 smrt\u00edc\u00ed raketov\u00fd \u00fatok na Misgav Am jako z\u00e1minku k eskalaci, ji\u017e se p\u0159ipravoval na roz\u0161\u00ed\u0159en\u00ed pozemn\u00edch operac\u00ed. Jen o den d\u0159\u00edve IDF ozn\u00e1mily, \u017ee jejich 162. divize, elitn\u00ed obrn\u011bn\u00e1 formace, dokon\u010dila p\u0159\u00edpravy p\u0159ed nasazen\u00edm v ji\u017en\u00edm Libanonu.<\/span><\/p>\n<p><img decoding=\"async\" loading=\"lazy\" class=\"alignnone size-full wp-image-1185\" src=\"http:\/\/www.infokuryr.cz\/n\/wp-content\/uploads\/2021\/04\/kuryr-podpis.png\" alt=\"\" width=\"84\" height=\"24\" \/><\/p>\n<p>&nbsp;<\/p>\n","protected":false},"excerpt":{"rendered":"<p>Izraelec byl 22. b\u0159ezna zabit, kdy\u017e salva raket odp\u00e1len\u00fdch Hizball\u00e1hem z ji\u017en\u00edho Libanonu zas\u00e1hla osadu&#8230;<\/p>\n","protected":false},"author":2,"featured_media":51026,"comment_status":"closed","ping_status":"closed","sticky":false,"template":"","format":"standard","meta":[],"categories":[7],"tags":[8012,107,405,349,5135],"_links":{"self":[{"href":"https:\/\/www.infokuryr.cz\/n\/wp-json\/wp\/v2\/posts\/102618"}],"collection":[{"href":"https:\/\/www.infokuryr.cz\/n\/wp-json\/wp\/v2\/posts"}],"about":[{"href":"https:\/\/www.infokuryr.cz\/n\/wp-json\/wp\/v2\/types\/post"}],"author":[{"embeddable":true,"href":"https:\/\/www.infokuryr.cz\/n\/wp-json\/wp\/v2\/users\/2"}],"replies":[{"embeddable":true,"href":"https:\/\/www.infokuryr.cz\/n\/wp-json\/wp\/v2\/comments?post=102618"}],"version-history":[{"count":0,"href":"https:\/\/www.infokuryr.cz\/n\/wp-json\/wp\/v2\/posts\/102618\/revisions"}],"wp:featuredmedia":[{"embeddable":true,"href":"https:\/\/www.infokuryr.cz\/n\/wp-json\/wp\/v2\/media\/51026"}],"wp:attachment":[{"href":"https:\/\/www.infokuryr.cz\/n\/wp-json\/wp\/v2\/media?parent=102618"}],"wp:term":[{"taxonomy":"category","embeddable":true,"href":"https:\/\/www.infokuryr.cz\/n\/wp-json\/wp\/v2\/categories?post=102618"},{"taxonomy":"post_tag","embeddable":true,"href":"https:\/\/www.infokuryr.cz\/n\/wp-json\/wp\/v2\/tags?post=102618"}],"curies":[{"name":"wp","href":"https:\/\/api.w.org\/{rel}","templated":true}]}}