{"id":102616,"date":"2026-03-23T00:23:19","date_gmt":"2026-03-22T23:23:19","guid":{"rendered":"https:\/\/www.infokuryr.cz\/n\/?p=102616"},"modified":"2026-03-22T14:29:54","modified_gmt":"2026-03-22T13:29:54","slug":"nemecko-skupina-iracanu-a-syranu-v-maskach-hororovych-klaunu-unesla-rodinu-z-klenotnictvi-brutalne-je-zbila-a-ukradla-135-000-eur","status":"publish","type":"post","link":"https:\/\/www.infokuryr.cz\/n\/2026\/03\/23\/nemecko-skupina-iracanu-a-syranu-v-maskach-hororovych-klaunu-unesla-rodinu-z-klenotnictvi-brutalne-je-zbila-a-ukradla-135-000-eur\/","title":{"rendered":"N\u011bmecko: Skupina Ir\u00e1\u010dan\u016f a Sy\u0159an\u016f v mask\u00e1ch hororov\u00fdch klaun\u016f unesla rodinu z klenotnictv\u00ed, brut\u00e1ln\u011b je zbila a ukradla 135 000 eur"},"content":{"rendered":"<div id=\"fb-root\"><\/div>\n<h3 class=\"s-tagline fw-tagline\"><span dir=\"auto\">Rodina byla nucena prodat sv\u016fj d\u016fm, jejich firma je v bankrotu a kv\u016fli hr\u016fz\u00e1m, kter\u00e9 pro\u017eili, \u017eij\u00ed s psychick\u00fdm traumatem<\/span><\/h3>\n<div class=\"e-ct-outer\">\n<div class=\"entry-content rbct clearfix is-highlight-shares\">\n<p><span dir=\"auto\">Od poloviny \u00fanora je celkem \u0161est mu\u017e\u016f, t\u0159i Ir\u00e1\u010dan\u00e9 a t\u0159i Sy\u0159an\u00e9 ve v\u011bku 24 a\u017e 30 let, souzeno za d\u011bsivou loupe\u017e klenotnictv\u00ed v n\u011bmeck\u00e9m m\u011bst\u011b Kassel.<\/span><\/p>\n<p><span dir=\"auto\">Skupina \u00fadajn\u011b m\u011bla na\u00a0<\/span><a href=\"https:\/\/www.hna.de\/kassel\/raeuber-kamen-zu-kasseler-juwelier-als-horrorclowns-94169339.html\"><span dir=\"auto\">sob\u011b masky hororov\u00fdch klaun\u016f,<\/span><\/a><span dir=\"auto\">\u00a0kdy\u017e se vloupala do domu tureck\u00e9 rodiny, kter\u00e1 vlastnila klenotnictv\u00ed. Pot\u00e9, co je sv\u00e1zali, jim vyhro\u017eovali a bili je, ne\u017e ukradli zlato, \u0161perky a zhruba 135 000 eur v hotovosti. P\u011bt ze \u0161esti ob\u017ealovan\u00fdch \u010del\u00ed soudu za s\u00e9rii z\u00e1va\u017en\u00fdch obvin\u011bn\u00ed, v\u010detn\u011b loupe\u017ee s p\u0159it\u011b\u017euj\u00edc\u00edmi okolnostmi, vyd\u00edr\u00e1n\u00ed a spiknut\u00ed za \u00fa\u010delem vloup\u00e1n\u00ed. Jeden ob\u017ealovan\u00fd \u010del\u00ed tak\u00e9 samostatn\u00e9mu obvin\u011bn\u00ed z dr\u017een\u00ed d\u011btsk\u00e9 pornografie.<\/span><\/p>\n<p><span dir=\"auto\">Podle ob\u017ealoby se skupina zam\u011b\u0159ila na d\u016fm 58let\u00e9ho klenotn\u00edka v r\u00e1mci vysoce organizovan\u00e9ho \u00fatoku. Vy\u0161et\u0159ovatel\u00e9 uv\u00e1d\u011bj\u00ed, \u017ee n\u011bkolik \u010dlen\u016f skupiny vniklo do domu, kde sv\u00e1zali a ucpali roub\u00edk klenotn\u00edkov\u011b man\u017eelce a dal\u0161\u00edm p\u0159\u00edbuzn\u00fdm.<\/span><\/p>\n<p><span dir=\"auto\">Kdy\u017e klenotn\u00edk dorazil dom\u016f, byl \u00fadajn\u011b dr\u017een pod pohr\u016f\u017ekou zbran\u011b, zat\u00edmco pachatel\u00e9 po\u017eadovali kl\u00ed\u010de od jeho obchodu. Zat\u00edmco n\u011bkte\u0159\u00ed \u010dlenov\u00e9 skupiny z\u016fstali hl\u00eddat rukojm\u00ed, jin\u00ed se vydali do centra Kasselu, kde uloupili \u0161perky, zlato a p\u0159ibli\u017en\u011b 135 000 eur v hotovosti.<\/span><\/p>\n<p><span dir=\"auto\">St\u00e1tn\u00ed z\u00e1stupce Andreas Th\u00f6ne b\u011bhem pond\u011bln\u00edho jedn\u00e1n\u00ed poznamenal, \u017ee skupina byla pe\u010dliv\u011b p\u0159ipravena. Ob\u017ealovan\u00ed \u00fadajn\u011b nosili masky a m\u011bli u sebe stahovac\u00ed p\u00e1sky, aby sv\u00e9 ob\u011bti spoutali. K vyhro\u017eov\u00e1n\u00ed ob\u011btem tak\u00e9 pou\u017eili dv\u011b \u201eklamn\u011b skute\u010dn\u00e9\u201c airsoftov\u00e9 zbran\u011b.<\/span><\/p>\n<p><span dir=\"auto\">Ob\u011bti byly dlouhou dobu sv\u00e1z\u00e1ny, m\u011bly roub\u00edk v \u00fastech a systematicky biti, co\u017e zahrnovalo mod\u0159iny v obli\u010deji, hematomy na lebce a tr\u017en\u00e9 r\u00e1ny.<\/span><\/p>\n<p><span dir=\"auto\">B\u011bhem soudn\u00edho procesu pr\u00e1vn\u00edk ob\u011bti popsal, jak tureck\u00e1 rodina \u0161et\u0159ila pen\u00edze a roky tvrd\u011b pracovala na otev\u0159en\u00ed vlastn\u00edho obchodu. Man\u017eelka majitele se starala o ment\u00e1ln\u011b posti\u017een\u00e9 p\u0159\u00edbuzn\u00e9.<\/span><\/p>\n<p><span dir=\"auto\">Loupe\u017e jim v\u0161ak zni\u010dila \u017eivoty a tureck\u00fd mu\u017e p\u0159i\u0161el o obchod, proto\u017ee si nikdy nekoupil pojistku. St\u00e1le m\u00e1 nesplacenou p\u016fj\u010dku ve v\u00fd\u0161i 90 000 eur, kterou mus\u00ed splatit. P\u00e1r i jejich ment\u00e1ln\u011b posti\u017een\u00ed p\u0159\u00edbuzn\u00ed, kte\u0159\u00ed byli p\u0159\u00edtomni, trp\u00ed dodnes psychick\u00fdmi n\u00e1sledky. Rodina od t\u00e9 doby d\u016fm prodala a kv\u016fli hr\u016fze, kterou za\u017eila, opustila m\u011bsto.<\/span><\/p>\n<h2 class=\"wp-block-heading\"><span dir=\"auto\">Jeden podez\u0159el\u00fd byl ozna\u010den za \u201esn\u00ed\u017eenou viny\u201c<\/span><\/h2>\n<p><span dir=\"auto\">P\u0159esto\u017ee \u010dty\u0159i ob\u017ealovan\u00ed pravideln\u011b konzumovali alkohol a neleg\u00e1ln\u00ed drogy, znalec, l\u00e9ka\u0159, uvedl, \u017ee pouze jeden z podez\u0159el\u00fdch m\u011bl \u201esn\u00ed\u017eenou viny\u201c.<\/span><\/p>\n<p><span dir=\"auto\">\u201eKa\u017ed\u00fd m\u011bl t\u011b\u017ek\u00e9 d\u011btstv\u00ed. Existuj\u00ed v\u0161ak velk\u00e9 rozd\u00edly v tom, jak\u00e9 to m\u016f\u017ee m\u00edt d\u016fsledky,\u201c uvedl p\u0159ed 11. trestn\u00edm sen\u00e1tem okresn\u00edho soudu v Kasselu Dr. Peter Reinhold-Hildenhagen, specialista na psychiatrii a psychoterapii, kdy\u017e p\u0159edkl\u00e1dal svou zpr\u00e1vu.<\/span><\/p>\n<p><span dir=\"auto\">Mluvil o \u010dty\u0159ech ob\u017ealovan\u00fdch, kter\u00e9 musel b\u011bhem soudn\u00edho procesu podrobn\u011bji vy\u0161et\u0159it. Znaleck\u00e9 posudky se zab\u00fdvaj\u00ed ot\u00e1zkou, zda lze u ob\u017ealovan\u00fdch p\u0159edpokl\u00e1dat sn\u00ed\u017eenou p\u0159\u00ed\u010detnost a zda je mo\u017en\u00e9 um\u00edst\u011bn\u00ed do abstinen\u010dn\u00edho za\u0159\u00edzen\u00ed.<\/span><\/p>\n<p><span dir=\"auto\">\u010cty\u0159i z ob\u017ealovan\u00fdch zapojen\u00fdch do t\u00e9to razie uvedli, \u017ee pravideln\u011b konzumuj\u00ed drogy a alkohol. Trestn\u00ed sen\u00e1t proto kr\u00e1tce po zah\u00e1jen\u00ed hlavn\u00edho l\u00ed\u010den\u00ed jmenoval znalce.<\/span><\/p>\n<p><span dir=\"auto\">Znalec nakonec podle n\u011bmeck\u00e9ho den\u00edku\u00a0<\/span><a href=\"https:\/\/www.hna.de\/kassel\/gutachter-nur-ein-angeklagter-im-juwelierraub-vermindert-schuldfaehig-94226813.html\"><span dir=\"auto\">HNA<\/span><\/a><span dir=\"auto\">\u00a0dosp\u011bl k z\u00e1v\u011bru, \u017ee v\u0161ichni \u010dty\u0159i mu\u017ei byli p\u0159ed sp\u00e1ch\u00e1n\u00edm trestn\u00fdch \u010din\u016f z\u00e1visl\u00ed na r\u016fzn\u00fdch form\u00e1ch omamn\u00fdch l\u00e1tek . Pouze u t\u0159icetilet\u00e9ho Ir\u00e1\u010dana v\u0161ak byla zji\u0161t\u011bna \u201esn\u00ed\u017een\u00e1 p\u0159\u00ed\u010detnost\u201c, co\u017e znamen\u00e1, \u017ee psychiatr se domn\u00edv\u00e1, \u017ee nen\u00ed za sv\u00e9 \u010diny tak zodpov\u011bdn\u00fd jako ostatn\u00ed.<\/span><\/p>\n<p><span dir=\"auto\">\u201eCo odli\u0161uje tohoto ob\u017ealovan\u00e9ho od ostatn\u00edch?\u201c zeptal se st\u00e1tn\u00ed z\u00e1stupce Janne Wi\u00dfing.<\/span><\/p>\n<p><span dir=\"auto\">Podle Reinholda-Hildenhagena t\u0159icetilet\u00fd mu\u017e nejen\u017ee po relapsu konzumoval v\u00edce drog ne\u017e ostatn\u00ed ob\u017ealovan\u00ed, ale byla mu tak\u00e9 diagnostikov\u00e1na posttraumatick\u00e1 stresov\u00e1 porucha a posttraumatick\u00e1 porucha ho\u0159kosti. Reinhold-Hildenhagen tvrdil, \u017ee tato porucha se u uprchl\u00edk\u016f \u010dasto vyskytuje kv\u016fli \u201eextr\u00e9mn\u011b nespravedliv\u00fdm\u201c a \u201eponi\u017euj\u00edc\u00edm\u201c zku\u0161enostem.<\/span><\/p>\n<p><span dir=\"auto\">Znalec uvedl, \u017ee v\u0161ichni mu\u017ei za\u017eili v\u00e1lku a chudobu. T\u0159icetilet\u00fd Ir\u00e1\u010dan uvedl, \u017ee ho jeho otec pravideln\u011b bil. V 16 letech opustil rodi\u010dovsk\u00fd domov a ode\u0161el do Bagd\u00e1du. V roce 2018 odjel do Evropy, p\u0159i\u010dem\u017e se zastavil v Istanbulu a At\u00e9n\u00e1ch.<\/span><\/p>\n<p><span dir=\"auto\">Pot\u00e9, co mu byly v \u0158ecku zam\u00edtnuty t\u0159i \u017e\u00e1dosti o azyl, si nechal fale\u0161n\u00e9 doklady, aby se dostal do N\u011bmecka, a dva roky abstinoval.<\/span><\/p>\n<p><span dir=\"auto\">Jeho \u017e\u00e1dost o azyl byla nakonec v N\u011bmecku tak\u00e9 zam\u00edtnuta, ale jakmile za\u010dal s v\u00fdcvikem geriatrick\u00e9ho zdravotn\u00edho sestry, jeho deportace byla zastavena.<\/span><\/p>\n<p><span dir=\"auto\">Netrvalo v\u0161ak dlouho a osobn\u00ed probl\u00e9my a starosti o pen\u00edze ho v prosinci 2024, m\u011bs\u00edc p\u0159ed loupe\u017e\u00ed klenotn\u00edka a jeho rodiny, dovedly k relapsu.<\/span><\/p>\n<p><span dir=\"auto\">Falk Werhahn, obh\u00e1jce 30let\u00e9ho Ir\u00e1\u010dana, prohl\u00e1sil, \u017ee jeho klient \u201ese mohl st\u00e1t vzorov\u00fdm p\u0159\u00edkladem integrace\u201c. Werhahn \u0159ekl, \u017ee se jazyk nau\u010dil velmi dob\u0159e a byl obl\u00edbencem sv\u00fdch pacient\u016f.<\/span><\/p>\n<p><span dir=\"auto\">\u201eZni\u010dil si cel\u00fd \u017eivot,\u201c \u0159ekl Werhahn.<\/span><\/p>\n<p><img decoding=\"async\" loading=\"lazy\" class=\"alignnone size-full wp-image-1185\" src=\"http:\/\/www.infokuryr.cz\/n\/wp-content\/uploads\/2021\/04\/kuryr-podpis.png\" alt=\"\" width=\"84\" height=\"24\" \/><\/p>\n<p>&nbsp;<\/p>\n<\/div>\n<\/div>\n","protected":false},"excerpt":{"rendered":"<p>Rodina byla nucena prodat sv\u016fj d\u016fm, jejich firma je v bankrotu a kv\u016fli hr\u016fz\u00e1m, kter\u00e9&#8230;<\/p>\n","protected":false},"author":2,"featured_media":102617,"comment_status":"closed","ping_status":"closed","sticky":false,"template":"","format":"standard","meta":[],"categories":[7],"tags":[119,369,84],"_links":{"self":[{"href":"https:\/\/www.infokuryr.cz\/n\/wp-json\/wp\/v2\/posts\/102616"}],"collection":[{"href":"https:\/\/www.infokuryr.cz\/n\/wp-json\/wp\/v2\/posts"}],"about":[{"href":"https:\/\/www.infokuryr.cz\/n\/wp-json\/wp\/v2\/types\/post"}],"author":[{"embeddable":true,"href":"https:\/\/www.infokuryr.cz\/n\/wp-json\/wp\/v2\/users\/2"}],"replies":[{"embeddable":true,"href":"https:\/\/www.infokuryr.cz\/n\/wp-json\/wp\/v2\/comments?post=102616"}],"version-history":[{"count":0,"href":"https:\/\/www.infokuryr.cz\/n\/wp-json\/wp\/v2\/posts\/102616\/revisions"}],"wp:featuredmedia":[{"embeddable":true,"href":"https:\/\/www.infokuryr.cz\/n\/wp-json\/wp\/v2\/media\/102617"}],"wp:attachment":[{"href":"https:\/\/www.infokuryr.cz\/n\/wp-json\/wp\/v2\/media?parent=102616"}],"wp:term":[{"taxonomy":"category","embeddable":true,"href":"https:\/\/www.infokuryr.cz\/n\/wp-json\/wp\/v2\/categories?post=102616"},{"taxonomy":"post_tag","embeddable":true,"href":"https:\/\/www.infokuryr.cz\/n\/wp-json\/wp\/v2\/tags?post=102616"}],"curies":[{"name":"wp","href":"https:\/\/api.w.org\/{rel}","templated":true}]}}