{"id":102614,"date":"2026-03-23T00:22:16","date_gmt":"2026-03-22T23:22:16","guid":{"rendered":"https:\/\/www.infokuryr.cz\/n\/?p=102614"},"modified":"2026-03-22T14:27:44","modified_gmt":"2026-03-22T13:27:44","slug":"egyptsky-gang-v-italii-obvinen-pote-co-natacel-nasilne-loupeze-a-chlubil-se-trofejemi-na-tiktoku","status":"publish","type":"post","link":"https:\/\/www.infokuryr.cz\/n\/2026\/03\/23\/egyptsky-gang-v-italii-obvinen-pote-co-natacel-nasilne-loupeze-a-chlubil-se-trofejemi-na-tiktoku\/","title":{"rendered":"Egyptsk\u00fd gang v It\u00e1lii obvin\u011bn pot\u00e9, co nat\u00e1\u010del n\u00e1siln\u00e9 loupe\u017ee a chlubil se \u201etrofejemi\u201c na TikToku"},"content":{"rendered":"<div id=\"fb-root\"><\/div>\n<h3 class=\"s-tagline fw-tagline\"><span dir=\"auto\">Hlavn\u00edm d\u016fkazem proti imigrantn\u00edmu gangu byly usv\u011bd\u010duj\u00edc\u00ed z\u00e1b\u011bry, kter\u00e9 sami zve\u0159ejnili na internetu<\/span><\/h3>\n<p><span dir=\"auto\">V Tur\u00edn\u011b bylo zat\u010deno n\u011bkolik \u010dlen\u016f egyptsk\u00e9ho gangu migrant\u016f pot\u00e9, co \u00fadajn\u011b provedli s\u00e9rii n\u00e1siln\u00fdch pouli\u010dn\u00edch loupe\u017e\u00ed a zve\u0159ejnili videa sv\u00fdch zlo\u010din\u016f na soci\u00e1ln\u00edch s\u00edt\u00edch.<\/span><\/p>\n<p><span dir=\"auto\">Italsk\u00e1 st\u00e1tn\u00ed policie potvrdila, \u017ee po vy\u0161et\u0159ov\u00e1n\u00ed n\u011bkolika \u00fatok\u016f v oblastech no\u010dn\u00edho \u017eivota a centr\u00e1ln\u00edch \u010dtvrt\u00edch m\u011bsta byli vzati do vazby \u010dty\u0159i podez\u0159el\u00ed, v\u0161ichni egyptsk\u00e9ho p\u016fvodu.<\/span><\/p>\n<p><span dir=\"auto\">Jak informovala agentura\u00a0<\/span><a href=\"https:\/\/www.imolaoggi.it\/2026\/03\/19\/torino-rapine-sgominata-banda-egiziani\/\"><span dir=\"auto\">Imola Oggi<\/span><\/a><span dir=\"auto\">\u00a0, zat\u010den\u00ed na\u0159\u00edzen\u00e1 vy\u0161et\u0159uj\u00edc\u00edm soudcem se t\u00fdkaj\u00ed t\u0159\u00ed samostatn\u00fdch incident\u016f na m\u00edstech, v\u010detn\u011b zahrad Sambuy a pobl\u00ed\u017e parku Valentino.<\/span><\/p>\n<p><span dir=\"auto\">Podle vy\u0161et\u0159ovatel\u016f skupina \u00fato\u010dila na ob\u011bti na ulici, n\u00e1hle se k nim p\u0159ibli\u017eovala a spole\u010dn\u011b se sna\u017eila je p\u0159emoci. Ob\u011bti byly \u00fadajn\u011b ohro\u017eov\u00e1ny no\u017ei a post\u0159\u00edk\u00e1ny pep\u0159ov\u00fdm sprejem, ne\u017e jim byly n\u00e1sil\u00edm odebr\u00e1ny zlat\u00e9 n\u00e1hrdeln\u00edky.<\/span><\/p>\n<p><span dir=\"auto\">Podobn\u00e9 incidenty byly hl\u00e1\u0161eny i v dal\u0161\u00edch italsk\u00fdch m\u011bstech, jak je vid\u011bt na n\u00ed\u017ee uveden\u00fdch z\u00e1b\u011brech z Mil\u00e1na.<\/span><\/p>\n<p><span dir=\"auto\">Policie uvedla, \u017ee jeden z podez\u0159el\u00fdch je pravd\u011bpodobn\u011b v\u016fdcem skupiny a byl ji\u017e d\u0159\u00edve zadr\u017een za podobn\u00e9 trestn\u00e9 \u010diny.<\/span><\/p>\n<p><span dir=\"auto\">Kl\u00ed\u010dov\u00fdm prvkem v p\u0159\u00edpadu bylo pou\u017e\u00edv\u00e1n\u00ed soci\u00e1ln\u00edch m\u00e9di\u00ed podez\u0159el\u00fdmi. \u00da\u0159ady tvrd\u00ed, \u017ee skupina nat\u00e1\u010dela sv\u00e9 loupe\u017ee a pozd\u011bji z\u00e1b\u011bry nahr\u00e1la online, v\u010detn\u011b TikToku, kde \u00fadajn\u011b vystavovala kraden\u00e9 p\u0159edm\u011bty jako \u201etrofeje\u201c.<\/span><\/p>\n<p><span dir=\"auto\">K identifikaci z\u00fa\u010dastn\u011bn\u00fdch osob a vybudov\u00e1n\u00ed obvin\u011bn\u00ed proti nim byla pou\u017eita kombinace kamerov\u00e9ho syst\u00e9mu a vlastn\u00edch p\u0159\u00edsp\u011bvk\u016f podez\u0159el\u00fdch na soci\u00e1ln\u00edch s\u00edt\u00edch.<\/span><\/p>\n<p><span dir=\"auto\">V\u0161ichni \u010dty\u0159i nyn\u00ed \u010del\u00ed obvin\u011bn\u00ed z loupe\u017ee s p\u0159it\u011b\u017euj\u00edc\u00edmi okolnostmi a napaden\u00ed.<\/span><\/p>\n<p><span dir=\"auto\">Minul\u00fd m\u011bs\u00edc\u00a0<\/span><a href=\"https:\/\/www.lastampa.it\/cronaca\/2025\/02\/21\/news\/torino_17_anni_anziana_rapina_social-15014443\/\"><span dir=\"auto\">den\u00edk La Stampa<\/span><\/a><span dir=\"auto\">\u00a0informoval o incidentu, kdy se gang zam\u011b\u0159il na d\u016fm 89let\u00e9 \u017eeny a jeden z jeho \u010dlen\u016f byl sly\u0161et na TikTok Live, jak \u0159\u00edk\u00e1: \u201eDej mi ty pen\u00edze, ty parchante. Kde jsou pen\u00edze? P\u0159\u00edsah\u00e1m, \u017ee t\u011b zabiju, ty d\u011bvko,\u201c a pot\u00e9 nam\u00ed\u0159il pistoli na sp\u00e1nek star\u0161\u00ed \u017eeny, kter\u00e1 sed\u011bla v posteli.<\/span><\/p>\n<p><span dir=\"auto\">Dcera ob\u011bti, kter\u00e1 byla tak\u00e9 na m\u00edst\u011b a sama byla napadena, novin\u00e1m \u0159ekla: \u201eCo si z nich pamatuji? Byli velmi mlad\u00ed. Severoafri\u010dan\u00e9. Zarazilo m\u011b, \u017ee jeden z nich, ten, co dr\u017eel zbra\u0148, celou dobu dr\u017eel v druh\u00e9 ruce mobiln\u00ed telefon. Vypadalo to, jako by se sna\u017eil fotografovat.\u201c<\/span><\/p>\n<p><img decoding=\"async\" loading=\"lazy\" class=\"alignnone size-full wp-image-1185\" src=\"http:\/\/www.infokuryr.cz\/n\/wp-content\/uploads\/2021\/04\/kuryr-podpis.png\" alt=\"\" width=\"84\" height=\"24\" \/><\/p>\n<p>&nbsp;<\/p>\n","protected":false},"excerpt":{"rendered":"<p>Hlavn\u00edm d\u016fkazem proti imigrantn\u00edmu gangu byly usv\u011bd\u010duj\u00edc\u00ed z\u00e1b\u011bry, kter\u00e9 sami zve\u0159ejnili na internetu V Tur\u00edn\u011b&#8230;<\/p>\n","protected":false},"author":2,"featured_media":102615,"comment_status":"closed","ping_status":"closed","sticky":false,"template":"","format":"standard","meta":[],"categories":[7],"tags":[119,191,369],"_links":{"self":[{"href":"https:\/\/www.infokuryr.cz\/n\/wp-json\/wp\/v2\/posts\/102614"}],"collection":[{"href":"https:\/\/www.infokuryr.cz\/n\/wp-json\/wp\/v2\/posts"}],"about":[{"href":"https:\/\/www.infokuryr.cz\/n\/wp-json\/wp\/v2\/types\/post"}],"author":[{"embeddable":true,"href":"https:\/\/www.infokuryr.cz\/n\/wp-json\/wp\/v2\/users\/2"}],"replies":[{"embeddable":true,"href":"https:\/\/www.infokuryr.cz\/n\/wp-json\/wp\/v2\/comments?post=102614"}],"version-history":[{"count":0,"href":"https:\/\/www.infokuryr.cz\/n\/wp-json\/wp\/v2\/posts\/102614\/revisions"}],"wp:featuredmedia":[{"embeddable":true,"href":"https:\/\/www.infokuryr.cz\/n\/wp-json\/wp\/v2\/media\/102615"}],"wp:attachment":[{"href":"https:\/\/www.infokuryr.cz\/n\/wp-json\/wp\/v2\/media?parent=102614"}],"wp:term":[{"taxonomy":"category","embeddable":true,"href":"https:\/\/www.infokuryr.cz\/n\/wp-json\/wp\/v2\/categories?post=102614"},{"taxonomy":"post_tag","embeddable":true,"href":"https:\/\/www.infokuryr.cz\/n\/wp-json\/wp\/v2\/tags?post=102614"}],"curies":[{"name":"wp","href":"https:\/\/api.w.org\/{rel}","templated":true}]}}