{"id":102605,"date":"2026-03-23T00:17:11","date_gmt":"2026-03-22T23:17:11","guid":{"rendered":"https:\/\/www.infokuryr.cz\/n\/?p=102605"},"modified":"2026-03-22T14:09:48","modified_gmt":"2026-03-22T13:09:48","slug":"utok-na-americkou-zakladnu-iranske-rakety-nyni-ohrozuji-i-evropu","status":"publish","type":"post","link":"https:\/\/www.infokuryr.cz\/n\/2026\/03\/23\/utok-na-americkou-zakladnu-iranske-rakety-nyni-ohrozuji-i-evropu\/","title":{"rendered":"\u00datok na americkou z\u00e1kladnu: \u00cdr\u00e1nsk\u00e9 rakety nyn\u00ed ohro\u017euj\u00ed i \u200b\u200bEvropu!"},"content":{"rendered":"<div id=\"fb-root\"><\/div>\n<p><strong><span dir=\"auto\">\u00cdr\u00e1n odp\u00e1lil rakety st\u0159edn\u00edho doletu na strategicky d\u016fle\u017eitou americko-britskou vojenskou z\u00e1kladnu Diego Garcia v Indick\u00e9m oce\u00e1nu. Vojen\u0161t\u00ed experti jsou proto ve vysok\u00e9 pohotovosti: \u00edr\u00e1nsk\u00e9 rakety let\u00ed mnohem d\u00e1le, ne\u017e se d\u0159\u00edve myslelo. V hled\u00e1\u010dku je nyn\u00ed i Evropa!<\/span><\/strong><\/p>\n<p><span dir=\"auto\">Jak uv\u00e1d\u00ed\u00a0<\/span><a href=\"https:\/\/www.wsj.com\/livecoverage\/iran-us-israel-war-updates-2026\/card\/iran-targeted-diego-garcia-base-with-ballistic-missiles-rb7MdZW1CfwRTauDYHOt\"><span dir=\"auto\">Wall Street Journal<\/span><\/a><span dir=\"auto\"> , mull\u00e1hov\u00e9 se zam\u011b\u0159ili na ostrov Diego Garcia, vzd\u00e1len\u00fd asi 4 000 kilometr\u016f. Pro z\u00e1padn\u00ed zpravodajsk\u00e9 slu\u017eby je to naprost\u00fd \u0161ok! Teher\u00e1nsk\u00fd re\u017eim dosud bezosty\u0161n\u011b lhal a tvrdil, \u017ee \u201edobrovoln\u011b\u201c omezil dolet sv\u00fdch raket na 2 000 kilometr\u016f. To v\u0161e je podvod! Podle americk\u00fdch p\u0159edstavitel\u016f jedna z raket selhala za letu a druhou zam\u011b\u0159il protiraketov\u00fd syst\u00e9m americk\u00e9ho n\u00e1mo\u0159nictva. Zda byla skute\u010dn\u011b zni\u010dena, nen\u00ed jasn\u00e9. Jedna v\u011bc je jist\u00e1: hrozba, kterou p\u0159edstavuje radik\u00e1ln\u00ed islamistick\u00fd re\u017eim, je re\u00e1ln\u011bj\u0161\u00ed ne\u017e kdy d\u0159\u00edve.<\/span><\/p>\n<figure class=\"wp-block-embed is-type-rich is-provider-twitter wp-block-embed-twitter\">\n<div class=\"wp-block-embed__wrapper\">\n<div class=\"twitter-tweet twitter-tweet-rendered\"><iframe id=\"twitter-widget-0\" class=\"\" title=\"X P\u0159\u00edsp\u011bvek\" src=\"https:\/\/platform.twitter.com\/embed\/Tweet.html?dnt=true&amp;embedId=twitter-widget-0&amp;features=eyJ0ZndfdGltZWxpbmVfbGlzdCI6eyJidWNrZXQiOltdLCJ2ZXJzaW9uIjpudWxsfSwidGZ3X2ZvbGxvd2VyX2NvdW50X3N1bnNldCI6eyJidWNrZXQiOnRydWUsInZlcnNpb24iOm51bGx9LCJ0ZndfdHdlZXRfZWRpdF9iYWNrZW5kIjp7ImJ1Y2tldCI6Im9uIiwidmVyc2lvbiI6bnVsbH0sInRmd19yZWZzcmNfc2Vzc2lvbiI6eyJidWNrZXQiOiJvbiIsInZlcnNpb24iOm51bGx9LCJ0ZndfZm9zbnJfc29mdF9pbnRlcnZlbnRpb25zX2VuYWJsZWQiOnsiYnVja2V0Ijoib24iLCJ2ZXJzaW9uIjpudWxsfSwidGZ3X21peGVkX21lZGlhXzE1ODk3Ijp7ImJ1Y2tldCI6InRyZWF0bWVudCIsInZlcnNpb24iOm51bGx9LCJ0ZndfZXhwZXJpbWVudHNfY29va2llX2V4cGlyYXRpb24iOnsiYnVja2V0IjoxMjA5NjAwLCJ2ZXJzaW9uIjpudWxsfSwidGZ3X3Nob3dfYmlyZHdhdGNoX3Bpdm90c19lbmFibGVkIjp7ImJ1Y2tldCI6Im9uIiwidmVyc2lvbiI6bnVsbH0sInRmd19kdXBsaWNhdGVfc2NyaWJlc190b19zZXR0aW5ncyI6eyJidWNrZXQiOiJvbiIsInZlcnNpb24iOm51bGx9LCJ0ZndfdXNlX3Byb2ZpbGVfaW1hZ2Vfc2hhcGVfZW5hYmxlZCI6eyJidWNrZXQiOiJvbiIsInZlcnNpb24iOm51bGx9LCJ0ZndfdmlkZW9faGxzX2R5bmFtaWNfbWFuaWZlc3RzXzE1MDgyIjp7ImJ1Y2tldCI6InRydWVfYml0cmF0ZSIsInZlcnNpb24iOm51bGx9LCJ0ZndfbGVnYWN5X3RpbWVsaW5lX3N1bnNldCI6eyJidWNrZXQiOnRydWUsInZlcnNpb24iOm51bGx9LCJ0ZndfdHdlZXRfZWRpdF9mcm9udGVuZCI6eyJidWNrZXQiOiJvbiIsInZlcnNpb24iOm51bGx9fQ%3D%3D&amp;frame=false&amp;hideCard=false&amp;hideThread=false&amp;id=2035337610705486048&amp;lang=cs&amp;origin=https%3A%2F%2Freport24.news%2Fangriff-auf-us-basis-irans-raketen-bedrohen-jetzt-auch-europa%2F&amp;sessionId=3421d5f36cd61546ef43964eff881d6777830da1&amp;theme=light&amp;widgetsVersion=2615f7e52b7e0%3A1702314776716&amp;width=550px\" frameborder=\"0\" scrolling=\"no\" allowfullscreen=\"allowfullscreen\" data-tweet-id=\"2035337610705486048\" data-mce-fragment=\"1\"><\/iframe><\/div>\n<\/div>\n<\/figure>\n<p><span dir=\"auto\">Po zah\u00e1jen\u00ed z\u00e1padn\u00edch proti\u00fatok\u016f 28. \u00fanora britsk\u00fd premi\u00e9r Keir Starmer zpo\u010d\u00e1tku p\u0159\u00edmo odm\u00edtl povolit USA pou\u017e\u00edt Diega Garciu k \u00fatok\u016fm proti \u00cdr\u00e1nu. Teprve kdy\u017e se tlak stal p\u0159\u00edli\u0161 velk\u00fdm, Starmer polevil a povolil \u201eobrann\u00e9\u201c operace. To vyslalo mull\u00e1h\u016fm osudn\u00fd sign\u00e1l nejednoty, kte\u0159\u00ed okam\u017eit\u011b pohrozili, \u017ee Brit\u00e1nie je nyn\u00ed \u201e\u00fa\u010dastn\u00edkem agrese\u201c.<\/span><\/p>\n<p><span dir=\"auto\">Skute\u010dn\u00fd dolet \u00edr\u00e1nsk\u00fdch raket (a\u017e 4 500 kilometr\u016f) je no\u010dn\u00ed m\u016frou bezpe\u010dnostn\u00ed situace. Pokud se \u00cdr\u00e1nu poda\u0159\u00ed dos\u00e1hnout Diega Garcii, znamen\u00e1 to, \u017ee mull\u00e1hov\u00e9 by mohli srazit na dr\u0165 i c\u00edle ve st\u0159edn\u00ed Evrop\u011b nebo Skandin\u00e1vii! Izraelsk\u00e9 v\u00fdzkumn\u00e9 centrum Alma d\u0159\u00edve odhadovalo maxim\u00e1ln\u00ed dolet na 3 000 kilometr\u016f. To je dramaticky chybn\u00fd odhad. Americk\u00fd ministr zahrani\u010d\u00ed Marco Rubio ji\u017e vydal ostr\u00e9 varov\u00e1n\u00ed: \u00cdr\u00e1n je na p\u0159\u00edm\u00e9 cest\u011b k mezikontinent\u00e1ln\u00ed balistick\u00e9 st\u0159ele (ICBM), kter\u00e1 by jednoho dne mohla dos\u00e1hnout i USA. I kdy\u017e mull\u00e1hov\u00e9 v sou\u010dasn\u00e9 dob\u011b postr\u00e1daj\u00ed komplexn\u00ed technologii pro n\u00e1vrat do atmosf\u00e9ry, cesta k dosa\u017een\u00ed tohoto c\u00edle se rapidn\u011b zkracuje.<\/span><\/p>\n<figure class=\"wp-block-embed is-type-rich is-provider-twitter wp-block-embed-twitter\">\n<div class=\"wp-block-embed__wrapper\">\n<div class=\"twitter-tweet twitter-tweet-rendered\"><iframe id=\"twitter-widget-1\" class=\"\" title=\"X P\u0159\u00edsp\u011bvek\" src=\"https:\/\/platform.twitter.com\/embed\/Tweet.html?dnt=true&amp;embedId=twitter-widget-1&amp;features=eyJ0ZndfdGltZWxpbmVfbGlzdCI6eyJidWNrZXQiOltdLCJ2ZXJzaW9uIjpudWxsfSwidGZ3X2ZvbGxvd2VyX2NvdW50X3N1bnNldCI6eyJidWNrZXQiOnRydWUsInZlcnNpb24iOm51bGx9LCJ0ZndfdHdlZXRfZWRpdF9iYWNrZW5kIjp7ImJ1Y2tldCI6Im9uIiwidmVyc2lvbiI6bnVsbH0sInRmd19yZWZzcmNfc2Vzc2lvbiI6eyJidWNrZXQiOiJvbiIsInZlcnNpb24iOm51bGx9LCJ0ZndfZm9zbnJfc29mdF9pbnRlcnZlbnRpb25zX2VuYWJsZWQiOnsiYnVja2V0Ijoib24iLCJ2ZXJzaW9uIjpudWxsfSwidGZ3X21peGVkX21lZGlhXzE1ODk3Ijp7ImJ1Y2tldCI6InRyZWF0bWVudCIsInZlcnNpb24iOm51bGx9LCJ0ZndfZXhwZXJpbWVudHNfY29va2llX2V4cGlyYXRpb24iOnsiYnVja2V0IjoxMjA5NjAwLCJ2ZXJzaW9uIjpudWxsfSwidGZ3X3Nob3dfYmlyZHdhdGNoX3Bpdm90c19lbmFibGVkIjp7ImJ1Y2tldCI6Im9uIiwidmVyc2lvbiI6bnVsbH0sInRmd19kdXBsaWNhdGVfc2NyaWJlc190b19zZXR0aW5ncyI6eyJidWNrZXQiOiJvbiIsInZlcnNpb24iOm51bGx9LCJ0ZndfdXNlX3Byb2ZpbGVfaW1hZ2Vfc2hhcGVfZW5hYmxlZCI6eyJidWNrZXQiOiJvbiIsInZlcnNpb24iOm51bGx9LCJ0ZndfdmlkZW9faGxzX2R5bmFtaWNfbWFuaWZlc3RzXzE1MDgyIjp7ImJ1Y2tldCI6InRydWVfYml0cmF0ZSIsInZlcnNpb24iOm51bGx9LCJ0ZndfbGVnYWN5X3RpbWVsaW5lX3N1bnNldCI6eyJidWNrZXQiOnRydWUsInZlcnNpb24iOm51bGx9LCJ0ZndfdHdlZXRfZWRpdF9mcm9udGVuZCI6eyJidWNrZXQiOiJvbiIsInZlcnNpb24iOm51bGx9fQ%3D%3D&amp;frame=false&amp;hideCard=false&amp;hideThread=false&amp;id=2035456679689543898&amp;lang=cs&amp;origin=https%3A%2F%2Freport24.news%2Fangriff-auf-us-basis-irans-raketen-bedrohen-jetzt-auch-europa%2F&amp;sessionId=3421d5f36cd61546ef43964eff881d6777830da1&amp;theme=light&amp;widgetsVersion=2615f7e52b7e0%3A1702314776716&amp;width=550px\" frameborder=\"0\" scrolling=\"no\" allowfullscreen=\"allowfullscreen\" data-tweet-id=\"2035456679689543898\" data-mce-fragment=\"1\"><\/iframe><\/div>\n<\/div>\n<\/figure>\n<p><span dir=\"auto\">V\u00e1\u017enost situace dokazuje rozhodn\u00fd \u010din Izraele: Teprve za\u010d\u00e1tkem m\u011bs\u00edce bylo p\u0159i izraelsk\u00e9m \u00fatoku masivn\u011b zni\u010deno \u00edr\u00e1nsk\u00e9 v\u00fdzkumn\u00e9 st\u0159edisko pro vesm\u00edrn\u00e9 v\u00fdzkumy v Teher\u00e1nu. Podle IDF bylo srdcem v\u00fdvoje vojensk\u00fdch satelit\u016f a syst\u00e9m\u016f pro zam\u011b\u0159ov\u00e1n\u00ed c\u00edl\u016f na cel\u00e9m Bl\u00edzk\u00e9m v\u00fdchod\u011b.<\/span><\/p>\n<p><span dir=\"auto\">Zat\u00edmco Izrael jedn\u00e1, Z\u00e1pad se bezohledn\u011b vzd\u00e1v\u00e1 strategick\u00fdch v\u00fdhod. Drama s Diego Garciou je toho uk\u00e1zkov\u00fdm p\u0159\u00edkladem: Britov\u00e9 postoupili suverenitu nad souostrov\u00edm Mauriciu a nyn\u00ed si ho pronaj\u00edmaj\u00ed zp\u011bt. Donald Trump tuto dohodu zcela pr\u00e1vem ozna\u010dil za \u201eakt naprost\u00e9 slabosti\u201c.<\/span><\/p>\n<p><span dir=\"auto\">Ot\u00e1zkou nyn\u00ed je, zda Evropan\u00e9 kone\u010dn\u011b podniknou kroky, nebo zda budou i nad\u00e1le bezohledn\u011b ohro\u017eovat svou bezpe\u010dnost. Proto\u017ee re\u017eim mull\u00e1h\u016f nebude v\u00e1hat s raketov\u00fdm de\u0161t\u011bm na evropsk\u00e1 m\u011bsta, pokud si islamist\u00e9 budou myslet, \u017ee t\u00edm z\u00edskaj\u00ed n\u011bjakou v\u00fdhodu.<\/span><\/p>\n<p><img decoding=\"async\" loading=\"lazy\" class=\"alignnone size-full wp-image-1185\" src=\"http:\/\/www.infokuryr.cz\/n\/wp-content\/uploads\/2021\/04\/kuryr-podpis.png\" alt=\"\" width=\"84\" height=\"24\" \/><\/p>\n<p>&nbsp;<\/p>\n","protected":false},"excerpt":{"rendered":"<p>\u00cdr\u00e1n odp\u00e1lil rakety st\u0159edn\u00edho doletu na strategicky d\u016fle\u017eitou americko-britskou vojenskou z\u00e1kladnu Diego Garcia v Indick\u00e9m&#8230;<\/p>\n","protected":false},"author":2,"featured_media":102606,"comment_status":"closed","ping_status":"closed","sticky":false,"template":"","format":"standard","meta":[],"categories":[7],"tags":[38,349,37,723,1737],"_links":{"self":[{"href":"https:\/\/www.infokuryr.cz\/n\/wp-json\/wp\/v2\/posts\/102605"}],"collection":[{"href":"https:\/\/www.infokuryr.cz\/n\/wp-json\/wp\/v2\/posts"}],"about":[{"href":"https:\/\/www.infokuryr.cz\/n\/wp-json\/wp\/v2\/types\/post"}],"author":[{"embeddable":true,"href":"https:\/\/www.infokuryr.cz\/n\/wp-json\/wp\/v2\/users\/2"}],"replies":[{"embeddable":true,"href":"https:\/\/www.infokuryr.cz\/n\/wp-json\/wp\/v2\/comments?post=102605"}],"version-history":[{"count":0,"href":"https:\/\/www.infokuryr.cz\/n\/wp-json\/wp\/v2\/posts\/102605\/revisions"}],"wp:featuredmedia":[{"embeddable":true,"href":"https:\/\/www.infokuryr.cz\/n\/wp-json\/wp\/v2\/media\/102606"}],"wp:attachment":[{"href":"https:\/\/www.infokuryr.cz\/n\/wp-json\/wp\/v2\/media?parent=102605"}],"wp:term":[{"taxonomy":"category","embeddable":true,"href":"https:\/\/www.infokuryr.cz\/n\/wp-json\/wp\/v2\/categories?post=102605"},{"taxonomy":"post_tag","embeddable":true,"href":"https:\/\/www.infokuryr.cz\/n\/wp-json\/wp\/v2\/tags?post=102605"}],"curies":[{"name":"wp","href":"https:\/\/api.w.org\/{rel}","templated":true}]}}