{"id":102603,"date":"2026-03-23T00:16:50","date_gmt":"2026-03-22T23:16:50","guid":{"rendered":"https:\/\/www.infokuryr.cz\/n\/?p=102603"},"modified":"2026-03-22T14:07:22","modified_gmt":"2026-03-22T13:07:22","slug":"florida-reditel-zdravotnictvi-dr-ladapo-navstivil-obet-ockovani-codyho","status":"publish","type":"post","link":"https:\/\/www.infokuryr.cz\/n\/2026\/03\/23\/florida-reditel-zdravotnictvi-dr-ladapo-navstivil-obet-ockovani-codyho\/","title":{"rendered":"Florida: \u0158editel zdravotnictv\u00ed Dr. Ladapo nav\u0161t\u00edvil ob\u011b\u0165 o\u010dkov\u00e1n\u00ed Codyho"},"content":{"rendered":"<div id=\"fb-root\"><\/div>\n<p><strong><span dir=\"auto\">Krevn\u00ed sra\u017eeniny, mrtvice, myokarditida \u2013 Cody je od doby, co mu byla vpravena genov\u00e1 injekce koronaviru, nevyl\u00e9\u010diteln\u011b nemocn\u00fd. N\u00e1v\u0161t\u011bva floridsk\u00e9ho \u0159editele ve\u0159ejn\u00e9ho zdrav\u00ed Dr. Josepha Ladapa je projevem solidarity s ob\u011b\u0165mi o\u010dkov\u00e1n\u00ed a politick\u00fdm prohl\u00e1\u0161en\u00edm.<\/span><\/strong><\/p>\n<p><span dir=\"auto\">Codyho p\u0159\u00edpad pat\u0159\u00ed mezi nejz\u00e1va\u017en\u011bj\u0161\u00ed autoimunitn\u00ed onemocn\u011bn\u00ed s poruchami sr\u00e1\u017elivosti krve souvisej\u00edc\u00edmi s o\u010dkov\u00e1n\u00edm. P\u0159ed o\u010dkov\u00e1n\u00edm proti COVID-19 byl naprosto zdrav\u00fd a b\u011bhal pr\u016fm\u011brn\u011b 40 kilometr\u016f t\u00fddn\u011b. Jeho zdravotn\u00ed probl\u00e9my a diagn\u00f3zy souvisej\u00ed s po\u0161kozen\u00edm zp\u016fsoben\u00fdm o\u010dkov\u00e1n\u00edm a jeho p\u0159\u00edpad byl publikov\u00e1n a recenzov\u00e1n kolegy.<\/span><\/p>\n<h3 id=\"h-der-fall-cody\" class=\"wp-block-heading\"><span dir=\"auto\">\u201eP\u0159\u00edpad Codyho\u201c<\/span><\/h3>\n<p><span dir=\"auto\">Od o\u010dkov\u00e1n\u00ed Cody dlouhodob\u011b trp\u00ed z\u00e1va\u017en\u00fdmi, na l\u00e9\u010dbu rezistentn\u00edmi poruchami sr\u00e1\u017elivosti krve, v\u010detn\u011b \u017eivot ohro\u017euj\u00edc\u00edch. 1. b\u0159ezna byl hospitalizov\u00e1n kv\u016fli z\u00e1va\u017en\u00e9 mrtvici v oblasti \u010deln\u00edho laloku. Rozs\u00e1hl\u00e9 testy odhalily, \u017ee Cody m\u00e1 v srdci dv\u011b krevn\u00ed sra\u017eeniny: nejen akutn\u00ed z\u00e1va\u017enou mrtvici v lev\u00e9m \u010deln\u00edm laloku (o kter\u00e9 jsme byli informov\u00e1ni jako prvn\u00ed), ale tak\u00e9 subakutn\u00ed (v posledn\u00edch 8 dnech) infarkt st\u0159edn\u00ed a st\u0159edn\u00ed aorty \u2013 v podstat\u011b dv\u011b mrtvice.<\/span><\/p>\n<p><span dir=\"auto\">Sn\u00edmek Codyho mozku ukazuje dv\u011b z jeho hlavn\u00edch mrtvic v oblasti \u010deln\u00edho laloku: velk\u00e1 tmav\u00e1 oblast vpravo poch\u00e1z\u00ed z roku 2024, sv\u011btl\u00e1 oblast je jeho p\u00e1t\u00e1 mrtvice z 1. b\u0159ezna. Cody tak\u00e9 trp\u00ed bilater\u00e1ln\u00ed hlubokou \u017eiln\u00ed tromb\u00f3zou (DVT) v nohou a krevn\u00ed sra\u017eeninou v lev\u00e9 pa\u017ei. Bylo tak\u00e9 zji\u0161t\u011bno, \u017ee Cody m\u00e1 st\u0159edn\u011b net\u011bsnou srde\u010dn\u00ed chlope\u0148 a myokarditidu.<\/span><\/p>\n<p><span dir=\"auto\">Toto z\u00e1n\u011btliv\u00e9 onemocn\u011bn\u00ed srdce je b\u011b\u017en\u011b zn\u00e1m\u00e9 jako neinfek\u010dn\u00ed endokarditida, ale v Codyho p\u0159\u00edpad\u011b \u2013 kv\u016fli jeho agresivn\u00ed poru\u0161e sr\u00e1\u017elivosti krve vyvolan\u00e9 o\u010dkov\u00e1n\u00edm jako sou\u010d\u00e1sti antifosfolipidov\u00e9ho syndromu (APS) \u2013 se p\u0159esn\u011bji naz\u00fdv\u00e1 Libman-Sacksova endokarditida. Cody bohu\u017eel pot\u0159ebuje operaci srdce na otev\u0159en\u00e9m srdci, ale je p\u0159\u00edli\u0161 nemocn\u00fd na to, aby ji kardiochirurgick\u00fd t\u00fdm provedl.<\/span><\/p>\n<figure class=\"wp-block-embed is-type-rich is-provider-twitter wp-block-embed-twitter\">\n<div class=\"wp-block-embed__wrapper\">\n<div class=\"twitter-tweet twitter-tweet-rendered\"><iframe id=\"twitter-widget-0\" class=\"\" title=\"X P\u0159\u00edsp\u011bvek\" src=\"https:\/\/platform.twitter.com\/embed\/Tweet.html?dnt=true&amp;embedId=twitter-widget-0&amp;features=eyJ0ZndfdGltZWxpbmVfbGlzdCI6eyJidWNrZXQiOltdLCJ2ZXJzaW9uIjpudWxsfSwidGZ3X2ZvbGxvd2VyX2NvdW50X3N1bnNldCI6eyJidWNrZXQiOnRydWUsInZlcnNpb24iOm51bGx9LCJ0ZndfdHdlZXRfZWRpdF9iYWNrZW5kIjp7ImJ1Y2tldCI6Im9uIiwidmVyc2lvbiI6bnVsbH0sInRmd19yZWZzcmNfc2Vzc2lvbiI6eyJidWNrZXQiOiJvbiIsInZlcnNpb24iOm51bGx9LCJ0ZndfZm9zbnJfc29mdF9pbnRlcnZlbnRpb25zX2VuYWJsZWQiOnsiYnVja2V0Ijoib24iLCJ2ZXJzaW9uIjpudWxsfSwidGZ3X21peGVkX21lZGlhXzE1ODk3Ijp7ImJ1Y2tldCI6InRyZWF0bWVudCIsInZlcnNpb24iOm51bGx9LCJ0ZndfZXhwZXJpbWVudHNfY29va2llX2V4cGlyYXRpb24iOnsiYnVja2V0IjoxMjA5NjAwLCJ2ZXJzaW9uIjpudWxsfSwidGZ3X3Nob3dfYmlyZHdhdGNoX3Bpdm90c19lbmFibGVkIjp7ImJ1Y2tldCI6Im9uIiwidmVyc2lvbiI6bnVsbH0sInRmd19kdXBsaWNhdGVfc2NyaWJlc190b19zZXR0aW5ncyI6eyJidWNrZXQiOiJvbiIsInZlcnNpb24iOm51bGx9LCJ0ZndfdXNlX3Byb2ZpbGVfaW1hZ2Vfc2hhcGVfZW5hYmxlZCI6eyJidWNrZXQiOiJvbiIsInZlcnNpb24iOm51bGx9LCJ0ZndfdmlkZW9faGxzX2R5bmFtaWNfbWFuaWZlc3RzXzE1MDgyIjp7ImJ1Y2tldCI6InRydWVfYml0cmF0ZSIsInZlcnNpb24iOm51bGx9LCJ0ZndfbGVnYWN5X3RpbWVsaW5lX3N1bnNldCI6eyJidWNrZXQiOnRydWUsInZlcnNpb24iOm51bGx9LCJ0ZndfdHdlZXRfZWRpdF9mcm9udGVuZCI6eyJidWNrZXQiOiJvbiIsInZlcnNpb24iOm51bGx9fQ%3D%3D&amp;frame=false&amp;hideCard=false&amp;hideThread=false&amp;id=2032077322371711066&amp;lang=cs&amp;origin=https%3A%2F%2Freport24.news%2Fflorida-gesundheitsdirektor-ladapo-besucht-impfopfer-cody%2F&amp;sessionId=11cbfad99d3cfa07a36262ba317552e87c010853&amp;theme=light&amp;widgetsVersion=2615f7e52b7e0%3A1702314776716&amp;width=550px\" frameborder=\"0\" scrolling=\"no\" allowfullscreen=\"allowfullscreen\" data-tweet-id=\"2032077322371711066\" data-mce-fragment=\"1\"><\/iframe><\/div>\n<\/div>\n<\/figure>\n<h3 id=\"h-ladapos-besuch\" class=\"wp-block-heading\"><span dir=\"auto\">Ladapova n\u00e1v\u0161t\u011bva<\/span><\/h3>\n<p><span dir=\"auto\">Dr. Joseph Ladapo pot\u00e9 nav\u0161t\u00edvil nevyl\u00e9\u010diteln\u011b nemocn\u00e9ho Codyho v nemocnici, aby se na vlastn\u00ed o\u010di p\u0159esv\u011bd\u010dil o rozsahu jeho smrteln\u00e9ho zran\u011bn\u00ed z o\u010dkov\u00e1n\u00ed, aby mu projevil svou podporu a prodiskutoval s n\u00edm n\u00e1pady, zm\u011bny a \u0159e\u0161en\u00ed, kter\u00e1 by m\u011bla p\u0159in\u00e9st v\u011bt\u0161\u00ed uzn\u00e1n\u00ed a porozum\u011bn\u00ed v\u0161em ob\u011btem o\u010dkov\u00e1n\u00ed.<\/span><\/p>\n<p><span dir=\"auto\">Dr. Joseph A. Ladapo je profesorem na L\u00e9ka\u0159sk\u00e9 univerzit\u011b na Florid\u011b a gener\u00e1ln\u00edm chirurgem, respektive \u0159editelem zdravotnictv\u00ed, republik\u00e1nsk\u00e9ho guvern\u00e9ra Rona DeSantise. Oba byli ji\u017e b\u011bhem \u201ekoronavirov\u00e9 \u00e9ry ostr\u00fdmi kritiky vakcina\u010dn\u00ed diktatury WHO.<\/span><\/p>\n<p><span dir=\"auto\">Odhodl\u00e1n\u00ed Dr. Ladapa a floridsk\u00e9ho ministerstva zdravotnictv\u00ed (DOH), stejn\u011b jako jejich gesto podpory pro Codyho, je siln\u00fdm projevem solidarity s posti\u017een\u00fdmi a ukazuje jim, \u017ee jsou sly\u0161eni a podporov\u00e1ni. N\u00e1v\u0161t\u011bvu Dr. Ladapa velmi ocenily rodiny ob\u011bt\u00ed o\u010dkov\u00e1n\u00ed a jejich podp\u016frn\u00e9 skupiny (nap\u0159\u00edklad React-19).<\/span><\/p>\n<h3 id=\"h-initiative-react-19\" class=\"wp-block-heading\"><span dir=\"auto\">Iniciativa React-19<\/span><\/h3>\n<p><span dir=\"auto\">Jedna posti\u017een\u00e1 matka p\u00ed\u0161e: \u201eDouf\u00e1me, \u017ee toto gesto Dr. Ladapa a floridsk\u00e9ho ministerstva zdravotnictv\u00ed (DOH) d\u00e1 ostatn\u00edm jasn\u011b najevo, \u017ee \u00fasil\u00ed o pomoc a pochopen\u00ed t\u011bchto zran\u011bn\u00ed zp\u016fsoben\u00fdch o\u010dkov\u00e1n\u00edm je pokra\u010duj\u00edc\u00ed a intenzivn\u00ed. Vzhledem k tomu, jak v\u00e1\u017en\u011b byl Cody zran\u011bn a jak bojuje o \u017eivot, chci jako matka promluvit za v\u00e1s v\u0161echny a nechat Codyho p\u0159\u00edpad a p\u0159\u00edb\u011bh reprezentovat v\u0161echny posti\u017een\u00e9 a truchl\u00edc\u00ed ob\u010dany \u2013 zd\u016fraznit jejich utrpen\u00ed a str\u00e1d\u00e1n\u00ed a z\u00e1rove\u0148 vehementn\u011b prosazovat uzn\u00e1n\u00ed a \u0159e\u0161en\u00ed.\u201c<\/span><\/p>\n<p><span dir=\"auto\">Jejich c\u00edlem je, aby USA podporovaly ob\u011bti o\u010dkov\u00e1n\u00ed stejn\u00fdm zp\u016fsobem jako pacienty s rakovinou, ob\u011bti pop\u00e1lenin nebo jin\u00e9 v\u00e1\u017en\u011b zran\u011bn\u00e9 \u010di nemocn\u00e9 pacienty a aby jim bylo zaji\u0161t\u011bno stejn\u00e9 p\u00e9\u010de a slu\u017eby. Spolu s Dr. Ladapem pracuje React-19 na tom, aby ob\u011bti o\u010dkov\u00e1n\u00ed dostaly l\u00e9ka\u0159skou p\u00e9\u010di a uzn\u00e1n\u00ed.\u00a0<\/span><\/p>\n<p><span dir=\"auto\">Iniciativa \u201eCodyho z\u00e1kon\u201c byla revidov\u00e1na a roz\u0161\u00ed\u0159ena do podoby n\u00e1rodn\u00ed iniciativy pro zm\u011bnu politiky. Codyho p\u0159\u00edpad a mnoho dal\u0161\u00edch p\u0159\u00edpad\u016f po\u0161kozen\u00ed zdrav\u00ed v d\u016fsledku o\u010dkov\u00e1n\u00ed jasn\u011b uk\u00e1zaly dopad na ob\u011bti o\u010dkov\u00e1n\u00ed a jejich rodiny: od manipulace ze strany nemocnic, diskriminace v l\u00e9ka\u0159stv\u00ed, soci\u00e1ln\u00edho vylou\u010den\u00ed a nedostate\u010dn\u00e9 l\u00e9ka\u0159sk\u00e9 p\u00e9\u010de a\u017e po finan\u010dn\u00ed krach. S podporou Dr. Ladapa.\u00a0<\/span><\/p>\n<h3 id=\"h-abschaffung-von-impfpflicht-in-florida\" class=\"wp-block-heading\"><span dir=\"auto\">Zru\u0161en\u00ed povinn\u00e9ho o\u010dkov\u00e1n\u00ed na Florid\u011b<\/span><\/h3>\n<p><span dir=\"auto\">V z\u00e1\u0159\u00ed 2025 Ladapo ozn\u00e1milo, \u017ee Florida bude prvn\u00edm st\u00e1tem USA, kter\u00fd zru\u0161\u00ed povinn\u00e9 o\u010dkov\u00e1n\u00ed, a to i pro \u0161kol\u00e1ky. \u201eKdo jsem j\u00e1, abych v\u00e1m \u0159\u00edkal, co m\u00e1te d\u011blat se sv\u00fdm t\u011blem? Va\u0161e t\u011blo je dar od Boha,\u201c zn\u011blo stru\u010dn\u00e9 prohl\u00e1\u0161en\u00ed n\u00e1bo\u017eensky zalo\u017een\u00e9 republik\u00e1nsk\u00e9 strany Ladapo.<\/span><\/p>\n<p><span dir=\"auto\">Administrativa bude m\u00edt za \u00fakol\u00a0<\/span><a href=\"https:\/\/www.reuters.com\/business\/healthcare-pharmaceuticals\/florida-plans-end-all-state-vaccine-mandates-including-schools-2025-09-03\/\"><span dir=\"auto\">zru\u0161it ve\u0161ker\u00e9 povinn\u00e9 o\u010dkov\u00e1n\u00ed<\/span><\/a><span dir=\"auto\"> , a t\u00edm ukon\u010dit toto \u201eotroctv\u00ed\u201c. To zahrnuje i o\u010dkov\u00e1n\u00ed ve \u0161kol\u00e1ch, jako jsou spalni\u010dky, obrna a hepatitida B, a tak\u00e9 po\u017eadavky pro zam\u011bstnance. Pokud jde o vakc\u00edny proti covidu, Ladapo zd\u016fraznil, \u017ee \u201eve skute\u010dnosti zp\u016fsobuj\u00ed po\u0161kozen\u00ed srdce mnoha lidem\u201c.\u00a0<\/span><\/p>\n<p><span dir=\"auto\">Ladap\u016fv krok vyvol\u00e1v\u00e1 diskusi o l\u00e9ka\u0159sk\u00e9 autonomii a z\u00e1sahu st\u00e1tu do soukrom\u00ed \u2013 a co m\u016f\u017ee b\u00fdt soukrom\u011bj\u0161\u00edho ne\u017e vlastn\u00ed t\u011blo nebo t\u011blo vlastn\u00edho d\u00edt\u011bte? Pokud by se Florid\u011b v tomto sm\u011bru poda\u0159ilo obej\u00edt CDC a WHO, p\u0159edstavovalo by to solidn\u00ed pokrok pro novou \u201etrumpovskou\u201c zdravotn\u00ed politiku.\u00a0<\/span><\/p>\n<p><em><span dir=\"auto\">od <a href=\"https:\/\/report24.news\/florida-gesundheitsdirektor-ladapo-besucht-impfopfer-cody\/\">Erica Angerera<\/a><\/span><\/em><\/p>\n<p>&nbsp;<\/p>\n","protected":false},"excerpt":{"rendered":"<p>Krevn\u00ed sra\u017eeniny, mrtvice, myokarditida \u2013 Cody je od doby, co mu byla vpravena genov\u00e1 injekce&#8230;<\/p>\n","protected":false},"author":2,"featured_media":102604,"comment_status":"closed","ping_status":"closed","sticky":false,"template":"","format":"standard","meta":[],"categories":[7],"tags":[23,3720,213],"_links":{"self":[{"href":"https:\/\/www.infokuryr.cz\/n\/wp-json\/wp\/v2\/posts\/102603"}],"collection":[{"href":"https:\/\/www.infokuryr.cz\/n\/wp-json\/wp\/v2\/posts"}],"about":[{"href":"https:\/\/www.infokuryr.cz\/n\/wp-json\/wp\/v2\/types\/post"}],"author":[{"embeddable":true,"href":"https:\/\/www.infokuryr.cz\/n\/wp-json\/wp\/v2\/users\/2"}],"replies":[{"embeddable":true,"href":"https:\/\/www.infokuryr.cz\/n\/wp-json\/wp\/v2\/comments?post=102603"}],"version-history":[{"count":0,"href":"https:\/\/www.infokuryr.cz\/n\/wp-json\/wp\/v2\/posts\/102603\/revisions"}],"wp:featuredmedia":[{"embeddable":true,"href":"https:\/\/www.infokuryr.cz\/n\/wp-json\/wp\/v2\/media\/102604"}],"wp:attachment":[{"href":"https:\/\/www.infokuryr.cz\/n\/wp-json\/wp\/v2\/media?parent=102603"}],"wp:term":[{"taxonomy":"category","embeddable":true,"href":"https:\/\/www.infokuryr.cz\/n\/wp-json\/wp\/v2\/categories?post=102603"},{"taxonomy":"post_tag","embeddable":true,"href":"https:\/\/www.infokuryr.cz\/n\/wp-json\/wp\/v2\/tags?post=102603"}],"curies":[{"name":"wp","href":"https:\/\/api.w.org\/{rel}","templated":true}]}}