{"id":102601,"date":"2026-03-23T00:15:33","date_gmt":"2026-03-22T23:15:33","guid":{"rendered":"https:\/\/www.infokuryr.cz\/n\/?p=102601"},"modified":"2026-03-22T14:02:44","modified_gmt":"2026-03-22T13:02:44","slug":"bezpecne-a-ucinne-byvaly-toxikolog-spolecnosti-pfizer-promluvil-a-vyvratil-myty-o-ockovani","status":"publish","type":"post","link":"https:\/\/www.infokuryr.cz\/n\/2026\/03\/23\/bezpecne-a-ucinne-byvaly-toxikolog-spolecnosti-pfizer-promluvil-a-vyvratil-myty-o-ockovani\/","title":{"rendered":"Bezpe\u010dn\u00e9 a \u00fa\u010dinn\u00e9? B\u00fdval\u00fd toxikolog spole\u010dnosti Pfizer promluvil a vyvr\u00e1til m\u00fdty o o\u010dkov\u00e1n\u00ed"},"content":{"rendered":"<div id=\"fb-root\"><\/div>\n<p><strong><span dir=\"auto\">Na sly\u0161en\u00ed p\u0159ed vy\u0161et\u0159ovac\u00ed komis\u00ed n\u011bmeck\u00e9ho Bundestagu b\u00fdval\u00fd hlavn\u00ed toxikolog spole\u010dnosti Pfizer Europe vyvr\u00e1til ofici\u00e1ln\u00ed narativ o bezpe\u010dn\u00e9 vakc\u00edn\u011b proti COVID-19. To, co vl\u00e1da a jej\u00ed m\u00e9dia prezentovaly jako pr\u016flom zachra\u0148uj\u00edc\u00ed \u017eivoty, bylo ve skute\u010dnosti rozs\u00e1hlou studi\u00ed na lidech s v\u00e1\u017en\u00fdmi d\u016fsledky pro miliony lid\u00ed.<\/span><\/strong><\/p>\n<p><span dir=\"auto\">Dne 19. b\u0159ezna 2026 se Dr. Helmut Sterz objevil p\u0159ed parlamentn\u00ed vy\u0161et\u0159ovac\u00ed komis\u00ed a p\u0159edstavil dob\u0159e zdokumentovan\u00e1 fakta t\u00fdkaj\u00edc\u00ed se nouzov\u00e9ho schv\u00e1len\u00ed vakc\u00edny Comiraty. Mu\u017e, kter\u00fd l\u00e9ta vedl evropsk\u00e1 toxikologick\u00e1 centra spole\u010dnosti Pfizer, prohl\u00e1sil pro z\u00e1znam, \u017ee existuje jen m\u00e1lo studi\u00ed na krys\u00e1ch. Vysv\u011btlil, \u017ee takov\u00e9 testov\u00e1n\u00ed na zv\u00ed\u0159atech bylo ve skute\u010dnosti ur\u010deno pouze pro extr\u00e9mn\u011b smrteln\u00e9 patogeny, jako je Ebola, nikoli pro virus s pom\u011brn\u011b n\u00edzkou \u00famrtnost\u00ed, jako je SARS-CoV-2. Bezpe\u010dnost mRNA vakc\u00edny byla jednodu\u0161e zfal\u0161ov\u00e1na. Data o krys\u00e1ch nem\u011bla \u017e\u00e1dn\u00fd vliv na riziko u lid\u00ed. Chyb\u011blo dal\u0161\u00edch deset studi\u00ed toxicity, kter\u00e9 by byly nezbytn\u00e9 pro skute\u010dn\u00e9 posouzen\u00ed bezpe\u010dnosti. \u017d\u00e1dn\u00e1 z nich nebyla n\u00e1sledn\u011b p\u0159edlo\u017eena. Stejn\u011b tak chyb\u011bly studie o lipidov\u00fdch nano\u010d\u00e1stic\u00edch, kter\u00e9 slou\u017eily jako nosi\u010dov\u00e1 l\u00e1tka.\u00a0<\/span><a href=\"https:\/\/www.bundestag.de\/resource\/blob\/1155868\/21-27-30_Stellungnahme-SV-Dr-Sterz.pdf\"><span dir=\"auto\">P\u00edsemn\u00e9 prohl\u00e1\u0161en\u00ed Dr. Sterze si m\u016f\u017eete p\u0159e\u010d\u00edst zde.<\/span><\/a><span dir=\"auto\">\u00a0Zn\u00ed doslovn\u011b:<\/span><\/p>\n<p><em><span dir=\"auto\">Ve skute\u010dnosti byla bezpe\u010dnost vakc\u00edny p\u0159ed schv\u00e1len\u00edm v nouzov\u00e9m p\u0159\u00edpad\u011b zcela ignorov\u00e1na.<\/span><\/em><br \/>\n<em><span dir=\"auto\">Klinick\u00e9 studie byly dokonce zah\u00e1jeny bez relevantn\u00edch toxikologick\u00fdch \u00fadaj\u016f o bezpe\u010dnosti. Jednalo se tedy o experimenty na lidech, kter\u00e9 jsou podle Norimbersk\u00e9ho kodexu p\u0159\u00edsn\u011b zak\u00e1z\u00e1ny! Po schv\u00e1len\u00ed v nouzov\u00e9m p\u0159\u00edpad\u011b, jak se ob\u00e1vala \u0159ada odborn\u00edk\u016f, n\u00e1sledovala kask\u00e1da z\u00e1va\u017en\u00fdch vedlej\u0161\u00edch \u00fa\u010dink\u016f.<\/span><\/em><\/p>\n<p><em><cite><a href=\"https:\/\/www.bundestag.de\/resource\/blob\/1155868\/21-27-30_Stellungnahme-SV-Dr-Sterz.pdf\" target=\"_blank\" rel=\"noreferrer noopener\"><span dir=\"auto\">zdroj<\/span><\/a><\/cite><\/em><\/p>\n<p><span dir=\"auto\">Norimbersk\u00fd kodex, zrozen\u00fd z pou\u010den\u00ed z nacistick\u00fdch l\u00e9ka\u0159sk\u00fdch zlo\u010din\u016f, stanov\u00ed, \u017ee nov\u00e9 l\u00e1tky mus\u00ed nejprve proj\u00edt komplexn\u00edm testov\u00e1n\u00edm na zv\u00ed\u0159ec\u00edch modelech, ne\u017e budou testov\u00e1ny na lidech. Pro \u201epland\u00e9mii\u201c bylo pl\u00e1nov\u00e1no n\u011bco jin\u00e9ho \u2013 pod rou\u0161kou schv\u00e1len\u00ed v nouzov\u00e9m p\u0159\u00edpad\u011b byl proveden hromadn\u00fd experiment. Sterz jasn\u011b uvedl, \u017ee ji\u017e v roce 2020 mnoho odborn\u00edk\u016f pova\u017eovalo technologii mRNA za vysoce rizikovou, \u010d\u00e1ste\u010dn\u011b kv\u016fli potenci\u00e1ln\u00ed genotoxicit\u011b, autoimunitn\u00edm reakc\u00edm a dlouhodob\u00e9mu po\u0161kozen\u00ed. Dnes mluv\u00edme o milionech ob\u011bt\u00ed po cel\u00e9m sv\u011bt\u011b. Technologie by m\u011bla b\u00fdt okam\u017eit\u011b zak\u00e1z\u00e1na, uzav\u0159el.<\/span><\/p>\n<p><span dir=\"auto\">Jak se dalo o\u010dek\u00e1vat, p\u0159edn\u00e1\u0161ka vyvolala mezi skeptiky ohledn\u011b koronaviru pobou\u0159en\u00ed. B\u00fdval\u00fd spolkov\u00fd ministr zdravotnictv\u00ed Karl Lauterbach jednodu\u0161e ozna\u010dil prohl\u00e1\u0161en\u00ed renomovan\u00e9ho experta a inform\u00e1tora za \u201efale\u0161n\u00e1\u201c. Stefan Homburg zdokumentoval toto vystoupen\u00ed a ozn\u00e1mil podrobnou anal\u00fdzu. Star\u00fd vzorec p\u0159etrv\u00e1v\u00e1: ti, kdo mluv\u00ed nep\u0159\u00edjemn\u00e9 pravdy, jsou zdiskreditov\u00e1ni, m\u00edsto aby byla fakta objektivn\u011b zkoum\u00e1na.<\/span><\/p>\n<figure class=\"wp-block-embed is-type-rich is-provider-twitter wp-block-embed-twitter\">\n<div class=\"wp-block-embed__wrapper\">\n<div class=\"twitter-tweet twitter-tweet-rendered\"><iframe id=\"twitter-widget-0\" class=\"\" title=\"X P\u0159\u00edsp\u011bvek\" src=\"https:\/\/platform.twitter.com\/embed\/Tweet.html?dnt=true&amp;embedId=twitter-widget-0&amp;features=eyJ0ZndfdGltZWxpbmVfbGlzdCI6eyJidWNrZXQiOltdLCJ2ZXJzaW9uIjpudWxsfSwidGZ3X2ZvbGxvd2VyX2NvdW50X3N1bnNldCI6eyJidWNrZXQiOnRydWUsInZlcnNpb24iOm51bGx9LCJ0ZndfdHdlZXRfZWRpdF9iYWNrZW5kIjp7ImJ1Y2tldCI6Im9uIiwidmVyc2lvbiI6bnVsbH0sInRmd19yZWZzcmNfc2Vzc2lvbiI6eyJidWNrZXQiOiJvbiIsInZlcnNpb24iOm51bGx9LCJ0ZndfZm9zbnJfc29mdF9pbnRlcnZlbnRpb25zX2VuYWJsZWQiOnsiYnVja2V0Ijoib24iLCJ2ZXJzaW9uIjpudWxsfSwidGZ3X21peGVkX21lZGlhXzE1ODk3Ijp7ImJ1Y2tldCI6InRyZWF0bWVudCIsInZlcnNpb24iOm51bGx9LCJ0ZndfZXhwZXJpbWVudHNfY29va2llX2V4cGlyYXRpb24iOnsiYnVja2V0IjoxMjA5NjAwLCJ2ZXJzaW9uIjpudWxsfSwidGZ3X3Nob3dfYmlyZHdhdGNoX3Bpdm90c19lbmFibGVkIjp7ImJ1Y2tldCI6Im9uIiwidmVyc2lvbiI6bnVsbH0sInRmd19kdXBsaWNhdGVfc2NyaWJlc190b19zZXR0aW5ncyI6eyJidWNrZXQiOiJvbiIsInZlcnNpb24iOm51bGx9LCJ0ZndfdXNlX3Byb2ZpbGVfaW1hZ2Vfc2hhcGVfZW5hYmxlZCI6eyJidWNrZXQiOiJvbiIsInZlcnNpb24iOm51bGx9LCJ0ZndfdmlkZW9faGxzX2R5bmFtaWNfbWFuaWZlc3RzXzE1MDgyIjp7ImJ1Y2tldCI6InRydWVfYml0cmF0ZSIsInZlcnNpb24iOm51bGx9LCJ0ZndfbGVnYWN5X3RpbWVsaW5lX3N1bnNldCI6eyJidWNrZXQiOnRydWUsInZlcnNpb24iOm51bGx9LCJ0ZndfdHdlZXRfZWRpdF9mcm9udGVuZCI6eyJidWNrZXQiOiJvbiIsInZlcnNpb24iOm51bGx9fQ%3D%3D&amp;frame=false&amp;hideCard=false&amp;hideThread=false&amp;id=2034870860658454694&amp;lang=cs&amp;origin=https%3A%2F%2Freport24.news%2Fsicher-und-wirksam-pfizer-ex-toxikologe-packt-aus-und-zerlegt-impf-maerchen%2F&amp;sessionId=68c2aa21598248d024b608957ec05a24cc397b33&amp;theme=light&amp;widgetsVersion=2615f7e52b7e0%3A1702314776716&amp;width=550px\" frameborder=\"0\" scrolling=\"no\" allowfullscreen=\"allowfullscreen\" data-tweet-id=\"2034870860658454694\" data-mce-fragment=\"1\"><\/iframe><\/div>\n<\/div>\n<\/figure>\n<p><span dir=\"auto\">M\u00edra \u00famrtnosti na COVID-19 byla 0,16 % a v mnoha v\u011bkov\u00fdch skupin\u00e1ch byla v\u00fdrazn\u011b ni\u017e\u0161\u00ed nebo dokonce \u017e\u00e1dn\u00e1. Typickou \u00famrtnost\u00ed na COVID-19 bylo v\u00edce ne\u017e 80 let a pacienti m\u011bli ji\u017e existuj\u00edc\u00ed zdravotn\u00ed probl\u00e9my. Na rozd\u00edl od ofici\u00e1ln\u00edch panick\u00fdch narativ\u016f nemoc nep\u0159edstavovala existen\u010dn\u00ed hrozbu pro b\u011b\u017enou populaci. Nicm\u00e9n\u011b zcela nov\u00fd l\u00e9k, jeho\u017e dlouhodob\u00e9 \u00fa\u010dinky nebyly zn\u00e1my, byl v rekordn\u00edm \u010dase uveden na trh miliard\u00e1m lid\u00ed. To se stalo bez dostate\u010dn\u00fdch p\u0159edklinick\u00fdch \u00fadaj\u016f, bez kompletn\u00edho testov\u00e1n\u00ed toxicity a bez skute\u010dn\u00e9ho informovan\u00e9ho souhlasu \u00fa\u010dastn\u00edk\u016f. Toto ji\u017e nen\u00ed o\u010dkovac\u00ed program; jedn\u00e1 se o rozs\u00e1hl\u00fd experiment na lidech.<\/span><\/p>\n<p><span dir=\"auto\">D\u016fsledky nejsou jen eticky, ekonomicky a zdravotn\u00ed zni\u010duj\u00edc\u00ed. Mohou m\u00edt i trestn\u011bpr\u00e1vn\u00ed d\u016fsledky. Ka\u017ed\u00fd, kdo uvede na trh l\u00e1tku se zn\u00e1m\u00fdmi riziky a ne\u00fapln\u00fdm testov\u00e1n\u00edm, i kdy\u017e \u00farove\u0148 hrozby byla zvl\u00e1dnuteln\u00e1, jedn\u00e1 p\u0159inejmen\u0161\u00edm s hrubou nedbalost\u00ed. Norimbersk\u00fd kodex tvo\u0159\u00ed z\u00e1klad pro l\u00e9ka\u0159sk\u00e9 a odpov\u011bdnostn\u00ed standardy. S\u00e1m Sterz v rozhovorech zd\u016fraznil, \u017ee v\u00fdjimka z odpov\u011bdnosti ve smlouv\u00e1ch EU se spole\u010dnost\u00ed Pfizer se nevztahuje na p\u0159\u00edpady \u00famyslu nebo hrub\u00e9 nedbalosti. Pokud se prok\u00e1\u017ee, \u017ee v\u00fdrobci a \u00fa\u0159ady \u00famysln\u011b ignorovali chyb\u011bj\u00edc\u00ed studie nebo zleh\u010dovali rizika, pak ochrann\u00fd \u0161t\u00edt pad\u00e1. Pak by mohla vstoupit v platnost pr\u00e1vn\u00ed ustanoven\u00ed t\u00fdkaj\u00edc\u00ed se ubl\u00ed\u017een\u00ed na zdrav\u00ed, zabit\u00ed, \u00famysln\u00e9ho ohro\u017een\u00ed ve\u0159ejnosti nebo poru\u0161en\u00ed z\u00e1kona o l\u00e9\u010divech.<\/span><\/p>\n<p><span dir=\"auto\">To, \u017ee odpov\u011bdn\u00ed v\u011bd\u011bli, co d\u011blaj\u00ed, je obt\u00ed\u017en\u00e9 dok\u00e1zat, ale v\u0161eobecn\u011b se to pova\u017euje za pravd\u011bpodobn\u00fd p\u0159edpoklad. Spole\u010dnost BioNTech nebyla schopna uv\u00e9st na trh \u017e\u00e1dn\u00fd produkt p\u0159ed vakc\u00ednou proti COVID-19 a ani od t\u00e9 doby. \u010c\u00e1ste\u010dn\u011b je to zp\u016fsobeno toxicitou technologie mRNA s jej\u00edmi lipidov\u00fdmi nano\u010d\u00e1sticemi. Veden\u00ed spole\u010dnosti od t\u00e9 doby ode\u0161lo. Po mn\u011b, potopa? Skute\u010dnost, \u017ee t\u011bla ob\u011bt\u00ed o\u010dkov\u00e1n\u00ed byla nucena znovu vytvo\u0159it spike protein ve vlastn\u00edch bu\u0148k\u00e1ch, je zvr\u00e1cenost, kter\u00e1 nem\u00e1 obdoby ve sv\u00e9 zka\u017eenosti. Koneckonc\u016f, byl to spike protein, kter\u00fd v podstat\u011b zp\u016fsobil onemocn\u011bn\u00ed COVID-19. P\u0159i norm\u00e1ln\u00ed infekci jej imunitn\u00ed syst\u00e9m spolu se zbytkem viru eliminuje z d\u00fdchac\u00edch sliznic. P\u0159i \u201eo\u010dkov\u00e1n\u00ed\u201c se spike protein produkuje v nezn\u00e1m\u00e9m mno\u017estv\u00ed po neur\u010ditou dobu ve v\u0161ech t\u011blesn\u00fdch bu\u0148k\u00e1ch, od mozku a c\u00e9v a\u017e po reproduk\u010dn\u00ed org\u00e1ny.<\/span><\/p>\n<p><span dir=\"auto\">To se tak\u00e9 shoduje s po\u010dtem ob\u011bt\u00ed po zaveden\u00ed mRNA vakc\u00edny proti COVID-19. Ji\u017e 30. dubna 2021 si spole\u010dnost Pfizer, a tedy i osoby odpov\u011bdn\u00e9 za ni, uv\u011bdomovala, \u017ee ze 158 893 hl\u00e1\u0161en\u00fdch p\u0159\u00edpad\u016f ne\u017e\u00e1douc\u00edch \u00fa\u010dink\u016f ji\u017e bylo zaznamen\u00e1no 1 223 \u00famrt\u00ed. U \u201evakc\u00edny\u201c proti nemoci, kter\u00e1 m\u011bla \u00famrtnost na infekci od 0,001 % (do 20 let) do 0,04 % (do 60 let) u osob mlad\u0161\u00edch 60 let, byla smrt \u201evedlej\u0161\u00edm \u00fa\u010dinkem\u201c v jednom procentu p\u0159\u00edpad\u016f. Je d\u016fle\u017eit\u00e9 si uv\u011bdomit, \u017ee k \u00famrt\u00ed na COVID-19 se lid\u00e9 museli nejprve nakazit. N\u011bkter\u00fdm se to nikdy nepoda\u0159ilo. S \u201evakc\u00ednou\u201c v\u0161ak neexistovalo \u017e\u00e1dn\u00e9 zm\u00edrn\u011bn\u00ed situace, \u017e\u00e1dn\u00fd \u00fanik, krom\u011b loterie jednotliv\u00fdch \u0161ar\u017e\u00ed.<\/span><\/p>\n<p><span dir=\"auto\">Plandemie a jej\u00ed \u201eopat\u0159en\u00ed\u201c jsou \u0159adou odborn\u00edk\u016f a ob\u011bt\u00ed politick\u00e9 perzekuce pova\u017eov\u00e1ny za bezprecedentn\u00ed zlo\u010din proti lidskosti. Skute\u010dnost, \u017ee osoby odpov\u011bdn\u00e9 a spolupachatel\u00e9 v politice, farmaceutick\u00e9m pr\u016fmyslu a m\u00e9di\u00edch dosud nebyly pohn\u00e1ny k odpov\u011bdnosti u soudu, je fackou v\u0161em ob\u011btem. V z\u00e1jmu spravedlnosti a v\u0161eobecn\u00e9ho odstra\u0161en\u00ed mus\u00ed b\u00fdt plandemie st\u00edh\u00e1na. Jinak se historie bude opakovat.<\/span><\/p>\n<p><em><span dir=\"auto\">Koment\u00e1\u0159 <a href=\"https:\/\/report24.news\/sicher-und-wirksam-pfizer-ex-toxikologe-packt-aus-und-zerlegt-impf-maerchen\/\">Chrise Vebera<\/a><\/span><\/em><\/p>\n<p>&nbsp;<\/p>\n","protected":false},"excerpt":{"rendered":"<p>Na sly\u0161en\u00ed p\u0159ed vy\u0161et\u0159ovac\u00ed komis\u00ed n\u011bmeck\u00e9ho Bundestagu b\u00fdval\u00fd hlavn\u00ed toxikolog spole\u010dnosti Pfizer Europe vyvr\u00e1til ofici\u00e1ln\u00ed&#8230;<\/p>\n","protected":false},"author":2,"featured_media":102602,"comment_status":"closed","ping_status":"closed","sticky":false,"template":"","format":"standard","meta":[],"categories":[7],"tags":[1503,315,651,21],"_links":{"self":[{"href":"https:\/\/www.infokuryr.cz\/n\/wp-json\/wp\/v2\/posts\/102601"}],"collection":[{"href":"https:\/\/www.infokuryr.cz\/n\/wp-json\/wp\/v2\/posts"}],"about":[{"href":"https:\/\/www.infokuryr.cz\/n\/wp-json\/wp\/v2\/types\/post"}],"author":[{"embeddable":true,"href":"https:\/\/www.infokuryr.cz\/n\/wp-json\/wp\/v2\/users\/2"}],"replies":[{"embeddable":true,"href":"https:\/\/www.infokuryr.cz\/n\/wp-json\/wp\/v2\/comments?post=102601"}],"version-history":[{"count":0,"href":"https:\/\/www.infokuryr.cz\/n\/wp-json\/wp\/v2\/posts\/102601\/revisions"}],"wp:featuredmedia":[{"embeddable":true,"href":"https:\/\/www.infokuryr.cz\/n\/wp-json\/wp\/v2\/media\/102602"}],"wp:attachment":[{"href":"https:\/\/www.infokuryr.cz\/n\/wp-json\/wp\/v2\/media?parent=102601"}],"wp:term":[{"taxonomy":"category","embeddable":true,"href":"https:\/\/www.infokuryr.cz\/n\/wp-json\/wp\/v2\/categories?post=102601"},{"taxonomy":"post_tag","embeddable":true,"href":"https:\/\/www.infokuryr.cz\/n\/wp-json\/wp\/v2\/tags?post=102601"}],"curies":[{"name":"wp","href":"https:\/\/api.w.org\/{rel}","templated":true}]}}