{"id":102564,"date":"2026-03-22T00:24:58","date_gmt":"2026-03-21T23:24:58","guid":{"rendered":"https:\/\/www.infokuryr.cz\/n\/?p=102564"},"modified":"2026-03-21T16:15:46","modified_gmt":"2026-03-21T15:15:46","slug":"rozzureny-dav-muslimu-vyhnal-australskeho-premiera-z-mesity","status":"publish","type":"post","link":"https:\/\/www.infokuryr.cz\/n\/2026\/03\/22\/rozzureny-dav-muslimu-vyhnal-australskeho-premiera-z-mesity\/","title":{"rendered":"Rozzu\u0159en\u00fd dav muslim\u016f vyhnal australsk\u00e9ho premi\u00e9ra z me\u0161ity!"},"content":{"rendered":"<div id=\"fb-root\"><\/div>\n<p><strong><span dir=\"auto\">Cht\u011bl se vl\u00edznout \u2013 a byl pon\u00ed\u017een jako \u0161kol\u00e1k. Australsk\u00fd levicov\u00fd premi\u00e9r Anthony Albanese za\u017eil v nejv\u011bt\u0161\u00ed me\u0161it\u011b v zemi \u0159adu nad\u00e1vek. Ur\u00e1\u017een jako \u201esvadliv\u00fd pes\u201c a \u201ezast\u00e1nce genocidy\u201c musel \u0161\u00e9f vl\u00e1dy uprchnout zadn\u00edm vchodem za posm\u011bchu rozzu\u0159en\u00e9ho davu.<\/span><\/strong><\/p>\n<p><span dir=\"auto\">Sc\u00e9ny, kter\u00e9 se v p\u00e1tek odehr\u00e1ly v me\u0161it\u011b Lakemba v jihoz\u00e1padn\u00edm Sydney, jsou naprostou a naprostou ob\u017ealobou levicov\u00e9 politiky appeasementu. Albanese tam cestoval se sv\u00fdm ministrem vnitra Tonym Burkem, aby oslavil konec svat\u00e9ho m\u011bs\u00edce Ramad\u00e1nu (\u00cdd). M\u00edsto toho, aby Albanese demonstroval s\u00edlu jako nejmocn\u011bj\u0161\u00ed mu\u017e v zemi, se ji\u017e p\u0159edem pod\u0159\u00eddil absurdn\u00edm po\u017eadavk\u016fm organiz\u00e1tor\u016f me\u0161ity: nesm\u011bl pron\u00e9st projev. M\u011bl tam prost\u011b sed\u011bt, ml\u010det a poslouchat. Na fotografi\u00edch z akce vypad\u00e1 premi\u00e9r doslova jako rukojm\u00ed muslim\u016f.<\/span><\/p>\n<figure class=\"wp-block-embed is-type-rich is-provider-twitter wp-block-embed-twitter\">\n<div class=\"wp-block-embed__wrapper\">\n<div class=\"twitter-tweet twitter-tweet-rendered\"><iframe id=\"twitter-widget-0\" class=\"\" title=\"X P\u0159\u00edsp\u011bvek\" src=\"https:\/\/platform.twitter.com\/embed\/Tweet.html?dnt=true&amp;embedId=twitter-widget-0&amp;features=eyJ0ZndfdGltZWxpbmVfbGlzdCI6eyJidWNrZXQiOltdLCJ2ZXJzaW9uIjpudWxsfSwidGZ3X2ZvbGxvd2VyX2NvdW50X3N1bnNldCI6eyJidWNrZXQiOnRydWUsInZlcnNpb24iOm51bGx9LCJ0ZndfdHdlZXRfZWRpdF9iYWNrZW5kIjp7ImJ1Y2tldCI6Im9uIiwidmVyc2lvbiI6bnVsbH0sInRmd19yZWZzcmNfc2Vzc2lvbiI6eyJidWNrZXQiOiJvbiIsInZlcnNpb24iOm51bGx9LCJ0ZndfZm9zbnJfc29mdF9pbnRlcnZlbnRpb25zX2VuYWJsZWQiOnsiYnVja2V0Ijoib24iLCJ2ZXJzaW9uIjpudWxsfSwidGZ3X21peGVkX21lZGlhXzE1ODk3Ijp7ImJ1Y2tldCI6InRyZWF0bWVudCIsInZlcnNpb24iOm51bGx9LCJ0ZndfZXhwZXJpbWVudHNfY29va2llX2V4cGlyYXRpb24iOnsiYnVja2V0IjoxMjA5NjAwLCJ2ZXJzaW9uIjpudWxsfSwidGZ3X3Nob3dfYmlyZHdhdGNoX3Bpdm90c19lbmFibGVkIjp7ImJ1Y2tldCI6Im9uIiwidmVyc2lvbiI6bnVsbH0sInRmd19kdXBsaWNhdGVfc2NyaWJlc190b19zZXR0aW5ncyI6eyJidWNrZXQiOiJvbiIsInZlcnNpb24iOm51bGx9LCJ0ZndfdXNlX3Byb2ZpbGVfaW1hZ2Vfc2hhcGVfZW5hYmxlZCI6eyJidWNrZXQiOiJvbiIsInZlcnNpb24iOm51bGx9LCJ0ZndfdmlkZW9faGxzX2R5bmFtaWNfbWFuaWZlc3RzXzE1MDgyIjp7ImJ1Y2tldCI6InRydWVfYml0cmF0ZSIsInZlcnNpb24iOm51bGx9LCJ0ZndfbGVnYWN5X3RpbWVsaW5lX3N1bnNldCI6eyJidWNrZXQiOnRydWUsInZlcnNpb24iOm51bGx9LCJ0ZndfdHdlZXRfZWRpdF9mcm9udGVuZCI6eyJidWNrZXQiOiJvbiIsInZlcnNpb24iOm51bGx9fQ%3D%3D&amp;frame=false&amp;hideCard=false&amp;hideThread=false&amp;id=2034936229532213609&amp;lang=cs&amp;origin=https%3A%2F%2Freport24.news%2Fwuetender-moslem-mob-jagt-australischen-premierminister-aus-moschee%2F&amp;sessionId=38d7ebe67a32349216836fc146179981be1c8bcc&amp;theme=light&amp;widgetsVersion=2615f7e52b7e0%3A1702314776716&amp;width=550px\" frameborder=\"0\" scrolling=\"no\" allowfullscreen=\"allowfullscreen\" data-tweet-id=\"2034936229532213609\" data-mce-fragment=\"1\"><\/iframe><\/div>\n<\/div>\n<\/figure>\n<p><span dir=\"auto\">Ka\u017ed\u00fd, kdo takto poklekne p\u0159ed radik\u00e1ln\u00edmi muslimy a signalizuje tak slabost, si nezaslou\u017e\u00ed respekt, ale naprost\u00e9 opovr\u017een\u00ed. Gesto pod\u0159\u00edzenosti p\u016fsobilo na dav jako urychlova\u010d. Situace se tot\u00e1ln\u011b vyhrotila. Videoz\u00e1znam ukazuje \u010dir\u00fd chaos: mu\u017ei k\u0159i\u010d\u00ed svou nefal\u0161ovanou nen\u00e1vist p\u0159\u00edmo do tv\u00e1\u0159\u00ed premi\u00e9rovi a jeho ministrovi. \u201ePro\u010d je tady? Vyho\u010fte ho odsud!\u201c skandovali po cel\u00e9 me\u0161it\u011b. D\u016fvod v\u00fdbuchu muslimsk\u00fdch nen\u00e1vistn\u00edk\u016f Izraele a antisemit\u016f: levicov\u00e1 labouristick\u00e1 vl\u00e1da se odv\u00e1\u017eila uznat pr\u00e1vo Izraele na sebeobranu po brut\u00e1ln\u00edm teroru Ham\u00e1su v roce 2023. Pro muslimy v me\u0161it\u011b to byl zjevn\u011b neodpustiteln\u00fd zlo\u010din.<\/span><\/p>\n<figure class=\"wp-block-embed is-type-rich is-provider-twitter wp-block-embed-twitter\">\n<div class=\"wp-block-embed__wrapper\">\n<div class=\"twitter-tweet twitter-tweet-rendered\"><iframe id=\"twitter-widget-1\" class=\"\" title=\"X P\u0159\u00edsp\u011bvek\" src=\"https:\/\/platform.twitter.com\/embed\/Tweet.html?dnt=true&amp;embedId=twitter-widget-1&amp;features=eyJ0ZndfdGltZWxpbmVfbGlzdCI6eyJidWNrZXQiOltdLCJ2ZXJzaW9uIjpudWxsfSwidGZ3X2ZvbGxvd2VyX2NvdW50X3N1bnNldCI6eyJidWNrZXQiOnRydWUsInZlcnNpb24iOm51bGx9LCJ0ZndfdHdlZXRfZWRpdF9iYWNrZW5kIjp7ImJ1Y2tldCI6Im9uIiwidmVyc2lvbiI6bnVsbH0sInRmd19yZWZzcmNfc2Vzc2lvbiI6eyJidWNrZXQiOiJvbiIsInZlcnNpb24iOm51bGx9LCJ0ZndfZm9zbnJfc29mdF9pbnRlcnZlbnRpb25zX2VuYWJsZWQiOnsiYnVja2V0Ijoib24iLCJ2ZXJzaW9uIjpudWxsfSwidGZ3X21peGVkX21lZGlhXzE1ODk3Ijp7ImJ1Y2tldCI6InRyZWF0bWVudCIsInZlcnNpb24iOm51bGx9LCJ0ZndfZXhwZXJpbWVudHNfY29va2llX2V4cGlyYXRpb24iOnsiYnVja2V0IjoxMjA5NjAwLCJ2ZXJzaW9uIjpudWxsfSwidGZ3X3Nob3dfYmlyZHdhdGNoX3Bpdm90c19lbmFibGVkIjp7ImJ1Y2tldCI6Im9uIiwidmVyc2lvbiI6bnVsbH0sInRmd19kdXBsaWNhdGVfc2NyaWJlc190b19zZXR0aW5ncyI6eyJidWNrZXQiOiJvbiIsInZlcnNpb24iOm51bGx9LCJ0ZndfdXNlX3Byb2ZpbGVfaW1hZ2Vfc2hhcGVfZW5hYmxlZCI6eyJidWNrZXQiOiJvbiIsInZlcnNpb24iOm51bGx9LCJ0ZndfdmlkZW9faGxzX2R5bmFtaWNfbWFuaWZlc3RzXzE1MDgyIjp7ImJ1Y2tldCI6InRydWVfYml0cmF0ZSIsInZlcnNpb24iOm51bGx9LCJ0ZndfbGVnYWN5X3RpbWVsaW5lX3N1bnNldCI6eyJidWNrZXQiOnRydWUsInZlcnNpb24iOm51bGx9LCJ0ZndfdHdlZXRfZWRpdF9mcm9udGVuZCI6eyJidWNrZXQiOiJvbiIsInZlcnNpb24iOm51bGx9fQ%3D%3D&amp;frame=false&amp;hideCard=false&amp;hideThread=false&amp;id=2034759622545060027&amp;lang=cs&amp;origin=https%3A%2F%2Freport24.news%2Fwuetender-moslem-mob-jagt-australischen-premierminister-aus-moschee%2F&amp;sessionId=38d7ebe67a32349216836fc146179981be1c8bcc&amp;theme=light&amp;widgetsVersion=2615f7e52b7e0%3A1702314776716&amp;width=550px\" frameborder=\"0\" scrolling=\"no\" allowfullscreen=\"allowfullscreen\" data-tweet-id=\"2034759622545060027\" data-mce-fragment=\"1\"><\/iframe><\/div>\n<\/div>\n<\/figure>\n<p><span dir=\"auto\">Jak se agresivn\u00ed dav tla\u010dil na premi\u00e9ra, uvnit\u0159 budovy vypukly fyzick\u00e9 poty\u010dky. Jeden n\u00e1v\u0161t\u011bvn\u00edk si dokonce musel zakr\u00fdt \u00fasta, aby p\u0159estal k\u0159i\u010det. Zoufal\u00e9 v\u00fdk\u0159iky tajemn\u00edka me\u0161ity Gamela Kheira (\u201eRespektujte m\u00edsto, kde jste!\u201c) zcela p\u0159ehlu\u0161il ohlu\u0161uj\u00edc\u00ed sbor nen\u00e1visti. \u201eJe zodpov\u011bdn\u00fd za smrt milionu na\u0161ich bratr\u016f a sester!\u201c k\u0159i\u010del jeden fanatik.<\/span><\/p>\n<p><span dir=\"auto\">Vrcholn\u00e9 pon\u00ed\u017een\u00ed nastalo, kdy\u017e bezpe\u010dnostn\u00ed slo\u017eky musely australsk\u00e9ho premi\u00e9ra doprovodit do bezpe\u010d\u00ed administrativn\u00edch kancel\u00e1\u0159\u00ed a nakonec ho z budovy vyv\u00e9st zadn\u00edm v\u00fdchodem. Jeho trapn\u00fd \u00fat\u011bk doprov\u00e1zely v\u00fdk\u0159iky \u201eSty\u010fte se!\u201c a arabsk\u00e1 nad\u00e1vka \u201eAlba-tizi\u201c \u2013 vulg\u00e1rn\u00ed arabsk\u00e1 nar\u00e1\u017eka na jeho h\u00fd\u017ed\u011b.<\/span><\/p>\n<figure class=\"wp-block-embed is-type-rich is-provider-twitter wp-block-embed-twitter\">\n<div class=\"wp-block-embed__wrapper\">\n<div class=\"twitter-tweet twitter-tweet-rendered\"><iframe id=\"twitter-widget-2\" class=\"\" title=\"X P\u0159\u00edsp\u011bvek\" src=\"https:\/\/platform.twitter.com\/embed\/Tweet.html?dnt=true&amp;embedId=twitter-widget-2&amp;features=eyJ0ZndfdGltZWxpbmVfbGlzdCI6eyJidWNrZXQiOltdLCJ2ZXJzaW9uIjpudWxsfSwidGZ3X2ZvbGxvd2VyX2NvdW50X3N1bnNldCI6eyJidWNrZXQiOnRydWUsInZlcnNpb24iOm51bGx9LCJ0ZndfdHdlZXRfZWRpdF9iYWNrZW5kIjp7ImJ1Y2tldCI6Im9uIiwidmVyc2lvbiI6bnVsbH0sInRmd19yZWZzcmNfc2Vzc2lvbiI6eyJidWNrZXQiOiJvbiIsInZlcnNpb24iOm51bGx9LCJ0ZndfZm9zbnJfc29mdF9pbnRlcnZlbnRpb25zX2VuYWJsZWQiOnsiYnVja2V0Ijoib24iLCJ2ZXJzaW9uIjpudWxsfSwidGZ3X21peGVkX21lZGlhXzE1ODk3Ijp7ImJ1Y2tldCI6InRyZWF0bWVudCIsInZlcnNpb24iOm51bGx9LCJ0ZndfZXhwZXJpbWVudHNfY29va2llX2V4cGlyYXRpb24iOnsiYnVja2V0IjoxMjA5NjAwLCJ2ZXJzaW9uIjpudWxsfSwidGZ3X3Nob3dfYmlyZHdhdGNoX3Bpdm90c19lbmFibGVkIjp7ImJ1Y2tldCI6Im9uIiwidmVyc2lvbiI6bnVsbH0sInRmd19kdXBsaWNhdGVfc2NyaWJlc190b19zZXR0aW5ncyI6eyJidWNrZXQiOiJvbiIsInZlcnNpb24iOm51bGx9LCJ0ZndfdXNlX3Byb2ZpbGVfaW1hZ2Vfc2hhcGVfZW5hYmxlZCI6eyJidWNrZXQiOiJvbiIsInZlcnNpb24iOm51bGx9LCJ0ZndfdmlkZW9faGxzX2R5bmFtaWNfbWFuaWZlc3RzXzE1MDgyIjp7ImJ1Y2tldCI6InRydWVfYml0cmF0ZSIsInZlcnNpb24iOm51bGx9LCJ0ZndfbGVnYWN5X3RpbWVsaW5lX3N1bnNldCI6eyJidWNrZXQiOnRydWUsInZlcnNpb24iOm51bGx9LCJ0ZndfdHdlZXRfZWRpdF9mcm9udGVuZCI6eyJidWNrZXQiOiJvbiIsInZlcnNpb24iOm51bGx9fQ%3D%3D&amp;frame=false&amp;hideCard=false&amp;hideThread=false&amp;id=2034977860415299993&amp;lang=cs&amp;origin=https%3A%2F%2Freport24.news%2Fwuetender-moslem-mob-jagt-australischen-premierminister-aus-moschee%2F&amp;sessionId=38d7ebe67a32349216836fc146179981be1c8bcc&amp;theme=light&amp;widgetsVersion=2615f7e52b7e0%3A1702314776716&amp;width=550px\" frameborder=\"0\" scrolling=\"no\" allowfullscreen=\"allowfullscreen\" data-tweet-id=\"2034977860415299993\" data-mce-fragment=\"1\"><\/iframe><\/div>\n<\/div>\n<\/figure>\n<p><span dir=\"auto\">Levicov\u00e1 politika \u00fastupk\u016f v\u016f\u010di muslim\u016fm jednodu\u0161e nefunguje, jak se op\u011bt uk\u00e1zalo. A ti, kte\u0159\u00ed \u2013 stejn\u011b jako socialist\u00e9, Zelen\u00ed a pseudocentrist\u00e9 \u2013 v\u011b\u0159\u00ed, \u017ee mus\u00ed prodat svou du\u0161i za muslimsk\u00e9 hlasy, si d\u0159\u00edve \u010di pozd\u011bji uv\u011bdom\u00ed, kam to vede. Tito levi\u010d\u00e1\u010dt\u00ed \u010darod\u011bjovi u\u010dni prost\u011b nedok\u00e1\u017eou ovl\u00e1dat duchy, kter\u00e9 p\u0159ivolali.<\/span><\/p>\n<p><img decoding=\"async\" loading=\"lazy\" class=\"alignnone size-full wp-image-1185\" src=\"http:\/\/www.infokuryr.cz\/n\/wp-content\/uploads\/2021\/04\/kuryr-podpis.png\" alt=\"\" width=\"84\" height=\"24\" \/><\/p>\n<p>&nbsp;<\/p>\n","protected":false},"excerpt":{"rendered":"<p>Cht\u011bl se vl\u00edznout \u2013 a byl pon\u00ed\u017een jako \u0161kol\u00e1k. Australsk\u00fd levicov\u00fd premi\u00e9r Anthony Albanese za\u017eil&#8230;<\/p>\n","protected":false},"author":2,"featured_media":102565,"comment_status":"closed","ping_status":"closed","sticky":false,"template":"","format":"standard","meta":[],"categories":[7],"tags":[434,1290,621,3870],"_links":{"self":[{"href":"https:\/\/www.infokuryr.cz\/n\/wp-json\/wp\/v2\/posts\/102564"}],"collection":[{"href":"https:\/\/www.infokuryr.cz\/n\/wp-json\/wp\/v2\/posts"}],"about":[{"href":"https:\/\/www.infokuryr.cz\/n\/wp-json\/wp\/v2\/types\/post"}],"author":[{"embeddable":true,"href":"https:\/\/www.infokuryr.cz\/n\/wp-json\/wp\/v2\/users\/2"}],"replies":[{"embeddable":true,"href":"https:\/\/www.infokuryr.cz\/n\/wp-json\/wp\/v2\/comments?post=102564"}],"version-history":[{"count":0,"href":"https:\/\/www.infokuryr.cz\/n\/wp-json\/wp\/v2\/posts\/102564\/revisions"}],"wp:featuredmedia":[{"embeddable":true,"href":"https:\/\/www.infokuryr.cz\/n\/wp-json\/wp\/v2\/media\/102565"}],"wp:attachment":[{"href":"https:\/\/www.infokuryr.cz\/n\/wp-json\/wp\/v2\/media?parent=102564"}],"wp:term":[{"taxonomy":"category","embeddable":true,"href":"https:\/\/www.infokuryr.cz\/n\/wp-json\/wp\/v2\/categories?post=102564"},{"taxonomy":"post_tag","embeddable":true,"href":"https:\/\/www.infokuryr.cz\/n\/wp-json\/wp\/v2\/tags?post=102564"}],"curies":[{"name":"wp","href":"https:\/\/api.w.org\/{rel}","templated":true}]}}