{"id":102559,"date":"2026-03-22T00:21:10","date_gmt":"2026-03-21T23:21:10","guid":{"rendered":"https:\/\/www.infokuryr.cz\/n\/?p=102559"},"modified":"2026-03-21T16:07:43","modified_gmt":"2026-03-21T15:07:43","slug":"ekologicke-silenstvi-pro-vetrne-turbiny-kazdy-rok-je-nelegalne-pokaceno-pul-milionu-amazonskych-stromu","status":"publish","type":"post","link":"https:\/\/www.infokuryr.cz\/n\/2026\/03\/22\/ekologicke-silenstvi-pro-vetrne-turbiny-kazdy-rok-je-nelegalne-pokaceno-pul-milionu-amazonskych-stromu\/","title":{"rendered":"Ekologick\u00e9 \u0161\u00edlenstv\u00ed pro v\u011btrn\u00e9 turb\u00edny: Ka\u017ed\u00fd rok je neleg\u00e1ln\u011b pok\u00e1ceno p\u016fl milionu amazonsk\u00fdch strom\u016f!"},"content":{"rendered":"<div id=\"fb-root\"><\/div>\n<p><strong><span dir=\"auto\">P\u0159edstavte si to: V amazonsk\u00e9m de\u0161tn\u00e9m pralese se ka\u017edoro\u010dn\u011b pok\u00e1c\u00ed p\u016fl milionu strom\u016f kv\u016fli tzv. energetick\u00e9 transformaci. Na lopatky rotor\u016f v\u011btrn\u00fdch turb\u00edn je pot\u0159eba obrovsk\u00e9 mno\u017estv\u00ed balzov\u00e9ho d\u0159eva. Zohled\u0148uje se to i v tzv. \u201eklimatick\u00e9 bilanci\u201c?<\/span><\/strong><\/p>\n<p><span dir=\"auto\">To je dal\u0161\u00ed d\u016fkaz pokrytectv\u00ed \u201ezelen\u00e9\u201c klimatick\u00e9 ideologie. Aby se sv\u011bt zaplnil gigantick\u00fdmi v\u011btrn\u00fdmi turb\u00ednami, ni\u010d\u00ed se p\u0159esn\u011b to, co ekolobby \u00fadajn\u011b chr\u00e1n\u00ed: p\u0159\u00edroda. Ka\u017ed\u00fd rok se v amazonsk\u00e9m de\u0161tn\u00e9m pralese stane ob\u011bt\u00ed neleg\u00e1ln\u00ed t\u011b\u017eby d\u0159eva p\u0159es p\u016fl milionu balzov\u00fdch strom\u016f \u2013 to v\u0161e proto, aby se uspokojil nenasytn\u00fd hlad glob\u00e1ln\u00edho pr\u016fmyslu v\u011btrn\u00e9 energie.<\/span><\/p>\n<figure class=\"wp-block-embed is-type-rich is-provider-twitter wp-block-embed-twitter\">\n<div class=\"wp-block-embed__wrapper\">\n<div class=\"twitter-tweet twitter-tweet-rendered\"><iframe id=\"twitter-widget-0\" class=\"\" title=\"X P\u0159\u00edsp\u011bvek\" src=\"https:\/\/platform.twitter.com\/embed\/Tweet.html?dnt=true&amp;embedId=twitter-widget-0&amp;features=eyJ0ZndfdGltZWxpbmVfbGlzdCI6eyJidWNrZXQiOltdLCJ2ZXJzaW9uIjpudWxsfSwidGZ3X2ZvbGxvd2VyX2NvdW50X3N1bnNldCI6eyJidWNrZXQiOnRydWUsInZlcnNpb24iOm51bGx9LCJ0ZndfdHdlZXRfZWRpdF9iYWNrZW5kIjp7ImJ1Y2tldCI6Im9uIiwidmVyc2lvbiI6bnVsbH0sInRmd19yZWZzcmNfc2Vzc2lvbiI6eyJidWNrZXQiOiJvbiIsInZlcnNpb24iOm51bGx9LCJ0ZndfZm9zbnJfc29mdF9pbnRlcnZlbnRpb25zX2VuYWJsZWQiOnsiYnVja2V0Ijoib24iLCJ2ZXJzaW9uIjpudWxsfSwidGZ3X21peGVkX21lZGlhXzE1ODk3Ijp7ImJ1Y2tldCI6InRyZWF0bWVudCIsInZlcnNpb24iOm51bGx9LCJ0ZndfZXhwZXJpbWVudHNfY29va2llX2V4cGlyYXRpb24iOnsiYnVja2V0IjoxMjA5NjAwLCJ2ZXJzaW9uIjpudWxsfSwidGZ3X3Nob3dfYmlyZHdhdGNoX3Bpdm90c19lbmFibGVkIjp7ImJ1Y2tldCI6Im9uIiwidmVyc2lvbiI6bnVsbH0sInRmd19kdXBsaWNhdGVfc2NyaWJlc190b19zZXR0aW5ncyI6eyJidWNrZXQiOiJvbiIsInZlcnNpb24iOm51bGx9LCJ0ZndfdXNlX3Byb2ZpbGVfaW1hZ2Vfc2hhcGVfZW5hYmxlZCI6eyJidWNrZXQiOiJvbiIsInZlcnNpb24iOm51bGx9LCJ0ZndfdmlkZW9faGxzX2R5bmFtaWNfbWFuaWZlc3RzXzE1MDgyIjp7ImJ1Y2tldCI6InRydWVfYml0cmF0ZSIsInZlcnNpb24iOm51bGx9LCJ0ZndfbGVnYWN5X3RpbWVsaW5lX3N1bnNldCI6eyJidWNrZXQiOnRydWUsInZlcnNpb24iOm51bGx9LCJ0ZndfdHdlZXRfZWRpdF9mcm9udGVuZCI6eyJidWNrZXQiOiJvbiIsInZlcnNpb24iOm51bGx9fQ%3D%3D&amp;frame=false&amp;hideCard=false&amp;hideThread=false&amp;id=1988524213167390851&amp;lang=cs&amp;origin=https%3A%2F%2Freport24.news%2Foeko-wahnsinn-fuer-windraeder-eine-halbe-million-amazonas-baeume-werden-jaehrlich-illegal-abgeholzt%2F&amp;sessionId=6de448f7a84eece9f42efc2fb297eb9437206bb6&amp;theme=light&amp;widgetsVersion=2615f7e52b7e0%3A1702314776716&amp;width=550px\" frameborder=\"0\" scrolling=\"no\" allowfullscreen=\"allowfullscreen\" data-tweet-id=\"1988524213167390851\" data-mce-fragment=\"1\"><\/iframe><\/div>\n<\/div>\n<\/figure>\n<p><span dir=\"auto\">Toto odhalen\u00ed, zalo\u017een\u00e9 na\u00a0<\/span><a href=\"https:\/\/dailysceptic.org\/2026\/03\/17\/exclusive-half-a-million-balsa-trees-illegally-logged-in-amazon-rainforest-every-year-to-feed-global-wind-turbine-demand\/\"><span dir=\"auto\">exkluzivn\u00edm vy\u0161et\u0159ov\u00e1n\u00ed den\u00edku Daily Sceptic<\/span><\/a><span dir=\"auto\">\u00a0, op\u011bt strh\u00e1v\u00e1 masku z takzvan\u00e9 \u201ezelen\u00e9\u201c energetick\u00e9 transformace. V\u011btrn\u00e9 turb\u00edny nejsou jen neefektivn\u00ed, nespolehliv\u00e9 a o\u0161kliv\u00e9 monstra, kter\u00e1 hyzd\u00ed na\u0161i krajinu. Jsou to skute\u010dn\u00ed ekozabij\u00e1ci. Likviduj\u00ed miliony netop\u00fdr\u016f a drav\u00fdch pt\u00e1k\u016f, vyhlazuj\u00ed populace hmyzu a m\u011bn\u00ed m\u00edstn\u00ed ekosyst\u00e9my. Bez gigantick\u00fdch dotac\u00ed z pen\u011bz da\u0148ov\u00fdch poplatn\u00edk\u016f by nikdo ve voln\u00e9 tr\u017en\u00ed ekonomice nepostavil ani jednu z t\u011bchto v\u011bc\u00ed.<\/span><\/p>\n<p><span dir=\"auto\">Ale je to hor\u0161\u00ed. Pro obrovsk\u00e9 rotorov\u00e9 listy v\u011btrn\u00fdch turb\u00edn je pot\u0159eba balzov\u00e9 d\u0159evo \u2013 extr\u00e9mn\u011b lehk\u00e9, ale pevn\u00e9 tropick\u00e9 tvrd\u00e9 d\u0159evo. Na jednu sadu t\u0159\u00ed rotorov\u00fdch list\u016f mus\u00ed zem\u0159\u00edt a\u017e 40 strom\u016f! Ekv\u00e1dor, hlavn\u00ed dodavatel, ro\u010dn\u011b vyv\u00e1\u017e\u00ed p\u0159ibli\u017en\u011b 80 000 tun tohoto d\u0159eva. V\u00edce ne\u017e polovina z n\u011bj kon\u010d\u00ed p\u0159\u00edmo ve v\u011btrn\u00e9 energetice. To se rovn\u00e1 ro\u010dn\u00ed spot\u0159eb\u011b v\u00edce ne\u017e milionu balzov\u00fdch strom\u016f jen pro v\u011btrn\u00e9 turb\u00edny. Proto\u017ee udr\u017eiteln\u00e9 plant\u00e1\u017ee ji\u017e nedok\u00e1\u017eou uspokojit tuto \u0161\u00edlenou popt\u00e1vku, d\u0159evorubci zasahuj\u00ed do nedot\u010den\u00fdch de\u0161tn\u00fdch prales\u016f.<\/span><\/p>\n<figure class=\"wp-block-embed is-type-rich is-provider-twitter wp-block-embed-twitter\">\n<div class=\"wp-block-embed__wrapper\">\n<div class=\"twitter-tweet twitter-tweet-rendered\"><iframe id=\"twitter-widget-1\" class=\"\" title=\"X P\u0159\u00edsp\u011bvek\" src=\"https:\/\/platform.twitter.com\/embed\/Tweet.html?dnt=true&amp;embedId=twitter-widget-1&amp;features=eyJ0ZndfdGltZWxpbmVfbGlzdCI6eyJidWNrZXQiOltdLCJ2ZXJzaW9uIjpudWxsfSwidGZ3X2ZvbGxvd2VyX2NvdW50X3N1bnNldCI6eyJidWNrZXQiOnRydWUsInZlcnNpb24iOm51bGx9LCJ0ZndfdHdlZXRfZWRpdF9iYWNrZW5kIjp7ImJ1Y2tldCI6Im9uIiwidmVyc2lvbiI6bnVsbH0sInRmd19yZWZzcmNfc2Vzc2lvbiI6eyJidWNrZXQiOiJvbiIsInZlcnNpb24iOm51bGx9LCJ0ZndfZm9zbnJfc29mdF9pbnRlcnZlbnRpb25zX2VuYWJsZWQiOnsiYnVja2V0Ijoib24iLCJ2ZXJzaW9uIjpudWxsfSwidGZ3X21peGVkX21lZGlhXzE1ODk3Ijp7ImJ1Y2tldCI6InRyZWF0bWVudCIsInZlcnNpb24iOm51bGx9LCJ0ZndfZXhwZXJpbWVudHNfY29va2llX2V4cGlyYXRpb24iOnsiYnVja2V0IjoxMjA5NjAwLCJ2ZXJzaW9uIjpudWxsfSwidGZ3X3Nob3dfYmlyZHdhdGNoX3Bpdm90c19lbmFibGVkIjp7ImJ1Y2tldCI6Im9uIiwidmVyc2lvbiI6bnVsbH0sInRmd19kdXBsaWNhdGVfc2NyaWJlc190b19zZXR0aW5ncyI6eyJidWNrZXQiOiJvbiIsInZlcnNpb24iOm51bGx9LCJ0ZndfdXNlX3Byb2ZpbGVfaW1hZ2Vfc2hhcGVfZW5hYmxlZCI6eyJidWNrZXQiOiJvbiIsInZlcnNpb24iOm51bGx9LCJ0ZndfdmlkZW9faGxzX2R5bmFtaWNfbWFuaWZlc3RzXzE1MDgyIjp7ImJ1Y2tldCI6InRydWVfYml0cmF0ZSIsInZlcnNpb24iOm51bGx9LCJ0ZndfbGVnYWN5X3RpbWVsaW5lX3N1bnNldCI6eyJidWNrZXQiOnRydWUsInZlcnNpb24iOm51bGx9LCJ0ZndfdHdlZXRfZWRpdF9mcm9udGVuZCI6eyJidWNrZXQiOiJvbiIsInZlcnNpb24iOm51bGx9fQ%3D%3D&amp;frame=false&amp;hideCard=false&amp;hideThread=false&amp;id=1899827611313791345&amp;lang=cs&amp;origin=https%3A%2F%2Freport24.news%2Foeko-wahnsinn-fuer-windraeder-eine-halbe-million-amazonas-baeume-werden-jaehrlich-illegal-abgeholzt%2F&amp;sessionId=6de448f7a84eece9f42efc2fb297eb9437206bb6&amp;theme=light&amp;widgetsVersion=2615f7e52b7e0%3A1702314776716&amp;width=550px\" frameborder=\"0\" scrolling=\"no\" allowfullscreen=\"allowfullscreen\" data-tweet-id=\"1899827611313791345\" data-mce-fragment=\"1\"><\/iframe><\/div>\n<\/div>\n<\/figure>\n<p><span dir=\"auto\">Znepokojiv\u00e1\u00a0<\/span><a href=\"https:\/\/eia.org\/wp-content\/uploads\/2024\/10\/EIA_US_Wind_Turbine_Timber_Report_1024_FINAL.pdf\"><span dir=\"auto\">zpr\u00e1va Agentury pro \u0161et\u0159en\u00ed \u017eivotn\u00edho prost\u0159ed\u00ed<\/span><\/a><span dir=\"auto\">\u00a0(EIA) odhaluje, \u017ee a\u017e 50 procent exportu nyn\u00ed poch\u00e1z\u00ed z neleg\u00e1ln\u00ed t\u011b\u017eby les\u016f v nedot\u010den\u00e9m de\u0161tn\u00e9m pralese. To znamen\u00e1, \u017ee v Amazonii je ka\u017ed\u00fd rok neleg\u00e1ln\u011b pok\u00e1ceno p\u0159es 500 000 vzrostl\u00fdch strom\u016f, aby se udr\u017eel p\u0159i \u017eivot\u011b sen o zelen\u00e9 v\u011btrn\u00e9 energii. Jde o drancov\u00e1n\u00ed p\u0159\u00edrody, poh\u00e1n\u011bn\u00e9 globalistickou klimatickou hysteri\u00ed v Evrop\u011b i po cel\u00e9m sv\u011bt\u011b.<\/span><\/p>\n<p><span dir=\"auto\">A mainstreamov\u00e1 m\u00e9dia ml\u010d\u00ed. Zpr\u00e1va o posuzov\u00e1n\u00ed vliv\u016f na \u017eivotn\u00ed prost\u0159ed\u00ed (EIA) se v mainstreamov\u00e9m tisku do\u010dkala t\u00e9m\u011b\u0159 \u017e\u00e1dn\u00e9 pozornosti. Nen\u00ed divu: Tato pravda neodpov\u00edd\u00e1 narativu levicov\u00fdch, ekologicky sm\u00fd\u0161lej\u00edc\u00edch spasitel\u016f sv\u011bta. Je prost\u011b p\u0159\u00edli\u0161 nepohodln\u00e9 p\u0159iznat, \u017ee domorod\u00e1 \u00fazem\u00ed a unik\u00e1tn\u00ed p\u0159\u00edrodn\u00ed rezervace v Ekv\u00e1doru jsou drancov\u00e1ny kv\u016fli stavb\u011b v\u011btrn\u00fdch turb\u00edn. Rad\u011bji se odvracej\u00ed, kdy\u017e de\u0161tn\u00fd prales krv\u00e1c\u00ed pro \u201edobrou v\u011bc\u201c. Ji\u017e v roce 2020 bylo na \u00fazem\u00ed domorod\u00fdch Achuar\u016f neleg\u00e1ln\u011b pok\u00e1ceno 20 000 strom\u016f za pouh\u00fdch \u0161est m\u011bs\u00edc\u016f. V n\u011bkter\u00fdch oblastech bylo zni\u010deno neuv\u011b\u0159iteln\u00fdch 75 procent populace strom\u016f.<\/span><\/p>\n<figure class=\"wp-block-embed is-type-rich is-provider-twitter wp-block-embed-twitter\">\n<div class=\"wp-block-embed__wrapper\">\n<div class=\"twitter-tweet twitter-tweet-rendered\"><iframe id=\"twitter-widget-2\" class=\"\" title=\"X P\u0159\u00edsp\u011bvek\" src=\"https:\/\/platform.twitter.com\/embed\/Tweet.html?dnt=true&amp;embedId=twitter-widget-2&amp;features=eyJ0ZndfdGltZWxpbmVfbGlzdCI6eyJidWNrZXQiOltdLCJ2ZXJzaW9uIjpudWxsfSwidGZ3X2ZvbGxvd2VyX2NvdW50X3N1bnNldCI6eyJidWNrZXQiOnRydWUsInZlcnNpb24iOm51bGx9LCJ0ZndfdHdlZXRfZWRpdF9iYWNrZW5kIjp7ImJ1Y2tldCI6Im9uIiwidmVyc2lvbiI6bnVsbH0sInRmd19yZWZzcmNfc2Vzc2lvbiI6eyJidWNrZXQiOiJvbiIsInZlcnNpb24iOm51bGx9LCJ0ZndfZm9zbnJfc29mdF9pbnRlcnZlbnRpb25zX2VuYWJsZWQiOnsiYnVja2V0Ijoib24iLCJ2ZXJzaW9uIjpudWxsfSwidGZ3X21peGVkX21lZGlhXzE1ODk3Ijp7ImJ1Y2tldCI6InRyZWF0bWVudCIsInZlcnNpb24iOm51bGx9LCJ0ZndfZXhwZXJpbWVudHNfY29va2llX2V4cGlyYXRpb24iOnsiYnVja2V0IjoxMjA5NjAwLCJ2ZXJzaW9uIjpudWxsfSwidGZ3X3Nob3dfYmlyZHdhdGNoX3Bpdm90c19lbmFibGVkIjp7ImJ1Y2tldCI6Im9uIiwidmVyc2lvbiI6bnVsbH0sInRmd19kdXBsaWNhdGVfc2NyaWJlc190b19zZXR0aW5ncyI6eyJidWNrZXQiOiJvbiIsInZlcnNpb24iOm51bGx9LCJ0ZndfdXNlX3Byb2ZpbGVfaW1hZ2Vfc2hhcGVfZW5hYmxlZCI6eyJidWNrZXQiOiJvbiIsInZlcnNpb24iOm51bGx9LCJ0ZndfdmlkZW9faGxzX2R5bmFtaWNfbWFuaWZlc3RzXzE1MDgyIjp7ImJ1Y2tldCI6InRydWVfYml0cmF0ZSIsInZlcnNpb24iOm51bGx9LCJ0ZndfbGVnYWN5X3RpbWVsaW5lX3N1bnNldCI6eyJidWNrZXQiOnRydWUsInZlcnNpb24iOm51bGx9LCJ0ZndfdHdlZXRfZWRpdF9mcm9udGVuZCI6eyJidWNrZXQiOiJvbiIsInZlcnNpb24iOm51bGx9fQ%3D%3D&amp;frame=false&amp;hideCard=false&amp;hideThread=false&amp;id=1987807581411147846&amp;lang=cs&amp;origin=https%3A%2F%2Freport24.news%2Foeko-wahnsinn-fuer-windraeder-eine-halbe-million-amazonas-baeume-werden-jaehrlich-illegal-abgeholzt%2F&amp;sessionId=6de448f7a84eece9f42efc2fb297eb9437206bb6&amp;theme=light&amp;widgetsVersion=2615f7e52b7e0%3A1702314776716&amp;width=550px\" frameborder=\"0\" scrolling=\"no\" allowfullscreen=\"allowfullscreen\" data-tweet-id=\"1987807581411147846\" data-mce-fragment=\"1\"><\/iframe><\/div>\n<\/div>\n<\/figure>\n<p><span dir=\"auto\">Lobbist\u00e9 v\u011btrn\u00e9 energie se sna\u017e\u00ed probl\u00e9m bagatelizovat tvrzen\u00edm, \u017ee se st\u00e1le \u010dast\u011bji pou\u017e\u00edvaj\u00ed syntetick\u00e9 p\u011bny. \u010c\u00edsla o produkci jsou v\u0161ak jasn\u00e1. V d\u016fsledku masivn\u00edho roz\u0161\u00ed\u0159en\u00ed v\u011btrn\u00e9 energie v \u010c\u00edn\u011b explodovala popt\u00e1vka po balzov\u00e9m d\u0159ev\u011b. Trh za\u017e\u00edv\u00e1 boom, zisky se vy\u0161plhaj\u00ed do miliard \u2013 a Amazonie za to plat\u00ed. Ka\u017edoro\u010dn\u00ed ni\u010den\u00ed balzov\u00fdch strom\u016f v nedot\u010den\u00e9m de\u0161tn\u00e9m pralese je ekologick\u00e9 zn\u00e1siln\u011bn\u00ed, kter\u00e9 lze p\u0159\u00edmo p\u0159ipsat ideologick\u00e9 fantazii radik\u00e1ln\u00ed levice o \u201enulov\u00fdch emis\u00edch\u201c. Aby \u201ezachr\u00e1nili\u201c klima, ni\u010d\u00ed planetu.<\/span><\/p>\n<p><img decoding=\"async\" loading=\"lazy\" class=\"alignnone size-full wp-image-1185\" src=\"http:\/\/www.infokuryr.cz\/n\/wp-content\/uploads\/2021\/04\/kuryr-podpis.png\" alt=\"\" width=\"84\" height=\"24\" \/><\/p>\n<p>&nbsp;<\/p>\n","protected":false},"excerpt":{"rendered":"<p>P\u0159edstavte si to: V amazonsk\u00e9m de\u0161tn\u00e9m pralese se ka\u017edoro\u010dn\u011b pok\u00e1c\u00ed p\u016fl milionu strom\u016f kv\u016fli tzv&#8230;.<\/p>\n","protected":false},"author":2,"featured_media":102560,"comment_status":"closed","ping_status":"closed","sticky":false,"template":"","format":"standard","meta":[],"categories":[7],"tags":[10768,67,5520,2625],"_links":{"self":[{"href":"https:\/\/www.infokuryr.cz\/n\/wp-json\/wp\/v2\/posts\/102559"}],"collection":[{"href":"https:\/\/www.infokuryr.cz\/n\/wp-json\/wp\/v2\/posts"}],"about":[{"href":"https:\/\/www.infokuryr.cz\/n\/wp-json\/wp\/v2\/types\/post"}],"author":[{"embeddable":true,"href":"https:\/\/www.infokuryr.cz\/n\/wp-json\/wp\/v2\/users\/2"}],"replies":[{"embeddable":true,"href":"https:\/\/www.infokuryr.cz\/n\/wp-json\/wp\/v2\/comments?post=102559"}],"version-history":[{"count":0,"href":"https:\/\/www.infokuryr.cz\/n\/wp-json\/wp\/v2\/posts\/102559\/revisions"}],"wp:featuredmedia":[{"embeddable":true,"href":"https:\/\/www.infokuryr.cz\/n\/wp-json\/wp\/v2\/media\/102560"}],"wp:attachment":[{"href":"https:\/\/www.infokuryr.cz\/n\/wp-json\/wp\/v2\/media?parent=102559"}],"wp:term":[{"taxonomy":"category","embeddable":true,"href":"https:\/\/www.infokuryr.cz\/n\/wp-json\/wp\/v2\/categories?post=102559"},{"taxonomy":"post_tag","embeddable":true,"href":"https:\/\/www.infokuryr.cz\/n\/wp-json\/wp\/v2\/tags?post=102559"}],"curies":[{"name":"wp","href":"https:\/\/api.w.org\/{rel}","templated":true}]}}