{"id":102554,"date":"2026-03-22T00:18:09","date_gmt":"2026-03-21T23:18:09","guid":{"rendered":"https:\/\/www.infokuryr.cz\/n\/?p=102554"},"modified":"2026-03-21T16:00:18","modified_gmt":"2026-03-21T15:00:18","slug":"paul-craig-roberts-bud-iran-nebo-izrael-musi-zmizet","status":"publish","type":"post","link":"https:\/\/www.infokuryr.cz\/n\/2026\/03\/22\/paul-craig-roberts-bud-iran-nebo-izrael-musi-zmizet\/","title":{"rendered":"Paul Craig Roberts: Bu\u010f \u00cdr\u00e1n, nebo Izrael mus\u00ed zmizet"},"content":{"rendered":"<div id=\"fb-root\"><\/div>\n<p><span dir=\"auto\">\u00cdr\u00e1nci uk\u00e1zali, \u017ee Trump jejich schopnosti zna\u010dn\u011b podcenil. Trump nyn\u00ed vyz\u00fdv\u00e1 dal\u0161\u00ed zem\u011b \u2013 s mal\u00fdm \u00fasp\u011bchem \u2013 aby vyslaly sv\u00e9 v\u00e1le\u010dn\u00e9 lod\u011b a udr\u017eely Hormuzsk\u00fd pr\u016fliv otev\u0159en\u00fd, proto\u017ee tento \u00fakol je pro americk\u00e9 n\u00e1mo\u0159nictvo p\u0159\u00edli\u0161 rozs\u00e1hl\u00fd, a sna\u017e\u00ed se uzav\u0159\u00edt dohody s Putinem a Modim o zru\u0161en\u00ed sankc\u00ed na ruskou ropu v\u00fdm\u011bnou za to, \u017ee tato ropa bude dod\u00e1v\u00e1na do Evropy, a nikoli do Asie.<\/span><\/p>\n<p><span dir=\"auto\">Trump nebo jeho poradci vymysleli pl\u00e1n na obsazen\u00ed ostrova Kharg, kter\u00fd se jev\u00ed sp\u00ed\u0161e jako sebevra\u017eedn\u00e1 mise.<\/span><\/p>\n<p><span dir=\"auto\">\u00cdr\u00e1nci se na jedn\u00e9 front\u011b pevn\u011b dr\u017e\u00ed, ale na druh\u00e9 jako by pokulh\u00e1vali, ani\u017e by si to uv\u011bdomovali. Nejsem p\u0159esv\u011bd\u010den, \u017ee \u00cdr\u00e1nci situaci pln\u011b ch\u00e1pou. Nap\u0159\u00edklad Mohsen Rezaee, b\u00fdval\u00fd velitel Isl\u00e1msk\u00fdch revolu\u010dn\u00edch gard a nyn\u00ed \u010dlen Rady pro \u00fa\u010delnost, prohl\u00e1sil, \u017ee \u201ep\u0159\u00edtomnost USA v Persk\u00e9m z\u00e1livu za posledn\u00edch 50 let byla hlavn\u00ed p\u0159\u00ed\u010dinou nejistoty\u201c. Prohl\u00e1sil, \u017ee ukon\u010den\u00ed v\u00e1lky vy\u017eaduje \u201esta\u017een\u00ed USA z Persk\u00e9ho z\u00e1livu\u201c.<\/span><\/p>\n<p><span dir=\"auto\">Podle m\u00e9ho n\u00e1zoru gener\u00e1l Rez\u00e1\u00ed situaci \u0161patn\u011b ch\u00e1pe. Nen\u00ed to samotn\u00e1 americk\u00e1 p\u0159\u00edtomnost, co zp\u016fsobuje nejistotu. D\u016fvodem je, \u017ee americk\u00e9 z\u00e1kladny jsou tam proto, aby slou\u017eily Izraeli. Nav\u00edc skute\u010dnou p\u0159\u00ed\u010dinou nejistoty pro v\u0161echny muslimsk\u00e9 st\u00e1ty je sionistick\u00e1 agenda Velk\u00e9ho Izraele. Velk\u00fd Izrael, kdysi definovan\u00fd jako \u201eod Nilu k Eufratu\u201c, byl ned\u00e1vno p\u0159edefinov\u00e1n jako \u201eod Nilu k P\u00e1kist\u00e1nu\u201c.<\/span><\/p>\n<p><span dir=\"auto\">Zd\u00e1 se, \u017ee gener\u00e1l nech\u00e1pe, \u017ee sta\u017een\u00ed USA z Persk\u00e9ho z\u00e1livu neodstran\u00ed sionistickou agendu Velk\u00e9ho Izraele. \u00cdr\u00e1n by m\u011bl po\u017eadovat odm\u00edtnut\u00ed t\u00e9to sionistick\u00e9 agendy.<\/span><\/p>\n<p><span dir=\"auto\">Dokonce ani \u00edr\u00e1nsk\u00fd prezident Mas\u00fad Peze\u0161kijan nem\u00e1 jasnou p\u0159edstavu o situaci. Tvrd\u00ed, \u017ee \u201ejedin\u00fdm zp\u016fsobem, jak tuto v\u00e1lku ukon\u010dit\u201c, je uznat legitimn\u00ed pr\u00e1va \u00cdr\u00e1nu, zaplatit (\u00cdr\u00e1nu) reparace a poskytnout pevn\u00e9 z\u00e1ruky proti budouc\u00ed agresi. Zcela se m\u00fdl\u00ed. V\u00e1lku by mohli znovu pozastavit pouze \u00edr\u00e1n\u0161t\u00ed p\u0159edstavitel\u00e9, kte\u0159\u00ed situaci nech\u00e1pou, ale jedin\u00fdm zp\u016fsobem, jak ji skute\u010dn\u011b ukon\u010dit, by bylo, aby se Izrael vzdal sv\u00e9 sionistick\u00e9 agendy Velk\u00e9ho Izraele. A to Izrael neud\u011bl\u00e1.<\/span><\/p>\n<p><span dir=\"auto\">\u00cdr\u00e1nsk\u00fd ministr zahrani\u010d\u00ed Abb\u00e1s Arag\u010d\u010d\u00ed odm\u00edtl rozhovory o m\u00edrov\u00fdch jedn\u00e1n\u00edch. Prohl\u00e1sil, \u017ee Trump ji\u017e dvakr\u00e1t b\u011bhem prob\u00edhaj\u00edc\u00edch jedn\u00e1n\u00ed \u00cdr\u00e1n oklamal a p\u0159ekvapil a \u017ee \u00cdr\u00e1n tuto chybu u\u017e nezopakuje.<\/span><\/p>\n<p><span dir=\"auto\">\u00cdr\u00e1n ve skute\u010dnosti d\u011bl\u00e1 je\u0161t\u011b v\u011bt\u0161\u00ed chybu. Sionistick\u00e1 agenda Velk\u00e9ho Izraele je neslu\u010diteln\u00e1 s existenc\u00ed muslimsk\u00e9ho \u00cdr\u00e1nu (nebo Turecka a Sa\u00fadsk\u00e9 Ar\u00e1bie). Pokud se t\u00e9to agendy nez\u0159ekne, \u00cdr\u00e1n nebude m\u00edt jinou mo\u017enost ne\u017e bojovat a\u017e do sv\u00e9ho vlastn\u00edho z\u00e1niku nebo z\u00e1niku Izraele. Skute\u010dnost, \u017ee \u00cdr\u00e1n nikdy nep\u0159evzal iniciativu, nikdy nevyu\u017eil sv\u00e9 strategick\u00e9 v\u00fdhody, ale m\u00edsto toho \u010dekal a prakticky si \u00fatoky p\u0159ivol\u00e1val, nazna\u010duje, \u017ee \u00cdr\u00e1n t\u00e9to agend\u011b nerozum\u00ed.<\/span><\/p>\n<p><span dir=\"auto\">Ameri\u010dan\u00e9, Evropan\u00e9 a m\u00e9dia to tak\u00e9 nech\u00e1pou. Skute\u010dn\u00e1 p\u0159\u00ed\u010dina v\u00e1lky je jednodu\u0161e ignorov\u00e1na. Pokud se \u00cdr\u00e1n nestane moud\u0159ej\u0161\u00edm, riskuje, \u017ee bude zl\u00e1k\u00e1n k dal\u0161\u00ed nesmysln\u00e9 dohod\u011b.<\/span><\/p>\n<p><img decoding=\"async\" loading=\"lazy\" class=\"alignnone size-full wp-image-1185\" src=\"http:\/\/www.infokuryr.cz\/n\/wp-content\/uploads\/2021\/04\/kuryr-podpis.png\" alt=\"\" width=\"84\" height=\"24\" \/><\/p>\n<p>&nbsp;<\/p>\n","protected":false},"excerpt":{"rendered":"<p>\u00cdr\u00e1nci uk\u00e1zali, \u017ee Trump jejich schopnosti zna\u010dn\u011b podcenil. Trump nyn\u00ed vyz\u00fdv\u00e1 dal\u0161\u00ed zem\u011b \u2013 s&#8230;<\/p>\n","protected":false},"author":2,"featured_media":810,"comment_status":"closed","ping_status":"closed","sticky":false,"template":"","format":"standard","meta":[],"categories":[7],"tags":[38,107,1503],"_links":{"self":[{"href":"https:\/\/www.infokuryr.cz\/n\/wp-json\/wp\/v2\/posts\/102554"}],"collection":[{"href":"https:\/\/www.infokuryr.cz\/n\/wp-json\/wp\/v2\/posts"}],"about":[{"href":"https:\/\/www.infokuryr.cz\/n\/wp-json\/wp\/v2\/types\/post"}],"author":[{"embeddable":true,"href":"https:\/\/www.infokuryr.cz\/n\/wp-json\/wp\/v2\/users\/2"}],"replies":[{"embeddable":true,"href":"https:\/\/www.infokuryr.cz\/n\/wp-json\/wp\/v2\/comments?post=102554"}],"version-history":[{"count":0,"href":"https:\/\/www.infokuryr.cz\/n\/wp-json\/wp\/v2\/posts\/102554\/revisions"}],"wp:featuredmedia":[{"embeddable":true,"href":"https:\/\/www.infokuryr.cz\/n\/wp-json\/wp\/v2\/media\/810"}],"wp:attachment":[{"href":"https:\/\/www.infokuryr.cz\/n\/wp-json\/wp\/v2\/media?parent=102554"}],"wp:term":[{"taxonomy":"category","embeddable":true,"href":"https:\/\/www.infokuryr.cz\/n\/wp-json\/wp\/v2\/categories?post=102554"},{"taxonomy":"post_tag","embeddable":true,"href":"https:\/\/www.infokuryr.cz\/n\/wp-json\/wp\/v2\/tags?post=102554"}],"curies":[{"name":"wp","href":"https:\/\/api.w.org\/{rel}","templated":true}]}}